{"id":26407,"date":"2023-11-22T21:05:31","date_gmt":"2023-11-22T21:05:31","guid":{"rendered":"https:\/\/www.manabi.gob.ec\/?p=26407"},"modified":"2023-11-22T21:05:37","modified_gmt":"2023-11-22T21:05:37","slug":"el-gadp-de-manabi-inicia-el-proceso-de-actualizacion-del-plan-de-desarrollo-y-ordenamiento-territorial-pdot-vigente","status":"publish","type":"post","link":"https:\/\/www.manabi.gob.ec\/index.php\/el-gadp-de-manabi-inicia-el-proceso-de-actualizacion-del-plan-de-desarrollo-y-ordenamiento-territorial-pdot-vigente\/","title":{"rendered":"<strong>El GADP de Manab\u00ed inicia el proceso de actualizaci\u00f3n del Plan de Desarrollo y Ordenamiento Territorial (PDOT) vigente.<\/strong>"},"content":{"rendered":"\n<p><\/p>\n\n\n\n<p>El Plan de Desarrollo y Ordenamiento Territorial (PDOT) es la principal herramienta de planificaci\u00f3n de los Gobiernos Aut\u00f3nomos Descentralizados del pa\u00eds, que en el caso de la Prefectura de Manab\u00ed es el Plan Manab\u00ed 2030. Este Plan, que ha guiado el desarrollo de la provincia durante los \u00faltimos a\u00f1os est\u00e1 ahora en proceso de actualizarse.<\/p>\n\n\n\n<p>La ley estipula que los PDOT deben actualizarse cuando inicia una nueva gesti\u00f3n, a fin de incorporar a la planificaci\u00f3n el nuevo Plan de Gobierno. Esto, adem\u00e1s, permite que el Plan Manab\u00ed 2030 se adapte a las nuevas din\u00e1micas del territorio y garantice que los esfuerzos y recursos p\u00fablicos se dirijan de manera eficiente y efectiva a los \u00e1mbitos que lo requieren.<br>En este sentido, la actualizaci\u00f3n del PDOT provincial es una oportunidad para:<\/p>\n\n\n\n<figure class=\"wp-block-image size-large\"><img loading=\"lazy\" decoding=\"async\" width=\"1024\" height=\"768\" src=\"https:\/\/www.manabi.gob.ec\/wp-content\/uploads\/2023\/11\/003a7c05-ec3c-4388-ab04-11681c0deb83-1024x768.jpg\" alt=\"\" class=\"wp-image-26409\" srcset=\"https:\/\/www.manabi.gob.ec\/wp-content\/uploads\/2023\/11\/003a7c05-ec3c-4388-ab04-11681c0deb83-1024x768.jpg 1024w, https:\/\/www.manabi.gob.ec\/wp-content\/uploads\/2023\/11\/003a7c05-ec3c-4388-ab04-11681c0deb83-300x225.jpg 300w, https:\/\/www.manabi.gob.ec\/wp-content\/uploads\/2023\/11\/003a7c05-ec3c-4388-ab04-11681c0deb83-768x576.jpg 768w, https:\/\/www.manabi.gob.ec\/wp-content\/uploads\/2023\/11\/003a7c05-ec3c-4388-ab04-11681c0deb83.jpg 1280w\" sizes=\"auto, (max-width: 1024px) 100vw, 1024px\" \/><\/figure>\n\n\n\n<p><strong>1<\/strong>.Reforzar la propuesta de planes, programas y proyectos, junto con sus indicadores y metas para facilitar la obtenci\u00f3n de financiamiento de organismos multilaterales.<\/p>\n\n\n\n<p><strong>2.<\/strong>Profundizar en la construcci\u00f3n de indicadores de metas y resultados que permitan evaluar y dimensionar los cambios por los que transita nuestra provincia y responder a ellos de forma efectiva y eficiente.<\/p>\n\n\n\n<p><strong>3<\/strong>.Planificar y priorizar las acciones del Gobierno Provincial en las dimensiones territoriales que demandan atenci\u00f3n inmediata: violencia y seguridad ciudadana, adaptaci\u00f3n y mitigaci\u00f3n al cambio clim\u00e1tico, y desarrollo econ\u00f3mico y social.<\/p>\n\n\n\n<p><br>El Plan Manab\u00ed 2030 se actualiza para seguir construyendo, con solidaridad y conciencia social, un territorio inteligente, integrado, innovador, inclusivo y de identidad para todos los manabitas.<\/p>\n","protected":false},"excerpt":{"rendered":"<p>El Plan de Desarrollo y Ordenamiento Territorial (PDOT) es la principal herramienta de planificaci\u00f3n de los Gobiernos Aut\u00f3nomos Descentralizados del pa\u00eds, que en el caso de la Prefectura de Manab\u00ed es el Plan Manab\u00ed 2030. Este Plan, que ha guiado el desarrollo de la provincia durante los \u00faltimos a\u00f1os est\u00e1 ahora en proceso de actualizarse. [&hellip;]<\/p>\n","protected":false},"author":1,"featured_media":26408,"comment_status":"closed","ping_status":"closed","sticky":false,"template":"","format":"standard","meta":{"_joinchat":[],"footnotes":""},"categories":[92],"tags":[],"class_list":["post-26407","post","type-post","status-publish","format-standard","has-post-thumbnail","hentry","category-noticias-manabi"],"yoast_head":"<!-- This site is optimized with the Yoast SEO plugin v27.4 - https:\/\/yoast.com\/product\/yoast-seo-wordpress\/ -->\n<title>El GADP de Manab\u00ed inicia el proceso de actualizaci\u00f3n del Plan de Desarrollo y Ordenamiento Territorial (PDOT) vigente. - Prefectura de Manab\u00ed<\/title>\n<meta name=\"robots\" content=\"index, follow, max-snippet:-1, max-image-preview:large, max-video-preview:-1\" \/>\n<link rel=\"canonical\" href=\"https:\/\/www.manabi.gob.ec\/index.php\/el-gadp-de-manabi-inicia-el-proceso-de-actualizacion-del-plan-de-desarrollo-y-ordenamiento-territorial-pdot-vigente\/\" \/>\n<meta property=\"og:locale\" content=\"es_ES\" \/>\n<meta property=\"og:type\" content=\"article\" \/>\n<meta property=\"og:title\" content=\"El GADP de Manab\u00ed inicia el proceso de actualizaci\u00f3n del Plan de Desarrollo y Ordenamiento Territorial (PDOT) vigente. - Prefectura de Manab\u00ed\" \/>\n<meta property=\"og:description\" content=\"El Plan de Desarrollo y Ordenamiento Territorial (PDOT) es la principal herramienta de planificaci\u00f3n de los Gobiernos Aut\u00f3nomos Descentralizados del pa\u00eds, que en el caso de la Prefectura de Manab\u00ed es el Plan Manab\u00ed 2030. Este Plan, que ha guiado el desarrollo de la provincia durante los \u00faltimos a\u00f1os est\u00e1 ahora en proceso de actualizarse. [&hellip;]\" \/>\n<meta property=\"og:url\" content=\"https:\/\/www.manabi.gob.ec\/index.php\/el-gadp-de-manabi-inicia-el-proceso-de-actualizacion-del-plan-de-desarrollo-y-ordenamiento-territorial-pdot-vigente\/\" \/>\n<meta property=\"og:site_name\" content=\"Prefectura de Manab\u00ed\" \/>\n<meta property=\"article:published_time\" content=\"2023-11-22T21:05:31+00:00\" \/>\n<meta property=\"article:modified_time\" content=\"2023-11-22T21:05:37+00:00\" \/>\n<meta property=\"og:image\" content=\"https:\/\/www.manabi.gob.ec\/wp-content\/uploads\/2023\/11\/71c1d797-049d-418d-b991-cc692e16e01e.jpg\" \/>\n\t<meta property=\"og:image:width\" content=\"1280\" \/>\n\t<meta property=\"og:image:height\" content=\"960\" \/>\n\t<meta property=\"og:image:type\" content=\"image\/jpeg\" \/>\n<meta name=\"author\" content=\"admin\" \/>\n<meta name=\"twitter:card\" content=\"summary_large_image\" \/>\n<meta name=\"twitter:label1\" content=\"Escrito por\" \/>\n\t<meta name=\"twitter:data1\" content=\"admin\" \/>\n\t<meta name=\"twitter:label2\" content=\"Tiempo de lectura\" \/>\n\t<meta name=\"twitter:data2\" content=\"2 minutos\" \/>\n<script type=\"application\/ld+json\" class=\"yoast-schema-graph\">{\"@context\":\"https:\\\/\\\/schema.org\",\"@graph\":[{\"@type\":\"Article\",\"@id\":\"https:\\\/\\\/www.manabi.gob.ec\\\/index.php\\\/el-gadp-de-manabi-inicia-el-proceso-de-actualizacion-del-plan-de-desarrollo-y-ordenamiento-territorial-pdot-vigente\\\/#article\",\"isPartOf\":{\"@id\":\"https:\\\/\\\/www.manabi.gob.ec\\\/index.php\\\/el-gadp-de-manabi-inicia-el-proceso-de-actualizacion-del-plan-de-desarrollo-y-ordenamiento-territorial-pdot-vigente\\\/\"},\"author\":{\"name\":\"admin\",\"@id\":\"https:\\\/\\\/www.manabi.gob.ec\\\/#\\\/schema\\\/person\\\/cfc71bd68fe2703b779edcc292a49722\"},\"headline\":\"El GADP de Manab\u00ed inicia el proceso de actualizaci\u00f3n del Plan de Desarrollo y Ordenamiento Territorial (PDOT) vigente.\",\"datePublished\":\"2023-11-22T21:05:31+00:00\",\"dateModified\":\"2023-11-22T21:05:37+00:00\",\"mainEntityOfPage\":{\"@id\":\"https:\\\/\\\/www.manabi.gob.ec\\\/index.php\\\/el-gadp-de-manabi-inicia-el-proceso-de-actualizacion-del-plan-de-desarrollo-y-ordenamiento-territorial-pdot-vigente\\\/\"},\"wordCount\":275,\"image\":{\"@id\":\"https:\\\/\\\/www.manabi.gob.ec\\\/index.php\\\/el-gadp-de-manabi-inicia-el-proceso-de-actualizacion-del-plan-de-desarrollo-y-ordenamiento-territorial-pdot-vigente\\\/#primaryimage\"},\"thumbnailUrl\":\"https:\\\/\\\/www.manabi.gob.ec\\\/wp-content\\\/uploads\\\/2023\\\/11\\\/71c1d797-049d-418d-b991-cc692e16e01e.jpg\",\"articleSection\":[\"Noticias\"],\"inLanguage\":\"es\"},{\"@type\":\"WebPage\",\"@id\":\"https:\\\/\\\/www.manabi.gob.ec\\\/index.php\\\/el-gadp-de-manabi-inicia-el-proceso-de-actualizacion-del-plan-de-desarrollo-y-ordenamiento-territorial-pdot-vigente\\\/\",\"url\":\"https:\\\/\\\/www.manabi.gob.ec\\\/index.php\\\/el-gadp-de-manabi-inicia-el-proceso-de-actualizacion-del-plan-de-desarrollo-y-ordenamiento-territorial-pdot-vigente\\\/\",\"name\":\"El GADP de Manab\u00ed inicia el proceso de actualizaci\u00f3n del Plan de Desarrollo y Ordenamiento Territorial (PDOT) vigente. - Prefectura de Manab\u00ed\",\"isPartOf\":{\"@id\":\"https:\\\/\\\/www.manabi.gob.ec\\\/#website\"},\"primaryImageOfPage\":{\"@id\":\"https:\\\/\\\/www.manabi.gob.ec\\\/index.php\\\/el-gadp-de-manabi-inicia-el-proceso-de-actualizacion-del-plan-de-desarrollo-y-ordenamiento-territorial-pdot-vigente\\\/#primaryimage\"},\"image\":{\"@id\":\"https:\\\/\\\/www.manabi.gob.ec\\\/index.php\\\/el-gadp-de-manabi-inicia-el-proceso-de-actualizacion-del-plan-de-desarrollo-y-ordenamiento-territorial-pdot-vigente\\\/#primaryimage\"},\"thumbnailUrl\":\"https:\\\/\\\/www.manabi.gob.ec\\\/wp-content\\\/uploads\\\/2023\\\/11\\\/71c1d797-049d-418d-b991-cc692e16e01e.jpg\",\"datePublished\":\"2023-11-22T21:05:31+00:00\",\"dateModified\":\"2023-11-22T21:05:37+00:00\",\"author\":{\"@id\":\"https:\\\/\\\/www.manabi.gob.ec\\\/#\\\/schema\\\/person\\\/cfc71bd68fe2703b779edcc292a49722\"},\"breadcrumb\":{\"@id\":\"https:\\\/\\\/www.manabi.gob.ec\\\/index.php\\\/el-gadp-de-manabi-inicia-el-proceso-de-actualizacion-del-plan-de-desarrollo-y-ordenamiento-territorial-pdot-vigente\\\/#breadcrumb\"},\"inLanguage\":\"es\",\"potentialAction\":[{\"@type\":\"ReadAction\",\"target\":[\"https:\\\/\\\/www.manabi.gob.ec\\\/index.php\\\/el-gadp-de-manabi-inicia-el-proceso-de-actualizacion-del-plan-de-desarrollo-y-ordenamiento-territorial-pdot-vigente\\\/\"]}]},{\"@type\":\"ImageObject\",\"inLanguage\":\"es\",\"@id\":\"https:\\\/\\\/www.manabi.gob.ec\\\/index.php\\\/el-gadp-de-manabi-inicia-el-proceso-de-actualizacion-del-plan-de-desarrollo-y-ordenamiento-territorial-pdot-vigente\\\/#primaryimage\",\"url\":\"https:\\\/\\\/www.manabi.gob.ec\\\/wp-content\\\/uploads\\\/2023\\\/11\\\/71c1d797-049d-418d-b991-cc692e16e01e.jpg\",\"contentUrl\":\"https:\\\/\\\/www.manabi.gob.ec\\\/wp-content\\\/uploads\\\/2023\\\/11\\\/71c1d797-049d-418d-b991-cc692e16e01e.jpg\",\"width\":1280,\"height\":960},{\"@type\":\"BreadcrumbList\",\"@id\":\"https:\\\/\\\/www.manabi.gob.ec\\\/index.php\\\/el-gadp-de-manabi-inicia-el-proceso-de-actualizacion-del-plan-de-desarrollo-y-ordenamiento-territorial-pdot-vigente\\\/#breadcrumb\",\"itemListElement\":[{\"@type\":\"ListItem\",\"position\":1,\"name\":\"Portada\",\"item\":\"https:\\\/\\\/www.manabi.gob.ec\\\/\"},{\"@type\":\"ListItem\",\"position\":2,\"name\":\"El GADP de Manab\u00ed inicia el proceso de actualizaci\u00f3n del Plan de Desarrollo y Ordenamiento Territorial (PDOT) vigente.\"}]},{\"@type\":\"WebSite\",\"@id\":\"https:\\\/\\\/www.manabi.gob.ec\\\/#website\",\"url\":\"https:\\\/\\\/www.manabi.gob.ec\\\/\",\"name\":\"Prefectura de Manab\u00ed\",\"description\":\"P\u00e1gina web de la prefectura\",\"potentialAction\":[{\"@type\":\"SearchAction\",\"target\":{\"@type\":\"EntryPoint\",\"urlTemplate\":\"https:\\\/\\\/www.manabi.gob.ec\\\/?s={search_term_string}\"},\"query-input\":{\"@type\":\"PropertyValueSpecification\",\"valueRequired\":true,\"valueName\":\"search_term_string\"}}],\"inLanguage\":\"es\"},{\"@type\":\"Person\",\"@id\":\"https:\\\/\\\/www.manabi.gob.ec\\\/#\\\/schema\\\/person\\\/cfc71bd68fe2703b779edcc292a49722\",\"name\":\"admin\",\"image\":{\"@type\":\"ImageObject\",\"inLanguage\":\"es\",\"@id\":\"https:\\\/\\\/secure.gravatar.com\\\/avatar\\\/23e9f919492b0a2f65aa168e0d8c5c867ea853b61deffbadf08c7031e15b8d78?s=96&d=mm&r=g\",\"url\":\"https:\\\/\\\/secure.gravatar.com\\\/avatar\\\/23e9f919492b0a2f65aa168e0d8c5c867ea853b61deffbadf08c7031e15b8d78?s=96&d=mm&r=g\",\"contentUrl\":\"https:\\\/\\\/secure.gravatar.com\\\/avatar\\\/23e9f919492b0a2f65aa168e0d8c5c867ea853b61deffbadf08c7031e15b8d78?s=96&d=mm&r=g\",\"caption\":\"admin\"},\"sameAs\":[\"http:\\\/\\\/www.manabi.gob.ec\"],\"url\":\"https:\\\/\\\/www.manabi.gob.ec\\\/index.php\\\/author\\\/admin\\\/\"}]}<\/script>\n<!-- \/ Yoast SEO plugin. -->","yoast_head_json":{"title":"El GADP de Manab\u00ed inicia el proceso de actualizaci\u00f3n del Plan de Desarrollo y Ordenamiento Territorial (PDOT) vigente. - Prefectura de Manab\u00ed","robots":{"index":"index","follow":"follow","max-snippet":"max-snippet:-1","max-image-preview":"max-image-preview:large","max-video-preview":"max-video-preview:-1"},"canonical":"https:\/\/www.manabi.gob.ec\/index.php\/el-gadp-de-manabi-inicia-el-proceso-de-actualizacion-del-plan-de-desarrollo-y-ordenamiento-territorial-pdot-vigente\/","og_locale":"es_ES","og_type":"article","og_title":"El GADP de Manab\u00ed inicia el proceso de actualizaci\u00f3n del Plan de Desarrollo y Ordenamiento Territorial (PDOT) vigente. - Prefectura de Manab\u00ed","og_description":"El Plan de Desarrollo y Ordenamiento Territorial (PDOT) es la principal herramienta de planificaci\u00f3n de los Gobiernos Aut\u00f3nomos Descentralizados del pa\u00eds, que en el caso de la Prefectura de Manab\u00ed es el Plan Manab\u00ed 2030. Este Plan, que ha guiado el desarrollo de la provincia durante los \u00faltimos a\u00f1os est\u00e1 ahora en proceso de actualizarse. [&hellip;]","og_url":"https:\/\/www.manabi.gob.ec\/index.php\/el-gadp-de-manabi-inicia-el-proceso-de-actualizacion-del-plan-de-desarrollo-y-ordenamiento-territorial-pdot-vigente\/","og_site_name":"Prefectura de Manab\u00ed","article_published_time":"2023-11-22T21:05:31+00:00","article_modified_time":"2023-11-22T21:05:37+00:00","og_image":[{"width":1280,"height":960,"url":"https:\/\/www.manabi.gob.ec\/wp-content\/uploads\/2023\/11\/71c1d797-049d-418d-b991-cc692e16e01e.jpg","type":"image\/jpeg"}],"author":"admin","twitter_card":"summary_large_image","twitter_misc":{"Escrito por":"admin","Tiempo de lectura":"2 minutos"},"schema":{"@context":"https:\/\/schema.org","@graph":[{"@type":"Article","@id":"https:\/\/www.manabi.gob.ec\/index.php\/el-gadp-de-manabi-inicia-el-proceso-de-actualizacion-del-plan-de-desarrollo-y-ordenamiento-territorial-pdot-vigente\/#article","isPartOf":{"@id":"https:\/\/www.manabi.gob.ec\/index.php\/el-gadp-de-manabi-inicia-el-proceso-de-actualizacion-del-plan-de-desarrollo-y-ordenamiento-territorial-pdot-vigente\/"},"author":{"name":"admin","@id":"https:\/\/www.manabi.gob.ec\/#\/schema\/person\/cfc71bd68fe2703b779edcc292a49722"},"headline":"El GADP de Manab\u00ed inicia el proceso de actualizaci\u00f3n del Plan de Desarrollo y Ordenamiento Territorial (PDOT) vigente.","datePublished":"2023-11-22T21:05:31+00:00","dateModified":"2023-11-22T21:05:37+00:00","mainEntityOfPage":{"@id":"https:\/\/www.manabi.gob.ec\/index.php\/el-gadp-de-manabi-inicia-el-proceso-de-actualizacion-del-plan-de-desarrollo-y-ordenamiento-territorial-pdot-vigente\/"},"wordCount":275,"image":{"@id":"https:\/\/www.manabi.gob.ec\/index.php\/el-gadp-de-manabi-inicia-el-proceso-de-actualizacion-del-plan-de-desarrollo-y-ordenamiento-territorial-pdot-vigente\/#primaryimage"},"thumbnailUrl":"https:\/\/www.manabi.gob.ec\/wp-content\/uploads\/2023\/11\/71c1d797-049d-418d-b991-cc692e16e01e.jpg","articleSection":["Noticias"],"inLanguage":"es"},{"@type":"WebPage","@id":"https:\/\/www.manabi.gob.ec\/index.php\/el-gadp-de-manabi-inicia-el-proceso-de-actualizacion-del-plan-de-desarrollo-y-ordenamiento-territorial-pdot-vigente\/","url":"https:\/\/www.manabi.gob.ec\/index.php\/el-gadp-de-manabi-inicia-el-proceso-de-actualizacion-del-plan-de-desarrollo-y-ordenamiento-territorial-pdot-vigente\/","name":"El GADP de Manab\u00ed inicia el proceso de actualizaci\u00f3n del Plan de Desarrollo y Ordenamiento Territorial (PDOT) vigente. - Prefectura de Manab\u00ed","isPartOf":{"@id":"https:\/\/www.manabi.gob.ec\/#website"},"primaryImageOfPage":{"@id":"https:\/\/www.manabi.gob.ec\/index.php\/el-gadp-de-manabi-inicia-el-proceso-de-actualizacion-del-plan-de-desarrollo-y-ordenamiento-territorial-pdot-vigente\/#primaryimage"},"image":{"@id":"https:\/\/www.manabi.gob.ec\/index.php\/el-gadp-de-manabi-inicia-el-proceso-de-actualizacion-del-plan-de-desarrollo-y-ordenamiento-territorial-pdot-vigente\/#primaryimage"},"thumbnailUrl":"https:\/\/www.manabi.gob.ec\/wp-content\/uploads\/2023\/11\/71c1d797-049d-418d-b991-cc692e16e01e.jpg","datePublished":"2023-11-22T21:05:31+00:00","dateModified":"2023-11-22T21:05:37+00:00","author":{"@id":"https:\/\/www.manabi.gob.ec\/#\/schema\/person\/cfc71bd68fe2703b779edcc292a49722"},"breadcrumb":{"@id":"https:\/\/www.manabi.gob.ec\/index.php\/el-gadp-de-manabi-inicia-el-proceso-de-actualizacion-del-plan-de-desarrollo-y-ordenamiento-territorial-pdot-vigente\/#breadcrumb"},"inLanguage":"es","potentialAction":[{"@type":"ReadAction","target":["https:\/\/www.manabi.gob.ec\/index.php\/el-gadp-de-manabi-inicia-el-proceso-de-actualizacion-del-plan-de-desarrollo-y-ordenamiento-territorial-pdot-vigente\/"]}]},{"@type":"ImageObject","inLanguage":"es","@id":"https:\/\/www.manabi.gob.ec\/index.php\/el-gadp-de-manabi-inicia-el-proceso-de-actualizacion-del-plan-de-desarrollo-y-ordenamiento-territorial-pdot-vigente\/#primaryimage","url":"https:\/\/www.manabi.gob.ec\/wp-content\/uploads\/2023\/11\/71c1d797-049d-418d-b991-cc692e16e01e.jpg","contentUrl":"https:\/\/www.manabi.gob.ec\/wp-content\/uploads\/2023\/11\/71c1d797-049d-418d-b991-cc692e16e01e.jpg","width":1280,"height":960},{"@type":"BreadcrumbList","@id":"https:\/\/www.manabi.gob.ec\/index.php\/el-gadp-de-manabi-inicia-el-proceso-de-actualizacion-del-plan-de-desarrollo-y-ordenamiento-territorial-pdot-vigente\/#breadcrumb","itemListElement":[{"@type":"ListItem","position":1,"name":"Portada","item":"https:\/\/www.manabi.gob.ec\/"},{"@type":"ListItem","position":2,"name":"El GADP de Manab\u00ed inicia el proceso de actualizaci\u00f3n del Plan de Desarrollo y Ordenamiento Territorial (PDOT) vigente."}]},{"@type":"WebSite","@id":"https:\/\/www.manabi.gob.ec\/#website","url":"https:\/\/www.manabi.gob.ec\/","name":"Prefectura de Manab\u00ed","description":"P\u00e1gina web de la prefectura","potentialAction":[{"@type":"SearchAction","target":{"@type":"EntryPoint","urlTemplate":"https:\/\/www.manabi.gob.ec\/?s={search_term_string}"},"query-input":{"@type":"PropertyValueSpecification","valueRequired":true,"valueName":"search_term_string"}}],"inLanguage":"es"},{"@type":"Person","@id":"https:\/\/www.manabi.gob.ec\/#\/schema\/person\/cfc71bd68fe2703b779edcc292a49722","name":"admin","image":{"@type":"ImageObject","inLanguage":"es","@id":"https:\/\/secure.gravatar.com\/avatar\/23e9f919492b0a2f65aa168e0d8c5c867ea853b61deffbadf08c7031e15b8d78?s=96&d=mm&r=g","url":"https:\/\/secure.gravatar.com\/avatar\/23e9f919492b0a2f65aa168e0d8c5c867ea853b61deffbadf08c7031e15b8d78?s=96&d=mm&r=g","contentUrl":"https:\/\/secure.gravatar.com\/avatar\/23e9f919492b0a2f65aa168e0d8c5c867ea853b61deffbadf08c7031e15b8d78?s=96&d=mm&r=g","caption":"admin"},"sameAs":["http:\/\/www.manabi.gob.ec"],"url":"https:\/\/www.manabi.gob.ec\/index.php\/author\/admin\/"}]}},"jetpack_featured_media_url":"https:\/\/www.manabi.gob.ec\/wp-content\/uploads\/2023\/11\/71c1d797-049d-418d-b991-cc692e16e01e.jpg","_links":{"self":[{"href":"https:\/\/www.manabi.gob.ec\/index.php\/wp-json\/wp\/v2\/posts\/26407","targetHints":{"allow":["GET"]}}],"collection":[{"href":"https:\/\/www.manabi.gob.ec\/index.php\/wp-json\/wp\/v2\/posts"}],"about":[{"href":"https:\/\/www.manabi.gob.ec\/index.php\/wp-json\/wp\/v2\/types\/post"}],"author":[{"embeddable":true,"href":"https:\/\/www.manabi.gob.ec\/index.php\/wp-json\/wp\/v2\/users\/1"}],"replies":[{"embeddable":true,"href":"https:\/\/www.manabi.gob.ec\/index.php\/wp-json\/wp\/v2\/comments?post=26407"}],"version-history":[{"count":1,"href":"https:\/\/www.manabi.gob.ec\/index.php\/wp-json\/wp\/v2\/posts\/26407\/revisions"}],"predecessor-version":[{"id":26410,"href":"https:\/\/www.manabi.gob.ec\/index.php\/wp-json\/wp\/v2\/posts\/26407\/revisions\/26410"}],"wp:featuredmedia":[{"embeddable":true,"href":"https:\/\/www.manabi.gob.ec\/index.php\/wp-json\/wp\/v2\/media\/26408"}],"wp:attachment":[{"href":"https:\/\/www.manabi.gob.ec\/index.php\/wp-json\/wp\/v2\/media?parent=26407"}],"wp:term":[{"taxonomy":"category","embeddable":true,"href":"https:\/\/www.manabi.gob.ec\/index.php\/wp-json\/wp\/v2\/categories?post=26407"},{"taxonomy":"post_tag","embeddable":true,"href":"https:\/\/www.manabi.gob.ec\/index.php\/wp-json\/wp\/v2\/tags?post=26407"}],"curies":[{"name":"wp","href":"https:\/\/api.w.org\/{rel}","templated":true}]}}