{"id":26574,"date":"2023-11-27T17:50:24","date_gmt":"2023-11-27T17:50:24","guid":{"rendered":"https:\/\/www.manabi.gob.ec\/?p=26574"},"modified":"2023-11-27T17:50:30","modified_gmt":"2023-11-27T17:50:30","slug":"mujer-eres-libre-vive-sin-violencia","status":"publish","type":"post","link":"https:\/\/www.manabi.gob.ec\/index.php\/mujer-eres-libre-vive-sin-violencia\/","title":{"rendered":"\u00a1MUJER ERES LIBRE, VIVE SIN VIOLENCIA !"},"content":{"rendered":"\n<p>D\u00eda Internacional de la Eliminaci\u00f3n de la Violencia contra la Mujer<\/p>\n\n\n\n<p>\u00abEstamos aqu\u00ed todos unidos por su derecho a vivir con dignidad, igualdad y paz\u00bb, dijo el prefecto Leonardo Orlando, durante el acto por el D\u00eda Internacional de la Eliminaci\u00f3n de la Violencia contra la Mujer, que se desarroll\u00f3 ayer en el parque Las Vegas de Portoviejo.<\/p>\n\n\n\n<p>Previamente la autoridad provincial particip\u00f3 de la misa en conmemoraci\u00f3n a las v\u00edctimas de femicidio y de la Marcha por la Paz, eventos que contaron con la participaci\u00f3n del Arzobispo de Portoviejo, Monse\u00f1or Eduardo Castillo y de Reina Barahona, presidenta de la Fundaci\u00f3n Santa Marta.<\/p>\n\n\n\n<p>\u201cEsta marcha es para tocar la conciencia, esa es la gran fortaleza y grandeza de cada una de ustedes que est\u00e1n aqu\u00ed\u201d, dijo el Monse\u00f1or de Portoviejo. \u00bb Nada ni nadie puede contra la conciencia\u00bb, afirm\u00f3.<\/p>\n\n\n\n<p>El prefecto Leonardo Orlando, resalt\u00f3 el buen trabajo que realiza la Fundaci\u00f3n Santa Marta por las mujeres, y agradeci\u00f3 a las familias de acogidas por esa extraordinaria labor solidaria que realizan con las Redes de Apoyo.<\/p>\n\n\n\n<p>Si juntamos capacidades, compromisos y sue\u00f1os tendremos una sociedad de mayor igualdad y justicia social, manifest\u00f3 el Prefecto. \u00abPor eso voy a apoyar, respaldar, acompa\u00f1ar y a participar junto a ustedes siempre\u00bb, concluy\u00f3 la autoridad provincial.<\/p>\n","protected":false},"excerpt":{"rendered":"<p>D\u00eda Internacional de la Eliminaci\u00f3n de la Violencia contra la Mujer \u00abEstamos aqu\u00ed todos unidos por su derecho a vivir con dignidad, igualdad y paz\u00bb, dijo el prefecto Leonardo Orlando, durante el acto por el D\u00eda Internacional de la Eliminaci\u00f3n de la Violencia contra la Mujer, que se desarroll\u00f3 ayer en el parque Las Vegas [&hellip;]<\/p>\n","protected":false},"author":10,"featured_media":26575,"comment_status":"closed","ping_status":"closed","sticky":false,"template":"","format":"standard","meta":{"_joinchat":[],"footnotes":""},"categories":[142,224,92,193,132,91,223],"tags":[],"class_list":["post-26574","post","type-post","status-publish","format-standard","has-post-thumbnail","hentry","category-desarrollo-social","category-mujeres","category-noticias-manabi","category-participacion-ciudadana","category-portoviejo","category-todas","category-violencia-de-genero"],"yoast_head":"<!-- This site is optimized with the Yoast SEO plugin v27.4 - https:\/\/yoast.com\/product\/yoast-seo-wordpress\/ -->\n<title>\u00a1MUJER ERES LIBRE, VIVE SIN VIOLENCIA ! - Prefectura de Manab\u00ed<\/title>\n<meta name=\"robots\" content=\"index, follow, max-snippet:-1, max-image-preview:large, max-video-preview:-1\" \/>\n<link rel=\"canonical\" href=\"https:\/\/www.manabi.gob.ec\/index.php\/mujer-eres-libre-vive-sin-violencia\/\" \/>\n<meta property=\"og:locale\" content=\"es_ES\" \/>\n<meta property=\"og:type\" content=\"article\" \/>\n<meta property=\"og:title\" content=\"\u00a1MUJER ERES LIBRE, VIVE SIN VIOLENCIA ! - Prefectura de Manab\u00ed\" \/>\n<meta property=\"og:description\" content=\"D\u00eda Internacional de la Eliminaci\u00f3n de la Violencia contra la Mujer \u00abEstamos aqu\u00ed todos unidos por su derecho a vivir con dignidad, igualdad y paz\u00bb, dijo el prefecto Leonardo Orlando, durante el acto por el D\u00eda Internacional de la Eliminaci\u00f3n de la Violencia contra la Mujer, que se desarroll\u00f3 ayer en el parque Las Vegas [&hellip;]\" \/>\n<meta property=\"og:url\" content=\"https:\/\/www.manabi.gob.ec\/index.php\/mujer-eres-libre-vive-sin-violencia\/\" \/>\n<meta property=\"og:site_name\" content=\"Prefectura de Manab\u00ed\" \/>\n<meta property=\"article:published_time\" content=\"2023-11-27T17:50:24+00:00\" \/>\n<meta property=\"article:modified_time\" content=\"2023-11-27T17:50:30+00:00\" \/>\n<meta property=\"og:image\" content=\"https:\/\/www.manabi.gob.ec\/wp-content\/uploads\/2023\/11\/WhatsApp-Image-2023-11-25-at-22.38.48-1.jpeg\" \/>\n\t<meta property=\"og:image:width\" content=\"1024\" \/>\n\t<meta property=\"og:image:height\" content=\"682\" \/>\n\t<meta property=\"og:image:type\" content=\"image\/jpeg\" \/>\n<meta name=\"author\" content=\"Lui Ochoa\" \/>\n<meta name=\"twitter:card\" content=\"summary_large_image\" \/>\n<meta name=\"twitter:label1\" content=\"Escrito por\" \/>\n\t<meta name=\"twitter:data1\" content=\"Lui Ochoa\" \/>\n\t<meta name=\"twitter:label2\" content=\"Tiempo de lectura\" \/>\n\t<meta name=\"twitter:data2\" content=\"1 minuto\" \/>\n<script type=\"application\/ld+json\" class=\"yoast-schema-graph\">{\"@context\":\"https:\\\/\\\/schema.org\",\"@graph\":[{\"@type\":\"Article\",\"@id\":\"https:\\\/\\\/www.manabi.gob.ec\\\/index.php\\\/mujer-eres-libre-vive-sin-violencia\\\/#article\",\"isPartOf\":{\"@id\":\"https:\\\/\\\/www.manabi.gob.ec\\\/index.php\\\/mujer-eres-libre-vive-sin-violencia\\\/\"},\"author\":{\"name\":\"Lui Ochoa\",\"@id\":\"https:\\\/\\\/www.manabi.gob.ec\\\/#\\\/schema\\\/person\\\/c4f117989332ad723a6ced5994aa7d7a\"},\"headline\":\"\u00a1MUJER ERES LIBRE, VIVE SIN VIOLENCIA !\",\"datePublished\":\"2023-11-27T17:50:24+00:00\",\"dateModified\":\"2023-11-27T17:50:30+00:00\",\"mainEntityOfPage\":{\"@id\":\"https:\\\/\\\/www.manabi.gob.ec\\\/index.php\\\/mujer-eres-libre-vive-sin-violencia\\\/\"},\"wordCount\":229,\"image\":{\"@id\":\"https:\\\/\\\/www.manabi.gob.ec\\\/index.php\\\/mujer-eres-libre-vive-sin-violencia\\\/#primaryimage\"},\"thumbnailUrl\":\"https:\\\/\\\/www.manabi.gob.ec\\\/wp-content\\\/uploads\\\/2023\\\/11\\\/WhatsApp-Image-2023-11-25-at-22.38.48-1.jpeg\",\"articleSection\":[\"Desarrollo Social\",\"Mujeres\",\"Noticias\",\"Participaci\u00f3n ciudadana\",\"Portoviejo\",\"Todas\",\"Violencia de G\u00e9nero\"],\"inLanguage\":\"es\"},{\"@type\":\"WebPage\",\"@id\":\"https:\\\/\\\/www.manabi.gob.ec\\\/index.php\\\/mujer-eres-libre-vive-sin-violencia\\\/\",\"url\":\"https:\\\/\\\/www.manabi.gob.ec\\\/index.php\\\/mujer-eres-libre-vive-sin-violencia\\\/\",\"name\":\"\u00a1MUJER ERES LIBRE, VIVE SIN VIOLENCIA ! - Prefectura de Manab\u00ed\",\"isPartOf\":{\"@id\":\"https:\\\/\\\/www.manabi.gob.ec\\\/#website\"},\"primaryImageOfPage\":{\"@id\":\"https:\\\/\\\/www.manabi.gob.ec\\\/index.php\\\/mujer-eres-libre-vive-sin-violencia\\\/#primaryimage\"},\"image\":{\"@id\":\"https:\\\/\\\/www.manabi.gob.ec\\\/index.php\\\/mujer-eres-libre-vive-sin-violencia\\\/#primaryimage\"},\"thumbnailUrl\":\"https:\\\/\\\/www.manabi.gob.ec\\\/wp-content\\\/uploads\\\/2023\\\/11\\\/WhatsApp-Image-2023-11-25-at-22.38.48-1.jpeg\",\"datePublished\":\"2023-11-27T17:50:24+00:00\",\"dateModified\":\"2023-11-27T17:50:30+00:00\",\"author\":{\"@id\":\"https:\\\/\\\/www.manabi.gob.ec\\\/#\\\/schema\\\/person\\\/c4f117989332ad723a6ced5994aa7d7a\"},\"breadcrumb\":{\"@id\":\"https:\\\/\\\/www.manabi.gob.ec\\\/index.php\\\/mujer-eres-libre-vive-sin-violencia\\\/#breadcrumb\"},\"inLanguage\":\"es\",\"potentialAction\":[{\"@type\":\"ReadAction\",\"target\":[\"https:\\\/\\\/www.manabi.gob.ec\\\/index.php\\\/mujer-eres-libre-vive-sin-violencia\\\/\"]}]},{\"@type\":\"ImageObject\",\"inLanguage\":\"es\",\"@id\":\"https:\\\/\\\/www.manabi.gob.ec\\\/index.php\\\/mujer-eres-libre-vive-sin-violencia\\\/#primaryimage\",\"url\":\"https:\\\/\\\/www.manabi.gob.ec\\\/wp-content\\\/uploads\\\/2023\\\/11\\\/WhatsApp-Image-2023-11-25-at-22.38.48-1.jpeg\",\"contentUrl\":\"https:\\\/\\\/www.manabi.gob.ec\\\/wp-content\\\/uploads\\\/2023\\\/11\\\/WhatsApp-Image-2023-11-25-at-22.38.48-1.jpeg\",\"width\":1024,\"height\":682},{\"@type\":\"BreadcrumbList\",\"@id\":\"https:\\\/\\\/www.manabi.gob.ec\\\/index.php\\\/mujer-eres-libre-vive-sin-violencia\\\/#breadcrumb\",\"itemListElement\":[{\"@type\":\"ListItem\",\"position\":1,\"name\":\"Portada\",\"item\":\"https:\\\/\\\/www.manabi.gob.ec\\\/\"},{\"@type\":\"ListItem\",\"position\":2,\"name\":\"\u00a1MUJER ERES LIBRE, VIVE SIN VIOLENCIA !\"}]},{\"@type\":\"WebSite\",\"@id\":\"https:\\\/\\\/www.manabi.gob.ec\\\/#website\",\"url\":\"https:\\\/\\\/www.manabi.gob.ec\\\/\",\"name\":\"Prefectura de Manab\u00ed\",\"description\":\"P\u00e1gina web de la prefectura\",\"potentialAction\":[{\"@type\":\"SearchAction\",\"target\":{\"@type\":\"EntryPoint\",\"urlTemplate\":\"https:\\\/\\\/www.manabi.gob.ec\\\/?s={search_term_string}\"},\"query-input\":{\"@type\":\"PropertyValueSpecification\",\"valueRequired\":true,\"valueName\":\"search_term_string\"}}],\"inLanguage\":\"es\"},{\"@type\":\"Person\",\"@id\":\"https:\\\/\\\/www.manabi.gob.ec\\\/#\\\/schema\\\/person\\\/c4f117989332ad723a6ced5994aa7d7a\",\"name\":\"Lui Ochoa\",\"image\":{\"@type\":\"ImageObject\",\"inLanguage\":\"es\",\"@id\":\"https:\\\/\\\/secure.gravatar.com\\\/avatar\\\/6e8017d0fe69dead8a95864d2eb6e1e1d8bf8e01194ba49cf7b897ff038126ba?s=96&d=mm&r=g\",\"url\":\"https:\\\/\\\/secure.gravatar.com\\\/avatar\\\/6e8017d0fe69dead8a95864d2eb6e1e1d8bf8e01194ba49cf7b897ff038126ba?s=96&d=mm&r=g\",\"contentUrl\":\"https:\\\/\\\/secure.gravatar.com\\\/avatar\\\/6e8017d0fe69dead8a95864d2eb6e1e1d8bf8e01194ba49cf7b897ff038126ba?s=96&d=mm&r=g\",\"caption\":\"Lui Ochoa\"},\"url\":\"https:\\\/\\\/www.manabi.gob.ec\\\/index.php\\\/author\\\/lochoa\\\/\"}]}<\/script>\n<!-- \/ Yoast SEO plugin. -->","yoast_head_json":{"title":"\u00a1MUJER ERES LIBRE, VIVE SIN VIOLENCIA ! - Prefectura de Manab\u00ed","robots":{"index":"index","follow":"follow","max-snippet":"max-snippet:-1","max-image-preview":"max-image-preview:large","max-video-preview":"max-video-preview:-1"},"canonical":"https:\/\/www.manabi.gob.ec\/index.php\/mujer-eres-libre-vive-sin-violencia\/","og_locale":"es_ES","og_type":"article","og_title":"\u00a1MUJER ERES LIBRE, VIVE SIN VIOLENCIA ! - Prefectura de Manab\u00ed","og_description":"D\u00eda Internacional de la Eliminaci\u00f3n de la Violencia contra la Mujer \u00abEstamos aqu\u00ed todos unidos por su derecho a vivir con dignidad, igualdad y paz\u00bb, dijo el prefecto Leonardo Orlando, durante el acto por el D\u00eda Internacional de la Eliminaci\u00f3n de la Violencia contra la Mujer, que se desarroll\u00f3 ayer en el parque Las Vegas [&hellip;]","og_url":"https:\/\/www.manabi.gob.ec\/index.php\/mujer-eres-libre-vive-sin-violencia\/","og_site_name":"Prefectura de Manab\u00ed","article_published_time":"2023-11-27T17:50:24+00:00","article_modified_time":"2023-11-27T17:50:30+00:00","og_image":[{"width":1024,"height":682,"url":"https:\/\/www.manabi.gob.ec\/wp-content\/uploads\/2023\/11\/WhatsApp-Image-2023-11-25-at-22.38.48-1.jpeg","type":"image\/jpeg"}],"author":"Lui Ochoa","twitter_card":"summary_large_image","twitter_misc":{"Escrito por":"Lui Ochoa","Tiempo de lectura":"1 minuto"},"schema":{"@context":"https:\/\/schema.org","@graph":[{"@type":"Article","@id":"https:\/\/www.manabi.gob.ec\/index.php\/mujer-eres-libre-vive-sin-violencia\/#article","isPartOf":{"@id":"https:\/\/www.manabi.gob.ec\/index.php\/mujer-eres-libre-vive-sin-violencia\/"},"author":{"name":"Lui Ochoa","@id":"https:\/\/www.manabi.gob.ec\/#\/schema\/person\/c4f117989332ad723a6ced5994aa7d7a"},"headline":"\u00a1MUJER ERES LIBRE, VIVE SIN VIOLENCIA !","datePublished":"2023-11-27T17:50:24+00:00","dateModified":"2023-11-27T17:50:30+00:00","mainEntityOfPage":{"@id":"https:\/\/www.manabi.gob.ec\/index.php\/mujer-eres-libre-vive-sin-violencia\/"},"wordCount":229,"image":{"@id":"https:\/\/www.manabi.gob.ec\/index.php\/mujer-eres-libre-vive-sin-violencia\/#primaryimage"},"thumbnailUrl":"https:\/\/www.manabi.gob.ec\/wp-content\/uploads\/2023\/11\/WhatsApp-Image-2023-11-25-at-22.38.48-1.jpeg","articleSection":["Desarrollo Social","Mujeres","Noticias","Participaci\u00f3n ciudadana","Portoviejo","Todas","Violencia de G\u00e9nero"],"inLanguage":"es"},{"@type":"WebPage","@id":"https:\/\/www.manabi.gob.ec\/index.php\/mujer-eres-libre-vive-sin-violencia\/","url":"https:\/\/www.manabi.gob.ec\/index.php\/mujer-eres-libre-vive-sin-violencia\/","name":"\u00a1MUJER ERES LIBRE, VIVE SIN VIOLENCIA ! - Prefectura de Manab\u00ed","isPartOf":{"@id":"https:\/\/www.manabi.gob.ec\/#website"},"primaryImageOfPage":{"@id":"https:\/\/www.manabi.gob.ec\/index.php\/mujer-eres-libre-vive-sin-violencia\/#primaryimage"},"image":{"@id":"https:\/\/www.manabi.gob.ec\/index.php\/mujer-eres-libre-vive-sin-violencia\/#primaryimage"},"thumbnailUrl":"https:\/\/www.manabi.gob.ec\/wp-content\/uploads\/2023\/11\/WhatsApp-Image-2023-11-25-at-22.38.48-1.jpeg","datePublished":"2023-11-27T17:50:24+00:00","dateModified":"2023-11-27T17:50:30+00:00","author":{"@id":"https:\/\/www.manabi.gob.ec\/#\/schema\/person\/c4f117989332ad723a6ced5994aa7d7a"},"breadcrumb":{"@id":"https:\/\/www.manabi.gob.ec\/index.php\/mujer-eres-libre-vive-sin-violencia\/#breadcrumb"},"inLanguage":"es","potentialAction":[{"@type":"ReadAction","target":["https:\/\/www.manabi.gob.ec\/index.php\/mujer-eres-libre-vive-sin-violencia\/"]}]},{"@type":"ImageObject","inLanguage":"es","@id":"https:\/\/www.manabi.gob.ec\/index.php\/mujer-eres-libre-vive-sin-violencia\/#primaryimage","url":"https:\/\/www.manabi.gob.ec\/wp-content\/uploads\/2023\/11\/WhatsApp-Image-2023-11-25-at-22.38.48-1.jpeg","contentUrl":"https:\/\/www.manabi.gob.ec\/wp-content\/uploads\/2023\/11\/WhatsApp-Image-2023-11-25-at-22.38.48-1.jpeg","width":1024,"height":682},{"@type":"BreadcrumbList","@id":"https:\/\/www.manabi.gob.ec\/index.php\/mujer-eres-libre-vive-sin-violencia\/#breadcrumb","itemListElement":[{"@type":"ListItem","position":1,"name":"Portada","item":"https:\/\/www.manabi.gob.ec\/"},{"@type":"ListItem","position":2,"name":"\u00a1MUJER ERES LIBRE, VIVE SIN VIOLENCIA !"}]},{"@type":"WebSite","@id":"https:\/\/www.manabi.gob.ec\/#website","url":"https:\/\/www.manabi.gob.ec\/","name":"Prefectura de Manab\u00ed","description":"P\u00e1gina web de la prefectura","potentialAction":[{"@type":"SearchAction","target":{"@type":"EntryPoint","urlTemplate":"https:\/\/www.manabi.gob.ec\/?s={search_term_string}"},"query-input":{"@type":"PropertyValueSpecification","valueRequired":true,"valueName":"search_term_string"}}],"inLanguage":"es"},{"@type":"Person","@id":"https:\/\/www.manabi.gob.ec\/#\/schema\/person\/c4f117989332ad723a6ced5994aa7d7a","name":"Lui Ochoa","image":{"@type":"ImageObject","inLanguage":"es","@id":"https:\/\/secure.gravatar.com\/avatar\/6e8017d0fe69dead8a95864d2eb6e1e1d8bf8e01194ba49cf7b897ff038126ba?s=96&d=mm&r=g","url":"https:\/\/secure.gravatar.com\/avatar\/6e8017d0fe69dead8a95864d2eb6e1e1d8bf8e01194ba49cf7b897ff038126ba?s=96&d=mm&r=g","contentUrl":"https:\/\/secure.gravatar.com\/avatar\/6e8017d0fe69dead8a95864d2eb6e1e1d8bf8e01194ba49cf7b897ff038126ba?s=96&d=mm&r=g","caption":"Lui Ochoa"},"url":"https:\/\/www.manabi.gob.ec\/index.php\/author\/lochoa\/"}]}},"jetpack_featured_media_url":"https:\/\/www.manabi.gob.ec\/wp-content\/uploads\/2023\/11\/WhatsApp-Image-2023-11-25-at-22.38.48-1.jpeg","_links":{"self":[{"href":"https:\/\/www.manabi.gob.ec\/index.php\/wp-json\/wp\/v2\/posts\/26574","targetHints":{"allow":["GET"]}}],"collection":[{"href":"https:\/\/www.manabi.gob.ec\/index.php\/wp-json\/wp\/v2\/posts"}],"about":[{"href":"https:\/\/www.manabi.gob.ec\/index.php\/wp-json\/wp\/v2\/types\/post"}],"author":[{"embeddable":true,"href":"https:\/\/www.manabi.gob.ec\/index.php\/wp-json\/wp\/v2\/users\/10"}],"replies":[{"embeddable":true,"href":"https:\/\/www.manabi.gob.ec\/index.php\/wp-json\/wp\/v2\/comments?post=26574"}],"version-history":[{"count":1,"href":"https:\/\/www.manabi.gob.ec\/index.php\/wp-json\/wp\/v2\/posts\/26574\/revisions"}],"predecessor-version":[{"id":26576,"href":"https:\/\/www.manabi.gob.ec\/index.php\/wp-json\/wp\/v2\/posts\/26574\/revisions\/26576"}],"wp:featuredmedia":[{"embeddable":true,"href":"https:\/\/www.manabi.gob.ec\/index.php\/wp-json\/wp\/v2\/media\/26575"}],"wp:attachment":[{"href":"https:\/\/www.manabi.gob.ec\/index.php\/wp-json\/wp\/v2\/media?parent=26574"}],"wp:term":[{"taxonomy":"category","embeddable":true,"href":"https:\/\/www.manabi.gob.ec\/index.php\/wp-json\/wp\/v2\/categories?post=26574"},{"taxonomy":"post_tag","embeddable":true,"href":"https:\/\/www.manabi.gob.ec\/index.php\/wp-json\/wp\/v2\/tags?post=26574"}],"curies":[{"name":"wp","href":"https:\/\/api.w.org\/{rel}","templated":true}]}}