{"id":26640,"date":"2023-12-02T19:13:27","date_gmt":"2023-12-02T19:13:27","guid":{"rendered":"https:\/\/www.manabi.gob.ec\/?p=26640"},"modified":"2023-12-02T19:13:33","modified_gmt":"2023-12-02T19:13:33","slug":"en-chirijos-seguimos-trabajando-con-equidad","status":"publish","type":"post","link":"https:\/\/www.manabi.gob.ec\/index.php\/en-chirijos-seguimos-trabajando-con-equidad\/","title":{"rendered":"En Chirijos, seguimos trabajando con equidad"},"content":{"rendered":"\n<p>En la v\u00eda de ingreso a la parroquia Chirijos del cant\u00f3n Portoviejo, se trabaja en el cambio de estructura de la calzada como parte del proyecto vial Entrada Chirijos &#8211; Chirijos de 3.5 kil\u00f3metros de longitud.<\/p>\n\n\n\n<p>Estos trabajos se realizan en una distancia de 300 metros lineales, desde el ingreso de la v\u00eda principal hasta el puente que se encuentra sobre el r\u00edo Chico, manifest\u00f3 Roberto S\u00e1nchez, t\u00e9cnico de la Prefectura de Manab\u00ed.<\/p>\n\n\n\n<p>El proyecto vial esta a cargo del Consorcio Mastervial, por un valor de $ 771027,42, la obra tiene un plazo de ejecuci\u00f3n de 150 d\u00edas.<\/p>\n\n\n\n<p>\u00bb En total tenemos un avance a noviembre del 28 %, ya hemos colocado material de mejoramiento en una distancia de 3 kil\u00f3metros, y se realiz\u00f3 el encauzamiento y colocaci\u00f3n de piedra escollera en el estero La Balsa, donde a\u00fan falta construir un muro de gaviones\u00bb, indic\u00f3 S\u00e1nchez.<\/p>\n\n\n\n<p>La v\u00eda quedar\u00e1 a nivel de carpeta asf\u00e1ltica de 2 pulgadas, con la respectiva se\u00f1alizaci\u00f3n horizontal y vertical. As\u00ed mismo se ha considerado aceras, cunetas y bordillos en ciertos tramos.<\/p>\n","protected":false},"excerpt":{"rendered":"<p>En la v\u00eda de ingreso a la parroquia Chirijos del cant\u00f3n Portoviejo, se trabaja en el cambio de estructura de la calzada como parte del proyecto vial Entrada Chirijos &#8211; Chirijos de 3.5 kil\u00f3metros de longitud. Estos trabajos se realizan en una distancia de 300 metros lineales, desde el ingreso de la v\u00eda principal hasta [&hellip;]<\/p>\n","protected":false},"author":10,"featured_media":26641,"comment_status":"closed","ping_status":"closed","sticky":false,"template":"","format":"standard","meta":{"_joinchat":[],"footnotes":""},"categories":[142,170,92,181,91,127],"tags":[],"class_list":["post-26640","post","type-post","status-publish","format-standard","has-post-thumbnail","hentry","category-desarrollo-social","category-manabi-vial","category-noticias-manabi","category-obra-publica","category-todas","category-vialidad"],"yoast_head":"<!-- This site is optimized with the Yoast SEO plugin v27.4 - https:\/\/yoast.com\/product\/yoast-seo-wordpress\/ -->\n<title>En Chirijos, seguimos trabajando con equidad - Prefectura de Manab\u00ed<\/title>\n<meta name=\"robots\" content=\"index, follow, max-snippet:-1, max-image-preview:large, max-video-preview:-1\" \/>\n<link rel=\"canonical\" href=\"https:\/\/www.manabi.gob.ec\/index.php\/en-chirijos-seguimos-trabajando-con-equidad\/\" \/>\n<meta property=\"og:locale\" content=\"es_ES\" \/>\n<meta property=\"og:type\" content=\"article\" \/>\n<meta property=\"og:title\" content=\"En Chirijos, seguimos trabajando con equidad - Prefectura de Manab\u00ed\" \/>\n<meta property=\"og:description\" content=\"En la v\u00eda de ingreso a la parroquia Chirijos del cant\u00f3n Portoviejo, se trabaja en el cambio de estructura de la calzada como parte del proyecto vial Entrada Chirijos &#8211; Chirijos de 3.5 kil\u00f3metros de longitud. Estos trabajos se realizan en una distancia de 300 metros lineales, desde el ingreso de la v\u00eda principal hasta [&hellip;]\" \/>\n<meta property=\"og:url\" content=\"https:\/\/www.manabi.gob.ec\/index.php\/en-chirijos-seguimos-trabajando-con-equidad\/\" \/>\n<meta property=\"og:site_name\" content=\"Prefectura de Manab\u00ed\" \/>\n<meta property=\"article:published_time\" content=\"2023-12-02T19:13:27+00:00\" \/>\n<meta property=\"article:modified_time\" content=\"2023-12-02T19:13:33+00:00\" \/>\n<meta property=\"og:image\" content=\"https:\/\/www.manabi.gob.ec\/wp-content\/uploads\/2023\/12\/WhatsApp-Image-2023-11-29-at-15.32.18.jpeg\" \/>\n\t<meta property=\"og:image:width\" content=\"1280\" \/>\n\t<meta property=\"og:image:height\" content=\"853\" \/>\n\t<meta property=\"og:image:type\" content=\"image\/jpeg\" \/>\n<meta name=\"author\" content=\"Lui Ochoa\" \/>\n<meta name=\"twitter:card\" content=\"summary_large_image\" \/>\n<meta name=\"twitter:label1\" content=\"Escrito por\" \/>\n\t<meta name=\"twitter:data1\" content=\"Lui Ochoa\" \/>\n\t<meta name=\"twitter:label2\" content=\"Tiempo de lectura\" \/>\n\t<meta name=\"twitter:data2\" content=\"1 minuto\" \/>\n<script type=\"application\/ld+json\" class=\"yoast-schema-graph\">{\"@context\":\"https:\\\/\\\/schema.org\",\"@graph\":[{\"@type\":\"Article\",\"@id\":\"https:\\\/\\\/www.manabi.gob.ec\\\/index.php\\\/en-chirijos-seguimos-trabajando-con-equidad\\\/#article\",\"isPartOf\":{\"@id\":\"https:\\\/\\\/www.manabi.gob.ec\\\/index.php\\\/en-chirijos-seguimos-trabajando-con-equidad\\\/\"},\"author\":{\"name\":\"Lui Ochoa\",\"@id\":\"https:\\\/\\\/www.manabi.gob.ec\\\/#\\\/schema\\\/person\\\/c4f117989332ad723a6ced5994aa7d7a\"},\"headline\":\"En Chirijos, seguimos trabajando con equidad\",\"datePublished\":\"2023-12-02T19:13:27+00:00\",\"dateModified\":\"2023-12-02T19:13:33+00:00\",\"mainEntityOfPage\":{\"@id\":\"https:\\\/\\\/www.manabi.gob.ec\\\/index.php\\\/en-chirijos-seguimos-trabajando-con-equidad\\\/\"},\"wordCount\":189,\"image\":{\"@id\":\"https:\\\/\\\/www.manabi.gob.ec\\\/index.php\\\/en-chirijos-seguimos-trabajando-con-equidad\\\/#primaryimage\"},\"thumbnailUrl\":\"https:\\\/\\\/www.manabi.gob.ec\\\/wp-content\\\/uploads\\\/2023\\\/12\\\/WhatsApp-Image-2023-11-29-at-15.32.18.jpeg\",\"articleSection\":[\"Desarrollo Social\",\"Manab\u00ed Vial\",\"Noticias\",\"Obra P\u00fablica\",\"Todas\",\"Vialidad\"],\"inLanguage\":\"es\"},{\"@type\":\"WebPage\",\"@id\":\"https:\\\/\\\/www.manabi.gob.ec\\\/index.php\\\/en-chirijos-seguimos-trabajando-con-equidad\\\/\",\"url\":\"https:\\\/\\\/www.manabi.gob.ec\\\/index.php\\\/en-chirijos-seguimos-trabajando-con-equidad\\\/\",\"name\":\"En Chirijos, seguimos trabajando con equidad - Prefectura de Manab\u00ed\",\"isPartOf\":{\"@id\":\"https:\\\/\\\/www.manabi.gob.ec\\\/#website\"},\"primaryImageOfPage\":{\"@id\":\"https:\\\/\\\/www.manabi.gob.ec\\\/index.php\\\/en-chirijos-seguimos-trabajando-con-equidad\\\/#primaryimage\"},\"image\":{\"@id\":\"https:\\\/\\\/www.manabi.gob.ec\\\/index.php\\\/en-chirijos-seguimos-trabajando-con-equidad\\\/#primaryimage\"},\"thumbnailUrl\":\"https:\\\/\\\/www.manabi.gob.ec\\\/wp-content\\\/uploads\\\/2023\\\/12\\\/WhatsApp-Image-2023-11-29-at-15.32.18.jpeg\",\"datePublished\":\"2023-12-02T19:13:27+00:00\",\"dateModified\":\"2023-12-02T19:13:33+00:00\",\"author\":{\"@id\":\"https:\\\/\\\/www.manabi.gob.ec\\\/#\\\/schema\\\/person\\\/c4f117989332ad723a6ced5994aa7d7a\"},\"breadcrumb\":{\"@id\":\"https:\\\/\\\/www.manabi.gob.ec\\\/index.php\\\/en-chirijos-seguimos-trabajando-con-equidad\\\/#breadcrumb\"},\"inLanguage\":\"es\",\"potentialAction\":[{\"@type\":\"ReadAction\",\"target\":[\"https:\\\/\\\/www.manabi.gob.ec\\\/index.php\\\/en-chirijos-seguimos-trabajando-con-equidad\\\/\"]}]},{\"@type\":\"ImageObject\",\"inLanguage\":\"es\",\"@id\":\"https:\\\/\\\/www.manabi.gob.ec\\\/index.php\\\/en-chirijos-seguimos-trabajando-con-equidad\\\/#primaryimage\",\"url\":\"https:\\\/\\\/www.manabi.gob.ec\\\/wp-content\\\/uploads\\\/2023\\\/12\\\/WhatsApp-Image-2023-11-29-at-15.32.18.jpeg\",\"contentUrl\":\"https:\\\/\\\/www.manabi.gob.ec\\\/wp-content\\\/uploads\\\/2023\\\/12\\\/WhatsApp-Image-2023-11-29-at-15.32.18.jpeg\",\"width\":1280,\"height\":853},{\"@type\":\"BreadcrumbList\",\"@id\":\"https:\\\/\\\/www.manabi.gob.ec\\\/index.php\\\/en-chirijos-seguimos-trabajando-con-equidad\\\/#breadcrumb\",\"itemListElement\":[{\"@type\":\"ListItem\",\"position\":1,\"name\":\"Portada\",\"item\":\"https:\\\/\\\/www.manabi.gob.ec\\\/\"},{\"@type\":\"ListItem\",\"position\":2,\"name\":\"En Chirijos, seguimos trabajando con equidad\"}]},{\"@type\":\"WebSite\",\"@id\":\"https:\\\/\\\/www.manabi.gob.ec\\\/#website\",\"url\":\"https:\\\/\\\/www.manabi.gob.ec\\\/\",\"name\":\"Prefectura de Manab\u00ed\",\"description\":\"P\u00e1gina web de la prefectura\",\"potentialAction\":[{\"@type\":\"SearchAction\",\"target\":{\"@type\":\"EntryPoint\",\"urlTemplate\":\"https:\\\/\\\/www.manabi.gob.ec\\\/?s={search_term_string}\"},\"query-input\":{\"@type\":\"PropertyValueSpecification\",\"valueRequired\":true,\"valueName\":\"search_term_string\"}}],\"inLanguage\":\"es\"},{\"@type\":\"Person\",\"@id\":\"https:\\\/\\\/www.manabi.gob.ec\\\/#\\\/schema\\\/person\\\/c4f117989332ad723a6ced5994aa7d7a\",\"name\":\"Lui Ochoa\",\"image\":{\"@type\":\"ImageObject\",\"inLanguage\":\"es\",\"@id\":\"https:\\\/\\\/secure.gravatar.com\\\/avatar\\\/6e8017d0fe69dead8a95864d2eb6e1e1d8bf8e01194ba49cf7b897ff038126ba?s=96&d=mm&r=g\",\"url\":\"https:\\\/\\\/secure.gravatar.com\\\/avatar\\\/6e8017d0fe69dead8a95864d2eb6e1e1d8bf8e01194ba49cf7b897ff038126ba?s=96&d=mm&r=g\",\"contentUrl\":\"https:\\\/\\\/secure.gravatar.com\\\/avatar\\\/6e8017d0fe69dead8a95864d2eb6e1e1d8bf8e01194ba49cf7b897ff038126ba?s=96&d=mm&r=g\",\"caption\":\"Lui Ochoa\"},\"url\":\"https:\\\/\\\/www.manabi.gob.ec\\\/index.php\\\/author\\\/lochoa\\\/\"}]}<\/script>\n<!-- \/ Yoast SEO plugin. -->","yoast_head_json":{"title":"En Chirijos, seguimos trabajando con equidad - Prefectura de Manab\u00ed","robots":{"index":"index","follow":"follow","max-snippet":"max-snippet:-1","max-image-preview":"max-image-preview:large","max-video-preview":"max-video-preview:-1"},"canonical":"https:\/\/www.manabi.gob.ec\/index.php\/en-chirijos-seguimos-trabajando-con-equidad\/","og_locale":"es_ES","og_type":"article","og_title":"En Chirijos, seguimos trabajando con equidad - Prefectura de Manab\u00ed","og_description":"En la v\u00eda de ingreso a la parroquia Chirijos del cant\u00f3n Portoviejo, se trabaja en el cambio de estructura de la calzada como parte del proyecto vial Entrada Chirijos &#8211; Chirijos de 3.5 kil\u00f3metros de longitud. Estos trabajos se realizan en una distancia de 300 metros lineales, desde el ingreso de la v\u00eda principal hasta [&hellip;]","og_url":"https:\/\/www.manabi.gob.ec\/index.php\/en-chirijos-seguimos-trabajando-con-equidad\/","og_site_name":"Prefectura de Manab\u00ed","article_published_time":"2023-12-02T19:13:27+00:00","article_modified_time":"2023-12-02T19:13:33+00:00","og_image":[{"width":1280,"height":853,"url":"https:\/\/www.manabi.gob.ec\/wp-content\/uploads\/2023\/12\/WhatsApp-Image-2023-11-29-at-15.32.18.jpeg","type":"image\/jpeg"}],"author":"Lui Ochoa","twitter_card":"summary_large_image","twitter_misc":{"Escrito por":"Lui Ochoa","Tiempo de lectura":"1 minuto"},"schema":{"@context":"https:\/\/schema.org","@graph":[{"@type":"Article","@id":"https:\/\/www.manabi.gob.ec\/index.php\/en-chirijos-seguimos-trabajando-con-equidad\/#article","isPartOf":{"@id":"https:\/\/www.manabi.gob.ec\/index.php\/en-chirijos-seguimos-trabajando-con-equidad\/"},"author":{"name":"Lui Ochoa","@id":"https:\/\/www.manabi.gob.ec\/#\/schema\/person\/c4f117989332ad723a6ced5994aa7d7a"},"headline":"En Chirijos, seguimos trabajando con equidad","datePublished":"2023-12-02T19:13:27+00:00","dateModified":"2023-12-02T19:13:33+00:00","mainEntityOfPage":{"@id":"https:\/\/www.manabi.gob.ec\/index.php\/en-chirijos-seguimos-trabajando-con-equidad\/"},"wordCount":189,"image":{"@id":"https:\/\/www.manabi.gob.ec\/index.php\/en-chirijos-seguimos-trabajando-con-equidad\/#primaryimage"},"thumbnailUrl":"https:\/\/www.manabi.gob.ec\/wp-content\/uploads\/2023\/12\/WhatsApp-Image-2023-11-29-at-15.32.18.jpeg","articleSection":["Desarrollo Social","Manab\u00ed Vial","Noticias","Obra P\u00fablica","Todas","Vialidad"],"inLanguage":"es"},{"@type":"WebPage","@id":"https:\/\/www.manabi.gob.ec\/index.php\/en-chirijos-seguimos-trabajando-con-equidad\/","url":"https:\/\/www.manabi.gob.ec\/index.php\/en-chirijos-seguimos-trabajando-con-equidad\/","name":"En Chirijos, seguimos trabajando con equidad - Prefectura de Manab\u00ed","isPartOf":{"@id":"https:\/\/www.manabi.gob.ec\/#website"},"primaryImageOfPage":{"@id":"https:\/\/www.manabi.gob.ec\/index.php\/en-chirijos-seguimos-trabajando-con-equidad\/#primaryimage"},"image":{"@id":"https:\/\/www.manabi.gob.ec\/index.php\/en-chirijos-seguimos-trabajando-con-equidad\/#primaryimage"},"thumbnailUrl":"https:\/\/www.manabi.gob.ec\/wp-content\/uploads\/2023\/12\/WhatsApp-Image-2023-11-29-at-15.32.18.jpeg","datePublished":"2023-12-02T19:13:27+00:00","dateModified":"2023-12-02T19:13:33+00:00","author":{"@id":"https:\/\/www.manabi.gob.ec\/#\/schema\/person\/c4f117989332ad723a6ced5994aa7d7a"},"breadcrumb":{"@id":"https:\/\/www.manabi.gob.ec\/index.php\/en-chirijos-seguimos-trabajando-con-equidad\/#breadcrumb"},"inLanguage":"es","potentialAction":[{"@type":"ReadAction","target":["https:\/\/www.manabi.gob.ec\/index.php\/en-chirijos-seguimos-trabajando-con-equidad\/"]}]},{"@type":"ImageObject","inLanguage":"es","@id":"https:\/\/www.manabi.gob.ec\/index.php\/en-chirijos-seguimos-trabajando-con-equidad\/#primaryimage","url":"https:\/\/www.manabi.gob.ec\/wp-content\/uploads\/2023\/12\/WhatsApp-Image-2023-11-29-at-15.32.18.jpeg","contentUrl":"https:\/\/www.manabi.gob.ec\/wp-content\/uploads\/2023\/12\/WhatsApp-Image-2023-11-29-at-15.32.18.jpeg","width":1280,"height":853},{"@type":"BreadcrumbList","@id":"https:\/\/www.manabi.gob.ec\/index.php\/en-chirijos-seguimos-trabajando-con-equidad\/#breadcrumb","itemListElement":[{"@type":"ListItem","position":1,"name":"Portada","item":"https:\/\/www.manabi.gob.ec\/"},{"@type":"ListItem","position":2,"name":"En Chirijos, seguimos trabajando con equidad"}]},{"@type":"WebSite","@id":"https:\/\/www.manabi.gob.ec\/#website","url":"https:\/\/www.manabi.gob.ec\/","name":"Prefectura de Manab\u00ed","description":"P\u00e1gina web de la prefectura","potentialAction":[{"@type":"SearchAction","target":{"@type":"EntryPoint","urlTemplate":"https:\/\/www.manabi.gob.ec\/?s={search_term_string}"},"query-input":{"@type":"PropertyValueSpecification","valueRequired":true,"valueName":"search_term_string"}}],"inLanguage":"es"},{"@type":"Person","@id":"https:\/\/www.manabi.gob.ec\/#\/schema\/person\/c4f117989332ad723a6ced5994aa7d7a","name":"Lui Ochoa","image":{"@type":"ImageObject","inLanguage":"es","@id":"https:\/\/secure.gravatar.com\/avatar\/6e8017d0fe69dead8a95864d2eb6e1e1d8bf8e01194ba49cf7b897ff038126ba?s=96&d=mm&r=g","url":"https:\/\/secure.gravatar.com\/avatar\/6e8017d0fe69dead8a95864d2eb6e1e1d8bf8e01194ba49cf7b897ff038126ba?s=96&d=mm&r=g","contentUrl":"https:\/\/secure.gravatar.com\/avatar\/6e8017d0fe69dead8a95864d2eb6e1e1d8bf8e01194ba49cf7b897ff038126ba?s=96&d=mm&r=g","caption":"Lui Ochoa"},"url":"https:\/\/www.manabi.gob.ec\/index.php\/author\/lochoa\/"}]}},"jetpack_featured_media_url":"https:\/\/www.manabi.gob.ec\/wp-content\/uploads\/2023\/12\/WhatsApp-Image-2023-11-29-at-15.32.18.jpeg","_links":{"self":[{"href":"https:\/\/www.manabi.gob.ec\/index.php\/wp-json\/wp\/v2\/posts\/26640","targetHints":{"allow":["GET"]}}],"collection":[{"href":"https:\/\/www.manabi.gob.ec\/index.php\/wp-json\/wp\/v2\/posts"}],"about":[{"href":"https:\/\/www.manabi.gob.ec\/index.php\/wp-json\/wp\/v2\/types\/post"}],"author":[{"embeddable":true,"href":"https:\/\/www.manabi.gob.ec\/index.php\/wp-json\/wp\/v2\/users\/10"}],"replies":[{"embeddable":true,"href":"https:\/\/www.manabi.gob.ec\/index.php\/wp-json\/wp\/v2\/comments?post=26640"}],"version-history":[{"count":1,"href":"https:\/\/www.manabi.gob.ec\/index.php\/wp-json\/wp\/v2\/posts\/26640\/revisions"}],"predecessor-version":[{"id":26642,"href":"https:\/\/www.manabi.gob.ec\/index.php\/wp-json\/wp\/v2\/posts\/26640\/revisions\/26642"}],"wp:featuredmedia":[{"embeddable":true,"href":"https:\/\/www.manabi.gob.ec\/index.php\/wp-json\/wp\/v2\/media\/26641"}],"wp:attachment":[{"href":"https:\/\/www.manabi.gob.ec\/index.php\/wp-json\/wp\/v2\/media?parent=26640"}],"wp:term":[{"taxonomy":"category","embeddable":true,"href":"https:\/\/www.manabi.gob.ec\/index.php\/wp-json\/wp\/v2\/categories?post=26640"},{"taxonomy":"post_tag","embeddable":true,"href":"https:\/\/www.manabi.gob.ec\/index.php\/wp-json\/wp\/v2\/tags?post=26640"}],"curies":[{"name":"wp","href":"https:\/\/api.w.org\/{rel}","templated":true}]}}