{"id":26653,"date":"2023-12-04T17:32:09","date_gmt":"2023-12-04T17:32:09","guid":{"rendered":"https:\/\/www.manabi.gob.ec\/?p=26653"},"modified":"2023-12-04T17:32:15","modified_gmt":"2023-12-04T17:32:15","slug":"se-culmina-enlucido-del-puente-velasco-ibarra-del-canton-pichincha","status":"publish","type":"post","link":"https:\/\/www.manabi.gob.ec\/index.php\/se-culmina-enlucido-del-puente-velasco-ibarra-del-canton-pichincha\/","title":{"rendered":"SE CULMINA ENLUCIDO DEL PUENTE VELASCO IBARRA DEL CANT\u00d3N PICHINCHA"},"content":{"rendered":"\n<p>Una aspiraci\u00f3n de los habitantes de Pichincha se vuelve una realidad, el d\u00eda de ayer 30 de noviembre se culmin\u00f3 el enlucido de la losa sobre el puente Velasco Ibarra, en el cant\u00f3n Pichincha.<\/p>\n\n\n\n<p>Esta obra se ejecuta mediante un convenio tripartito, entre el Ministerio de Transporte y Obras P\u00fablicas (MTOP), la Prefectura de Manab\u00ed y el GAD Municipal de Pichincha.<\/p>\n\n\n\n<p>El 70% de financiamiento de este proyecto estar\u00e1 a cargo del MTOP, el 30% de la Prefectura, con una inversi\u00f3n total de 1&#8217;039.614,23 d\u00f3lares y el IVA est\u00e1 a cargo del GAD municipal de Pichincha.<\/p>\n\n\n\n<p>La longitud del puente es de 164 metros y 9.40 de ancho, detall\u00f3 Harvin Duran superintendente de la obra del consorcio Esfave.<\/p>\n\n\n\n<p>&nbsp;\u00abEsta es la arteria principal que nos conecta con cantones y otras provincias, adem\u00e1s se ha contratado mano de obra local para esta importante obra\u00bb, enfatiz\u00f3&nbsp; Jorge Zambrano, t\u00e9cnico del GAD Pichincha.<\/p>\n\n\n\n<p>&nbsp;\u00abLo que no se pens\u00f3 se realiz\u00f3, ahora podremos pasar con normalidad al otro lado yo soy de Calceta pero siempre vengo para ac\u00e1\u00bb, dijo Jos\u00e9 Vera, ciudadano que usa el puente<\/p>\n","protected":false},"excerpt":{"rendered":"<p>Una aspiraci\u00f3n de los habitantes de Pichincha se vuelve una realidad, el d\u00eda de ayer 30 de noviembre se culmin\u00f3 el enlucido de la losa sobre el puente Velasco Ibarra, en el cant\u00f3n Pichincha. Esta obra se ejecuta mediante un convenio tripartito, entre el Ministerio de Transporte y Obras P\u00fablicas (MTOP), la Prefectura de Manab\u00ed [&hellip;]<\/p>\n","protected":false},"author":10,"featured_media":26654,"comment_status":"closed","ping_status":"closed","sticky":false,"template":"","format":"standard","meta":{"_joinchat":[],"footnotes":""},"categories":[142,170,92,200,91,127],"tags":[],"class_list":["post-26653","post","type-post","status-publish","format-standard","has-post-thumbnail","hentry","category-desarrollo-social","category-manabi-vial","category-noticias-manabi","category-pichincha","category-todas","category-vialidad"],"yoast_head":"<!-- This site is optimized with the Yoast SEO plugin v27.4 - https:\/\/yoast.com\/product\/yoast-seo-wordpress\/ -->\n<title>SE CULMINA ENLUCIDO DEL PUENTE VELASCO IBARRA DEL CANT\u00d3N PICHINCHA - Prefectura de Manab\u00ed<\/title>\n<meta name=\"robots\" content=\"index, follow, max-snippet:-1, max-image-preview:large, max-video-preview:-1\" \/>\n<link rel=\"canonical\" href=\"https:\/\/www.manabi.gob.ec\/index.php\/se-culmina-enlucido-del-puente-velasco-ibarra-del-canton-pichincha\/\" \/>\n<meta property=\"og:locale\" content=\"es_ES\" \/>\n<meta property=\"og:type\" content=\"article\" \/>\n<meta property=\"og:title\" content=\"SE CULMINA ENLUCIDO DEL PUENTE VELASCO IBARRA DEL CANT\u00d3N PICHINCHA - Prefectura de Manab\u00ed\" \/>\n<meta property=\"og:description\" content=\"Una aspiraci\u00f3n de los habitantes de Pichincha se vuelve una realidad, el d\u00eda de ayer 30 de noviembre se culmin\u00f3 el enlucido de la losa sobre el puente Velasco Ibarra, en el cant\u00f3n Pichincha. Esta obra se ejecuta mediante un convenio tripartito, entre el Ministerio de Transporte y Obras P\u00fablicas (MTOP), la Prefectura de Manab\u00ed [&hellip;]\" \/>\n<meta property=\"og:url\" content=\"https:\/\/www.manabi.gob.ec\/index.php\/se-culmina-enlucido-del-puente-velasco-ibarra-del-canton-pichincha\/\" \/>\n<meta property=\"og:site_name\" content=\"Prefectura de Manab\u00ed\" \/>\n<meta property=\"article:published_time\" content=\"2023-12-04T17:32:09+00:00\" \/>\n<meta property=\"article:modified_time\" content=\"2023-12-04T17:32:15+00:00\" \/>\n<meta property=\"og:image\" content=\"https:\/\/www.manabi.gob.ec\/wp-content\/uploads\/2023\/12\/WhatsApp-Image-2023-12-01-at-11.20.17.jpeg\" \/>\n\t<meta property=\"og:image:width\" content=\"1600\" \/>\n\t<meta property=\"og:image:height\" content=\"900\" \/>\n\t<meta property=\"og:image:type\" content=\"image\/jpeg\" \/>\n<meta name=\"author\" content=\"Lui Ochoa\" \/>\n<meta name=\"twitter:card\" content=\"summary_large_image\" \/>\n<meta name=\"twitter:label1\" content=\"Escrito por\" \/>\n\t<meta name=\"twitter:data1\" content=\"Lui Ochoa\" \/>\n\t<meta name=\"twitter:label2\" content=\"Tiempo de lectura\" \/>\n\t<meta name=\"twitter:data2\" content=\"1 minuto\" \/>\n<script type=\"application\/ld+json\" class=\"yoast-schema-graph\">{\"@context\":\"https:\\\/\\\/schema.org\",\"@graph\":[{\"@type\":\"Article\",\"@id\":\"https:\\\/\\\/www.manabi.gob.ec\\\/index.php\\\/se-culmina-enlucido-del-puente-velasco-ibarra-del-canton-pichincha\\\/#article\",\"isPartOf\":{\"@id\":\"https:\\\/\\\/www.manabi.gob.ec\\\/index.php\\\/se-culmina-enlucido-del-puente-velasco-ibarra-del-canton-pichincha\\\/\"},\"author\":{\"name\":\"Lui Ochoa\",\"@id\":\"https:\\\/\\\/www.manabi.gob.ec\\\/#\\\/schema\\\/person\\\/c4f117989332ad723a6ced5994aa7d7a\"},\"headline\":\"SE CULMINA ENLUCIDO DEL PUENTE VELASCO IBARRA DEL CANT\u00d3N PICHINCHA\",\"datePublished\":\"2023-12-04T17:32:09+00:00\",\"dateModified\":\"2023-12-04T17:32:15+00:00\",\"mainEntityOfPage\":{\"@id\":\"https:\\\/\\\/www.manabi.gob.ec\\\/index.php\\\/se-culmina-enlucido-del-puente-velasco-ibarra-del-canton-pichincha\\\/\"},\"wordCount\":199,\"image\":{\"@id\":\"https:\\\/\\\/www.manabi.gob.ec\\\/index.php\\\/se-culmina-enlucido-del-puente-velasco-ibarra-del-canton-pichincha\\\/#primaryimage\"},\"thumbnailUrl\":\"https:\\\/\\\/www.manabi.gob.ec\\\/wp-content\\\/uploads\\\/2023\\\/12\\\/WhatsApp-Image-2023-12-01-at-11.20.17.jpeg\",\"articleSection\":[\"Desarrollo Social\",\"Manab\u00ed Vial\",\"Noticias\",\"Pichincha\",\"Todas\",\"Vialidad\"],\"inLanguage\":\"es\"},{\"@type\":\"WebPage\",\"@id\":\"https:\\\/\\\/www.manabi.gob.ec\\\/index.php\\\/se-culmina-enlucido-del-puente-velasco-ibarra-del-canton-pichincha\\\/\",\"url\":\"https:\\\/\\\/www.manabi.gob.ec\\\/index.php\\\/se-culmina-enlucido-del-puente-velasco-ibarra-del-canton-pichincha\\\/\",\"name\":\"SE CULMINA ENLUCIDO DEL PUENTE VELASCO IBARRA DEL CANT\u00d3N PICHINCHA - Prefectura de Manab\u00ed\",\"isPartOf\":{\"@id\":\"https:\\\/\\\/www.manabi.gob.ec\\\/#website\"},\"primaryImageOfPage\":{\"@id\":\"https:\\\/\\\/www.manabi.gob.ec\\\/index.php\\\/se-culmina-enlucido-del-puente-velasco-ibarra-del-canton-pichincha\\\/#primaryimage\"},\"image\":{\"@id\":\"https:\\\/\\\/www.manabi.gob.ec\\\/index.php\\\/se-culmina-enlucido-del-puente-velasco-ibarra-del-canton-pichincha\\\/#primaryimage\"},\"thumbnailUrl\":\"https:\\\/\\\/www.manabi.gob.ec\\\/wp-content\\\/uploads\\\/2023\\\/12\\\/WhatsApp-Image-2023-12-01-at-11.20.17.jpeg\",\"datePublished\":\"2023-12-04T17:32:09+00:00\",\"dateModified\":\"2023-12-04T17:32:15+00:00\",\"author\":{\"@id\":\"https:\\\/\\\/www.manabi.gob.ec\\\/#\\\/schema\\\/person\\\/c4f117989332ad723a6ced5994aa7d7a\"},\"breadcrumb\":{\"@id\":\"https:\\\/\\\/www.manabi.gob.ec\\\/index.php\\\/se-culmina-enlucido-del-puente-velasco-ibarra-del-canton-pichincha\\\/#breadcrumb\"},\"inLanguage\":\"es\",\"potentialAction\":[{\"@type\":\"ReadAction\",\"target\":[\"https:\\\/\\\/www.manabi.gob.ec\\\/index.php\\\/se-culmina-enlucido-del-puente-velasco-ibarra-del-canton-pichincha\\\/\"]}]},{\"@type\":\"ImageObject\",\"inLanguage\":\"es\",\"@id\":\"https:\\\/\\\/www.manabi.gob.ec\\\/index.php\\\/se-culmina-enlucido-del-puente-velasco-ibarra-del-canton-pichincha\\\/#primaryimage\",\"url\":\"https:\\\/\\\/www.manabi.gob.ec\\\/wp-content\\\/uploads\\\/2023\\\/12\\\/WhatsApp-Image-2023-12-01-at-11.20.17.jpeg\",\"contentUrl\":\"https:\\\/\\\/www.manabi.gob.ec\\\/wp-content\\\/uploads\\\/2023\\\/12\\\/WhatsApp-Image-2023-12-01-at-11.20.17.jpeg\",\"width\":1600,\"height\":900},{\"@type\":\"BreadcrumbList\",\"@id\":\"https:\\\/\\\/www.manabi.gob.ec\\\/index.php\\\/se-culmina-enlucido-del-puente-velasco-ibarra-del-canton-pichincha\\\/#breadcrumb\",\"itemListElement\":[{\"@type\":\"ListItem\",\"position\":1,\"name\":\"Portada\",\"item\":\"https:\\\/\\\/www.manabi.gob.ec\\\/\"},{\"@type\":\"ListItem\",\"position\":2,\"name\":\"SE CULMINA ENLUCIDO DEL PUENTE VELASCO IBARRA DEL CANT\u00d3N PICHINCHA\"}]},{\"@type\":\"WebSite\",\"@id\":\"https:\\\/\\\/www.manabi.gob.ec\\\/#website\",\"url\":\"https:\\\/\\\/www.manabi.gob.ec\\\/\",\"name\":\"Prefectura de Manab\u00ed\",\"description\":\"P\u00e1gina web de la prefectura\",\"potentialAction\":[{\"@type\":\"SearchAction\",\"target\":{\"@type\":\"EntryPoint\",\"urlTemplate\":\"https:\\\/\\\/www.manabi.gob.ec\\\/?s={search_term_string}\"},\"query-input\":{\"@type\":\"PropertyValueSpecification\",\"valueRequired\":true,\"valueName\":\"search_term_string\"}}],\"inLanguage\":\"es\"},{\"@type\":\"Person\",\"@id\":\"https:\\\/\\\/www.manabi.gob.ec\\\/#\\\/schema\\\/person\\\/c4f117989332ad723a6ced5994aa7d7a\",\"name\":\"Lui Ochoa\",\"image\":{\"@type\":\"ImageObject\",\"inLanguage\":\"es\",\"@id\":\"https:\\\/\\\/secure.gravatar.com\\\/avatar\\\/6e8017d0fe69dead8a95864d2eb6e1e1d8bf8e01194ba49cf7b897ff038126ba?s=96&d=mm&r=g\",\"url\":\"https:\\\/\\\/secure.gravatar.com\\\/avatar\\\/6e8017d0fe69dead8a95864d2eb6e1e1d8bf8e01194ba49cf7b897ff038126ba?s=96&d=mm&r=g\",\"contentUrl\":\"https:\\\/\\\/secure.gravatar.com\\\/avatar\\\/6e8017d0fe69dead8a95864d2eb6e1e1d8bf8e01194ba49cf7b897ff038126ba?s=96&d=mm&r=g\",\"caption\":\"Lui Ochoa\"},\"url\":\"https:\\\/\\\/www.manabi.gob.ec\\\/index.php\\\/author\\\/lochoa\\\/\"}]}<\/script>\n<!-- \/ Yoast SEO plugin. -->","yoast_head_json":{"title":"SE CULMINA ENLUCIDO DEL PUENTE VELASCO IBARRA DEL CANT\u00d3N PICHINCHA - Prefectura de Manab\u00ed","robots":{"index":"index","follow":"follow","max-snippet":"max-snippet:-1","max-image-preview":"max-image-preview:large","max-video-preview":"max-video-preview:-1"},"canonical":"https:\/\/www.manabi.gob.ec\/index.php\/se-culmina-enlucido-del-puente-velasco-ibarra-del-canton-pichincha\/","og_locale":"es_ES","og_type":"article","og_title":"SE CULMINA ENLUCIDO DEL PUENTE VELASCO IBARRA DEL CANT\u00d3N PICHINCHA - Prefectura de Manab\u00ed","og_description":"Una aspiraci\u00f3n de los habitantes de Pichincha se vuelve una realidad, el d\u00eda de ayer 30 de noviembre se culmin\u00f3 el enlucido de la losa sobre el puente Velasco Ibarra, en el cant\u00f3n Pichincha. Esta obra se ejecuta mediante un convenio tripartito, entre el Ministerio de Transporte y Obras P\u00fablicas (MTOP), la Prefectura de Manab\u00ed [&hellip;]","og_url":"https:\/\/www.manabi.gob.ec\/index.php\/se-culmina-enlucido-del-puente-velasco-ibarra-del-canton-pichincha\/","og_site_name":"Prefectura de Manab\u00ed","article_published_time":"2023-12-04T17:32:09+00:00","article_modified_time":"2023-12-04T17:32:15+00:00","og_image":[{"width":1600,"height":900,"url":"https:\/\/www.manabi.gob.ec\/wp-content\/uploads\/2023\/12\/WhatsApp-Image-2023-12-01-at-11.20.17.jpeg","type":"image\/jpeg"}],"author":"Lui Ochoa","twitter_card":"summary_large_image","twitter_misc":{"Escrito por":"Lui Ochoa","Tiempo de lectura":"1 minuto"},"schema":{"@context":"https:\/\/schema.org","@graph":[{"@type":"Article","@id":"https:\/\/www.manabi.gob.ec\/index.php\/se-culmina-enlucido-del-puente-velasco-ibarra-del-canton-pichincha\/#article","isPartOf":{"@id":"https:\/\/www.manabi.gob.ec\/index.php\/se-culmina-enlucido-del-puente-velasco-ibarra-del-canton-pichincha\/"},"author":{"name":"Lui Ochoa","@id":"https:\/\/www.manabi.gob.ec\/#\/schema\/person\/c4f117989332ad723a6ced5994aa7d7a"},"headline":"SE CULMINA ENLUCIDO DEL PUENTE VELASCO IBARRA DEL CANT\u00d3N PICHINCHA","datePublished":"2023-12-04T17:32:09+00:00","dateModified":"2023-12-04T17:32:15+00:00","mainEntityOfPage":{"@id":"https:\/\/www.manabi.gob.ec\/index.php\/se-culmina-enlucido-del-puente-velasco-ibarra-del-canton-pichincha\/"},"wordCount":199,"image":{"@id":"https:\/\/www.manabi.gob.ec\/index.php\/se-culmina-enlucido-del-puente-velasco-ibarra-del-canton-pichincha\/#primaryimage"},"thumbnailUrl":"https:\/\/www.manabi.gob.ec\/wp-content\/uploads\/2023\/12\/WhatsApp-Image-2023-12-01-at-11.20.17.jpeg","articleSection":["Desarrollo Social","Manab\u00ed Vial","Noticias","Pichincha","Todas","Vialidad"],"inLanguage":"es"},{"@type":"WebPage","@id":"https:\/\/www.manabi.gob.ec\/index.php\/se-culmina-enlucido-del-puente-velasco-ibarra-del-canton-pichincha\/","url":"https:\/\/www.manabi.gob.ec\/index.php\/se-culmina-enlucido-del-puente-velasco-ibarra-del-canton-pichincha\/","name":"SE CULMINA ENLUCIDO DEL PUENTE VELASCO IBARRA DEL CANT\u00d3N PICHINCHA - Prefectura de Manab\u00ed","isPartOf":{"@id":"https:\/\/www.manabi.gob.ec\/#website"},"primaryImageOfPage":{"@id":"https:\/\/www.manabi.gob.ec\/index.php\/se-culmina-enlucido-del-puente-velasco-ibarra-del-canton-pichincha\/#primaryimage"},"image":{"@id":"https:\/\/www.manabi.gob.ec\/index.php\/se-culmina-enlucido-del-puente-velasco-ibarra-del-canton-pichincha\/#primaryimage"},"thumbnailUrl":"https:\/\/www.manabi.gob.ec\/wp-content\/uploads\/2023\/12\/WhatsApp-Image-2023-12-01-at-11.20.17.jpeg","datePublished":"2023-12-04T17:32:09+00:00","dateModified":"2023-12-04T17:32:15+00:00","author":{"@id":"https:\/\/www.manabi.gob.ec\/#\/schema\/person\/c4f117989332ad723a6ced5994aa7d7a"},"breadcrumb":{"@id":"https:\/\/www.manabi.gob.ec\/index.php\/se-culmina-enlucido-del-puente-velasco-ibarra-del-canton-pichincha\/#breadcrumb"},"inLanguage":"es","potentialAction":[{"@type":"ReadAction","target":["https:\/\/www.manabi.gob.ec\/index.php\/se-culmina-enlucido-del-puente-velasco-ibarra-del-canton-pichincha\/"]}]},{"@type":"ImageObject","inLanguage":"es","@id":"https:\/\/www.manabi.gob.ec\/index.php\/se-culmina-enlucido-del-puente-velasco-ibarra-del-canton-pichincha\/#primaryimage","url":"https:\/\/www.manabi.gob.ec\/wp-content\/uploads\/2023\/12\/WhatsApp-Image-2023-12-01-at-11.20.17.jpeg","contentUrl":"https:\/\/www.manabi.gob.ec\/wp-content\/uploads\/2023\/12\/WhatsApp-Image-2023-12-01-at-11.20.17.jpeg","width":1600,"height":900},{"@type":"BreadcrumbList","@id":"https:\/\/www.manabi.gob.ec\/index.php\/se-culmina-enlucido-del-puente-velasco-ibarra-del-canton-pichincha\/#breadcrumb","itemListElement":[{"@type":"ListItem","position":1,"name":"Portada","item":"https:\/\/www.manabi.gob.ec\/"},{"@type":"ListItem","position":2,"name":"SE CULMINA ENLUCIDO DEL PUENTE VELASCO IBARRA DEL CANT\u00d3N PICHINCHA"}]},{"@type":"WebSite","@id":"https:\/\/www.manabi.gob.ec\/#website","url":"https:\/\/www.manabi.gob.ec\/","name":"Prefectura de Manab\u00ed","description":"P\u00e1gina web de la prefectura","potentialAction":[{"@type":"SearchAction","target":{"@type":"EntryPoint","urlTemplate":"https:\/\/www.manabi.gob.ec\/?s={search_term_string}"},"query-input":{"@type":"PropertyValueSpecification","valueRequired":true,"valueName":"search_term_string"}}],"inLanguage":"es"},{"@type":"Person","@id":"https:\/\/www.manabi.gob.ec\/#\/schema\/person\/c4f117989332ad723a6ced5994aa7d7a","name":"Lui Ochoa","image":{"@type":"ImageObject","inLanguage":"es","@id":"https:\/\/secure.gravatar.com\/avatar\/6e8017d0fe69dead8a95864d2eb6e1e1d8bf8e01194ba49cf7b897ff038126ba?s=96&d=mm&r=g","url":"https:\/\/secure.gravatar.com\/avatar\/6e8017d0fe69dead8a95864d2eb6e1e1d8bf8e01194ba49cf7b897ff038126ba?s=96&d=mm&r=g","contentUrl":"https:\/\/secure.gravatar.com\/avatar\/6e8017d0fe69dead8a95864d2eb6e1e1d8bf8e01194ba49cf7b897ff038126ba?s=96&d=mm&r=g","caption":"Lui Ochoa"},"url":"https:\/\/www.manabi.gob.ec\/index.php\/author\/lochoa\/"}]}},"jetpack_featured_media_url":"https:\/\/www.manabi.gob.ec\/wp-content\/uploads\/2023\/12\/WhatsApp-Image-2023-12-01-at-11.20.17.jpeg","_links":{"self":[{"href":"https:\/\/www.manabi.gob.ec\/index.php\/wp-json\/wp\/v2\/posts\/26653","targetHints":{"allow":["GET"]}}],"collection":[{"href":"https:\/\/www.manabi.gob.ec\/index.php\/wp-json\/wp\/v2\/posts"}],"about":[{"href":"https:\/\/www.manabi.gob.ec\/index.php\/wp-json\/wp\/v2\/types\/post"}],"author":[{"embeddable":true,"href":"https:\/\/www.manabi.gob.ec\/index.php\/wp-json\/wp\/v2\/users\/10"}],"replies":[{"embeddable":true,"href":"https:\/\/www.manabi.gob.ec\/index.php\/wp-json\/wp\/v2\/comments?post=26653"}],"version-history":[{"count":1,"href":"https:\/\/www.manabi.gob.ec\/index.php\/wp-json\/wp\/v2\/posts\/26653\/revisions"}],"predecessor-version":[{"id":26655,"href":"https:\/\/www.manabi.gob.ec\/index.php\/wp-json\/wp\/v2\/posts\/26653\/revisions\/26655"}],"wp:featuredmedia":[{"embeddable":true,"href":"https:\/\/www.manabi.gob.ec\/index.php\/wp-json\/wp\/v2\/media\/26654"}],"wp:attachment":[{"href":"https:\/\/www.manabi.gob.ec\/index.php\/wp-json\/wp\/v2\/media?parent=26653"}],"wp:term":[{"taxonomy":"category","embeddable":true,"href":"https:\/\/www.manabi.gob.ec\/index.php\/wp-json\/wp\/v2\/categories?post=26653"},{"taxonomy":"post_tag","embeddable":true,"href":"https:\/\/www.manabi.gob.ec\/index.php\/wp-json\/wp\/v2\/tags?post=26653"}],"curies":[{"name":"wp","href":"https:\/\/api.w.org\/{rel}","templated":true}]}}