{"id":26665,"date":"2023-12-04T17:47:22","date_gmt":"2023-12-04T17:47:22","guid":{"rendered":"https:\/\/www.manabi.gob.ec\/?p=26665"},"modified":"2023-12-04T17:47:28","modified_gmt":"2023-12-04T17:47:28","slug":"arranca-con-entusiasmo-la-semana-de-las-jornadas-de-transparencia-en-la-prefectura-de-manabi","status":"publish","type":"post","link":"https:\/\/www.manabi.gob.ec\/index.php\/arranca-con-entusiasmo-la-semana-de-las-jornadas-de-transparencia-en-la-prefectura-de-manabi\/","title":{"rendered":"Arranca con entusiasmo la semana de las jornadas de Transparencia en la Prefectura de Manab\u00ed"},"content":{"rendered":"\n<p>La semana de las Jornadas de Transparencia se inaugur\u00f3 este lunes 4 de diciembre en la Prefectura de Manab\u00ed.<\/p>\n\n\n\n<p>Este evento, dedicado a fortalecer la lucha contra la corrupci\u00f3n y promover la transparencia en la gesti\u00f3n p\u00fablica de la Prefectura, est\u00e1 en sinton\u00eda con la declaraci\u00f3n de la ONU que design\u00f3 el 9 de diciembre como el d\u00eda mundial de la lucha contra la corrupci\u00f3n.<\/p>\n\n\n\n<p>Se han planificado una serie de actividades durante toda la semana, acciones que buscan involucrar al personal de la prefectura de Manab\u00ed, la academia, actores pol\u00edticos, y a la ciudadan\u00eda en general, con el prop\u00f3sito de fomentar una cultura de transparencia en la instituci\u00f3n, fortalecer los valores fundamentales y divulgar los distintos mecanismos de transparencia implementados desde la administraci\u00f3n del prefecto Leonardo Orlando.<\/p>\n\n\n\n<p>\u201cTendremos jornadas de charlas, foros y pensando en los m\u00e1s peque\u00f1os vamos a llevar alegr\u00eda de manera l\u00fadica, los valores de transparencia y honestidad, la integridad y la \u00e9tica del servicio p\u00fablico, habr\u00e1 concursos y premios\u201d, dijo el prefecto Orlando<\/p>\n\n\n\n<p>Se\u00f1al\u00f3 adem\u00e1s que, \u201cla transparencia nos permite generar confianza, nos da paz en lo personal y lo institucional, pero sobre todo es un profundo acto de respeto al pueblo Manabita y ecuatoriano\u201d.<\/p>\n","protected":false},"excerpt":{"rendered":"<p>La semana de las Jornadas de Transparencia se inaugur\u00f3 este lunes 4 de diciembre en la Prefectura de Manab\u00ed. Este evento, dedicado a fortalecer la lucha contra la corrupci\u00f3n y promover la transparencia en la gesti\u00f3n p\u00fablica de la Prefectura, est\u00e1 en sinton\u00eda con la declaraci\u00f3n de la ONU que design\u00f3 el 9 de diciembre [&hellip;]<\/p>\n","protected":false},"author":10,"featured_media":26666,"comment_status":"closed","ping_status":"closed","sticky":false,"template":"","format":"standard","meta":{"_joinchat":[],"footnotes":""},"categories":[142,92,193,91],"tags":[],"class_list":["post-26665","post","type-post","status-publish","format-standard","has-post-thumbnail","hentry","category-desarrollo-social","category-noticias-manabi","category-participacion-ciudadana","category-todas"],"yoast_head":"<!-- This site is optimized with the Yoast SEO plugin v27.4 - https:\/\/yoast.com\/product\/yoast-seo-wordpress\/ -->\n<title>Arranca con entusiasmo la semana de las jornadas de Transparencia en la Prefectura de Manab\u00ed - Prefectura de Manab\u00ed<\/title>\n<meta name=\"robots\" content=\"index, follow, max-snippet:-1, max-image-preview:large, max-video-preview:-1\" \/>\n<link rel=\"canonical\" href=\"https:\/\/www.manabi.gob.ec\/index.php\/arranca-con-entusiasmo-la-semana-de-las-jornadas-de-transparencia-en-la-prefectura-de-manabi\/\" \/>\n<meta property=\"og:locale\" content=\"es_ES\" \/>\n<meta property=\"og:type\" content=\"article\" \/>\n<meta property=\"og:title\" content=\"Arranca con entusiasmo la semana de las jornadas de Transparencia en la Prefectura de Manab\u00ed - Prefectura de Manab\u00ed\" \/>\n<meta property=\"og:description\" content=\"La semana de las Jornadas de Transparencia se inaugur\u00f3 este lunes 4 de diciembre en la Prefectura de Manab\u00ed. Este evento, dedicado a fortalecer la lucha contra la corrupci\u00f3n y promover la transparencia en la gesti\u00f3n p\u00fablica de la Prefectura, est\u00e1 en sinton\u00eda con la declaraci\u00f3n de la ONU que design\u00f3 el 9 de diciembre [&hellip;]\" \/>\n<meta property=\"og:url\" content=\"https:\/\/www.manabi.gob.ec\/index.php\/arranca-con-entusiasmo-la-semana-de-las-jornadas-de-transparencia-en-la-prefectura-de-manabi\/\" \/>\n<meta property=\"og:site_name\" content=\"Prefectura de Manab\u00ed\" \/>\n<meta property=\"article:published_time\" content=\"2023-12-04T17:47:22+00:00\" \/>\n<meta property=\"article:modified_time\" content=\"2023-12-04T17:47:28+00:00\" \/>\n<meta property=\"og:image\" content=\"https:\/\/www.manabi.gob.ec\/wp-content\/uploads\/2023\/12\/WhatsApp-Image-2023-12-04-at-10.40.45.jpeg\" \/>\n\t<meta property=\"og:image:width\" content=\"1024\" \/>\n\t<meta property=\"og:image:height\" content=\"682\" \/>\n\t<meta property=\"og:image:type\" content=\"image\/jpeg\" \/>\n<meta name=\"author\" content=\"Lui Ochoa\" \/>\n<meta name=\"twitter:card\" content=\"summary_large_image\" \/>\n<meta name=\"twitter:label1\" content=\"Escrito por\" \/>\n\t<meta name=\"twitter:data1\" content=\"Lui Ochoa\" \/>\n\t<meta name=\"twitter:label2\" content=\"Tiempo de lectura\" \/>\n\t<meta name=\"twitter:data2\" content=\"1 minuto\" \/>\n<script type=\"application\/ld+json\" class=\"yoast-schema-graph\">{\"@context\":\"https:\\\/\\\/schema.org\",\"@graph\":[{\"@type\":\"Article\",\"@id\":\"https:\\\/\\\/www.manabi.gob.ec\\\/index.php\\\/arranca-con-entusiasmo-la-semana-de-las-jornadas-de-transparencia-en-la-prefectura-de-manabi\\\/#article\",\"isPartOf\":{\"@id\":\"https:\\\/\\\/www.manabi.gob.ec\\\/index.php\\\/arranca-con-entusiasmo-la-semana-de-las-jornadas-de-transparencia-en-la-prefectura-de-manabi\\\/\"},\"author\":{\"name\":\"Lui Ochoa\",\"@id\":\"https:\\\/\\\/www.manabi.gob.ec\\\/#\\\/schema\\\/person\\\/c4f117989332ad723a6ced5994aa7d7a\"},\"headline\":\"Arranca con entusiasmo la semana de las jornadas de Transparencia en la Prefectura de Manab\u00ed\",\"datePublished\":\"2023-12-04T17:47:22+00:00\",\"dateModified\":\"2023-12-04T17:47:28+00:00\",\"mainEntityOfPage\":{\"@id\":\"https:\\\/\\\/www.manabi.gob.ec\\\/index.php\\\/arranca-con-entusiasmo-la-semana-de-las-jornadas-de-transparencia-en-la-prefectura-de-manabi\\\/\"},\"wordCount\":232,\"image\":{\"@id\":\"https:\\\/\\\/www.manabi.gob.ec\\\/index.php\\\/arranca-con-entusiasmo-la-semana-de-las-jornadas-de-transparencia-en-la-prefectura-de-manabi\\\/#primaryimage\"},\"thumbnailUrl\":\"https:\\\/\\\/www.manabi.gob.ec\\\/wp-content\\\/uploads\\\/2023\\\/12\\\/WhatsApp-Image-2023-12-04-at-10.40.45.jpeg\",\"articleSection\":[\"Desarrollo Social\",\"Noticias\",\"Participaci\u00f3n ciudadana\",\"Todas\"],\"inLanguage\":\"es\"},{\"@type\":\"WebPage\",\"@id\":\"https:\\\/\\\/www.manabi.gob.ec\\\/index.php\\\/arranca-con-entusiasmo-la-semana-de-las-jornadas-de-transparencia-en-la-prefectura-de-manabi\\\/\",\"url\":\"https:\\\/\\\/www.manabi.gob.ec\\\/index.php\\\/arranca-con-entusiasmo-la-semana-de-las-jornadas-de-transparencia-en-la-prefectura-de-manabi\\\/\",\"name\":\"Arranca con entusiasmo la semana de las jornadas de Transparencia en la Prefectura de Manab\u00ed - Prefectura de Manab\u00ed\",\"isPartOf\":{\"@id\":\"https:\\\/\\\/www.manabi.gob.ec\\\/#website\"},\"primaryImageOfPage\":{\"@id\":\"https:\\\/\\\/www.manabi.gob.ec\\\/index.php\\\/arranca-con-entusiasmo-la-semana-de-las-jornadas-de-transparencia-en-la-prefectura-de-manabi\\\/#primaryimage\"},\"image\":{\"@id\":\"https:\\\/\\\/www.manabi.gob.ec\\\/index.php\\\/arranca-con-entusiasmo-la-semana-de-las-jornadas-de-transparencia-en-la-prefectura-de-manabi\\\/#primaryimage\"},\"thumbnailUrl\":\"https:\\\/\\\/www.manabi.gob.ec\\\/wp-content\\\/uploads\\\/2023\\\/12\\\/WhatsApp-Image-2023-12-04-at-10.40.45.jpeg\",\"datePublished\":\"2023-12-04T17:47:22+00:00\",\"dateModified\":\"2023-12-04T17:47:28+00:00\",\"author\":{\"@id\":\"https:\\\/\\\/www.manabi.gob.ec\\\/#\\\/schema\\\/person\\\/c4f117989332ad723a6ced5994aa7d7a\"},\"breadcrumb\":{\"@id\":\"https:\\\/\\\/www.manabi.gob.ec\\\/index.php\\\/arranca-con-entusiasmo-la-semana-de-las-jornadas-de-transparencia-en-la-prefectura-de-manabi\\\/#breadcrumb\"},\"inLanguage\":\"es\",\"potentialAction\":[{\"@type\":\"ReadAction\",\"target\":[\"https:\\\/\\\/www.manabi.gob.ec\\\/index.php\\\/arranca-con-entusiasmo-la-semana-de-las-jornadas-de-transparencia-en-la-prefectura-de-manabi\\\/\"]}]},{\"@type\":\"ImageObject\",\"inLanguage\":\"es\",\"@id\":\"https:\\\/\\\/www.manabi.gob.ec\\\/index.php\\\/arranca-con-entusiasmo-la-semana-de-las-jornadas-de-transparencia-en-la-prefectura-de-manabi\\\/#primaryimage\",\"url\":\"https:\\\/\\\/www.manabi.gob.ec\\\/wp-content\\\/uploads\\\/2023\\\/12\\\/WhatsApp-Image-2023-12-04-at-10.40.45.jpeg\",\"contentUrl\":\"https:\\\/\\\/www.manabi.gob.ec\\\/wp-content\\\/uploads\\\/2023\\\/12\\\/WhatsApp-Image-2023-12-04-at-10.40.45.jpeg\",\"width\":1024,\"height\":682},{\"@type\":\"BreadcrumbList\",\"@id\":\"https:\\\/\\\/www.manabi.gob.ec\\\/index.php\\\/arranca-con-entusiasmo-la-semana-de-las-jornadas-de-transparencia-en-la-prefectura-de-manabi\\\/#breadcrumb\",\"itemListElement\":[{\"@type\":\"ListItem\",\"position\":1,\"name\":\"Portada\",\"item\":\"https:\\\/\\\/www.manabi.gob.ec\\\/\"},{\"@type\":\"ListItem\",\"position\":2,\"name\":\"Arranca con entusiasmo la semana de las jornadas de Transparencia en la Prefectura de Manab\u00ed\"}]},{\"@type\":\"WebSite\",\"@id\":\"https:\\\/\\\/www.manabi.gob.ec\\\/#website\",\"url\":\"https:\\\/\\\/www.manabi.gob.ec\\\/\",\"name\":\"Prefectura de Manab\u00ed\",\"description\":\"P\u00e1gina web de la prefectura\",\"potentialAction\":[{\"@type\":\"SearchAction\",\"target\":{\"@type\":\"EntryPoint\",\"urlTemplate\":\"https:\\\/\\\/www.manabi.gob.ec\\\/?s={search_term_string}\"},\"query-input\":{\"@type\":\"PropertyValueSpecification\",\"valueRequired\":true,\"valueName\":\"search_term_string\"}}],\"inLanguage\":\"es\"},{\"@type\":\"Person\",\"@id\":\"https:\\\/\\\/www.manabi.gob.ec\\\/#\\\/schema\\\/person\\\/c4f117989332ad723a6ced5994aa7d7a\",\"name\":\"Lui Ochoa\",\"image\":{\"@type\":\"ImageObject\",\"inLanguage\":\"es\",\"@id\":\"https:\\\/\\\/secure.gravatar.com\\\/avatar\\\/6e8017d0fe69dead8a95864d2eb6e1e1d8bf8e01194ba49cf7b897ff038126ba?s=96&d=mm&r=g\",\"url\":\"https:\\\/\\\/secure.gravatar.com\\\/avatar\\\/6e8017d0fe69dead8a95864d2eb6e1e1d8bf8e01194ba49cf7b897ff038126ba?s=96&d=mm&r=g\",\"contentUrl\":\"https:\\\/\\\/secure.gravatar.com\\\/avatar\\\/6e8017d0fe69dead8a95864d2eb6e1e1d8bf8e01194ba49cf7b897ff038126ba?s=96&d=mm&r=g\",\"caption\":\"Lui Ochoa\"},\"url\":\"https:\\\/\\\/www.manabi.gob.ec\\\/index.php\\\/author\\\/lochoa\\\/\"}]}<\/script>\n<!-- \/ Yoast SEO plugin. -->","yoast_head_json":{"title":"Arranca con entusiasmo la semana de las jornadas de Transparencia en la Prefectura de Manab\u00ed - Prefectura de Manab\u00ed","robots":{"index":"index","follow":"follow","max-snippet":"max-snippet:-1","max-image-preview":"max-image-preview:large","max-video-preview":"max-video-preview:-1"},"canonical":"https:\/\/www.manabi.gob.ec\/index.php\/arranca-con-entusiasmo-la-semana-de-las-jornadas-de-transparencia-en-la-prefectura-de-manabi\/","og_locale":"es_ES","og_type":"article","og_title":"Arranca con entusiasmo la semana de las jornadas de Transparencia en la Prefectura de Manab\u00ed - Prefectura de Manab\u00ed","og_description":"La semana de las Jornadas de Transparencia se inaugur\u00f3 este lunes 4 de diciembre en la Prefectura de Manab\u00ed. Este evento, dedicado a fortalecer la lucha contra la corrupci\u00f3n y promover la transparencia en la gesti\u00f3n p\u00fablica de la Prefectura, est\u00e1 en sinton\u00eda con la declaraci\u00f3n de la ONU que design\u00f3 el 9 de diciembre [&hellip;]","og_url":"https:\/\/www.manabi.gob.ec\/index.php\/arranca-con-entusiasmo-la-semana-de-las-jornadas-de-transparencia-en-la-prefectura-de-manabi\/","og_site_name":"Prefectura de Manab\u00ed","article_published_time":"2023-12-04T17:47:22+00:00","article_modified_time":"2023-12-04T17:47:28+00:00","og_image":[{"width":1024,"height":682,"url":"https:\/\/www.manabi.gob.ec\/wp-content\/uploads\/2023\/12\/WhatsApp-Image-2023-12-04-at-10.40.45.jpeg","type":"image\/jpeg"}],"author":"Lui Ochoa","twitter_card":"summary_large_image","twitter_misc":{"Escrito por":"Lui Ochoa","Tiempo de lectura":"1 minuto"},"schema":{"@context":"https:\/\/schema.org","@graph":[{"@type":"Article","@id":"https:\/\/www.manabi.gob.ec\/index.php\/arranca-con-entusiasmo-la-semana-de-las-jornadas-de-transparencia-en-la-prefectura-de-manabi\/#article","isPartOf":{"@id":"https:\/\/www.manabi.gob.ec\/index.php\/arranca-con-entusiasmo-la-semana-de-las-jornadas-de-transparencia-en-la-prefectura-de-manabi\/"},"author":{"name":"Lui Ochoa","@id":"https:\/\/www.manabi.gob.ec\/#\/schema\/person\/c4f117989332ad723a6ced5994aa7d7a"},"headline":"Arranca con entusiasmo la semana de las jornadas de Transparencia en la Prefectura de Manab\u00ed","datePublished":"2023-12-04T17:47:22+00:00","dateModified":"2023-12-04T17:47:28+00:00","mainEntityOfPage":{"@id":"https:\/\/www.manabi.gob.ec\/index.php\/arranca-con-entusiasmo-la-semana-de-las-jornadas-de-transparencia-en-la-prefectura-de-manabi\/"},"wordCount":232,"image":{"@id":"https:\/\/www.manabi.gob.ec\/index.php\/arranca-con-entusiasmo-la-semana-de-las-jornadas-de-transparencia-en-la-prefectura-de-manabi\/#primaryimage"},"thumbnailUrl":"https:\/\/www.manabi.gob.ec\/wp-content\/uploads\/2023\/12\/WhatsApp-Image-2023-12-04-at-10.40.45.jpeg","articleSection":["Desarrollo Social","Noticias","Participaci\u00f3n ciudadana","Todas"],"inLanguage":"es"},{"@type":"WebPage","@id":"https:\/\/www.manabi.gob.ec\/index.php\/arranca-con-entusiasmo-la-semana-de-las-jornadas-de-transparencia-en-la-prefectura-de-manabi\/","url":"https:\/\/www.manabi.gob.ec\/index.php\/arranca-con-entusiasmo-la-semana-de-las-jornadas-de-transparencia-en-la-prefectura-de-manabi\/","name":"Arranca con entusiasmo la semana de las jornadas de Transparencia en la Prefectura de Manab\u00ed - Prefectura de Manab\u00ed","isPartOf":{"@id":"https:\/\/www.manabi.gob.ec\/#website"},"primaryImageOfPage":{"@id":"https:\/\/www.manabi.gob.ec\/index.php\/arranca-con-entusiasmo-la-semana-de-las-jornadas-de-transparencia-en-la-prefectura-de-manabi\/#primaryimage"},"image":{"@id":"https:\/\/www.manabi.gob.ec\/index.php\/arranca-con-entusiasmo-la-semana-de-las-jornadas-de-transparencia-en-la-prefectura-de-manabi\/#primaryimage"},"thumbnailUrl":"https:\/\/www.manabi.gob.ec\/wp-content\/uploads\/2023\/12\/WhatsApp-Image-2023-12-04-at-10.40.45.jpeg","datePublished":"2023-12-04T17:47:22+00:00","dateModified":"2023-12-04T17:47:28+00:00","author":{"@id":"https:\/\/www.manabi.gob.ec\/#\/schema\/person\/c4f117989332ad723a6ced5994aa7d7a"},"breadcrumb":{"@id":"https:\/\/www.manabi.gob.ec\/index.php\/arranca-con-entusiasmo-la-semana-de-las-jornadas-de-transparencia-en-la-prefectura-de-manabi\/#breadcrumb"},"inLanguage":"es","potentialAction":[{"@type":"ReadAction","target":["https:\/\/www.manabi.gob.ec\/index.php\/arranca-con-entusiasmo-la-semana-de-las-jornadas-de-transparencia-en-la-prefectura-de-manabi\/"]}]},{"@type":"ImageObject","inLanguage":"es","@id":"https:\/\/www.manabi.gob.ec\/index.php\/arranca-con-entusiasmo-la-semana-de-las-jornadas-de-transparencia-en-la-prefectura-de-manabi\/#primaryimage","url":"https:\/\/www.manabi.gob.ec\/wp-content\/uploads\/2023\/12\/WhatsApp-Image-2023-12-04-at-10.40.45.jpeg","contentUrl":"https:\/\/www.manabi.gob.ec\/wp-content\/uploads\/2023\/12\/WhatsApp-Image-2023-12-04-at-10.40.45.jpeg","width":1024,"height":682},{"@type":"BreadcrumbList","@id":"https:\/\/www.manabi.gob.ec\/index.php\/arranca-con-entusiasmo-la-semana-de-las-jornadas-de-transparencia-en-la-prefectura-de-manabi\/#breadcrumb","itemListElement":[{"@type":"ListItem","position":1,"name":"Portada","item":"https:\/\/www.manabi.gob.ec\/"},{"@type":"ListItem","position":2,"name":"Arranca con entusiasmo la semana de las jornadas de Transparencia en la Prefectura de Manab\u00ed"}]},{"@type":"WebSite","@id":"https:\/\/www.manabi.gob.ec\/#website","url":"https:\/\/www.manabi.gob.ec\/","name":"Prefectura de Manab\u00ed","description":"P\u00e1gina web de la prefectura","potentialAction":[{"@type":"SearchAction","target":{"@type":"EntryPoint","urlTemplate":"https:\/\/www.manabi.gob.ec\/?s={search_term_string}"},"query-input":{"@type":"PropertyValueSpecification","valueRequired":true,"valueName":"search_term_string"}}],"inLanguage":"es"},{"@type":"Person","@id":"https:\/\/www.manabi.gob.ec\/#\/schema\/person\/c4f117989332ad723a6ced5994aa7d7a","name":"Lui Ochoa","image":{"@type":"ImageObject","inLanguage":"es","@id":"https:\/\/secure.gravatar.com\/avatar\/6e8017d0fe69dead8a95864d2eb6e1e1d8bf8e01194ba49cf7b897ff038126ba?s=96&d=mm&r=g","url":"https:\/\/secure.gravatar.com\/avatar\/6e8017d0fe69dead8a95864d2eb6e1e1d8bf8e01194ba49cf7b897ff038126ba?s=96&d=mm&r=g","contentUrl":"https:\/\/secure.gravatar.com\/avatar\/6e8017d0fe69dead8a95864d2eb6e1e1d8bf8e01194ba49cf7b897ff038126ba?s=96&d=mm&r=g","caption":"Lui Ochoa"},"url":"https:\/\/www.manabi.gob.ec\/index.php\/author\/lochoa\/"}]}},"jetpack_featured_media_url":"https:\/\/www.manabi.gob.ec\/wp-content\/uploads\/2023\/12\/WhatsApp-Image-2023-12-04-at-10.40.45.jpeg","_links":{"self":[{"href":"https:\/\/www.manabi.gob.ec\/index.php\/wp-json\/wp\/v2\/posts\/26665","targetHints":{"allow":["GET"]}}],"collection":[{"href":"https:\/\/www.manabi.gob.ec\/index.php\/wp-json\/wp\/v2\/posts"}],"about":[{"href":"https:\/\/www.manabi.gob.ec\/index.php\/wp-json\/wp\/v2\/types\/post"}],"author":[{"embeddable":true,"href":"https:\/\/www.manabi.gob.ec\/index.php\/wp-json\/wp\/v2\/users\/10"}],"replies":[{"embeddable":true,"href":"https:\/\/www.manabi.gob.ec\/index.php\/wp-json\/wp\/v2\/comments?post=26665"}],"version-history":[{"count":1,"href":"https:\/\/www.manabi.gob.ec\/index.php\/wp-json\/wp\/v2\/posts\/26665\/revisions"}],"predecessor-version":[{"id":26667,"href":"https:\/\/www.manabi.gob.ec\/index.php\/wp-json\/wp\/v2\/posts\/26665\/revisions\/26667"}],"wp:featuredmedia":[{"embeddable":true,"href":"https:\/\/www.manabi.gob.ec\/index.php\/wp-json\/wp\/v2\/media\/26666"}],"wp:attachment":[{"href":"https:\/\/www.manabi.gob.ec\/index.php\/wp-json\/wp\/v2\/media?parent=26665"}],"wp:term":[{"taxonomy":"category","embeddable":true,"href":"https:\/\/www.manabi.gob.ec\/index.php\/wp-json\/wp\/v2\/categories?post=26665"},{"taxonomy":"post_tag","embeddable":true,"href":"https:\/\/www.manabi.gob.ec\/index.php\/wp-json\/wp\/v2\/tags?post=26665"}],"curies":[{"name":"wp","href":"https:\/\/api.w.org\/{rel}","templated":true}]}}