{"id":26685,"date":"2023-12-07T15:42:40","date_gmt":"2023-12-07T15:42:40","guid":{"rendered":"https:\/\/www.manabi.gob.ec\/?p=26685"},"modified":"2023-12-07T15:42:44","modified_gmt":"2023-12-07T15:42:44","slug":"nueva-alianza-para-beneficio-de-los-grupos-de-atencion-prioritaria-y-la-poblacion-en-movilidad-humana","status":"publish","type":"post","link":"https:\/\/www.manabi.gob.ec\/index.php\/nueva-alianza-para-beneficio-de-los-grupos-de-atencion-prioritaria-y-la-poblacion-en-movilidad-humana\/","title":{"rendered":"Nueva alianza para beneficio de los grupos de atenci\u00f3n prioritaria y la poblaci\u00f3n en movilidad humana"},"content":{"rendered":"\n<p>La Prefectura de Manab\u00ed y la Organizaci\u00f3n No Gubernamental HIAS firmaron un convenio marco de cooperaci\u00f3n \u201cen beneficio social de las ciudadanas y ciudadanos de la provincia de Manab\u00ed y poblaci\u00f3n de Movilidad Humana\u201d.<\/p>\n\n\n\n<p>El documento fue suscrito por el prefecto, Leonardo Orlando, y la directora nacional de HIAS, Maricela Parra, este martes 5 de diciembre.<\/p>\n\n\n\n<p>De esta manera se formaliza la articulaci\u00f3n de acciones que viene ejecutando la Prefectura de Manab\u00ed junto al equipo de HIAS desde el a\u00f1o 2022. En el \u00faltimo a\u00f1o, por ejemplo, se han generado 2 brigadas m\u00e9dicas con un total de 321 atenciones; trabajo que se fortalecer\u00e1 con la firma de este convenio que tendr\u00e1 2 a\u00f1os de vigencia.<\/p>\n\n\n\n<p>\u201cLa idea es seguir trabajando juntos por el beneficio de las personas m\u00e1s vulnerables y las personas de los grupos de atenci\u00f3n prioritaria que m\u00e1s lo necesitan\u201d, dijo el Prefecto.<\/p>\n\n\n\n<p>HIAS trabaja para construir procesos de desarrollo y entornos protectores que promuevan el bienestar, el reconocimiento de los derechos y la inclusi\u00f3n integral de los refugiados, los migrantes y la comunidad de acogida en Ecuador.<\/p>\n","protected":false},"excerpt":{"rendered":"<p>La Prefectura de Manab\u00ed y la Organizaci\u00f3n No Gubernamental HIAS firmaron un convenio marco de cooperaci\u00f3n \u201cen beneficio social de las ciudadanas y ciudadanos de la provincia de Manab\u00ed y poblaci\u00f3n de Movilidad Humana\u201d. El documento fue suscrito por el prefecto, Leonardo Orlando, y la directora nacional de HIAS, Maricela Parra, este martes 5 de [&hellip;]<\/p>\n","protected":false},"author":10,"featured_media":26686,"comment_status":"closed","ping_status":"closed","sticky":false,"template":"","format":"standard","meta":{"_joinchat":[],"footnotes":""},"categories":[142,92,193,91],"tags":[],"class_list":["post-26685","post","type-post","status-publish","format-standard","has-post-thumbnail","hentry","category-desarrollo-social","category-noticias-manabi","category-participacion-ciudadana","category-todas"],"yoast_head":"<!-- This site is optimized with the Yoast SEO plugin v27.4 - https:\/\/yoast.com\/product\/yoast-seo-wordpress\/ -->\n<title>Nueva alianza para beneficio de los grupos de atenci\u00f3n prioritaria y la poblaci\u00f3n en movilidad humana - Prefectura de Manab\u00ed<\/title>\n<meta name=\"robots\" content=\"index, follow, max-snippet:-1, max-image-preview:large, max-video-preview:-1\" \/>\n<link rel=\"canonical\" href=\"https:\/\/www.manabi.gob.ec\/index.php\/nueva-alianza-para-beneficio-de-los-grupos-de-atencion-prioritaria-y-la-poblacion-en-movilidad-humana\/\" \/>\n<meta property=\"og:locale\" content=\"es_ES\" \/>\n<meta property=\"og:type\" content=\"article\" \/>\n<meta property=\"og:title\" content=\"Nueva alianza para beneficio de los grupos de atenci\u00f3n prioritaria y la poblaci\u00f3n en movilidad humana - Prefectura de Manab\u00ed\" \/>\n<meta property=\"og:description\" content=\"La Prefectura de Manab\u00ed y la Organizaci\u00f3n No Gubernamental HIAS firmaron un convenio marco de cooperaci\u00f3n \u201cen beneficio social de las ciudadanas y ciudadanos de la provincia de Manab\u00ed y poblaci\u00f3n de Movilidad Humana\u201d. El documento fue suscrito por el prefecto, Leonardo Orlando, y la directora nacional de HIAS, Maricela Parra, este martes 5 de [&hellip;]\" \/>\n<meta property=\"og:url\" content=\"https:\/\/www.manabi.gob.ec\/index.php\/nueva-alianza-para-beneficio-de-los-grupos-de-atencion-prioritaria-y-la-poblacion-en-movilidad-humana\/\" \/>\n<meta property=\"og:site_name\" content=\"Prefectura de Manab\u00ed\" \/>\n<meta property=\"article:published_time\" content=\"2023-12-07T15:42:40+00:00\" \/>\n<meta property=\"article:modified_time\" content=\"2023-12-07T15:42:44+00:00\" \/>\n<meta property=\"og:image\" content=\"https:\/\/www.manabi.gob.ec\/wp-content\/uploads\/2023\/12\/WhatsApp-Image-2023-12-05-at-12.16.30.jpeg\" \/>\n\t<meta property=\"og:image:width\" content=\"1600\" \/>\n\t<meta property=\"og:image:height\" content=\"1066\" \/>\n\t<meta property=\"og:image:type\" content=\"image\/jpeg\" \/>\n<meta name=\"author\" content=\"Lui Ochoa\" \/>\n<meta name=\"twitter:card\" content=\"summary_large_image\" \/>\n<meta name=\"twitter:label1\" content=\"Escrito por\" \/>\n\t<meta name=\"twitter:data1\" content=\"Lui Ochoa\" \/>\n\t<meta name=\"twitter:label2\" content=\"Tiempo de lectura\" \/>\n\t<meta name=\"twitter:data2\" content=\"1 minuto\" \/>\n<script type=\"application\/ld+json\" class=\"yoast-schema-graph\">{\"@context\":\"https:\\\/\\\/schema.org\",\"@graph\":[{\"@type\":\"Article\",\"@id\":\"https:\\\/\\\/www.manabi.gob.ec\\\/index.php\\\/nueva-alianza-para-beneficio-de-los-grupos-de-atencion-prioritaria-y-la-poblacion-en-movilidad-humana\\\/#article\",\"isPartOf\":{\"@id\":\"https:\\\/\\\/www.manabi.gob.ec\\\/index.php\\\/nueva-alianza-para-beneficio-de-los-grupos-de-atencion-prioritaria-y-la-poblacion-en-movilidad-humana\\\/\"},\"author\":{\"name\":\"Lui Ochoa\",\"@id\":\"https:\\\/\\\/www.manabi.gob.ec\\\/#\\\/schema\\\/person\\\/c4f117989332ad723a6ced5994aa7d7a\"},\"headline\":\"Nueva alianza para beneficio de los grupos de atenci\u00f3n prioritaria y la poblaci\u00f3n en movilidad humana\",\"datePublished\":\"2023-12-07T15:42:40+00:00\",\"dateModified\":\"2023-12-07T15:42:44+00:00\",\"mainEntityOfPage\":{\"@id\":\"https:\\\/\\\/www.manabi.gob.ec\\\/index.php\\\/nueva-alianza-para-beneficio-de-los-grupos-de-atencion-prioritaria-y-la-poblacion-en-movilidad-humana\\\/\"},\"wordCount\":205,\"image\":{\"@id\":\"https:\\\/\\\/www.manabi.gob.ec\\\/index.php\\\/nueva-alianza-para-beneficio-de-los-grupos-de-atencion-prioritaria-y-la-poblacion-en-movilidad-humana\\\/#primaryimage\"},\"thumbnailUrl\":\"https:\\\/\\\/www.manabi.gob.ec\\\/wp-content\\\/uploads\\\/2023\\\/12\\\/WhatsApp-Image-2023-12-05-at-12.16.30.jpeg\",\"articleSection\":[\"Desarrollo Social\",\"Noticias\",\"Participaci\u00f3n ciudadana\",\"Todas\"],\"inLanguage\":\"es\"},{\"@type\":\"WebPage\",\"@id\":\"https:\\\/\\\/www.manabi.gob.ec\\\/index.php\\\/nueva-alianza-para-beneficio-de-los-grupos-de-atencion-prioritaria-y-la-poblacion-en-movilidad-humana\\\/\",\"url\":\"https:\\\/\\\/www.manabi.gob.ec\\\/index.php\\\/nueva-alianza-para-beneficio-de-los-grupos-de-atencion-prioritaria-y-la-poblacion-en-movilidad-humana\\\/\",\"name\":\"Nueva alianza para beneficio de los grupos de atenci\u00f3n prioritaria y la poblaci\u00f3n en movilidad humana - Prefectura de Manab\u00ed\",\"isPartOf\":{\"@id\":\"https:\\\/\\\/www.manabi.gob.ec\\\/#website\"},\"primaryImageOfPage\":{\"@id\":\"https:\\\/\\\/www.manabi.gob.ec\\\/index.php\\\/nueva-alianza-para-beneficio-de-los-grupos-de-atencion-prioritaria-y-la-poblacion-en-movilidad-humana\\\/#primaryimage\"},\"image\":{\"@id\":\"https:\\\/\\\/www.manabi.gob.ec\\\/index.php\\\/nueva-alianza-para-beneficio-de-los-grupos-de-atencion-prioritaria-y-la-poblacion-en-movilidad-humana\\\/#primaryimage\"},\"thumbnailUrl\":\"https:\\\/\\\/www.manabi.gob.ec\\\/wp-content\\\/uploads\\\/2023\\\/12\\\/WhatsApp-Image-2023-12-05-at-12.16.30.jpeg\",\"datePublished\":\"2023-12-07T15:42:40+00:00\",\"dateModified\":\"2023-12-07T15:42:44+00:00\",\"author\":{\"@id\":\"https:\\\/\\\/www.manabi.gob.ec\\\/#\\\/schema\\\/person\\\/c4f117989332ad723a6ced5994aa7d7a\"},\"breadcrumb\":{\"@id\":\"https:\\\/\\\/www.manabi.gob.ec\\\/index.php\\\/nueva-alianza-para-beneficio-de-los-grupos-de-atencion-prioritaria-y-la-poblacion-en-movilidad-humana\\\/#breadcrumb\"},\"inLanguage\":\"es\",\"potentialAction\":[{\"@type\":\"ReadAction\",\"target\":[\"https:\\\/\\\/www.manabi.gob.ec\\\/index.php\\\/nueva-alianza-para-beneficio-de-los-grupos-de-atencion-prioritaria-y-la-poblacion-en-movilidad-humana\\\/\"]}]},{\"@type\":\"ImageObject\",\"inLanguage\":\"es\",\"@id\":\"https:\\\/\\\/www.manabi.gob.ec\\\/index.php\\\/nueva-alianza-para-beneficio-de-los-grupos-de-atencion-prioritaria-y-la-poblacion-en-movilidad-humana\\\/#primaryimage\",\"url\":\"https:\\\/\\\/www.manabi.gob.ec\\\/wp-content\\\/uploads\\\/2023\\\/12\\\/WhatsApp-Image-2023-12-05-at-12.16.30.jpeg\",\"contentUrl\":\"https:\\\/\\\/www.manabi.gob.ec\\\/wp-content\\\/uploads\\\/2023\\\/12\\\/WhatsApp-Image-2023-12-05-at-12.16.30.jpeg\",\"width\":1600,\"height\":1066},{\"@type\":\"BreadcrumbList\",\"@id\":\"https:\\\/\\\/www.manabi.gob.ec\\\/index.php\\\/nueva-alianza-para-beneficio-de-los-grupos-de-atencion-prioritaria-y-la-poblacion-en-movilidad-humana\\\/#breadcrumb\",\"itemListElement\":[{\"@type\":\"ListItem\",\"position\":1,\"name\":\"Portada\",\"item\":\"https:\\\/\\\/www.manabi.gob.ec\\\/\"},{\"@type\":\"ListItem\",\"position\":2,\"name\":\"Nueva alianza para beneficio de los grupos de atenci\u00f3n prioritaria y la poblaci\u00f3n en movilidad humana\"}]},{\"@type\":\"WebSite\",\"@id\":\"https:\\\/\\\/www.manabi.gob.ec\\\/#website\",\"url\":\"https:\\\/\\\/www.manabi.gob.ec\\\/\",\"name\":\"Prefectura de Manab\u00ed\",\"description\":\"P\u00e1gina web de la prefectura\",\"potentialAction\":[{\"@type\":\"SearchAction\",\"target\":{\"@type\":\"EntryPoint\",\"urlTemplate\":\"https:\\\/\\\/www.manabi.gob.ec\\\/?s={search_term_string}\"},\"query-input\":{\"@type\":\"PropertyValueSpecification\",\"valueRequired\":true,\"valueName\":\"search_term_string\"}}],\"inLanguage\":\"es\"},{\"@type\":\"Person\",\"@id\":\"https:\\\/\\\/www.manabi.gob.ec\\\/#\\\/schema\\\/person\\\/c4f117989332ad723a6ced5994aa7d7a\",\"name\":\"Lui Ochoa\",\"image\":{\"@type\":\"ImageObject\",\"inLanguage\":\"es\",\"@id\":\"https:\\\/\\\/secure.gravatar.com\\\/avatar\\\/6e8017d0fe69dead8a95864d2eb6e1e1d8bf8e01194ba49cf7b897ff038126ba?s=96&d=mm&r=g\",\"url\":\"https:\\\/\\\/secure.gravatar.com\\\/avatar\\\/6e8017d0fe69dead8a95864d2eb6e1e1d8bf8e01194ba49cf7b897ff038126ba?s=96&d=mm&r=g\",\"contentUrl\":\"https:\\\/\\\/secure.gravatar.com\\\/avatar\\\/6e8017d0fe69dead8a95864d2eb6e1e1d8bf8e01194ba49cf7b897ff038126ba?s=96&d=mm&r=g\",\"caption\":\"Lui Ochoa\"},\"url\":\"https:\\\/\\\/www.manabi.gob.ec\\\/index.php\\\/author\\\/lochoa\\\/\"}]}<\/script>\n<!-- \/ Yoast SEO plugin. -->","yoast_head_json":{"title":"Nueva alianza para beneficio de los grupos de atenci\u00f3n prioritaria y la poblaci\u00f3n en movilidad humana - Prefectura de Manab\u00ed","robots":{"index":"index","follow":"follow","max-snippet":"max-snippet:-1","max-image-preview":"max-image-preview:large","max-video-preview":"max-video-preview:-1"},"canonical":"https:\/\/www.manabi.gob.ec\/index.php\/nueva-alianza-para-beneficio-de-los-grupos-de-atencion-prioritaria-y-la-poblacion-en-movilidad-humana\/","og_locale":"es_ES","og_type":"article","og_title":"Nueva alianza para beneficio de los grupos de atenci\u00f3n prioritaria y la poblaci\u00f3n en movilidad humana - Prefectura de Manab\u00ed","og_description":"La Prefectura de Manab\u00ed y la Organizaci\u00f3n No Gubernamental HIAS firmaron un convenio marco de cooperaci\u00f3n \u201cen beneficio social de las ciudadanas y ciudadanos de la provincia de Manab\u00ed y poblaci\u00f3n de Movilidad Humana\u201d. El documento fue suscrito por el prefecto, Leonardo Orlando, y la directora nacional de HIAS, Maricela Parra, este martes 5 de [&hellip;]","og_url":"https:\/\/www.manabi.gob.ec\/index.php\/nueva-alianza-para-beneficio-de-los-grupos-de-atencion-prioritaria-y-la-poblacion-en-movilidad-humana\/","og_site_name":"Prefectura de Manab\u00ed","article_published_time":"2023-12-07T15:42:40+00:00","article_modified_time":"2023-12-07T15:42:44+00:00","og_image":[{"width":1600,"height":1066,"url":"https:\/\/www.manabi.gob.ec\/wp-content\/uploads\/2023\/12\/WhatsApp-Image-2023-12-05-at-12.16.30.jpeg","type":"image\/jpeg"}],"author":"Lui Ochoa","twitter_card":"summary_large_image","twitter_misc":{"Escrito por":"Lui Ochoa","Tiempo de lectura":"1 minuto"},"schema":{"@context":"https:\/\/schema.org","@graph":[{"@type":"Article","@id":"https:\/\/www.manabi.gob.ec\/index.php\/nueva-alianza-para-beneficio-de-los-grupos-de-atencion-prioritaria-y-la-poblacion-en-movilidad-humana\/#article","isPartOf":{"@id":"https:\/\/www.manabi.gob.ec\/index.php\/nueva-alianza-para-beneficio-de-los-grupos-de-atencion-prioritaria-y-la-poblacion-en-movilidad-humana\/"},"author":{"name":"Lui Ochoa","@id":"https:\/\/www.manabi.gob.ec\/#\/schema\/person\/c4f117989332ad723a6ced5994aa7d7a"},"headline":"Nueva alianza para beneficio de los grupos de atenci\u00f3n prioritaria y la poblaci\u00f3n en movilidad humana","datePublished":"2023-12-07T15:42:40+00:00","dateModified":"2023-12-07T15:42:44+00:00","mainEntityOfPage":{"@id":"https:\/\/www.manabi.gob.ec\/index.php\/nueva-alianza-para-beneficio-de-los-grupos-de-atencion-prioritaria-y-la-poblacion-en-movilidad-humana\/"},"wordCount":205,"image":{"@id":"https:\/\/www.manabi.gob.ec\/index.php\/nueva-alianza-para-beneficio-de-los-grupos-de-atencion-prioritaria-y-la-poblacion-en-movilidad-humana\/#primaryimage"},"thumbnailUrl":"https:\/\/www.manabi.gob.ec\/wp-content\/uploads\/2023\/12\/WhatsApp-Image-2023-12-05-at-12.16.30.jpeg","articleSection":["Desarrollo Social","Noticias","Participaci\u00f3n ciudadana","Todas"],"inLanguage":"es"},{"@type":"WebPage","@id":"https:\/\/www.manabi.gob.ec\/index.php\/nueva-alianza-para-beneficio-de-los-grupos-de-atencion-prioritaria-y-la-poblacion-en-movilidad-humana\/","url":"https:\/\/www.manabi.gob.ec\/index.php\/nueva-alianza-para-beneficio-de-los-grupos-de-atencion-prioritaria-y-la-poblacion-en-movilidad-humana\/","name":"Nueva alianza para beneficio de los grupos de atenci\u00f3n prioritaria y la poblaci\u00f3n en movilidad humana - Prefectura de Manab\u00ed","isPartOf":{"@id":"https:\/\/www.manabi.gob.ec\/#website"},"primaryImageOfPage":{"@id":"https:\/\/www.manabi.gob.ec\/index.php\/nueva-alianza-para-beneficio-de-los-grupos-de-atencion-prioritaria-y-la-poblacion-en-movilidad-humana\/#primaryimage"},"image":{"@id":"https:\/\/www.manabi.gob.ec\/index.php\/nueva-alianza-para-beneficio-de-los-grupos-de-atencion-prioritaria-y-la-poblacion-en-movilidad-humana\/#primaryimage"},"thumbnailUrl":"https:\/\/www.manabi.gob.ec\/wp-content\/uploads\/2023\/12\/WhatsApp-Image-2023-12-05-at-12.16.30.jpeg","datePublished":"2023-12-07T15:42:40+00:00","dateModified":"2023-12-07T15:42:44+00:00","author":{"@id":"https:\/\/www.manabi.gob.ec\/#\/schema\/person\/c4f117989332ad723a6ced5994aa7d7a"},"breadcrumb":{"@id":"https:\/\/www.manabi.gob.ec\/index.php\/nueva-alianza-para-beneficio-de-los-grupos-de-atencion-prioritaria-y-la-poblacion-en-movilidad-humana\/#breadcrumb"},"inLanguage":"es","potentialAction":[{"@type":"ReadAction","target":["https:\/\/www.manabi.gob.ec\/index.php\/nueva-alianza-para-beneficio-de-los-grupos-de-atencion-prioritaria-y-la-poblacion-en-movilidad-humana\/"]}]},{"@type":"ImageObject","inLanguage":"es","@id":"https:\/\/www.manabi.gob.ec\/index.php\/nueva-alianza-para-beneficio-de-los-grupos-de-atencion-prioritaria-y-la-poblacion-en-movilidad-humana\/#primaryimage","url":"https:\/\/www.manabi.gob.ec\/wp-content\/uploads\/2023\/12\/WhatsApp-Image-2023-12-05-at-12.16.30.jpeg","contentUrl":"https:\/\/www.manabi.gob.ec\/wp-content\/uploads\/2023\/12\/WhatsApp-Image-2023-12-05-at-12.16.30.jpeg","width":1600,"height":1066},{"@type":"BreadcrumbList","@id":"https:\/\/www.manabi.gob.ec\/index.php\/nueva-alianza-para-beneficio-de-los-grupos-de-atencion-prioritaria-y-la-poblacion-en-movilidad-humana\/#breadcrumb","itemListElement":[{"@type":"ListItem","position":1,"name":"Portada","item":"https:\/\/www.manabi.gob.ec\/"},{"@type":"ListItem","position":2,"name":"Nueva alianza para beneficio de los grupos de atenci\u00f3n prioritaria y la poblaci\u00f3n en movilidad humana"}]},{"@type":"WebSite","@id":"https:\/\/www.manabi.gob.ec\/#website","url":"https:\/\/www.manabi.gob.ec\/","name":"Prefectura de Manab\u00ed","description":"P\u00e1gina web de la prefectura","potentialAction":[{"@type":"SearchAction","target":{"@type":"EntryPoint","urlTemplate":"https:\/\/www.manabi.gob.ec\/?s={search_term_string}"},"query-input":{"@type":"PropertyValueSpecification","valueRequired":true,"valueName":"search_term_string"}}],"inLanguage":"es"},{"@type":"Person","@id":"https:\/\/www.manabi.gob.ec\/#\/schema\/person\/c4f117989332ad723a6ced5994aa7d7a","name":"Lui Ochoa","image":{"@type":"ImageObject","inLanguage":"es","@id":"https:\/\/secure.gravatar.com\/avatar\/6e8017d0fe69dead8a95864d2eb6e1e1d8bf8e01194ba49cf7b897ff038126ba?s=96&d=mm&r=g","url":"https:\/\/secure.gravatar.com\/avatar\/6e8017d0fe69dead8a95864d2eb6e1e1d8bf8e01194ba49cf7b897ff038126ba?s=96&d=mm&r=g","contentUrl":"https:\/\/secure.gravatar.com\/avatar\/6e8017d0fe69dead8a95864d2eb6e1e1d8bf8e01194ba49cf7b897ff038126ba?s=96&d=mm&r=g","caption":"Lui Ochoa"},"url":"https:\/\/www.manabi.gob.ec\/index.php\/author\/lochoa\/"}]}},"jetpack_featured_media_url":"https:\/\/www.manabi.gob.ec\/wp-content\/uploads\/2023\/12\/WhatsApp-Image-2023-12-05-at-12.16.30.jpeg","_links":{"self":[{"href":"https:\/\/www.manabi.gob.ec\/index.php\/wp-json\/wp\/v2\/posts\/26685","targetHints":{"allow":["GET"]}}],"collection":[{"href":"https:\/\/www.manabi.gob.ec\/index.php\/wp-json\/wp\/v2\/posts"}],"about":[{"href":"https:\/\/www.manabi.gob.ec\/index.php\/wp-json\/wp\/v2\/types\/post"}],"author":[{"embeddable":true,"href":"https:\/\/www.manabi.gob.ec\/index.php\/wp-json\/wp\/v2\/users\/10"}],"replies":[{"embeddable":true,"href":"https:\/\/www.manabi.gob.ec\/index.php\/wp-json\/wp\/v2\/comments?post=26685"}],"version-history":[{"count":1,"href":"https:\/\/www.manabi.gob.ec\/index.php\/wp-json\/wp\/v2\/posts\/26685\/revisions"}],"predecessor-version":[{"id":26687,"href":"https:\/\/www.manabi.gob.ec\/index.php\/wp-json\/wp\/v2\/posts\/26685\/revisions\/26687"}],"wp:featuredmedia":[{"embeddable":true,"href":"https:\/\/www.manabi.gob.ec\/index.php\/wp-json\/wp\/v2\/media\/26686"}],"wp:attachment":[{"href":"https:\/\/www.manabi.gob.ec\/index.php\/wp-json\/wp\/v2\/media?parent=26685"}],"wp:term":[{"taxonomy":"category","embeddable":true,"href":"https:\/\/www.manabi.gob.ec\/index.php\/wp-json\/wp\/v2\/categories?post=26685"},{"taxonomy":"post_tag","embeddable":true,"href":"https:\/\/www.manabi.gob.ec\/index.php\/wp-json\/wp\/v2\/tags?post=26685"}],"curies":[{"name":"wp","href":"https:\/\/api.w.org\/{rel}","templated":true}]}}