{"id":26694,"date":"2023-12-07T21:27:07","date_gmt":"2023-12-07T21:27:07","guid":{"rendered":"https:\/\/www.manabi.gob.ec\/?p=26694"},"modified":"2023-12-07T21:27:12","modified_gmt":"2023-12-07T21:27:12","slug":"exitosa-jornada-academica-de-aprendizaje-e-intercambio-de-experiencias-sobre-transparencia-y-lucha-contra-la-corrupcion","status":"publish","type":"post","link":"https:\/\/www.manabi.gob.ec\/index.php\/exitosa-jornada-academica-de-aprendizaje-e-intercambio-de-experiencias-sobre-transparencia-y-lucha-contra-la-corrupcion\/","title":{"rendered":"Exitosa jornada acad\u00e9mica de aprendizaje e intercambio de experiencias sobre transparencia y lucha contra la corrupci\u00f3n"},"content":{"rendered":"\n<p>Temas relativos a la lucha contra la corrupci\u00f3n, transparencia e integridad p\u00fablica, fueron abordados durante la conferencia magistral \u201cLucha contra la corrupci\u00f3n y transparencia en la gesti\u00f3n p\u00fablica\u201d, que se desarroll\u00f3, este mi\u00e9rcoles 6 de diciembre, bajo la organizaci\u00f3n de la Prefectura de Manab\u00ed.<\/p>\n\n\n\n<p>Intervinieron como ponentes: Juan Sebasti\u00e1n Segovia, asesor nacional en integridad p\u00fablica y privada del Programa buena gobernanza por un Ecuador transparente e \u00edntegro de la Cooperaci\u00f3n Alemana, GIZ; Gabriela Villa Olmedo, directora nacional de promoci\u00f3n y monitoreo de la transparencia activa de la Defensor\u00eda del Pueblo; y Leonardo Orlando, prefecto de la provincia de Manab\u00ed.<\/p>\n\n\n\n<p>Las ponencias versaron sobre: \u201cLucha contra la corrupci\u00f3n, transparencia e integridad en entidades p\u00fablicas\u201d; \u00abDifusi\u00f3n de la LOTAIP &#8211; Transparencia de las entidades del Estado y derecho al acceso a la informaci\u00f3n p\u00fablica\u00bb; y \u201cMecanismos implementados en la Prefectura de Manab\u00ed bajo una pol\u00edtica de transparencia en la gesti\u00f3n p\u00fablica\u00bb.<\/p>\n\n\n\n<p>Esta conferencia magistral se realiz\u00f3 en uno de los auditorios de la Universidad San Gregorio de Portoviejo, en el marco de la \u201cSemana de las jornadas de Transparencia\u201d de la Prefectura de Manab\u00ed, con motivo del D\u00eda Internacional de la Lucha contra la Corrupci\u00f3n que se recuerda el 9 de diciembre de cada a\u00f1o, conforme lo declar\u00f3 la Asamblea General de las Naciones Unidas el 31 de octubre de 2003.<\/p>\n","protected":false},"excerpt":{"rendered":"<p>Temas relativos a la lucha contra la corrupci\u00f3n, transparencia e integridad p\u00fablica, fueron abordados durante la conferencia magistral \u201cLucha contra la corrupci\u00f3n y transparencia en la gesti\u00f3n p\u00fablica\u201d, que se desarroll\u00f3, este mi\u00e9rcoles 6 de diciembre, bajo la organizaci\u00f3n de la Prefectura de Manab\u00ed. Intervinieron como ponentes: Juan Sebasti\u00e1n Segovia, asesor nacional en integridad p\u00fablica [&hellip;]<\/p>\n","protected":false},"author":10,"featured_media":26695,"comment_status":"closed","ping_status":"closed","sticky":false,"template":"","format":"standard","meta":{"_joinchat":[],"footnotes":""},"categories":[142,92,91],"tags":[],"class_list":["post-26694","post","type-post","status-publish","format-standard","has-post-thumbnail","hentry","category-desarrollo-social","category-noticias-manabi","category-todas"],"yoast_head":"<!-- This site is optimized with the Yoast SEO plugin v27.4 - https:\/\/yoast.com\/product\/yoast-seo-wordpress\/ -->\n<title>Exitosa jornada acad\u00e9mica de aprendizaje e intercambio de experiencias sobre transparencia y lucha contra la corrupci\u00f3n - Prefectura de Manab\u00ed<\/title>\n<meta name=\"robots\" content=\"index, follow, max-snippet:-1, max-image-preview:large, max-video-preview:-1\" \/>\n<link rel=\"canonical\" href=\"https:\/\/www.manabi.gob.ec\/index.php\/exitosa-jornada-academica-de-aprendizaje-e-intercambio-de-experiencias-sobre-transparencia-y-lucha-contra-la-corrupcion\/\" \/>\n<meta property=\"og:locale\" content=\"es_ES\" \/>\n<meta property=\"og:type\" content=\"article\" \/>\n<meta property=\"og:title\" content=\"Exitosa jornada acad\u00e9mica de aprendizaje e intercambio de experiencias sobre transparencia y lucha contra la corrupci\u00f3n - Prefectura de Manab\u00ed\" \/>\n<meta property=\"og:description\" content=\"Temas relativos a la lucha contra la corrupci\u00f3n, transparencia e integridad p\u00fablica, fueron abordados durante la conferencia magistral \u201cLucha contra la corrupci\u00f3n y transparencia en la gesti\u00f3n p\u00fablica\u201d, que se desarroll\u00f3, este mi\u00e9rcoles 6 de diciembre, bajo la organizaci\u00f3n de la Prefectura de Manab\u00ed. Intervinieron como ponentes: Juan Sebasti\u00e1n Segovia, asesor nacional en integridad p\u00fablica [&hellip;]\" \/>\n<meta property=\"og:url\" content=\"https:\/\/www.manabi.gob.ec\/index.php\/exitosa-jornada-academica-de-aprendizaje-e-intercambio-de-experiencias-sobre-transparencia-y-lucha-contra-la-corrupcion\/\" \/>\n<meta property=\"og:site_name\" content=\"Prefectura de Manab\u00ed\" \/>\n<meta property=\"article:published_time\" content=\"2023-12-07T21:27:07+00:00\" \/>\n<meta property=\"article:modified_time\" content=\"2023-12-07T21:27:12+00:00\" \/>\n<meta property=\"og:image\" content=\"https:\/\/www.manabi.gob.ec\/wp-content\/uploads\/2023\/12\/WhatsApp-Image-2023-12-06-at-15.31.33.jpeg\" \/>\n\t<meta property=\"og:image:width\" content=\"1024\" \/>\n\t<meta property=\"og:image:height\" content=\"856\" \/>\n\t<meta property=\"og:image:type\" content=\"image\/jpeg\" \/>\n<meta name=\"author\" content=\"Lui Ochoa\" \/>\n<meta name=\"twitter:card\" content=\"summary_large_image\" \/>\n<meta name=\"twitter:label1\" content=\"Escrito por\" \/>\n\t<meta name=\"twitter:data1\" content=\"Lui Ochoa\" \/>\n\t<meta name=\"twitter:label2\" content=\"Tiempo de lectura\" \/>\n\t<meta name=\"twitter:data2\" content=\"1 minuto\" \/>\n<script type=\"application\/ld+json\" class=\"yoast-schema-graph\">{\"@context\":\"https:\\\/\\\/schema.org\",\"@graph\":[{\"@type\":\"Article\",\"@id\":\"https:\\\/\\\/www.manabi.gob.ec\\\/index.php\\\/exitosa-jornada-academica-de-aprendizaje-e-intercambio-de-experiencias-sobre-transparencia-y-lucha-contra-la-corrupcion\\\/#article\",\"isPartOf\":{\"@id\":\"https:\\\/\\\/www.manabi.gob.ec\\\/index.php\\\/exitosa-jornada-academica-de-aprendizaje-e-intercambio-de-experiencias-sobre-transparencia-y-lucha-contra-la-corrupcion\\\/\"},\"author\":{\"name\":\"Lui Ochoa\",\"@id\":\"https:\\\/\\\/www.manabi.gob.ec\\\/#\\\/schema\\\/person\\\/c4f117989332ad723a6ced5994aa7d7a\"},\"headline\":\"Exitosa jornada acad\u00e9mica de aprendizaje e intercambio de experiencias sobre transparencia y lucha contra la corrupci\u00f3n\",\"datePublished\":\"2023-12-07T21:27:07+00:00\",\"dateModified\":\"2023-12-07T21:27:12+00:00\",\"mainEntityOfPage\":{\"@id\":\"https:\\\/\\\/www.manabi.gob.ec\\\/index.php\\\/exitosa-jornada-academica-de-aprendizaje-e-intercambio-de-experiencias-sobre-transparencia-y-lucha-contra-la-corrupcion\\\/\"},\"wordCount\":256,\"image\":{\"@id\":\"https:\\\/\\\/www.manabi.gob.ec\\\/index.php\\\/exitosa-jornada-academica-de-aprendizaje-e-intercambio-de-experiencias-sobre-transparencia-y-lucha-contra-la-corrupcion\\\/#primaryimage\"},\"thumbnailUrl\":\"https:\\\/\\\/www.manabi.gob.ec\\\/wp-content\\\/uploads\\\/2023\\\/12\\\/WhatsApp-Image-2023-12-06-at-15.31.33.jpeg\",\"articleSection\":[\"Desarrollo Social\",\"Noticias\",\"Todas\"],\"inLanguage\":\"es\"},{\"@type\":\"WebPage\",\"@id\":\"https:\\\/\\\/www.manabi.gob.ec\\\/index.php\\\/exitosa-jornada-academica-de-aprendizaje-e-intercambio-de-experiencias-sobre-transparencia-y-lucha-contra-la-corrupcion\\\/\",\"url\":\"https:\\\/\\\/www.manabi.gob.ec\\\/index.php\\\/exitosa-jornada-academica-de-aprendizaje-e-intercambio-de-experiencias-sobre-transparencia-y-lucha-contra-la-corrupcion\\\/\",\"name\":\"Exitosa jornada acad\u00e9mica de aprendizaje e intercambio de experiencias sobre transparencia y lucha contra la corrupci\u00f3n - Prefectura de Manab\u00ed\",\"isPartOf\":{\"@id\":\"https:\\\/\\\/www.manabi.gob.ec\\\/#website\"},\"primaryImageOfPage\":{\"@id\":\"https:\\\/\\\/www.manabi.gob.ec\\\/index.php\\\/exitosa-jornada-academica-de-aprendizaje-e-intercambio-de-experiencias-sobre-transparencia-y-lucha-contra-la-corrupcion\\\/#primaryimage\"},\"image\":{\"@id\":\"https:\\\/\\\/www.manabi.gob.ec\\\/index.php\\\/exitosa-jornada-academica-de-aprendizaje-e-intercambio-de-experiencias-sobre-transparencia-y-lucha-contra-la-corrupcion\\\/#primaryimage\"},\"thumbnailUrl\":\"https:\\\/\\\/www.manabi.gob.ec\\\/wp-content\\\/uploads\\\/2023\\\/12\\\/WhatsApp-Image-2023-12-06-at-15.31.33.jpeg\",\"datePublished\":\"2023-12-07T21:27:07+00:00\",\"dateModified\":\"2023-12-07T21:27:12+00:00\",\"author\":{\"@id\":\"https:\\\/\\\/www.manabi.gob.ec\\\/#\\\/schema\\\/person\\\/c4f117989332ad723a6ced5994aa7d7a\"},\"breadcrumb\":{\"@id\":\"https:\\\/\\\/www.manabi.gob.ec\\\/index.php\\\/exitosa-jornada-academica-de-aprendizaje-e-intercambio-de-experiencias-sobre-transparencia-y-lucha-contra-la-corrupcion\\\/#breadcrumb\"},\"inLanguage\":\"es\",\"potentialAction\":[{\"@type\":\"ReadAction\",\"target\":[\"https:\\\/\\\/www.manabi.gob.ec\\\/index.php\\\/exitosa-jornada-academica-de-aprendizaje-e-intercambio-de-experiencias-sobre-transparencia-y-lucha-contra-la-corrupcion\\\/\"]}]},{\"@type\":\"ImageObject\",\"inLanguage\":\"es\",\"@id\":\"https:\\\/\\\/www.manabi.gob.ec\\\/index.php\\\/exitosa-jornada-academica-de-aprendizaje-e-intercambio-de-experiencias-sobre-transparencia-y-lucha-contra-la-corrupcion\\\/#primaryimage\",\"url\":\"https:\\\/\\\/www.manabi.gob.ec\\\/wp-content\\\/uploads\\\/2023\\\/12\\\/WhatsApp-Image-2023-12-06-at-15.31.33.jpeg\",\"contentUrl\":\"https:\\\/\\\/www.manabi.gob.ec\\\/wp-content\\\/uploads\\\/2023\\\/12\\\/WhatsApp-Image-2023-12-06-at-15.31.33.jpeg\",\"width\":1024,\"height\":856},{\"@type\":\"BreadcrumbList\",\"@id\":\"https:\\\/\\\/www.manabi.gob.ec\\\/index.php\\\/exitosa-jornada-academica-de-aprendizaje-e-intercambio-de-experiencias-sobre-transparencia-y-lucha-contra-la-corrupcion\\\/#breadcrumb\",\"itemListElement\":[{\"@type\":\"ListItem\",\"position\":1,\"name\":\"Portada\",\"item\":\"https:\\\/\\\/www.manabi.gob.ec\\\/\"},{\"@type\":\"ListItem\",\"position\":2,\"name\":\"Exitosa jornada acad\u00e9mica de aprendizaje e intercambio de experiencias sobre transparencia y lucha contra la corrupci\u00f3n\"}]},{\"@type\":\"WebSite\",\"@id\":\"https:\\\/\\\/www.manabi.gob.ec\\\/#website\",\"url\":\"https:\\\/\\\/www.manabi.gob.ec\\\/\",\"name\":\"Prefectura de Manab\u00ed\",\"description\":\"P\u00e1gina web de la prefectura\",\"potentialAction\":[{\"@type\":\"SearchAction\",\"target\":{\"@type\":\"EntryPoint\",\"urlTemplate\":\"https:\\\/\\\/www.manabi.gob.ec\\\/?s={search_term_string}\"},\"query-input\":{\"@type\":\"PropertyValueSpecification\",\"valueRequired\":true,\"valueName\":\"search_term_string\"}}],\"inLanguage\":\"es\"},{\"@type\":\"Person\",\"@id\":\"https:\\\/\\\/www.manabi.gob.ec\\\/#\\\/schema\\\/person\\\/c4f117989332ad723a6ced5994aa7d7a\",\"name\":\"Lui Ochoa\",\"image\":{\"@type\":\"ImageObject\",\"inLanguage\":\"es\",\"@id\":\"https:\\\/\\\/secure.gravatar.com\\\/avatar\\\/6e8017d0fe69dead8a95864d2eb6e1e1d8bf8e01194ba49cf7b897ff038126ba?s=96&d=mm&r=g\",\"url\":\"https:\\\/\\\/secure.gravatar.com\\\/avatar\\\/6e8017d0fe69dead8a95864d2eb6e1e1d8bf8e01194ba49cf7b897ff038126ba?s=96&d=mm&r=g\",\"contentUrl\":\"https:\\\/\\\/secure.gravatar.com\\\/avatar\\\/6e8017d0fe69dead8a95864d2eb6e1e1d8bf8e01194ba49cf7b897ff038126ba?s=96&d=mm&r=g\",\"caption\":\"Lui Ochoa\"},\"url\":\"https:\\\/\\\/www.manabi.gob.ec\\\/index.php\\\/author\\\/lochoa\\\/\"}]}<\/script>\n<!-- \/ Yoast SEO plugin. -->","yoast_head_json":{"title":"Exitosa jornada acad\u00e9mica de aprendizaje e intercambio de experiencias sobre transparencia y lucha contra la corrupci\u00f3n - Prefectura de Manab\u00ed","robots":{"index":"index","follow":"follow","max-snippet":"max-snippet:-1","max-image-preview":"max-image-preview:large","max-video-preview":"max-video-preview:-1"},"canonical":"https:\/\/www.manabi.gob.ec\/index.php\/exitosa-jornada-academica-de-aprendizaje-e-intercambio-de-experiencias-sobre-transparencia-y-lucha-contra-la-corrupcion\/","og_locale":"es_ES","og_type":"article","og_title":"Exitosa jornada acad\u00e9mica de aprendizaje e intercambio de experiencias sobre transparencia y lucha contra la corrupci\u00f3n - Prefectura de Manab\u00ed","og_description":"Temas relativos a la lucha contra la corrupci\u00f3n, transparencia e integridad p\u00fablica, fueron abordados durante la conferencia magistral \u201cLucha contra la corrupci\u00f3n y transparencia en la gesti\u00f3n p\u00fablica\u201d, que se desarroll\u00f3, este mi\u00e9rcoles 6 de diciembre, bajo la organizaci\u00f3n de la Prefectura de Manab\u00ed. Intervinieron como ponentes: Juan Sebasti\u00e1n Segovia, asesor nacional en integridad p\u00fablica [&hellip;]","og_url":"https:\/\/www.manabi.gob.ec\/index.php\/exitosa-jornada-academica-de-aprendizaje-e-intercambio-de-experiencias-sobre-transparencia-y-lucha-contra-la-corrupcion\/","og_site_name":"Prefectura de Manab\u00ed","article_published_time":"2023-12-07T21:27:07+00:00","article_modified_time":"2023-12-07T21:27:12+00:00","og_image":[{"width":1024,"height":856,"url":"https:\/\/www.manabi.gob.ec\/wp-content\/uploads\/2023\/12\/WhatsApp-Image-2023-12-06-at-15.31.33.jpeg","type":"image\/jpeg"}],"author":"Lui Ochoa","twitter_card":"summary_large_image","twitter_misc":{"Escrito por":"Lui Ochoa","Tiempo de lectura":"1 minuto"},"schema":{"@context":"https:\/\/schema.org","@graph":[{"@type":"Article","@id":"https:\/\/www.manabi.gob.ec\/index.php\/exitosa-jornada-academica-de-aprendizaje-e-intercambio-de-experiencias-sobre-transparencia-y-lucha-contra-la-corrupcion\/#article","isPartOf":{"@id":"https:\/\/www.manabi.gob.ec\/index.php\/exitosa-jornada-academica-de-aprendizaje-e-intercambio-de-experiencias-sobre-transparencia-y-lucha-contra-la-corrupcion\/"},"author":{"name":"Lui Ochoa","@id":"https:\/\/www.manabi.gob.ec\/#\/schema\/person\/c4f117989332ad723a6ced5994aa7d7a"},"headline":"Exitosa jornada acad\u00e9mica de aprendizaje e intercambio de experiencias sobre transparencia y lucha contra la corrupci\u00f3n","datePublished":"2023-12-07T21:27:07+00:00","dateModified":"2023-12-07T21:27:12+00:00","mainEntityOfPage":{"@id":"https:\/\/www.manabi.gob.ec\/index.php\/exitosa-jornada-academica-de-aprendizaje-e-intercambio-de-experiencias-sobre-transparencia-y-lucha-contra-la-corrupcion\/"},"wordCount":256,"image":{"@id":"https:\/\/www.manabi.gob.ec\/index.php\/exitosa-jornada-academica-de-aprendizaje-e-intercambio-de-experiencias-sobre-transparencia-y-lucha-contra-la-corrupcion\/#primaryimage"},"thumbnailUrl":"https:\/\/www.manabi.gob.ec\/wp-content\/uploads\/2023\/12\/WhatsApp-Image-2023-12-06-at-15.31.33.jpeg","articleSection":["Desarrollo Social","Noticias","Todas"],"inLanguage":"es"},{"@type":"WebPage","@id":"https:\/\/www.manabi.gob.ec\/index.php\/exitosa-jornada-academica-de-aprendizaje-e-intercambio-de-experiencias-sobre-transparencia-y-lucha-contra-la-corrupcion\/","url":"https:\/\/www.manabi.gob.ec\/index.php\/exitosa-jornada-academica-de-aprendizaje-e-intercambio-de-experiencias-sobre-transparencia-y-lucha-contra-la-corrupcion\/","name":"Exitosa jornada acad\u00e9mica de aprendizaje e intercambio de experiencias sobre transparencia y lucha contra la corrupci\u00f3n - Prefectura de Manab\u00ed","isPartOf":{"@id":"https:\/\/www.manabi.gob.ec\/#website"},"primaryImageOfPage":{"@id":"https:\/\/www.manabi.gob.ec\/index.php\/exitosa-jornada-academica-de-aprendizaje-e-intercambio-de-experiencias-sobre-transparencia-y-lucha-contra-la-corrupcion\/#primaryimage"},"image":{"@id":"https:\/\/www.manabi.gob.ec\/index.php\/exitosa-jornada-academica-de-aprendizaje-e-intercambio-de-experiencias-sobre-transparencia-y-lucha-contra-la-corrupcion\/#primaryimage"},"thumbnailUrl":"https:\/\/www.manabi.gob.ec\/wp-content\/uploads\/2023\/12\/WhatsApp-Image-2023-12-06-at-15.31.33.jpeg","datePublished":"2023-12-07T21:27:07+00:00","dateModified":"2023-12-07T21:27:12+00:00","author":{"@id":"https:\/\/www.manabi.gob.ec\/#\/schema\/person\/c4f117989332ad723a6ced5994aa7d7a"},"breadcrumb":{"@id":"https:\/\/www.manabi.gob.ec\/index.php\/exitosa-jornada-academica-de-aprendizaje-e-intercambio-de-experiencias-sobre-transparencia-y-lucha-contra-la-corrupcion\/#breadcrumb"},"inLanguage":"es","potentialAction":[{"@type":"ReadAction","target":["https:\/\/www.manabi.gob.ec\/index.php\/exitosa-jornada-academica-de-aprendizaje-e-intercambio-de-experiencias-sobre-transparencia-y-lucha-contra-la-corrupcion\/"]}]},{"@type":"ImageObject","inLanguage":"es","@id":"https:\/\/www.manabi.gob.ec\/index.php\/exitosa-jornada-academica-de-aprendizaje-e-intercambio-de-experiencias-sobre-transparencia-y-lucha-contra-la-corrupcion\/#primaryimage","url":"https:\/\/www.manabi.gob.ec\/wp-content\/uploads\/2023\/12\/WhatsApp-Image-2023-12-06-at-15.31.33.jpeg","contentUrl":"https:\/\/www.manabi.gob.ec\/wp-content\/uploads\/2023\/12\/WhatsApp-Image-2023-12-06-at-15.31.33.jpeg","width":1024,"height":856},{"@type":"BreadcrumbList","@id":"https:\/\/www.manabi.gob.ec\/index.php\/exitosa-jornada-academica-de-aprendizaje-e-intercambio-de-experiencias-sobre-transparencia-y-lucha-contra-la-corrupcion\/#breadcrumb","itemListElement":[{"@type":"ListItem","position":1,"name":"Portada","item":"https:\/\/www.manabi.gob.ec\/"},{"@type":"ListItem","position":2,"name":"Exitosa jornada acad\u00e9mica de aprendizaje e intercambio de experiencias sobre transparencia y lucha contra la corrupci\u00f3n"}]},{"@type":"WebSite","@id":"https:\/\/www.manabi.gob.ec\/#website","url":"https:\/\/www.manabi.gob.ec\/","name":"Prefectura de Manab\u00ed","description":"P\u00e1gina web de la prefectura","potentialAction":[{"@type":"SearchAction","target":{"@type":"EntryPoint","urlTemplate":"https:\/\/www.manabi.gob.ec\/?s={search_term_string}"},"query-input":{"@type":"PropertyValueSpecification","valueRequired":true,"valueName":"search_term_string"}}],"inLanguage":"es"},{"@type":"Person","@id":"https:\/\/www.manabi.gob.ec\/#\/schema\/person\/c4f117989332ad723a6ced5994aa7d7a","name":"Lui Ochoa","image":{"@type":"ImageObject","inLanguage":"es","@id":"https:\/\/secure.gravatar.com\/avatar\/6e8017d0fe69dead8a95864d2eb6e1e1d8bf8e01194ba49cf7b897ff038126ba?s=96&d=mm&r=g","url":"https:\/\/secure.gravatar.com\/avatar\/6e8017d0fe69dead8a95864d2eb6e1e1d8bf8e01194ba49cf7b897ff038126ba?s=96&d=mm&r=g","contentUrl":"https:\/\/secure.gravatar.com\/avatar\/6e8017d0fe69dead8a95864d2eb6e1e1d8bf8e01194ba49cf7b897ff038126ba?s=96&d=mm&r=g","caption":"Lui Ochoa"},"url":"https:\/\/www.manabi.gob.ec\/index.php\/author\/lochoa\/"}]}},"jetpack_featured_media_url":"https:\/\/www.manabi.gob.ec\/wp-content\/uploads\/2023\/12\/WhatsApp-Image-2023-12-06-at-15.31.33.jpeg","_links":{"self":[{"href":"https:\/\/www.manabi.gob.ec\/index.php\/wp-json\/wp\/v2\/posts\/26694","targetHints":{"allow":["GET"]}}],"collection":[{"href":"https:\/\/www.manabi.gob.ec\/index.php\/wp-json\/wp\/v2\/posts"}],"about":[{"href":"https:\/\/www.manabi.gob.ec\/index.php\/wp-json\/wp\/v2\/types\/post"}],"author":[{"embeddable":true,"href":"https:\/\/www.manabi.gob.ec\/index.php\/wp-json\/wp\/v2\/users\/10"}],"replies":[{"embeddable":true,"href":"https:\/\/www.manabi.gob.ec\/index.php\/wp-json\/wp\/v2\/comments?post=26694"}],"version-history":[{"count":1,"href":"https:\/\/www.manabi.gob.ec\/index.php\/wp-json\/wp\/v2\/posts\/26694\/revisions"}],"predecessor-version":[{"id":26696,"href":"https:\/\/www.manabi.gob.ec\/index.php\/wp-json\/wp\/v2\/posts\/26694\/revisions\/26696"}],"wp:featuredmedia":[{"embeddable":true,"href":"https:\/\/www.manabi.gob.ec\/index.php\/wp-json\/wp\/v2\/media\/26695"}],"wp:attachment":[{"href":"https:\/\/www.manabi.gob.ec\/index.php\/wp-json\/wp\/v2\/media?parent=26694"}],"wp:term":[{"taxonomy":"category","embeddable":true,"href":"https:\/\/www.manabi.gob.ec\/index.php\/wp-json\/wp\/v2\/categories?post=26694"},{"taxonomy":"post_tag","embeddable":true,"href":"https:\/\/www.manabi.gob.ec\/index.php\/wp-json\/wp\/v2\/tags?post=26694"}],"curies":[{"name":"wp","href":"https:\/\/api.w.org\/{rel}","templated":true}]}}