{"id":26709,"date":"2023-12-11T18:13:50","date_gmt":"2023-12-11T18:13:50","guid":{"rendered":"https:\/\/www.manabi.gob.ec\/?p=26709"},"modified":"2023-12-11T18:13:56","modified_gmt":"2023-12-11T18:13:56","slug":"funcionarios-fortalecen-conocimientos-con-diversas-actividades-en-la-semana-de-la-transparencia","status":"publish","type":"post","link":"https:\/\/www.manabi.gob.ec\/index.php\/funcionarios-fortalecen-conocimientos-con-diversas-actividades-en-la-semana-de-la-transparencia\/","title":{"rendered":"Funcionarios fortalecen conocimientos con diversas actividades en la semana de la transparencia"},"content":{"rendered":"\n<p>Un c\u00f3mic elaborado por personal de la Direcci\u00f3n de Planificaci\u00f3n fue el arte ganador del concurso interno de infograf\u00edas que se desarroll\u00f3 en la Prefectura de Manab\u00ed, como parte de las actividades por la \u201cSemana de las jornadas de Transparencia\u201d, del 4 al 9 de noviembre.<\/p>\n\n\n\n<p>El prefecto, Leonardo Orlando, quien lider\u00f3 el acto de premiaci\u00f3n a los ganadores, felicit\u00f3 y destac\u00f3 la creatividad presente en cada una de las artes que fueron elaboradas como parte de este concurso.<\/p>\n\n\n\n<p>Adem\u00e1s, se premi\u00f3 al compa\u00f1ero Jacob Leones Alc\u00edvar, quien resolvi\u00f3 el \u201cCrucigrama de Transparencia\u201d en un tiempo r\u00e9cord de 1:26 (minutos).<\/p>\n\n\n\n<p>Todas estas actividades fueron organizadas por la Direcci\u00f3n de Transparencia de la Prefectura de Manab\u00ed con el prop\u00f3sito de fomentar una cultura de transparencia en la instituci\u00f3n, fortalecer los valores fundamentales y divulgar los distintos mecanismos de transparencia implementados desde la administraci\u00f3n del prefecto, Leonardo Orlando.<\/p>\n","protected":false},"excerpt":{"rendered":"<p>Un c\u00f3mic elaborado por personal de la Direcci\u00f3n de Planificaci\u00f3n fue el arte ganador del concurso interno de infograf\u00edas que se desarroll\u00f3 en la Prefectura de Manab\u00ed, como parte de las actividades por la \u201cSemana de las jornadas de Transparencia\u201d, del 4 al 9 de noviembre. El prefecto, Leonardo Orlando, quien lider\u00f3 el acto de [&hellip;]<\/p>\n","protected":false},"author":10,"featured_media":26710,"comment_status":"closed","ping_status":"closed","sticky":false,"template":"","format":"standard","meta":{"_joinchat":[],"footnotes":""},"categories":[142,92,193,91],"tags":[],"class_list":["post-26709","post","type-post","status-publish","format-standard","has-post-thumbnail","hentry","category-desarrollo-social","category-noticias-manabi","category-participacion-ciudadana","category-todas"],"yoast_head":"<!-- This site is optimized with the Yoast SEO plugin v27.4 - https:\/\/yoast.com\/product\/yoast-seo-wordpress\/ -->\n<title>Funcionarios fortalecen conocimientos con diversas actividades en la semana de la transparencia - Prefectura de Manab\u00ed<\/title>\n<meta name=\"robots\" content=\"index, follow, max-snippet:-1, max-image-preview:large, max-video-preview:-1\" \/>\n<link rel=\"canonical\" href=\"https:\/\/www.manabi.gob.ec\/index.php\/funcionarios-fortalecen-conocimientos-con-diversas-actividades-en-la-semana-de-la-transparencia\/\" \/>\n<meta property=\"og:locale\" content=\"es_ES\" \/>\n<meta property=\"og:type\" content=\"article\" \/>\n<meta property=\"og:title\" content=\"Funcionarios fortalecen conocimientos con diversas actividades en la semana de la transparencia - Prefectura de Manab\u00ed\" \/>\n<meta property=\"og:description\" content=\"Un c\u00f3mic elaborado por personal de la Direcci\u00f3n de Planificaci\u00f3n fue el arte ganador del concurso interno de infograf\u00edas que se desarroll\u00f3 en la Prefectura de Manab\u00ed, como parte de las actividades por la \u201cSemana de las jornadas de Transparencia\u201d, del 4 al 9 de noviembre. El prefecto, Leonardo Orlando, quien lider\u00f3 el acto de [&hellip;]\" \/>\n<meta property=\"og:url\" content=\"https:\/\/www.manabi.gob.ec\/index.php\/funcionarios-fortalecen-conocimientos-con-diversas-actividades-en-la-semana-de-la-transparencia\/\" \/>\n<meta property=\"og:site_name\" content=\"Prefectura de Manab\u00ed\" \/>\n<meta property=\"article:published_time\" content=\"2023-12-11T18:13:50+00:00\" \/>\n<meta property=\"article:modified_time\" content=\"2023-12-11T18:13:56+00:00\" \/>\n<meta property=\"og:image\" content=\"https:\/\/www.manabi.gob.ec\/wp-content\/uploads\/2023\/12\/WhatsApp-Image-2023-12-08-at-21.15.35.jpeg\" \/>\n\t<meta property=\"og:image:width\" content=\"1600\" \/>\n\t<meta property=\"og:image:height\" content=\"1066\" \/>\n\t<meta property=\"og:image:type\" content=\"image\/jpeg\" \/>\n<meta name=\"author\" content=\"Lui Ochoa\" \/>\n<meta name=\"twitter:card\" content=\"summary_large_image\" \/>\n<meta name=\"twitter:label1\" content=\"Escrito por\" \/>\n\t<meta name=\"twitter:data1\" content=\"Lui Ochoa\" \/>\n\t<meta name=\"twitter:label2\" content=\"Tiempo de lectura\" \/>\n\t<meta name=\"twitter:data2\" content=\"1 minuto\" \/>\n<script type=\"application\/ld+json\" class=\"yoast-schema-graph\">{\"@context\":\"https:\\\/\\\/schema.org\",\"@graph\":[{\"@type\":\"Article\",\"@id\":\"https:\\\/\\\/www.manabi.gob.ec\\\/index.php\\\/funcionarios-fortalecen-conocimientos-con-diversas-actividades-en-la-semana-de-la-transparencia\\\/#article\",\"isPartOf\":{\"@id\":\"https:\\\/\\\/www.manabi.gob.ec\\\/index.php\\\/funcionarios-fortalecen-conocimientos-con-diversas-actividades-en-la-semana-de-la-transparencia\\\/\"},\"author\":{\"name\":\"Lui Ochoa\",\"@id\":\"https:\\\/\\\/www.manabi.gob.ec\\\/#\\\/schema\\\/person\\\/c4f117989332ad723a6ced5994aa7d7a\"},\"headline\":\"Funcionarios fortalecen conocimientos con diversas actividades en la semana de la transparencia\",\"datePublished\":\"2023-12-11T18:13:50+00:00\",\"dateModified\":\"2023-12-11T18:13:56+00:00\",\"mainEntityOfPage\":{\"@id\":\"https:\\\/\\\/www.manabi.gob.ec\\\/index.php\\\/funcionarios-fortalecen-conocimientos-con-diversas-actividades-en-la-semana-de-la-transparencia\\\/\"},\"wordCount\":168,\"image\":{\"@id\":\"https:\\\/\\\/www.manabi.gob.ec\\\/index.php\\\/funcionarios-fortalecen-conocimientos-con-diversas-actividades-en-la-semana-de-la-transparencia\\\/#primaryimage\"},\"thumbnailUrl\":\"https:\\\/\\\/www.manabi.gob.ec\\\/wp-content\\\/uploads\\\/2023\\\/12\\\/WhatsApp-Image-2023-12-08-at-21.15.35.jpeg\",\"articleSection\":[\"Desarrollo Social\",\"Noticias\",\"Participaci\u00f3n ciudadana\",\"Todas\"],\"inLanguage\":\"es\"},{\"@type\":\"WebPage\",\"@id\":\"https:\\\/\\\/www.manabi.gob.ec\\\/index.php\\\/funcionarios-fortalecen-conocimientos-con-diversas-actividades-en-la-semana-de-la-transparencia\\\/\",\"url\":\"https:\\\/\\\/www.manabi.gob.ec\\\/index.php\\\/funcionarios-fortalecen-conocimientos-con-diversas-actividades-en-la-semana-de-la-transparencia\\\/\",\"name\":\"Funcionarios fortalecen conocimientos con diversas actividades en la semana de la transparencia - Prefectura de Manab\u00ed\",\"isPartOf\":{\"@id\":\"https:\\\/\\\/www.manabi.gob.ec\\\/#website\"},\"primaryImageOfPage\":{\"@id\":\"https:\\\/\\\/www.manabi.gob.ec\\\/index.php\\\/funcionarios-fortalecen-conocimientos-con-diversas-actividades-en-la-semana-de-la-transparencia\\\/#primaryimage\"},\"image\":{\"@id\":\"https:\\\/\\\/www.manabi.gob.ec\\\/index.php\\\/funcionarios-fortalecen-conocimientos-con-diversas-actividades-en-la-semana-de-la-transparencia\\\/#primaryimage\"},\"thumbnailUrl\":\"https:\\\/\\\/www.manabi.gob.ec\\\/wp-content\\\/uploads\\\/2023\\\/12\\\/WhatsApp-Image-2023-12-08-at-21.15.35.jpeg\",\"datePublished\":\"2023-12-11T18:13:50+00:00\",\"dateModified\":\"2023-12-11T18:13:56+00:00\",\"author\":{\"@id\":\"https:\\\/\\\/www.manabi.gob.ec\\\/#\\\/schema\\\/person\\\/c4f117989332ad723a6ced5994aa7d7a\"},\"breadcrumb\":{\"@id\":\"https:\\\/\\\/www.manabi.gob.ec\\\/index.php\\\/funcionarios-fortalecen-conocimientos-con-diversas-actividades-en-la-semana-de-la-transparencia\\\/#breadcrumb\"},\"inLanguage\":\"es\",\"potentialAction\":[{\"@type\":\"ReadAction\",\"target\":[\"https:\\\/\\\/www.manabi.gob.ec\\\/index.php\\\/funcionarios-fortalecen-conocimientos-con-diversas-actividades-en-la-semana-de-la-transparencia\\\/\"]}]},{\"@type\":\"ImageObject\",\"inLanguage\":\"es\",\"@id\":\"https:\\\/\\\/www.manabi.gob.ec\\\/index.php\\\/funcionarios-fortalecen-conocimientos-con-diversas-actividades-en-la-semana-de-la-transparencia\\\/#primaryimage\",\"url\":\"https:\\\/\\\/www.manabi.gob.ec\\\/wp-content\\\/uploads\\\/2023\\\/12\\\/WhatsApp-Image-2023-12-08-at-21.15.35.jpeg\",\"contentUrl\":\"https:\\\/\\\/www.manabi.gob.ec\\\/wp-content\\\/uploads\\\/2023\\\/12\\\/WhatsApp-Image-2023-12-08-at-21.15.35.jpeg\",\"width\":1600,\"height\":1066},{\"@type\":\"BreadcrumbList\",\"@id\":\"https:\\\/\\\/www.manabi.gob.ec\\\/index.php\\\/funcionarios-fortalecen-conocimientos-con-diversas-actividades-en-la-semana-de-la-transparencia\\\/#breadcrumb\",\"itemListElement\":[{\"@type\":\"ListItem\",\"position\":1,\"name\":\"Portada\",\"item\":\"https:\\\/\\\/www.manabi.gob.ec\\\/\"},{\"@type\":\"ListItem\",\"position\":2,\"name\":\"Funcionarios fortalecen conocimientos con diversas actividades en la semana de la transparencia\"}]},{\"@type\":\"WebSite\",\"@id\":\"https:\\\/\\\/www.manabi.gob.ec\\\/#website\",\"url\":\"https:\\\/\\\/www.manabi.gob.ec\\\/\",\"name\":\"Prefectura de Manab\u00ed\",\"description\":\"P\u00e1gina web de la prefectura\",\"potentialAction\":[{\"@type\":\"SearchAction\",\"target\":{\"@type\":\"EntryPoint\",\"urlTemplate\":\"https:\\\/\\\/www.manabi.gob.ec\\\/?s={search_term_string}\"},\"query-input\":{\"@type\":\"PropertyValueSpecification\",\"valueRequired\":true,\"valueName\":\"search_term_string\"}}],\"inLanguage\":\"es\"},{\"@type\":\"Person\",\"@id\":\"https:\\\/\\\/www.manabi.gob.ec\\\/#\\\/schema\\\/person\\\/c4f117989332ad723a6ced5994aa7d7a\",\"name\":\"Lui Ochoa\",\"image\":{\"@type\":\"ImageObject\",\"inLanguage\":\"es\",\"@id\":\"https:\\\/\\\/secure.gravatar.com\\\/avatar\\\/6e8017d0fe69dead8a95864d2eb6e1e1d8bf8e01194ba49cf7b897ff038126ba?s=96&d=mm&r=g\",\"url\":\"https:\\\/\\\/secure.gravatar.com\\\/avatar\\\/6e8017d0fe69dead8a95864d2eb6e1e1d8bf8e01194ba49cf7b897ff038126ba?s=96&d=mm&r=g\",\"contentUrl\":\"https:\\\/\\\/secure.gravatar.com\\\/avatar\\\/6e8017d0fe69dead8a95864d2eb6e1e1d8bf8e01194ba49cf7b897ff038126ba?s=96&d=mm&r=g\",\"caption\":\"Lui Ochoa\"},\"url\":\"https:\\\/\\\/www.manabi.gob.ec\\\/index.php\\\/author\\\/lochoa\\\/\"}]}<\/script>\n<!-- \/ Yoast SEO plugin. -->","yoast_head_json":{"title":"Funcionarios fortalecen conocimientos con diversas actividades en la semana de la transparencia - Prefectura de Manab\u00ed","robots":{"index":"index","follow":"follow","max-snippet":"max-snippet:-1","max-image-preview":"max-image-preview:large","max-video-preview":"max-video-preview:-1"},"canonical":"https:\/\/www.manabi.gob.ec\/index.php\/funcionarios-fortalecen-conocimientos-con-diversas-actividades-en-la-semana-de-la-transparencia\/","og_locale":"es_ES","og_type":"article","og_title":"Funcionarios fortalecen conocimientos con diversas actividades en la semana de la transparencia - Prefectura de Manab\u00ed","og_description":"Un c\u00f3mic elaborado por personal de la Direcci\u00f3n de Planificaci\u00f3n fue el arte ganador del concurso interno de infograf\u00edas que se desarroll\u00f3 en la Prefectura de Manab\u00ed, como parte de las actividades por la \u201cSemana de las jornadas de Transparencia\u201d, del 4 al 9 de noviembre. El prefecto, Leonardo Orlando, quien lider\u00f3 el acto de [&hellip;]","og_url":"https:\/\/www.manabi.gob.ec\/index.php\/funcionarios-fortalecen-conocimientos-con-diversas-actividades-en-la-semana-de-la-transparencia\/","og_site_name":"Prefectura de Manab\u00ed","article_published_time":"2023-12-11T18:13:50+00:00","article_modified_time":"2023-12-11T18:13:56+00:00","og_image":[{"width":1600,"height":1066,"url":"https:\/\/www.manabi.gob.ec\/wp-content\/uploads\/2023\/12\/WhatsApp-Image-2023-12-08-at-21.15.35.jpeg","type":"image\/jpeg"}],"author":"Lui Ochoa","twitter_card":"summary_large_image","twitter_misc":{"Escrito por":"Lui Ochoa","Tiempo de lectura":"1 minuto"},"schema":{"@context":"https:\/\/schema.org","@graph":[{"@type":"Article","@id":"https:\/\/www.manabi.gob.ec\/index.php\/funcionarios-fortalecen-conocimientos-con-diversas-actividades-en-la-semana-de-la-transparencia\/#article","isPartOf":{"@id":"https:\/\/www.manabi.gob.ec\/index.php\/funcionarios-fortalecen-conocimientos-con-diversas-actividades-en-la-semana-de-la-transparencia\/"},"author":{"name":"Lui Ochoa","@id":"https:\/\/www.manabi.gob.ec\/#\/schema\/person\/c4f117989332ad723a6ced5994aa7d7a"},"headline":"Funcionarios fortalecen conocimientos con diversas actividades en la semana de la transparencia","datePublished":"2023-12-11T18:13:50+00:00","dateModified":"2023-12-11T18:13:56+00:00","mainEntityOfPage":{"@id":"https:\/\/www.manabi.gob.ec\/index.php\/funcionarios-fortalecen-conocimientos-con-diversas-actividades-en-la-semana-de-la-transparencia\/"},"wordCount":168,"image":{"@id":"https:\/\/www.manabi.gob.ec\/index.php\/funcionarios-fortalecen-conocimientos-con-diversas-actividades-en-la-semana-de-la-transparencia\/#primaryimage"},"thumbnailUrl":"https:\/\/www.manabi.gob.ec\/wp-content\/uploads\/2023\/12\/WhatsApp-Image-2023-12-08-at-21.15.35.jpeg","articleSection":["Desarrollo Social","Noticias","Participaci\u00f3n ciudadana","Todas"],"inLanguage":"es"},{"@type":"WebPage","@id":"https:\/\/www.manabi.gob.ec\/index.php\/funcionarios-fortalecen-conocimientos-con-diversas-actividades-en-la-semana-de-la-transparencia\/","url":"https:\/\/www.manabi.gob.ec\/index.php\/funcionarios-fortalecen-conocimientos-con-diversas-actividades-en-la-semana-de-la-transparencia\/","name":"Funcionarios fortalecen conocimientos con diversas actividades en la semana de la transparencia - Prefectura de Manab\u00ed","isPartOf":{"@id":"https:\/\/www.manabi.gob.ec\/#website"},"primaryImageOfPage":{"@id":"https:\/\/www.manabi.gob.ec\/index.php\/funcionarios-fortalecen-conocimientos-con-diversas-actividades-en-la-semana-de-la-transparencia\/#primaryimage"},"image":{"@id":"https:\/\/www.manabi.gob.ec\/index.php\/funcionarios-fortalecen-conocimientos-con-diversas-actividades-en-la-semana-de-la-transparencia\/#primaryimage"},"thumbnailUrl":"https:\/\/www.manabi.gob.ec\/wp-content\/uploads\/2023\/12\/WhatsApp-Image-2023-12-08-at-21.15.35.jpeg","datePublished":"2023-12-11T18:13:50+00:00","dateModified":"2023-12-11T18:13:56+00:00","author":{"@id":"https:\/\/www.manabi.gob.ec\/#\/schema\/person\/c4f117989332ad723a6ced5994aa7d7a"},"breadcrumb":{"@id":"https:\/\/www.manabi.gob.ec\/index.php\/funcionarios-fortalecen-conocimientos-con-diversas-actividades-en-la-semana-de-la-transparencia\/#breadcrumb"},"inLanguage":"es","potentialAction":[{"@type":"ReadAction","target":["https:\/\/www.manabi.gob.ec\/index.php\/funcionarios-fortalecen-conocimientos-con-diversas-actividades-en-la-semana-de-la-transparencia\/"]}]},{"@type":"ImageObject","inLanguage":"es","@id":"https:\/\/www.manabi.gob.ec\/index.php\/funcionarios-fortalecen-conocimientos-con-diversas-actividades-en-la-semana-de-la-transparencia\/#primaryimage","url":"https:\/\/www.manabi.gob.ec\/wp-content\/uploads\/2023\/12\/WhatsApp-Image-2023-12-08-at-21.15.35.jpeg","contentUrl":"https:\/\/www.manabi.gob.ec\/wp-content\/uploads\/2023\/12\/WhatsApp-Image-2023-12-08-at-21.15.35.jpeg","width":1600,"height":1066},{"@type":"BreadcrumbList","@id":"https:\/\/www.manabi.gob.ec\/index.php\/funcionarios-fortalecen-conocimientos-con-diversas-actividades-en-la-semana-de-la-transparencia\/#breadcrumb","itemListElement":[{"@type":"ListItem","position":1,"name":"Portada","item":"https:\/\/www.manabi.gob.ec\/"},{"@type":"ListItem","position":2,"name":"Funcionarios fortalecen conocimientos con diversas actividades en la semana de la transparencia"}]},{"@type":"WebSite","@id":"https:\/\/www.manabi.gob.ec\/#website","url":"https:\/\/www.manabi.gob.ec\/","name":"Prefectura de Manab\u00ed","description":"P\u00e1gina web de la prefectura","potentialAction":[{"@type":"SearchAction","target":{"@type":"EntryPoint","urlTemplate":"https:\/\/www.manabi.gob.ec\/?s={search_term_string}"},"query-input":{"@type":"PropertyValueSpecification","valueRequired":true,"valueName":"search_term_string"}}],"inLanguage":"es"},{"@type":"Person","@id":"https:\/\/www.manabi.gob.ec\/#\/schema\/person\/c4f117989332ad723a6ced5994aa7d7a","name":"Lui Ochoa","image":{"@type":"ImageObject","inLanguage":"es","@id":"https:\/\/secure.gravatar.com\/avatar\/6e8017d0fe69dead8a95864d2eb6e1e1d8bf8e01194ba49cf7b897ff038126ba?s=96&d=mm&r=g","url":"https:\/\/secure.gravatar.com\/avatar\/6e8017d0fe69dead8a95864d2eb6e1e1d8bf8e01194ba49cf7b897ff038126ba?s=96&d=mm&r=g","contentUrl":"https:\/\/secure.gravatar.com\/avatar\/6e8017d0fe69dead8a95864d2eb6e1e1d8bf8e01194ba49cf7b897ff038126ba?s=96&d=mm&r=g","caption":"Lui Ochoa"},"url":"https:\/\/www.manabi.gob.ec\/index.php\/author\/lochoa\/"}]}},"jetpack_featured_media_url":"https:\/\/www.manabi.gob.ec\/wp-content\/uploads\/2023\/12\/WhatsApp-Image-2023-12-08-at-21.15.35.jpeg","_links":{"self":[{"href":"https:\/\/www.manabi.gob.ec\/index.php\/wp-json\/wp\/v2\/posts\/26709","targetHints":{"allow":["GET"]}}],"collection":[{"href":"https:\/\/www.manabi.gob.ec\/index.php\/wp-json\/wp\/v2\/posts"}],"about":[{"href":"https:\/\/www.manabi.gob.ec\/index.php\/wp-json\/wp\/v2\/types\/post"}],"author":[{"embeddable":true,"href":"https:\/\/www.manabi.gob.ec\/index.php\/wp-json\/wp\/v2\/users\/10"}],"replies":[{"embeddable":true,"href":"https:\/\/www.manabi.gob.ec\/index.php\/wp-json\/wp\/v2\/comments?post=26709"}],"version-history":[{"count":1,"href":"https:\/\/www.manabi.gob.ec\/index.php\/wp-json\/wp\/v2\/posts\/26709\/revisions"}],"predecessor-version":[{"id":26711,"href":"https:\/\/www.manabi.gob.ec\/index.php\/wp-json\/wp\/v2\/posts\/26709\/revisions\/26711"}],"wp:featuredmedia":[{"embeddable":true,"href":"https:\/\/www.manabi.gob.ec\/index.php\/wp-json\/wp\/v2\/media\/26710"}],"wp:attachment":[{"href":"https:\/\/www.manabi.gob.ec\/index.php\/wp-json\/wp\/v2\/media?parent=26709"}],"wp:term":[{"taxonomy":"category","embeddable":true,"href":"https:\/\/www.manabi.gob.ec\/index.php\/wp-json\/wp\/v2\/categories?post=26709"},{"taxonomy":"post_tag","embeddable":true,"href":"https:\/\/www.manabi.gob.ec\/index.php\/wp-json\/wp\/v2\/tags?post=26709"}],"curies":[{"name":"wp","href":"https:\/\/api.w.org\/{rel}","templated":true}]}}