{"id":26779,"date":"2023-12-20T22:23:17","date_gmt":"2023-12-20T22:23:17","guid":{"rendered":"https:\/\/www.manabi.gob.ec\/?p=26779"},"modified":"2023-12-20T22:23:23","modified_gmt":"2023-12-20T22:23:23","slug":"el-prefecto-de-manabi-continua-gestionando-los-recursos-para-garantizar-la-operatividad-institucional","status":"publish","type":"post","link":"https:\/\/www.manabi.gob.ec\/index.php\/el-prefecto-de-manabi-continua-gestionando-los-recursos-para-garantizar-la-operatividad-institucional\/","title":{"rendered":"El Prefecto de Manab\u00ed contin\u00faa gestionando los recursos para garantizar la operatividad institucional"},"content":{"rendered":"\n<p>El prefecto de Manab\u00ed, Leonardo Orlando, contin\u00faa realizando las gestiones necesarias para retomar y garantizar la operatividad del aparataje institucional y las labores en los diversos frentes de trabajo, sobre todo en las comunidades rurales de la provincia.<\/p>\n\n\n\n<p>Al momento, con la transferencia del saldo de la al\u00edcuota del mes de septiembre del Modelo de Equidad Territorial ($3\u00b4385.000), la Prefectura de Manab\u00ed pag\u00f3 la n\u00f3mina del mes de noviembre de todo su personal. Esto se concret\u00f3 como resultado de las intervenciones realizadas por el Prefecto durante dos d\u00edas en la ciudad de Quito, en instancias como la Asamblea Nacional, Presidencia de la Rep\u00fablica, CONGOPE, y Banco de Desarrollo.<\/p>\n\n\n\n<p>Adem\u00e1s, la instituci\u00f3n provincial cancel\u00f3 la d\u00e9cimo tercera remuneraci\u00f3n a quienes pertenecen al C\u00f3digo de Trabajo, por lo cual los dos sindicatos de trabajadores resolvieron cesar la suspensi\u00f3n de sus actividades y reintegrarse a los frentes de trabajo. Queda pendiente el pago de este beneficio de ley a los servidores administrativos amparados por la LOSEP.<\/p>\n\n\n\n<p>\u201cEsperamos que hoy puedan llegar recursos adicionales\u201d, manifest\u00f3 el Prefecto, al tiempo de precisar que se necesita de aproximadamente un mill\u00f3n de d\u00f3lares para completar el pago de la d\u00e9cimo tercera remuneraci\u00f3n y comprar combustible. Se\u00f1al\u00f3 que la prioridad es completar la d\u00e9cimo tercera remuneraci\u00f3n y el sueldos del mes de diciembre.<\/p>\n\n\n\n<p>\u201cNosotros necesitamos al menos la mitad de la al\u00edcuota del mes de octubre para lograr la operatividad m\u00ednima indispensable, cumplir con los trabajadores, garantizar combustible, e ir cubriendo temas b\u00e1sicos, como mec\u00e1nica y los servicios b\u00e1sicos\u201d, indic\u00f3 Leonardo Orlando.<\/p>\n","protected":false},"excerpt":{"rendered":"<p>El prefecto de Manab\u00ed, Leonardo Orlando, contin\u00faa realizando las gestiones necesarias para retomar y garantizar la operatividad del aparataje institucional y las labores en los diversos frentes de trabajo, sobre todo en las comunidades rurales de la provincia. Al momento, con la transferencia del saldo de la al\u00edcuota del mes de septiembre del Modelo de [&hellip;]<\/p>\n","protected":false},"author":10,"featured_media":26780,"comment_status":"closed","ping_status":"closed","sticky":false,"template":"","format":"standard","meta":{"_joinchat":[],"footnotes":""},"categories":[142,92,91],"tags":[],"class_list":["post-26779","post","type-post","status-publish","format-standard","has-post-thumbnail","hentry","category-desarrollo-social","category-noticias-manabi","category-todas"],"yoast_head":"<!-- This site is optimized with the Yoast SEO plugin v27.4 - https:\/\/yoast.com\/product\/yoast-seo-wordpress\/ -->\n<title>El Prefecto de Manab\u00ed contin\u00faa gestionando los recursos para garantizar la operatividad institucional - Prefectura de Manab\u00ed<\/title>\n<meta name=\"robots\" content=\"index, follow, max-snippet:-1, max-image-preview:large, max-video-preview:-1\" \/>\n<link rel=\"canonical\" href=\"https:\/\/www.manabi.gob.ec\/index.php\/el-prefecto-de-manabi-continua-gestionando-los-recursos-para-garantizar-la-operatividad-institucional\/\" \/>\n<meta property=\"og:locale\" content=\"es_ES\" \/>\n<meta property=\"og:type\" content=\"article\" \/>\n<meta property=\"og:title\" content=\"El Prefecto de Manab\u00ed contin\u00faa gestionando los recursos para garantizar la operatividad institucional - Prefectura de Manab\u00ed\" \/>\n<meta property=\"og:description\" content=\"El prefecto de Manab\u00ed, Leonardo Orlando, contin\u00faa realizando las gestiones necesarias para retomar y garantizar la operatividad del aparataje institucional y las labores en los diversos frentes de trabajo, sobre todo en las comunidades rurales de la provincia. Al momento, con la transferencia del saldo de la al\u00edcuota del mes de septiembre del Modelo de [&hellip;]\" \/>\n<meta property=\"og:url\" content=\"https:\/\/www.manabi.gob.ec\/index.php\/el-prefecto-de-manabi-continua-gestionando-los-recursos-para-garantizar-la-operatividad-institucional\/\" \/>\n<meta property=\"og:site_name\" content=\"Prefectura de Manab\u00ed\" \/>\n<meta property=\"article:published_time\" content=\"2023-12-20T22:23:17+00:00\" \/>\n<meta property=\"article:modified_time\" content=\"2023-12-20T22:23:23+00:00\" \/>\n<meta property=\"og:image\" content=\"https:\/\/www.manabi.gob.ec\/wp-content\/uploads\/2023\/12\/WhatsApp-Image-2023-12-20-at-15.01.08.jpeg\" \/>\n\t<meta property=\"og:image:width\" content=\"1024\" \/>\n\t<meta property=\"og:image:height\" content=\"682\" \/>\n\t<meta property=\"og:image:type\" content=\"image\/jpeg\" \/>\n<meta name=\"author\" content=\"Lui Ochoa\" \/>\n<meta name=\"twitter:card\" content=\"summary_large_image\" \/>\n<meta name=\"twitter:label1\" content=\"Escrito por\" \/>\n\t<meta name=\"twitter:data1\" content=\"Lui Ochoa\" \/>\n\t<meta name=\"twitter:label2\" content=\"Tiempo de lectura\" \/>\n\t<meta name=\"twitter:data2\" content=\"2 minutos\" \/>\n<script type=\"application\/ld+json\" class=\"yoast-schema-graph\">{\"@context\":\"https:\\\/\\\/schema.org\",\"@graph\":[{\"@type\":\"Article\",\"@id\":\"https:\\\/\\\/www.manabi.gob.ec\\\/index.php\\\/el-prefecto-de-manabi-continua-gestionando-los-recursos-para-garantizar-la-operatividad-institucional\\\/#article\",\"isPartOf\":{\"@id\":\"https:\\\/\\\/www.manabi.gob.ec\\\/index.php\\\/el-prefecto-de-manabi-continua-gestionando-los-recursos-para-garantizar-la-operatividad-institucional\\\/\"},\"author\":{\"name\":\"Lui Ochoa\",\"@id\":\"https:\\\/\\\/www.manabi.gob.ec\\\/#\\\/schema\\\/person\\\/c4f117989332ad723a6ced5994aa7d7a\"},\"headline\":\"El Prefecto de Manab\u00ed contin\u00faa gestionando los recursos para garantizar la operatividad institucional\",\"datePublished\":\"2023-12-20T22:23:17+00:00\",\"dateModified\":\"2023-12-20T22:23:23+00:00\",\"mainEntityOfPage\":{\"@id\":\"https:\\\/\\\/www.manabi.gob.ec\\\/index.php\\\/el-prefecto-de-manabi-continua-gestionando-los-recursos-para-garantizar-la-operatividad-institucional\\\/\"},\"wordCount\":290,\"image\":{\"@id\":\"https:\\\/\\\/www.manabi.gob.ec\\\/index.php\\\/el-prefecto-de-manabi-continua-gestionando-los-recursos-para-garantizar-la-operatividad-institucional\\\/#primaryimage\"},\"thumbnailUrl\":\"https:\\\/\\\/www.manabi.gob.ec\\\/wp-content\\\/uploads\\\/2023\\\/12\\\/WhatsApp-Image-2023-12-20-at-15.01.08.jpeg\",\"articleSection\":[\"Desarrollo Social\",\"Noticias\",\"Todas\"],\"inLanguage\":\"es\"},{\"@type\":\"WebPage\",\"@id\":\"https:\\\/\\\/www.manabi.gob.ec\\\/index.php\\\/el-prefecto-de-manabi-continua-gestionando-los-recursos-para-garantizar-la-operatividad-institucional\\\/\",\"url\":\"https:\\\/\\\/www.manabi.gob.ec\\\/index.php\\\/el-prefecto-de-manabi-continua-gestionando-los-recursos-para-garantizar-la-operatividad-institucional\\\/\",\"name\":\"El Prefecto de Manab\u00ed contin\u00faa gestionando los recursos para garantizar la operatividad institucional - Prefectura de Manab\u00ed\",\"isPartOf\":{\"@id\":\"https:\\\/\\\/www.manabi.gob.ec\\\/#website\"},\"primaryImageOfPage\":{\"@id\":\"https:\\\/\\\/www.manabi.gob.ec\\\/index.php\\\/el-prefecto-de-manabi-continua-gestionando-los-recursos-para-garantizar-la-operatividad-institucional\\\/#primaryimage\"},\"image\":{\"@id\":\"https:\\\/\\\/www.manabi.gob.ec\\\/index.php\\\/el-prefecto-de-manabi-continua-gestionando-los-recursos-para-garantizar-la-operatividad-institucional\\\/#primaryimage\"},\"thumbnailUrl\":\"https:\\\/\\\/www.manabi.gob.ec\\\/wp-content\\\/uploads\\\/2023\\\/12\\\/WhatsApp-Image-2023-12-20-at-15.01.08.jpeg\",\"datePublished\":\"2023-12-20T22:23:17+00:00\",\"dateModified\":\"2023-12-20T22:23:23+00:00\",\"author\":{\"@id\":\"https:\\\/\\\/www.manabi.gob.ec\\\/#\\\/schema\\\/person\\\/c4f117989332ad723a6ced5994aa7d7a\"},\"breadcrumb\":{\"@id\":\"https:\\\/\\\/www.manabi.gob.ec\\\/index.php\\\/el-prefecto-de-manabi-continua-gestionando-los-recursos-para-garantizar-la-operatividad-institucional\\\/#breadcrumb\"},\"inLanguage\":\"es\",\"potentialAction\":[{\"@type\":\"ReadAction\",\"target\":[\"https:\\\/\\\/www.manabi.gob.ec\\\/index.php\\\/el-prefecto-de-manabi-continua-gestionando-los-recursos-para-garantizar-la-operatividad-institucional\\\/\"]}]},{\"@type\":\"ImageObject\",\"inLanguage\":\"es\",\"@id\":\"https:\\\/\\\/www.manabi.gob.ec\\\/index.php\\\/el-prefecto-de-manabi-continua-gestionando-los-recursos-para-garantizar-la-operatividad-institucional\\\/#primaryimage\",\"url\":\"https:\\\/\\\/www.manabi.gob.ec\\\/wp-content\\\/uploads\\\/2023\\\/12\\\/WhatsApp-Image-2023-12-20-at-15.01.08.jpeg\",\"contentUrl\":\"https:\\\/\\\/www.manabi.gob.ec\\\/wp-content\\\/uploads\\\/2023\\\/12\\\/WhatsApp-Image-2023-12-20-at-15.01.08.jpeg\",\"width\":1024,\"height\":682},{\"@type\":\"BreadcrumbList\",\"@id\":\"https:\\\/\\\/www.manabi.gob.ec\\\/index.php\\\/el-prefecto-de-manabi-continua-gestionando-los-recursos-para-garantizar-la-operatividad-institucional\\\/#breadcrumb\",\"itemListElement\":[{\"@type\":\"ListItem\",\"position\":1,\"name\":\"Portada\",\"item\":\"https:\\\/\\\/www.manabi.gob.ec\\\/\"},{\"@type\":\"ListItem\",\"position\":2,\"name\":\"El Prefecto de Manab\u00ed contin\u00faa gestionando los recursos para garantizar la operatividad institucional\"}]},{\"@type\":\"WebSite\",\"@id\":\"https:\\\/\\\/www.manabi.gob.ec\\\/#website\",\"url\":\"https:\\\/\\\/www.manabi.gob.ec\\\/\",\"name\":\"Prefectura de Manab\u00ed\",\"description\":\"P\u00e1gina web de la prefectura\",\"potentialAction\":[{\"@type\":\"SearchAction\",\"target\":{\"@type\":\"EntryPoint\",\"urlTemplate\":\"https:\\\/\\\/www.manabi.gob.ec\\\/?s={search_term_string}\"},\"query-input\":{\"@type\":\"PropertyValueSpecification\",\"valueRequired\":true,\"valueName\":\"search_term_string\"}}],\"inLanguage\":\"es\"},{\"@type\":\"Person\",\"@id\":\"https:\\\/\\\/www.manabi.gob.ec\\\/#\\\/schema\\\/person\\\/c4f117989332ad723a6ced5994aa7d7a\",\"name\":\"Lui Ochoa\",\"image\":{\"@type\":\"ImageObject\",\"inLanguage\":\"es\",\"@id\":\"https:\\\/\\\/secure.gravatar.com\\\/avatar\\\/6e8017d0fe69dead8a95864d2eb6e1e1d8bf8e01194ba49cf7b897ff038126ba?s=96&d=mm&r=g\",\"url\":\"https:\\\/\\\/secure.gravatar.com\\\/avatar\\\/6e8017d0fe69dead8a95864d2eb6e1e1d8bf8e01194ba49cf7b897ff038126ba?s=96&d=mm&r=g\",\"contentUrl\":\"https:\\\/\\\/secure.gravatar.com\\\/avatar\\\/6e8017d0fe69dead8a95864d2eb6e1e1d8bf8e01194ba49cf7b897ff038126ba?s=96&d=mm&r=g\",\"caption\":\"Lui Ochoa\"},\"url\":\"https:\\\/\\\/www.manabi.gob.ec\\\/index.php\\\/author\\\/lochoa\\\/\"}]}<\/script>\n<!-- \/ Yoast SEO plugin. -->","yoast_head_json":{"title":"El Prefecto de Manab\u00ed contin\u00faa gestionando los recursos para garantizar la operatividad institucional - Prefectura de Manab\u00ed","robots":{"index":"index","follow":"follow","max-snippet":"max-snippet:-1","max-image-preview":"max-image-preview:large","max-video-preview":"max-video-preview:-1"},"canonical":"https:\/\/www.manabi.gob.ec\/index.php\/el-prefecto-de-manabi-continua-gestionando-los-recursos-para-garantizar-la-operatividad-institucional\/","og_locale":"es_ES","og_type":"article","og_title":"El Prefecto de Manab\u00ed contin\u00faa gestionando los recursos para garantizar la operatividad institucional - Prefectura de Manab\u00ed","og_description":"El prefecto de Manab\u00ed, Leonardo Orlando, contin\u00faa realizando las gestiones necesarias para retomar y garantizar la operatividad del aparataje institucional y las labores en los diversos frentes de trabajo, sobre todo en las comunidades rurales de la provincia. Al momento, con la transferencia del saldo de la al\u00edcuota del mes de septiembre del Modelo de [&hellip;]","og_url":"https:\/\/www.manabi.gob.ec\/index.php\/el-prefecto-de-manabi-continua-gestionando-los-recursos-para-garantizar-la-operatividad-institucional\/","og_site_name":"Prefectura de Manab\u00ed","article_published_time":"2023-12-20T22:23:17+00:00","article_modified_time":"2023-12-20T22:23:23+00:00","og_image":[{"width":1024,"height":682,"url":"https:\/\/www.manabi.gob.ec\/wp-content\/uploads\/2023\/12\/WhatsApp-Image-2023-12-20-at-15.01.08.jpeg","type":"image\/jpeg"}],"author":"Lui Ochoa","twitter_card":"summary_large_image","twitter_misc":{"Escrito por":"Lui Ochoa","Tiempo de lectura":"2 minutos"},"schema":{"@context":"https:\/\/schema.org","@graph":[{"@type":"Article","@id":"https:\/\/www.manabi.gob.ec\/index.php\/el-prefecto-de-manabi-continua-gestionando-los-recursos-para-garantizar-la-operatividad-institucional\/#article","isPartOf":{"@id":"https:\/\/www.manabi.gob.ec\/index.php\/el-prefecto-de-manabi-continua-gestionando-los-recursos-para-garantizar-la-operatividad-institucional\/"},"author":{"name":"Lui Ochoa","@id":"https:\/\/www.manabi.gob.ec\/#\/schema\/person\/c4f117989332ad723a6ced5994aa7d7a"},"headline":"El Prefecto de Manab\u00ed contin\u00faa gestionando los recursos para garantizar la operatividad institucional","datePublished":"2023-12-20T22:23:17+00:00","dateModified":"2023-12-20T22:23:23+00:00","mainEntityOfPage":{"@id":"https:\/\/www.manabi.gob.ec\/index.php\/el-prefecto-de-manabi-continua-gestionando-los-recursos-para-garantizar-la-operatividad-institucional\/"},"wordCount":290,"image":{"@id":"https:\/\/www.manabi.gob.ec\/index.php\/el-prefecto-de-manabi-continua-gestionando-los-recursos-para-garantizar-la-operatividad-institucional\/#primaryimage"},"thumbnailUrl":"https:\/\/www.manabi.gob.ec\/wp-content\/uploads\/2023\/12\/WhatsApp-Image-2023-12-20-at-15.01.08.jpeg","articleSection":["Desarrollo Social","Noticias","Todas"],"inLanguage":"es"},{"@type":"WebPage","@id":"https:\/\/www.manabi.gob.ec\/index.php\/el-prefecto-de-manabi-continua-gestionando-los-recursos-para-garantizar-la-operatividad-institucional\/","url":"https:\/\/www.manabi.gob.ec\/index.php\/el-prefecto-de-manabi-continua-gestionando-los-recursos-para-garantizar-la-operatividad-institucional\/","name":"El Prefecto de Manab\u00ed contin\u00faa gestionando los recursos para garantizar la operatividad institucional - Prefectura de Manab\u00ed","isPartOf":{"@id":"https:\/\/www.manabi.gob.ec\/#website"},"primaryImageOfPage":{"@id":"https:\/\/www.manabi.gob.ec\/index.php\/el-prefecto-de-manabi-continua-gestionando-los-recursos-para-garantizar-la-operatividad-institucional\/#primaryimage"},"image":{"@id":"https:\/\/www.manabi.gob.ec\/index.php\/el-prefecto-de-manabi-continua-gestionando-los-recursos-para-garantizar-la-operatividad-institucional\/#primaryimage"},"thumbnailUrl":"https:\/\/www.manabi.gob.ec\/wp-content\/uploads\/2023\/12\/WhatsApp-Image-2023-12-20-at-15.01.08.jpeg","datePublished":"2023-12-20T22:23:17+00:00","dateModified":"2023-12-20T22:23:23+00:00","author":{"@id":"https:\/\/www.manabi.gob.ec\/#\/schema\/person\/c4f117989332ad723a6ced5994aa7d7a"},"breadcrumb":{"@id":"https:\/\/www.manabi.gob.ec\/index.php\/el-prefecto-de-manabi-continua-gestionando-los-recursos-para-garantizar-la-operatividad-institucional\/#breadcrumb"},"inLanguage":"es","potentialAction":[{"@type":"ReadAction","target":["https:\/\/www.manabi.gob.ec\/index.php\/el-prefecto-de-manabi-continua-gestionando-los-recursos-para-garantizar-la-operatividad-institucional\/"]}]},{"@type":"ImageObject","inLanguage":"es","@id":"https:\/\/www.manabi.gob.ec\/index.php\/el-prefecto-de-manabi-continua-gestionando-los-recursos-para-garantizar-la-operatividad-institucional\/#primaryimage","url":"https:\/\/www.manabi.gob.ec\/wp-content\/uploads\/2023\/12\/WhatsApp-Image-2023-12-20-at-15.01.08.jpeg","contentUrl":"https:\/\/www.manabi.gob.ec\/wp-content\/uploads\/2023\/12\/WhatsApp-Image-2023-12-20-at-15.01.08.jpeg","width":1024,"height":682},{"@type":"BreadcrumbList","@id":"https:\/\/www.manabi.gob.ec\/index.php\/el-prefecto-de-manabi-continua-gestionando-los-recursos-para-garantizar-la-operatividad-institucional\/#breadcrumb","itemListElement":[{"@type":"ListItem","position":1,"name":"Portada","item":"https:\/\/www.manabi.gob.ec\/"},{"@type":"ListItem","position":2,"name":"El Prefecto de Manab\u00ed contin\u00faa gestionando los recursos para garantizar la operatividad institucional"}]},{"@type":"WebSite","@id":"https:\/\/www.manabi.gob.ec\/#website","url":"https:\/\/www.manabi.gob.ec\/","name":"Prefectura de Manab\u00ed","description":"P\u00e1gina web de la prefectura","potentialAction":[{"@type":"SearchAction","target":{"@type":"EntryPoint","urlTemplate":"https:\/\/www.manabi.gob.ec\/?s={search_term_string}"},"query-input":{"@type":"PropertyValueSpecification","valueRequired":true,"valueName":"search_term_string"}}],"inLanguage":"es"},{"@type":"Person","@id":"https:\/\/www.manabi.gob.ec\/#\/schema\/person\/c4f117989332ad723a6ced5994aa7d7a","name":"Lui Ochoa","image":{"@type":"ImageObject","inLanguage":"es","@id":"https:\/\/secure.gravatar.com\/avatar\/6e8017d0fe69dead8a95864d2eb6e1e1d8bf8e01194ba49cf7b897ff038126ba?s=96&d=mm&r=g","url":"https:\/\/secure.gravatar.com\/avatar\/6e8017d0fe69dead8a95864d2eb6e1e1d8bf8e01194ba49cf7b897ff038126ba?s=96&d=mm&r=g","contentUrl":"https:\/\/secure.gravatar.com\/avatar\/6e8017d0fe69dead8a95864d2eb6e1e1d8bf8e01194ba49cf7b897ff038126ba?s=96&d=mm&r=g","caption":"Lui Ochoa"},"url":"https:\/\/www.manabi.gob.ec\/index.php\/author\/lochoa\/"}]}},"jetpack_featured_media_url":"https:\/\/www.manabi.gob.ec\/wp-content\/uploads\/2023\/12\/WhatsApp-Image-2023-12-20-at-15.01.08.jpeg","_links":{"self":[{"href":"https:\/\/www.manabi.gob.ec\/index.php\/wp-json\/wp\/v2\/posts\/26779","targetHints":{"allow":["GET"]}}],"collection":[{"href":"https:\/\/www.manabi.gob.ec\/index.php\/wp-json\/wp\/v2\/posts"}],"about":[{"href":"https:\/\/www.manabi.gob.ec\/index.php\/wp-json\/wp\/v2\/types\/post"}],"author":[{"embeddable":true,"href":"https:\/\/www.manabi.gob.ec\/index.php\/wp-json\/wp\/v2\/users\/10"}],"replies":[{"embeddable":true,"href":"https:\/\/www.manabi.gob.ec\/index.php\/wp-json\/wp\/v2\/comments?post=26779"}],"version-history":[{"count":1,"href":"https:\/\/www.manabi.gob.ec\/index.php\/wp-json\/wp\/v2\/posts\/26779\/revisions"}],"predecessor-version":[{"id":26781,"href":"https:\/\/www.manabi.gob.ec\/index.php\/wp-json\/wp\/v2\/posts\/26779\/revisions\/26781"}],"wp:featuredmedia":[{"embeddable":true,"href":"https:\/\/www.manabi.gob.ec\/index.php\/wp-json\/wp\/v2\/media\/26780"}],"wp:attachment":[{"href":"https:\/\/www.manabi.gob.ec\/index.php\/wp-json\/wp\/v2\/media?parent=26779"}],"wp:term":[{"taxonomy":"category","embeddable":true,"href":"https:\/\/www.manabi.gob.ec\/index.php\/wp-json\/wp\/v2\/categories?post=26779"},{"taxonomy":"post_tag","embeddable":true,"href":"https:\/\/www.manabi.gob.ec\/index.php\/wp-json\/wp\/v2\/tags?post=26779"}],"curies":[{"name":"wp","href":"https:\/\/api.w.org\/{rel}","templated":true}]}}