{"id":26810,"date":"2023-12-27T01:36:04","date_gmt":"2023-12-27T01:36:04","guid":{"rendered":"https:\/\/www.manabi.gob.ec\/?p=26810"},"modified":"2023-12-27T01:36:10","modified_gmt":"2023-12-27T01:36:10","slug":"se-aperturo-el-puente-velasco-ibarra-del-canton-pichincha","status":"publish","type":"post","link":"https:\/\/www.manabi.gob.ec\/index.php\/se-aperturo-el-puente-velasco-ibarra-del-canton-pichincha\/","title":{"rendered":"SE APERTUR\u00d3 EL PUENTE VELASCO IBARRA DEL CANT\u00d3N PICHINCHA"},"content":{"rendered":"\n<p>El prefecto de Manab\u00ed, Leonardo Orlando junto al alcalde de Pichincha y el subsecretario del MInisterio de Transporte y Obras P\u00fablicas realizaron la apertura al tr\u00e1nsito vehicular en el puente Velasco Ibarra.<\/p>\n\n\n\n<p>Obra que se ejecut\u00f3 en su primera fase mediante un convenio tripartito, entre el Ministerio de Transporte y Obras P\u00fablicas (MTOP), la Prefectura de Manab\u00ed y el GAD Municipal de Pichincha.<\/p>\n\n\n\n<p>La misma era una aspiraci\u00f3n de los habitantes del cant\u00f3n Pichincha y ahora ya es una realidad.<\/p>\n\n\n\n<p>La longitud del puente es de 164 metros y 9.40 de ancho, el 70% de financiamiento de este proyecto estuvo a cargo del MTOP, el 30% de la Prefectura, con una inversi\u00f3n total de 1&#8217;039.614,23 d\u00f3lares y el iva a cargo del GAD municipal de Pichincha.<\/p>\n\n\n\n<p>\u201cEsta es una obra transcendental para todo el Ecuador que integra a varias provincia, este puente que est\u00e1 sobre el R\u00edo Daule es parte del desarrollo de Pichincha y Manabi. Hemos cumplido una primera fase y ya tenemos contemplada la 2 fase que permitir\u00e1 reforzar esta estructura\u201d, enfatiz\u00f3 Leonardo Orlando, prefecto de Manab\u00ed.<\/p>\n\n\n\n<p>\u201cQuiero agradecer a todas las instituciones que han aportado con un granito de arena para que se realice esta importante obra, tengo fe que vendr\u00e1n mejores d\u00edas con las importantes obras que ejecutar\u00e1 la Prefectura de Manab\u00ed\u201d, concluy\u00f3 Leodan Intriago, alcalde de Pichincha.<\/p>\n","protected":false},"excerpt":{"rendered":"<p>El prefecto de Manab\u00ed, Leonardo Orlando junto al alcalde de Pichincha y el subsecretario del MInisterio de Transporte y Obras P\u00fablicas realizaron la apertura al tr\u00e1nsito vehicular en el puente Velasco Ibarra. Obra que se ejecut\u00f3 en su primera fase mediante un convenio tripartito, entre el Ministerio de Transporte y Obras P\u00fablicas (MTOP), la Prefectura [&hellip;]<\/p>\n","protected":false},"author":10,"featured_media":26811,"comment_status":"closed","ping_status":"closed","sticky":false,"template":"","format":"standard","meta":{"_joinchat":[],"footnotes":""},"categories":[142,92,181,200,91,127],"tags":[],"class_list":["post-26810","post","type-post","status-publish","format-standard","has-post-thumbnail","hentry","category-desarrollo-social","category-noticias-manabi","category-obra-publica","category-pichincha","category-todas","category-vialidad"],"yoast_head":"<!-- This site is optimized with the Yoast SEO plugin v27.4 - https:\/\/yoast.com\/product\/yoast-seo-wordpress\/ -->\n<title>SE APERTUR\u00d3 EL PUENTE VELASCO IBARRA DEL CANT\u00d3N PICHINCHA - Prefectura de Manab\u00ed<\/title>\n<meta name=\"robots\" content=\"index, follow, max-snippet:-1, max-image-preview:large, max-video-preview:-1\" \/>\n<link rel=\"canonical\" href=\"https:\/\/www.manabi.gob.ec\/index.php\/se-aperturo-el-puente-velasco-ibarra-del-canton-pichincha\/\" \/>\n<meta property=\"og:locale\" content=\"es_ES\" \/>\n<meta property=\"og:type\" content=\"article\" \/>\n<meta property=\"og:title\" content=\"SE APERTUR\u00d3 EL PUENTE VELASCO IBARRA DEL CANT\u00d3N PICHINCHA - Prefectura de Manab\u00ed\" \/>\n<meta property=\"og:description\" content=\"El prefecto de Manab\u00ed, Leonardo Orlando junto al alcalde de Pichincha y el subsecretario del MInisterio de Transporte y Obras P\u00fablicas realizaron la apertura al tr\u00e1nsito vehicular en el puente Velasco Ibarra. Obra que se ejecut\u00f3 en su primera fase mediante un convenio tripartito, entre el Ministerio de Transporte y Obras P\u00fablicas (MTOP), la Prefectura [&hellip;]\" \/>\n<meta property=\"og:url\" content=\"https:\/\/www.manabi.gob.ec\/index.php\/se-aperturo-el-puente-velasco-ibarra-del-canton-pichincha\/\" \/>\n<meta property=\"og:site_name\" content=\"Prefectura de Manab\u00ed\" \/>\n<meta property=\"article:published_time\" content=\"2023-12-27T01:36:04+00:00\" \/>\n<meta property=\"article:modified_time\" content=\"2023-12-27T01:36:10+00:00\" \/>\n<meta property=\"og:image\" content=\"https:\/\/www.manabi.gob.ec\/wp-content\/uploads\/2023\/12\/WhatsApp-Image-2023-12-26-at-09.59.52.jpeg\" \/>\n\t<meta property=\"og:image:width\" content=\"1024\" \/>\n\t<meta property=\"og:image:height\" content=\"744\" \/>\n\t<meta property=\"og:image:type\" content=\"image\/jpeg\" \/>\n<meta name=\"author\" content=\"Lui Ochoa\" \/>\n<meta name=\"twitter:card\" content=\"summary_large_image\" \/>\n<meta name=\"twitter:label1\" content=\"Escrito por\" \/>\n\t<meta name=\"twitter:data1\" content=\"Lui Ochoa\" \/>\n\t<meta name=\"twitter:label2\" content=\"Tiempo de lectura\" \/>\n\t<meta name=\"twitter:data2\" content=\"2 minutos\" \/>\n<script type=\"application\/ld+json\" class=\"yoast-schema-graph\">{\"@context\":\"https:\\\/\\\/schema.org\",\"@graph\":[{\"@type\":\"Article\",\"@id\":\"https:\\\/\\\/www.manabi.gob.ec\\\/index.php\\\/se-aperturo-el-puente-velasco-ibarra-del-canton-pichincha\\\/#article\",\"isPartOf\":{\"@id\":\"https:\\\/\\\/www.manabi.gob.ec\\\/index.php\\\/se-aperturo-el-puente-velasco-ibarra-del-canton-pichincha\\\/\"},\"author\":{\"name\":\"Lui Ochoa\",\"@id\":\"https:\\\/\\\/www.manabi.gob.ec\\\/#\\\/schema\\\/person\\\/c4f117989332ad723a6ced5994aa7d7a\"},\"headline\":\"SE APERTUR\u00d3 EL PUENTE VELASCO IBARRA DEL CANT\u00d3N PICHINCHA\",\"datePublished\":\"2023-12-27T01:36:04+00:00\",\"dateModified\":\"2023-12-27T01:36:10+00:00\",\"mainEntityOfPage\":{\"@id\":\"https:\\\/\\\/www.manabi.gob.ec\\\/index.php\\\/se-aperturo-el-puente-velasco-ibarra-del-canton-pichincha\\\/\"},\"wordCount\":237,\"image\":{\"@id\":\"https:\\\/\\\/www.manabi.gob.ec\\\/index.php\\\/se-aperturo-el-puente-velasco-ibarra-del-canton-pichincha\\\/#primaryimage\"},\"thumbnailUrl\":\"https:\\\/\\\/www.manabi.gob.ec\\\/wp-content\\\/uploads\\\/2023\\\/12\\\/WhatsApp-Image-2023-12-26-at-09.59.52.jpeg\",\"articleSection\":[\"Desarrollo Social\",\"Noticias\",\"Obra P\u00fablica\",\"Pichincha\",\"Todas\",\"Vialidad\"],\"inLanguage\":\"es\"},{\"@type\":\"WebPage\",\"@id\":\"https:\\\/\\\/www.manabi.gob.ec\\\/index.php\\\/se-aperturo-el-puente-velasco-ibarra-del-canton-pichincha\\\/\",\"url\":\"https:\\\/\\\/www.manabi.gob.ec\\\/index.php\\\/se-aperturo-el-puente-velasco-ibarra-del-canton-pichincha\\\/\",\"name\":\"SE APERTUR\u00d3 EL PUENTE VELASCO IBARRA DEL CANT\u00d3N PICHINCHA - Prefectura de Manab\u00ed\",\"isPartOf\":{\"@id\":\"https:\\\/\\\/www.manabi.gob.ec\\\/#website\"},\"primaryImageOfPage\":{\"@id\":\"https:\\\/\\\/www.manabi.gob.ec\\\/index.php\\\/se-aperturo-el-puente-velasco-ibarra-del-canton-pichincha\\\/#primaryimage\"},\"image\":{\"@id\":\"https:\\\/\\\/www.manabi.gob.ec\\\/index.php\\\/se-aperturo-el-puente-velasco-ibarra-del-canton-pichincha\\\/#primaryimage\"},\"thumbnailUrl\":\"https:\\\/\\\/www.manabi.gob.ec\\\/wp-content\\\/uploads\\\/2023\\\/12\\\/WhatsApp-Image-2023-12-26-at-09.59.52.jpeg\",\"datePublished\":\"2023-12-27T01:36:04+00:00\",\"dateModified\":\"2023-12-27T01:36:10+00:00\",\"author\":{\"@id\":\"https:\\\/\\\/www.manabi.gob.ec\\\/#\\\/schema\\\/person\\\/c4f117989332ad723a6ced5994aa7d7a\"},\"breadcrumb\":{\"@id\":\"https:\\\/\\\/www.manabi.gob.ec\\\/index.php\\\/se-aperturo-el-puente-velasco-ibarra-del-canton-pichincha\\\/#breadcrumb\"},\"inLanguage\":\"es\",\"potentialAction\":[{\"@type\":\"ReadAction\",\"target\":[\"https:\\\/\\\/www.manabi.gob.ec\\\/index.php\\\/se-aperturo-el-puente-velasco-ibarra-del-canton-pichincha\\\/\"]}]},{\"@type\":\"ImageObject\",\"inLanguage\":\"es\",\"@id\":\"https:\\\/\\\/www.manabi.gob.ec\\\/index.php\\\/se-aperturo-el-puente-velasco-ibarra-del-canton-pichincha\\\/#primaryimage\",\"url\":\"https:\\\/\\\/www.manabi.gob.ec\\\/wp-content\\\/uploads\\\/2023\\\/12\\\/WhatsApp-Image-2023-12-26-at-09.59.52.jpeg\",\"contentUrl\":\"https:\\\/\\\/www.manabi.gob.ec\\\/wp-content\\\/uploads\\\/2023\\\/12\\\/WhatsApp-Image-2023-12-26-at-09.59.52.jpeg\",\"width\":1024,\"height\":744},{\"@type\":\"BreadcrumbList\",\"@id\":\"https:\\\/\\\/www.manabi.gob.ec\\\/index.php\\\/se-aperturo-el-puente-velasco-ibarra-del-canton-pichincha\\\/#breadcrumb\",\"itemListElement\":[{\"@type\":\"ListItem\",\"position\":1,\"name\":\"Portada\",\"item\":\"https:\\\/\\\/www.manabi.gob.ec\\\/\"},{\"@type\":\"ListItem\",\"position\":2,\"name\":\"SE APERTUR\u00d3 EL PUENTE VELASCO IBARRA DEL CANT\u00d3N PICHINCHA\"}]},{\"@type\":\"WebSite\",\"@id\":\"https:\\\/\\\/www.manabi.gob.ec\\\/#website\",\"url\":\"https:\\\/\\\/www.manabi.gob.ec\\\/\",\"name\":\"Prefectura de Manab\u00ed\",\"description\":\"P\u00e1gina web de la prefectura\",\"potentialAction\":[{\"@type\":\"SearchAction\",\"target\":{\"@type\":\"EntryPoint\",\"urlTemplate\":\"https:\\\/\\\/www.manabi.gob.ec\\\/?s={search_term_string}\"},\"query-input\":{\"@type\":\"PropertyValueSpecification\",\"valueRequired\":true,\"valueName\":\"search_term_string\"}}],\"inLanguage\":\"es\"},{\"@type\":\"Person\",\"@id\":\"https:\\\/\\\/www.manabi.gob.ec\\\/#\\\/schema\\\/person\\\/c4f117989332ad723a6ced5994aa7d7a\",\"name\":\"Lui Ochoa\",\"image\":{\"@type\":\"ImageObject\",\"inLanguage\":\"es\",\"@id\":\"https:\\\/\\\/secure.gravatar.com\\\/avatar\\\/6e8017d0fe69dead8a95864d2eb6e1e1d8bf8e01194ba49cf7b897ff038126ba?s=96&d=mm&r=g\",\"url\":\"https:\\\/\\\/secure.gravatar.com\\\/avatar\\\/6e8017d0fe69dead8a95864d2eb6e1e1d8bf8e01194ba49cf7b897ff038126ba?s=96&d=mm&r=g\",\"contentUrl\":\"https:\\\/\\\/secure.gravatar.com\\\/avatar\\\/6e8017d0fe69dead8a95864d2eb6e1e1d8bf8e01194ba49cf7b897ff038126ba?s=96&d=mm&r=g\",\"caption\":\"Lui Ochoa\"},\"url\":\"https:\\\/\\\/www.manabi.gob.ec\\\/index.php\\\/author\\\/lochoa\\\/\"}]}<\/script>\n<!-- \/ Yoast SEO plugin. -->","yoast_head_json":{"title":"SE APERTUR\u00d3 EL PUENTE VELASCO IBARRA DEL CANT\u00d3N PICHINCHA - Prefectura de Manab\u00ed","robots":{"index":"index","follow":"follow","max-snippet":"max-snippet:-1","max-image-preview":"max-image-preview:large","max-video-preview":"max-video-preview:-1"},"canonical":"https:\/\/www.manabi.gob.ec\/index.php\/se-aperturo-el-puente-velasco-ibarra-del-canton-pichincha\/","og_locale":"es_ES","og_type":"article","og_title":"SE APERTUR\u00d3 EL PUENTE VELASCO IBARRA DEL CANT\u00d3N PICHINCHA - Prefectura de Manab\u00ed","og_description":"El prefecto de Manab\u00ed, Leonardo Orlando junto al alcalde de Pichincha y el subsecretario del MInisterio de Transporte y Obras P\u00fablicas realizaron la apertura al tr\u00e1nsito vehicular en el puente Velasco Ibarra. Obra que se ejecut\u00f3 en su primera fase mediante un convenio tripartito, entre el Ministerio de Transporte y Obras P\u00fablicas (MTOP), la Prefectura [&hellip;]","og_url":"https:\/\/www.manabi.gob.ec\/index.php\/se-aperturo-el-puente-velasco-ibarra-del-canton-pichincha\/","og_site_name":"Prefectura de Manab\u00ed","article_published_time":"2023-12-27T01:36:04+00:00","article_modified_time":"2023-12-27T01:36:10+00:00","og_image":[{"width":1024,"height":744,"url":"https:\/\/www.manabi.gob.ec\/wp-content\/uploads\/2023\/12\/WhatsApp-Image-2023-12-26-at-09.59.52.jpeg","type":"image\/jpeg"}],"author":"Lui Ochoa","twitter_card":"summary_large_image","twitter_misc":{"Escrito por":"Lui Ochoa","Tiempo de lectura":"2 minutos"},"schema":{"@context":"https:\/\/schema.org","@graph":[{"@type":"Article","@id":"https:\/\/www.manabi.gob.ec\/index.php\/se-aperturo-el-puente-velasco-ibarra-del-canton-pichincha\/#article","isPartOf":{"@id":"https:\/\/www.manabi.gob.ec\/index.php\/se-aperturo-el-puente-velasco-ibarra-del-canton-pichincha\/"},"author":{"name":"Lui Ochoa","@id":"https:\/\/www.manabi.gob.ec\/#\/schema\/person\/c4f117989332ad723a6ced5994aa7d7a"},"headline":"SE APERTUR\u00d3 EL PUENTE VELASCO IBARRA DEL CANT\u00d3N PICHINCHA","datePublished":"2023-12-27T01:36:04+00:00","dateModified":"2023-12-27T01:36:10+00:00","mainEntityOfPage":{"@id":"https:\/\/www.manabi.gob.ec\/index.php\/se-aperturo-el-puente-velasco-ibarra-del-canton-pichincha\/"},"wordCount":237,"image":{"@id":"https:\/\/www.manabi.gob.ec\/index.php\/se-aperturo-el-puente-velasco-ibarra-del-canton-pichincha\/#primaryimage"},"thumbnailUrl":"https:\/\/www.manabi.gob.ec\/wp-content\/uploads\/2023\/12\/WhatsApp-Image-2023-12-26-at-09.59.52.jpeg","articleSection":["Desarrollo Social","Noticias","Obra P\u00fablica","Pichincha","Todas","Vialidad"],"inLanguage":"es"},{"@type":"WebPage","@id":"https:\/\/www.manabi.gob.ec\/index.php\/se-aperturo-el-puente-velasco-ibarra-del-canton-pichincha\/","url":"https:\/\/www.manabi.gob.ec\/index.php\/se-aperturo-el-puente-velasco-ibarra-del-canton-pichincha\/","name":"SE APERTUR\u00d3 EL PUENTE VELASCO IBARRA DEL CANT\u00d3N PICHINCHA - Prefectura de Manab\u00ed","isPartOf":{"@id":"https:\/\/www.manabi.gob.ec\/#website"},"primaryImageOfPage":{"@id":"https:\/\/www.manabi.gob.ec\/index.php\/se-aperturo-el-puente-velasco-ibarra-del-canton-pichincha\/#primaryimage"},"image":{"@id":"https:\/\/www.manabi.gob.ec\/index.php\/se-aperturo-el-puente-velasco-ibarra-del-canton-pichincha\/#primaryimage"},"thumbnailUrl":"https:\/\/www.manabi.gob.ec\/wp-content\/uploads\/2023\/12\/WhatsApp-Image-2023-12-26-at-09.59.52.jpeg","datePublished":"2023-12-27T01:36:04+00:00","dateModified":"2023-12-27T01:36:10+00:00","author":{"@id":"https:\/\/www.manabi.gob.ec\/#\/schema\/person\/c4f117989332ad723a6ced5994aa7d7a"},"breadcrumb":{"@id":"https:\/\/www.manabi.gob.ec\/index.php\/se-aperturo-el-puente-velasco-ibarra-del-canton-pichincha\/#breadcrumb"},"inLanguage":"es","potentialAction":[{"@type":"ReadAction","target":["https:\/\/www.manabi.gob.ec\/index.php\/se-aperturo-el-puente-velasco-ibarra-del-canton-pichincha\/"]}]},{"@type":"ImageObject","inLanguage":"es","@id":"https:\/\/www.manabi.gob.ec\/index.php\/se-aperturo-el-puente-velasco-ibarra-del-canton-pichincha\/#primaryimage","url":"https:\/\/www.manabi.gob.ec\/wp-content\/uploads\/2023\/12\/WhatsApp-Image-2023-12-26-at-09.59.52.jpeg","contentUrl":"https:\/\/www.manabi.gob.ec\/wp-content\/uploads\/2023\/12\/WhatsApp-Image-2023-12-26-at-09.59.52.jpeg","width":1024,"height":744},{"@type":"BreadcrumbList","@id":"https:\/\/www.manabi.gob.ec\/index.php\/se-aperturo-el-puente-velasco-ibarra-del-canton-pichincha\/#breadcrumb","itemListElement":[{"@type":"ListItem","position":1,"name":"Portada","item":"https:\/\/www.manabi.gob.ec\/"},{"@type":"ListItem","position":2,"name":"SE APERTUR\u00d3 EL PUENTE VELASCO IBARRA DEL CANT\u00d3N PICHINCHA"}]},{"@type":"WebSite","@id":"https:\/\/www.manabi.gob.ec\/#website","url":"https:\/\/www.manabi.gob.ec\/","name":"Prefectura de Manab\u00ed","description":"P\u00e1gina web de la prefectura","potentialAction":[{"@type":"SearchAction","target":{"@type":"EntryPoint","urlTemplate":"https:\/\/www.manabi.gob.ec\/?s={search_term_string}"},"query-input":{"@type":"PropertyValueSpecification","valueRequired":true,"valueName":"search_term_string"}}],"inLanguage":"es"},{"@type":"Person","@id":"https:\/\/www.manabi.gob.ec\/#\/schema\/person\/c4f117989332ad723a6ced5994aa7d7a","name":"Lui Ochoa","image":{"@type":"ImageObject","inLanguage":"es","@id":"https:\/\/secure.gravatar.com\/avatar\/6e8017d0fe69dead8a95864d2eb6e1e1d8bf8e01194ba49cf7b897ff038126ba?s=96&d=mm&r=g","url":"https:\/\/secure.gravatar.com\/avatar\/6e8017d0fe69dead8a95864d2eb6e1e1d8bf8e01194ba49cf7b897ff038126ba?s=96&d=mm&r=g","contentUrl":"https:\/\/secure.gravatar.com\/avatar\/6e8017d0fe69dead8a95864d2eb6e1e1d8bf8e01194ba49cf7b897ff038126ba?s=96&d=mm&r=g","caption":"Lui Ochoa"},"url":"https:\/\/www.manabi.gob.ec\/index.php\/author\/lochoa\/"}]}},"jetpack_featured_media_url":"https:\/\/www.manabi.gob.ec\/wp-content\/uploads\/2023\/12\/WhatsApp-Image-2023-12-26-at-09.59.52.jpeg","_links":{"self":[{"href":"https:\/\/www.manabi.gob.ec\/index.php\/wp-json\/wp\/v2\/posts\/26810","targetHints":{"allow":["GET"]}}],"collection":[{"href":"https:\/\/www.manabi.gob.ec\/index.php\/wp-json\/wp\/v2\/posts"}],"about":[{"href":"https:\/\/www.manabi.gob.ec\/index.php\/wp-json\/wp\/v2\/types\/post"}],"author":[{"embeddable":true,"href":"https:\/\/www.manabi.gob.ec\/index.php\/wp-json\/wp\/v2\/users\/10"}],"replies":[{"embeddable":true,"href":"https:\/\/www.manabi.gob.ec\/index.php\/wp-json\/wp\/v2\/comments?post=26810"}],"version-history":[{"count":1,"href":"https:\/\/www.manabi.gob.ec\/index.php\/wp-json\/wp\/v2\/posts\/26810\/revisions"}],"predecessor-version":[{"id":26812,"href":"https:\/\/www.manabi.gob.ec\/index.php\/wp-json\/wp\/v2\/posts\/26810\/revisions\/26812"}],"wp:featuredmedia":[{"embeddable":true,"href":"https:\/\/www.manabi.gob.ec\/index.php\/wp-json\/wp\/v2\/media\/26811"}],"wp:attachment":[{"href":"https:\/\/www.manabi.gob.ec\/index.php\/wp-json\/wp\/v2\/media?parent=26810"}],"wp:term":[{"taxonomy":"category","embeddable":true,"href":"https:\/\/www.manabi.gob.ec\/index.php\/wp-json\/wp\/v2\/categories?post=26810"},{"taxonomy":"post_tag","embeddable":true,"href":"https:\/\/www.manabi.gob.ec\/index.php\/wp-json\/wp\/v2\/tags?post=26810"}],"curies":[{"name":"wp","href":"https:\/\/api.w.org\/{rel}","templated":true}]}}