{"id":26828,"date":"2024-01-04T17:19:41","date_gmt":"2024-01-04T17:19:41","guid":{"rendered":"https:\/\/www.manabi.gob.ec\/?p=26828"},"modified":"2024-01-04T17:19:47","modified_gmt":"2024-01-04T17:19:47","slug":"operacion-justicia-social-de-la-prefectura-de-manabi-en-accion","status":"publish","type":"post","link":"https:\/\/www.manabi.gob.ec\/index.php\/operacion-justicia-social-de-la-prefectura-de-manabi-en-accion\/","title":{"rendered":"\u00a1Operaci\u00f3n Justicia Social de la Prefectura de Manab\u00ed en Acci\u00f3n!"},"content":{"rendered":"\n<p>Entreg\u00f3 ayudas t\u00e9cnicas y humanitarias en el cant\u00f3n El Carmen<\/p>\n\n\n\n<p>Este 3 de enero, la Prefectura de Manab\u00ed llev\u00f3 a cabo varias entregas de ayudas t\u00e9cnicas y humanitarias a trav\u00e9s del proyecto Operaci\u00f3n Justicia Social, en el cant\u00f3n El Carmen.<br>La Viceprefecta Kelly Buenaventura Moreira estuvo presente durante estas actividades, participando tanto en la distribuci\u00f3n realizada en la oficina t\u00e9cnica desconcentrada de la Prefectura en el cant\u00f3n, como en las visitas domiciliarias.<br>Diez beneficiarios tuvieron la oportunidad de recibir asistencia, entre ellos Santo Edil Anchundia, de 66 a\u00f1os, residente del Barrio La Esperanza, quien expres\u00f3 su gratitud al recibir la ayuda t\u00e9cnica.<br>\u00abEstas donaciones vienen llenas de amor para ustedes, de parte del Prefecto Leonardo Orlando y de su servidora. A pesar de los tiempos dif\u00edciles, es importante mantener la esperanza, y estas ayudas mejorar\u00e1n su calidad de vida\u00bb, indic\u00f3 la Viceprefecta, resaltando la importancia de estas entregas.<br>En la comunidad San Luis de Cajones, sitio Achiote, la Viceprefecta, junto con los t\u00e9cnicos de la Prefectura, brind\u00f3 ayuda humanitaria a una familia afectada por un incendio estructural ocurrido el 22 de diciembre de 2023.<\/p>\n","protected":false},"excerpt":{"rendered":"<p>Entreg\u00f3 ayudas t\u00e9cnicas y humanitarias en el cant\u00f3n El Carmen Este 3 de enero, la Prefectura de Manab\u00ed llev\u00f3 a cabo varias entregas de ayudas t\u00e9cnicas y humanitarias a trav\u00e9s del proyecto Operaci\u00f3n Justicia Social, en el cant\u00f3n El Carmen.La Viceprefecta Kelly Buenaventura Moreira estuvo presente durante estas actividades, participando tanto en la distribuci\u00f3n realizada [&hellip;]<\/p>\n","protected":false},"author":10,"featured_media":26833,"comment_status":"closed","ping_status":"closed","sticky":false,"template":"","format":"standard","meta":{"_joinchat":[],"footnotes":""},"categories":[142,183,92,193,91,127],"tags":[],"class_list":["post-26828","post","type-post","status-publish","format-standard","has-post-thumbnail","hentry","category-desarrollo-social","category-el-carmen","category-noticias-manabi","category-participacion-ciudadana","category-todas","category-vialidad"],"yoast_head":"<!-- This site is optimized with the Yoast SEO plugin v27.4 - https:\/\/yoast.com\/product\/yoast-seo-wordpress\/ -->\n<title>\u00a1Operaci\u00f3n Justicia Social de la Prefectura de Manab\u00ed en Acci\u00f3n! - Prefectura de Manab\u00ed<\/title>\n<meta name=\"robots\" content=\"index, follow, max-snippet:-1, max-image-preview:large, max-video-preview:-1\" \/>\n<link rel=\"canonical\" href=\"https:\/\/www.manabi.gob.ec\/index.php\/operacion-justicia-social-de-la-prefectura-de-manabi-en-accion\/\" \/>\n<meta property=\"og:locale\" content=\"es_ES\" \/>\n<meta property=\"og:type\" content=\"article\" \/>\n<meta property=\"og:title\" content=\"\u00a1Operaci\u00f3n Justicia Social de la Prefectura de Manab\u00ed en Acci\u00f3n! - Prefectura de Manab\u00ed\" \/>\n<meta property=\"og:description\" content=\"Entreg\u00f3 ayudas t\u00e9cnicas y humanitarias en el cant\u00f3n El Carmen Este 3 de enero, la Prefectura de Manab\u00ed llev\u00f3 a cabo varias entregas de ayudas t\u00e9cnicas y humanitarias a trav\u00e9s del proyecto Operaci\u00f3n Justicia Social, en el cant\u00f3n El Carmen.La Viceprefecta Kelly Buenaventura Moreira estuvo presente durante estas actividades, participando tanto en la distribuci\u00f3n realizada [&hellip;]\" \/>\n<meta property=\"og:url\" content=\"https:\/\/www.manabi.gob.ec\/index.php\/operacion-justicia-social-de-la-prefectura-de-manabi-en-accion\/\" \/>\n<meta property=\"og:site_name\" content=\"Prefectura de Manab\u00ed\" \/>\n<meta property=\"article:published_time\" content=\"2024-01-04T17:19:41+00:00\" \/>\n<meta property=\"article:modified_time\" content=\"2024-01-04T17:19:47+00:00\" \/>\n<meta property=\"og:image\" content=\"https:\/\/www.manabi.gob.ec\/wp-content\/uploads\/2024\/01\/WhatsApp-Image-2024-01-04-at-08.58.02.jpg\" \/>\n\t<meta property=\"og:image:width\" content=\"1522\" \/>\n\t<meta property=\"og:image:height\" content=\"1066\" \/>\n\t<meta property=\"og:image:type\" content=\"image\/jpeg\" \/>\n<meta name=\"author\" content=\"Lui Ochoa\" \/>\n<meta name=\"twitter:card\" content=\"summary_large_image\" \/>\n<meta name=\"twitter:label1\" content=\"Escrito por\" \/>\n\t<meta name=\"twitter:data1\" content=\"Lui Ochoa\" \/>\n\t<meta name=\"twitter:label2\" content=\"Tiempo de lectura\" \/>\n\t<meta name=\"twitter:data2\" content=\"2 minutos\" \/>\n<script type=\"application\/ld+json\" class=\"yoast-schema-graph\">{\"@context\":\"https:\\\/\\\/schema.org\",\"@graph\":[{\"@type\":\"Article\",\"@id\":\"https:\\\/\\\/www.manabi.gob.ec\\\/index.php\\\/operacion-justicia-social-de-la-prefectura-de-manabi-en-accion\\\/#article\",\"isPartOf\":{\"@id\":\"https:\\\/\\\/www.manabi.gob.ec\\\/index.php\\\/operacion-justicia-social-de-la-prefectura-de-manabi-en-accion\\\/\"},\"author\":{\"name\":\"Lui Ochoa\",\"@id\":\"https:\\\/\\\/www.manabi.gob.ec\\\/#\\\/schema\\\/person\\\/c4f117989332ad723a6ced5994aa7d7a\"},\"headline\":\"\u00a1Operaci\u00f3n Justicia Social de la Prefectura de Manab\u00ed en Acci\u00f3n!\",\"datePublished\":\"2024-01-04T17:19:41+00:00\",\"dateModified\":\"2024-01-04T17:19:47+00:00\",\"mainEntityOfPage\":{\"@id\":\"https:\\\/\\\/www.manabi.gob.ec\\\/index.php\\\/operacion-justicia-social-de-la-prefectura-de-manabi-en-accion\\\/\"},\"wordCount\":206,\"image\":{\"@id\":\"https:\\\/\\\/www.manabi.gob.ec\\\/index.php\\\/operacion-justicia-social-de-la-prefectura-de-manabi-en-accion\\\/#primaryimage\"},\"thumbnailUrl\":\"https:\\\/\\\/www.manabi.gob.ec\\\/wp-content\\\/uploads\\\/2024\\\/01\\\/WhatsApp-Image-2024-01-04-at-08.58.02.jpg\",\"articleSection\":[\"Desarrollo Social\",\"El Carmen\",\"Noticias\",\"Participaci\u00f3n ciudadana\",\"Todas\",\"Vialidad\"],\"inLanguage\":\"es\"},{\"@type\":\"WebPage\",\"@id\":\"https:\\\/\\\/www.manabi.gob.ec\\\/index.php\\\/operacion-justicia-social-de-la-prefectura-de-manabi-en-accion\\\/\",\"url\":\"https:\\\/\\\/www.manabi.gob.ec\\\/index.php\\\/operacion-justicia-social-de-la-prefectura-de-manabi-en-accion\\\/\",\"name\":\"\u00a1Operaci\u00f3n Justicia Social de la Prefectura de Manab\u00ed en Acci\u00f3n! - Prefectura de Manab\u00ed\",\"isPartOf\":{\"@id\":\"https:\\\/\\\/www.manabi.gob.ec\\\/#website\"},\"primaryImageOfPage\":{\"@id\":\"https:\\\/\\\/www.manabi.gob.ec\\\/index.php\\\/operacion-justicia-social-de-la-prefectura-de-manabi-en-accion\\\/#primaryimage\"},\"image\":{\"@id\":\"https:\\\/\\\/www.manabi.gob.ec\\\/index.php\\\/operacion-justicia-social-de-la-prefectura-de-manabi-en-accion\\\/#primaryimage\"},\"thumbnailUrl\":\"https:\\\/\\\/www.manabi.gob.ec\\\/wp-content\\\/uploads\\\/2024\\\/01\\\/WhatsApp-Image-2024-01-04-at-08.58.02.jpg\",\"datePublished\":\"2024-01-04T17:19:41+00:00\",\"dateModified\":\"2024-01-04T17:19:47+00:00\",\"author\":{\"@id\":\"https:\\\/\\\/www.manabi.gob.ec\\\/#\\\/schema\\\/person\\\/c4f117989332ad723a6ced5994aa7d7a\"},\"breadcrumb\":{\"@id\":\"https:\\\/\\\/www.manabi.gob.ec\\\/index.php\\\/operacion-justicia-social-de-la-prefectura-de-manabi-en-accion\\\/#breadcrumb\"},\"inLanguage\":\"es\",\"potentialAction\":[{\"@type\":\"ReadAction\",\"target\":[\"https:\\\/\\\/www.manabi.gob.ec\\\/index.php\\\/operacion-justicia-social-de-la-prefectura-de-manabi-en-accion\\\/\"]}]},{\"@type\":\"ImageObject\",\"inLanguage\":\"es\",\"@id\":\"https:\\\/\\\/www.manabi.gob.ec\\\/index.php\\\/operacion-justicia-social-de-la-prefectura-de-manabi-en-accion\\\/#primaryimage\",\"url\":\"https:\\\/\\\/www.manabi.gob.ec\\\/wp-content\\\/uploads\\\/2024\\\/01\\\/WhatsApp-Image-2024-01-04-at-08.58.02.jpg\",\"contentUrl\":\"https:\\\/\\\/www.manabi.gob.ec\\\/wp-content\\\/uploads\\\/2024\\\/01\\\/WhatsApp-Image-2024-01-04-at-08.58.02.jpg\",\"width\":1522,\"height\":1066},{\"@type\":\"BreadcrumbList\",\"@id\":\"https:\\\/\\\/www.manabi.gob.ec\\\/index.php\\\/operacion-justicia-social-de-la-prefectura-de-manabi-en-accion\\\/#breadcrumb\",\"itemListElement\":[{\"@type\":\"ListItem\",\"position\":1,\"name\":\"Portada\",\"item\":\"https:\\\/\\\/www.manabi.gob.ec\\\/\"},{\"@type\":\"ListItem\",\"position\":2,\"name\":\"\u00a1Operaci\u00f3n Justicia Social de la Prefectura de Manab\u00ed en Acci\u00f3n!\"}]},{\"@type\":\"WebSite\",\"@id\":\"https:\\\/\\\/www.manabi.gob.ec\\\/#website\",\"url\":\"https:\\\/\\\/www.manabi.gob.ec\\\/\",\"name\":\"Prefectura de Manab\u00ed\",\"description\":\"P\u00e1gina web de la prefectura\",\"potentialAction\":[{\"@type\":\"SearchAction\",\"target\":{\"@type\":\"EntryPoint\",\"urlTemplate\":\"https:\\\/\\\/www.manabi.gob.ec\\\/?s={search_term_string}\"},\"query-input\":{\"@type\":\"PropertyValueSpecification\",\"valueRequired\":true,\"valueName\":\"search_term_string\"}}],\"inLanguage\":\"es\"},{\"@type\":\"Person\",\"@id\":\"https:\\\/\\\/www.manabi.gob.ec\\\/#\\\/schema\\\/person\\\/c4f117989332ad723a6ced5994aa7d7a\",\"name\":\"Lui Ochoa\",\"image\":{\"@type\":\"ImageObject\",\"inLanguage\":\"es\",\"@id\":\"https:\\\/\\\/secure.gravatar.com\\\/avatar\\\/6e8017d0fe69dead8a95864d2eb6e1e1d8bf8e01194ba49cf7b897ff038126ba?s=96&d=mm&r=g\",\"url\":\"https:\\\/\\\/secure.gravatar.com\\\/avatar\\\/6e8017d0fe69dead8a95864d2eb6e1e1d8bf8e01194ba49cf7b897ff038126ba?s=96&d=mm&r=g\",\"contentUrl\":\"https:\\\/\\\/secure.gravatar.com\\\/avatar\\\/6e8017d0fe69dead8a95864d2eb6e1e1d8bf8e01194ba49cf7b897ff038126ba?s=96&d=mm&r=g\",\"caption\":\"Lui Ochoa\"},\"url\":\"https:\\\/\\\/www.manabi.gob.ec\\\/index.php\\\/author\\\/lochoa\\\/\"}]}<\/script>\n<!-- \/ Yoast SEO plugin. -->","yoast_head_json":{"title":"\u00a1Operaci\u00f3n Justicia Social de la Prefectura de Manab\u00ed en Acci\u00f3n! - Prefectura de Manab\u00ed","robots":{"index":"index","follow":"follow","max-snippet":"max-snippet:-1","max-image-preview":"max-image-preview:large","max-video-preview":"max-video-preview:-1"},"canonical":"https:\/\/www.manabi.gob.ec\/index.php\/operacion-justicia-social-de-la-prefectura-de-manabi-en-accion\/","og_locale":"es_ES","og_type":"article","og_title":"\u00a1Operaci\u00f3n Justicia Social de la Prefectura de Manab\u00ed en Acci\u00f3n! - Prefectura de Manab\u00ed","og_description":"Entreg\u00f3 ayudas t\u00e9cnicas y humanitarias en el cant\u00f3n El Carmen Este 3 de enero, la Prefectura de Manab\u00ed llev\u00f3 a cabo varias entregas de ayudas t\u00e9cnicas y humanitarias a trav\u00e9s del proyecto Operaci\u00f3n Justicia Social, en el cant\u00f3n El Carmen.La Viceprefecta Kelly Buenaventura Moreira estuvo presente durante estas actividades, participando tanto en la distribuci\u00f3n realizada [&hellip;]","og_url":"https:\/\/www.manabi.gob.ec\/index.php\/operacion-justicia-social-de-la-prefectura-de-manabi-en-accion\/","og_site_name":"Prefectura de Manab\u00ed","article_published_time":"2024-01-04T17:19:41+00:00","article_modified_time":"2024-01-04T17:19:47+00:00","og_image":[{"width":1522,"height":1066,"url":"https:\/\/www.manabi.gob.ec\/wp-content\/uploads\/2024\/01\/WhatsApp-Image-2024-01-04-at-08.58.02.jpg","type":"image\/jpeg"}],"author":"Lui Ochoa","twitter_card":"summary_large_image","twitter_misc":{"Escrito por":"Lui Ochoa","Tiempo de lectura":"2 minutos"},"schema":{"@context":"https:\/\/schema.org","@graph":[{"@type":"Article","@id":"https:\/\/www.manabi.gob.ec\/index.php\/operacion-justicia-social-de-la-prefectura-de-manabi-en-accion\/#article","isPartOf":{"@id":"https:\/\/www.manabi.gob.ec\/index.php\/operacion-justicia-social-de-la-prefectura-de-manabi-en-accion\/"},"author":{"name":"Lui Ochoa","@id":"https:\/\/www.manabi.gob.ec\/#\/schema\/person\/c4f117989332ad723a6ced5994aa7d7a"},"headline":"\u00a1Operaci\u00f3n Justicia Social de la Prefectura de Manab\u00ed en Acci\u00f3n!","datePublished":"2024-01-04T17:19:41+00:00","dateModified":"2024-01-04T17:19:47+00:00","mainEntityOfPage":{"@id":"https:\/\/www.manabi.gob.ec\/index.php\/operacion-justicia-social-de-la-prefectura-de-manabi-en-accion\/"},"wordCount":206,"image":{"@id":"https:\/\/www.manabi.gob.ec\/index.php\/operacion-justicia-social-de-la-prefectura-de-manabi-en-accion\/#primaryimage"},"thumbnailUrl":"https:\/\/www.manabi.gob.ec\/wp-content\/uploads\/2024\/01\/WhatsApp-Image-2024-01-04-at-08.58.02.jpg","articleSection":["Desarrollo Social","El Carmen","Noticias","Participaci\u00f3n ciudadana","Todas","Vialidad"],"inLanguage":"es"},{"@type":"WebPage","@id":"https:\/\/www.manabi.gob.ec\/index.php\/operacion-justicia-social-de-la-prefectura-de-manabi-en-accion\/","url":"https:\/\/www.manabi.gob.ec\/index.php\/operacion-justicia-social-de-la-prefectura-de-manabi-en-accion\/","name":"\u00a1Operaci\u00f3n Justicia Social de la Prefectura de Manab\u00ed en Acci\u00f3n! - Prefectura de Manab\u00ed","isPartOf":{"@id":"https:\/\/www.manabi.gob.ec\/#website"},"primaryImageOfPage":{"@id":"https:\/\/www.manabi.gob.ec\/index.php\/operacion-justicia-social-de-la-prefectura-de-manabi-en-accion\/#primaryimage"},"image":{"@id":"https:\/\/www.manabi.gob.ec\/index.php\/operacion-justicia-social-de-la-prefectura-de-manabi-en-accion\/#primaryimage"},"thumbnailUrl":"https:\/\/www.manabi.gob.ec\/wp-content\/uploads\/2024\/01\/WhatsApp-Image-2024-01-04-at-08.58.02.jpg","datePublished":"2024-01-04T17:19:41+00:00","dateModified":"2024-01-04T17:19:47+00:00","author":{"@id":"https:\/\/www.manabi.gob.ec\/#\/schema\/person\/c4f117989332ad723a6ced5994aa7d7a"},"breadcrumb":{"@id":"https:\/\/www.manabi.gob.ec\/index.php\/operacion-justicia-social-de-la-prefectura-de-manabi-en-accion\/#breadcrumb"},"inLanguage":"es","potentialAction":[{"@type":"ReadAction","target":["https:\/\/www.manabi.gob.ec\/index.php\/operacion-justicia-social-de-la-prefectura-de-manabi-en-accion\/"]}]},{"@type":"ImageObject","inLanguage":"es","@id":"https:\/\/www.manabi.gob.ec\/index.php\/operacion-justicia-social-de-la-prefectura-de-manabi-en-accion\/#primaryimage","url":"https:\/\/www.manabi.gob.ec\/wp-content\/uploads\/2024\/01\/WhatsApp-Image-2024-01-04-at-08.58.02.jpg","contentUrl":"https:\/\/www.manabi.gob.ec\/wp-content\/uploads\/2024\/01\/WhatsApp-Image-2024-01-04-at-08.58.02.jpg","width":1522,"height":1066},{"@type":"BreadcrumbList","@id":"https:\/\/www.manabi.gob.ec\/index.php\/operacion-justicia-social-de-la-prefectura-de-manabi-en-accion\/#breadcrumb","itemListElement":[{"@type":"ListItem","position":1,"name":"Portada","item":"https:\/\/www.manabi.gob.ec\/"},{"@type":"ListItem","position":2,"name":"\u00a1Operaci\u00f3n Justicia Social de la Prefectura de Manab\u00ed en Acci\u00f3n!"}]},{"@type":"WebSite","@id":"https:\/\/www.manabi.gob.ec\/#website","url":"https:\/\/www.manabi.gob.ec\/","name":"Prefectura de Manab\u00ed","description":"P\u00e1gina web de la prefectura","potentialAction":[{"@type":"SearchAction","target":{"@type":"EntryPoint","urlTemplate":"https:\/\/www.manabi.gob.ec\/?s={search_term_string}"},"query-input":{"@type":"PropertyValueSpecification","valueRequired":true,"valueName":"search_term_string"}}],"inLanguage":"es"},{"@type":"Person","@id":"https:\/\/www.manabi.gob.ec\/#\/schema\/person\/c4f117989332ad723a6ced5994aa7d7a","name":"Lui Ochoa","image":{"@type":"ImageObject","inLanguage":"es","@id":"https:\/\/secure.gravatar.com\/avatar\/6e8017d0fe69dead8a95864d2eb6e1e1d8bf8e01194ba49cf7b897ff038126ba?s=96&d=mm&r=g","url":"https:\/\/secure.gravatar.com\/avatar\/6e8017d0fe69dead8a95864d2eb6e1e1d8bf8e01194ba49cf7b897ff038126ba?s=96&d=mm&r=g","contentUrl":"https:\/\/secure.gravatar.com\/avatar\/6e8017d0fe69dead8a95864d2eb6e1e1d8bf8e01194ba49cf7b897ff038126ba?s=96&d=mm&r=g","caption":"Lui Ochoa"},"url":"https:\/\/www.manabi.gob.ec\/index.php\/author\/lochoa\/"}]}},"jetpack_featured_media_url":"https:\/\/www.manabi.gob.ec\/wp-content\/uploads\/2024\/01\/WhatsApp-Image-2024-01-04-at-08.58.02.jpg","_links":{"self":[{"href":"https:\/\/www.manabi.gob.ec\/index.php\/wp-json\/wp\/v2\/posts\/26828","targetHints":{"allow":["GET"]}}],"collection":[{"href":"https:\/\/www.manabi.gob.ec\/index.php\/wp-json\/wp\/v2\/posts"}],"about":[{"href":"https:\/\/www.manabi.gob.ec\/index.php\/wp-json\/wp\/v2\/types\/post"}],"author":[{"embeddable":true,"href":"https:\/\/www.manabi.gob.ec\/index.php\/wp-json\/wp\/v2\/users\/10"}],"replies":[{"embeddable":true,"href":"https:\/\/www.manabi.gob.ec\/index.php\/wp-json\/wp\/v2\/comments?post=26828"}],"version-history":[{"count":1,"href":"https:\/\/www.manabi.gob.ec\/index.php\/wp-json\/wp\/v2\/posts\/26828\/revisions"}],"predecessor-version":[{"id":26834,"href":"https:\/\/www.manabi.gob.ec\/index.php\/wp-json\/wp\/v2\/posts\/26828\/revisions\/26834"}],"wp:featuredmedia":[{"embeddable":true,"href":"https:\/\/www.manabi.gob.ec\/index.php\/wp-json\/wp\/v2\/media\/26833"}],"wp:attachment":[{"href":"https:\/\/www.manabi.gob.ec\/index.php\/wp-json\/wp\/v2\/media?parent=26828"}],"wp:term":[{"taxonomy":"category","embeddable":true,"href":"https:\/\/www.manabi.gob.ec\/index.php\/wp-json\/wp\/v2\/categories?post=26828"},{"taxonomy":"post_tag","embeddable":true,"href":"https:\/\/www.manabi.gob.ec\/index.php\/wp-json\/wp\/v2\/tags?post=26828"}],"curies":[{"name":"wp","href":"https:\/\/api.w.org\/{rel}","templated":true}]}}