{"id":26890,"date":"2024-01-12T19:48:01","date_gmt":"2024-01-12T19:48:01","guid":{"rendered":"https:\/\/www.manabi.gob.ec\/?p=26890"},"modified":"2024-01-12T19:48:08","modified_gmt":"2024-01-12T19:48:08","slug":"26-comunidades-de-riochico-seran-atendidas-por-la-prefectura-y-el-gad-parroquial","status":"publish","type":"post","link":"https:\/\/www.manabi.gob.ec\/index.php\/26-comunidades-de-riochico-seran-atendidas-por-la-prefectura-y-el-gad-parroquial\/","title":{"rendered":"26 comunidades de Riochico ser\u00e1n atendidas por la Prefectura y el GAD parroquial"},"content":{"rendered":"\n<p>Mediante la firma de un convenio entre la Prefectura de Manab\u00ed y el GAD parroquial de Riochico, se intervendr\u00e1 en la limpieza de cunetas, espaldones, desalojo de deslaves y encauzamiento de quebradas.<\/p>\n\n\n\n<p>La presidenta del GAD de Riochico, Elida Ch\u00e1vez; reconoce que el trabajo articulado permite un accionar mas eficiente a favor de las comunidades.<\/p>\n\n\n\n<p>El prefecto Leonardo Orlando dispuso que se realice recorridos de inspecci\u00f3n por las zonas que se van a intervenir con personal de Ambiente y Riesgo de la instituci\u00f3n, y; que un t\u00e9cnico de la Prefectura supervice y apoye en las tareas a realizarse.<\/p>\n\n\n\n<p>COMUNIDADES A INTERVENIRSE<br>En total 26 comunidades ser\u00e1n atendidas entre ellas: Arreaga, Los Ebanitos, Chacras Adentro, El Bejuco, El Corozo 1, El Corozo 2, El Guyabo, El Milagro, El Pechiche, El Rodeo, El Tomatal, El Zapote, La Balsita, La Encantada, Las Chacras, Los Casinos, Playa Prieta, Quebrada Grande, Riochico Centro, San Clemente, San Felipe, San Francisco, San Gabriel, San Jos\u00e9, San Vicente y Santa Martha.<\/p>\n","protected":false},"excerpt":{"rendered":"<p>Mediante la firma de un convenio entre la Prefectura de Manab\u00ed y el GAD parroquial de Riochico, se intervendr\u00e1 en la limpieza de cunetas, espaldones, desalojo de deslaves y encauzamiento de quebradas. La presidenta del GAD de Riochico, Elida Ch\u00e1vez; reconoce que el trabajo articulado permite un accionar mas eficiente a favor de las comunidades. [&hellip;]<\/p>\n","protected":false},"author":10,"featured_media":26891,"comment_status":"closed","ping_status":"closed","sticky":false,"template":"","format":"standard","meta":{"_joinchat":[],"footnotes":""},"categories":[150,142,92,181,89,91],"tags":[],"class_list":["post-26890","post","type-post","status-publish","format-standard","has-post-thumbnail","hentry","category-ambiente","category-desarrollo-social","category-noticias-manabi","category-obra-publica","category-riego-drenaje","category-todas"],"yoast_head":"<!-- This site is optimized with the Yoast SEO plugin v27.4 - https:\/\/yoast.com\/product\/yoast-seo-wordpress\/ -->\n<title>26 comunidades de Riochico ser\u00e1n atendidas por la Prefectura y el GAD parroquial - Prefectura de Manab\u00ed<\/title>\n<meta name=\"robots\" content=\"index, follow, max-snippet:-1, max-image-preview:large, max-video-preview:-1\" \/>\n<link rel=\"canonical\" href=\"https:\/\/www.manabi.gob.ec\/index.php\/26-comunidades-de-riochico-seran-atendidas-por-la-prefectura-y-el-gad-parroquial\/\" \/>\n<meta property=\"og:locale\" content=\"es_ES\" \/>\n<meta property=\"og:type\" content=\"article\" \/>\n<meta property=\"og:title\" content=\"26 comunidades de Riochico ser\u00e1n atendidas por la Prefectura y el GAD parroquial - Prefectura de Manab\u00ed\" \/>\n<meta property=\"og:description\" content=\"Mediante la firma de un convenio entre la Prefectura de Manab\u00ed y el GAD parroquial de Riochico, se intervendr\u00e1 en la limpieza de cunetas, espaldones, desalojo de deslaves y encauzamiento de quebradas. La presidenta del GAD de Riochico, Elida Ch\u00e1vez; reconoce que el trabajo articulado permite un accionar mas eficiente a favor de las comunidades. [&hellip;]\" \/>\n<meta property=\"og:url\" content=\"https:\/\/www.manabi.gob.ec\/index.php\/26-comunidades-de-riochico-seran-atendidas-por-la-prefectura-y-el-gad-parroquial\/\" \/>\n<meta property=\"og:site_name\" content=\"Prefectura de Manab\u00ed\" \/>\n<meta property=\"article:published_time\" content=\"2024-01-12T19:48:01+00:00\" \/>\n<meta property=\"article:modified_time\" content=\"2024-01-12T19:48:08+00:00\" \/>\n<meta property=\"og:image\" content=\"https:\/\/www.manabi.gob.ec\/wp-content\/uploads\/2024\/01\/WhatsApp-Image-2024-01-12-at-13.50.36.jpeg\" \/>\n\t<meta property=\"og:image:width\" content=\"1024\" \/>\n\t<meta property=\"og:image:height\" content=\"682\" \/>\n\t<meta property=\"og:image:type\" content=\"image\/jpeg\" \/>\n<meta name=\"author\" content=\"Lui Ochoa\" \/>\n<meta name=\"twitter:card\" content=\"summary_large_image\" \/>\n<meta name=\"twitter:label1\" content=\"Escrito por\" \/>\n\t<meta name=\"twitter:data1\" content=\"Lui Ochoa\" \/>\n\t<meta name=\"twitter:label2\" content=\"Tiempo de lectura\" \/>\n\t<meta name=\"twitter:data2\" content=\"1 minuto\" \/>\n<script type=\"application\/ld+json\" class=\"yoast-schema-graph\">{\"@context\":\"https:\\\/\\\/schema.org\",\"@graph\":[{\"@type\":\"Article\",\"@id\":\"https:\\\/\\\/www.manabi.gob.ec\\\/index.php\\\/26-comunidades-de-riochico-seran-atendidas-por-la-prefectura-y-el-gad-parroquial\\\/#article\",\"isPartOf\":{\"@id\":\"https:\\\/\\\/www.manabi.gob.ec\\\/index.php\\\/26-comunidades-de-riochico-seran-atendidas-por-la-prefectura-y-el-gad-parroquial\\\/\"},\"author\":{\"name\":\"Lui Ochoa\",\"@id\":\"https:\\\/\\\/www.manabi.gob.ec\\\/#\\\/schema\\\/person\\\/c4f117989332ad723a6ced5994aa7d7a\"},\"headline\":\"26 comunidades de Riochico ser\u00e1n atendidas por la Prefectura y el GAD parroquial\",\"datePublished\":\"2024-01-12T19:48:01+00:00\",\"dateModified\":\"2024-01-12T19:48:08+00:00\",\"mainEntityOfPage\":{\"@id\":\"https:\\\/\\\/www.manabi.gob.ec\\\/index.php\\\/26-comunidades-de-riochico-seran-atendidas-por-la-prefectura-y-el-gad-parroquial\\\/\"},\"wordCount\":177,\"image\":{\"@id\":\"https:\\\/\\\/www.manabi.gob.ec\\\/index.php\\\/26-comunidades-de-riochico-seran-atendidas-por-la-prefectura-y-el-gad-parroquial\\\/#primaryimage\"},\"thumbnailUrl\":\"https:\\\/\\\/www.manabi.gob.ec\\\/wp-content\\\/uploads\\\/2024\\\/01\\\/WhatsApp-Image-2024-01-12-at-13.50.36.jpeg\",\"articleSection\":[\"Ambiente\",\"Desarrollo Social\",\"Noticias\",\"Obra P\u00fablica\",\"Riego y drenaje\",\"Todas\"],\"inLanguage\":\"es\"},{\"@type\":\"WebPage\",\"@id\":\"https:\\\/\\\/www.manabi.gob.ec\\\/index.php\\\/26-comunidades-de-riochico-seran-atendidas-por-la-prefectura-y-el-gad-parroquial\\\/\",\"url\":\"https:\\\/\\\/www.manabi.gob.ec\\\/index.php\\\/26-comunidades-de-riochico-seran-atendidas-por-la-prefectura-y-el-gad-parroquial\\\/\",\"name\":\"26 comunidades de Riochico ser\u00e1n atendidas por la Prefectura y el GAD parroquial - Prefectura de Manab\u00ed\",\"isPartOf\":{\"@id\":\"https:\\\/\\\/www.manabi.gob.ec\\\/#website\"},\"primaryImageOfPage\":{\"@id\":\"https:\\\/\\\/www.manabi.gob.ec\\\/index.php\\\/26-comunidades-de-riochico-seran-atendidas-por-la-prefectura-y-el-gad-parroquial\\\/#primaryimage\"},\"image\":{\"@id\":\"https:\\\/\\\/www.manabi.gob.ec\\\/index.php\\\/26-comunidades-de-riochico-seran-atendidas-por-la-prefectura-y-el-gad-parroquial\\\/#primaryimage\"},\"thumbnailUrl\":\"https:\\\/\\\/www.manabi.gob.ec\\\/wp-content\\\/uploads\\\/2024\\\/01\\\/WhatsApp-Image-2024-01-12-at-13.50.36.jpeg\",\"datePublished\":\"2024-01-12T19:48:01+00:00\",\"dateModified\":\"2024-01-12T19:48:08+00:00\",\"author\":{\"@id\":\"https:\\\/\\\/www.manabi.gob.ec\\\/#\\\/schema\\\/person\\\/c4f117989332ad723a6ced5994aa7d7a\"},\"breadcrumb\":{\"@id\":\"https:\\\/\\\/www.manabi.gob.ec\\\/index.php\\\/26-comunidades-de-riochico-seran-atendidas-por-la-prefectura-y-el-gad-parroquial\\\/#breadcrumb\"},\"inLanguage\":\"es\",\"potentialAction\":[{\"@type\":\"ReadAction\",\"target\":[\"https:\\\/\\\/www.manabi.gob.ec\\\/index.php\\\/26-comunidades-de-riochico-seran-atendidas-por-la-prefectura-y-el-gad-parroquial\\\/\"]}]},{\"@type\":\"ImageObject\",\"inLanguage\":\"es\",\"@id\":\"https:\\\/\\\/www.manabi.gob.ec\\\/index.php\\\/26-comunidades-de-riochico-seran-atendidas-por-la-prefectura-y-el-gad-parroquial\\\/#primaryimage\",\"url\":\"https:\\\/\\\/www.manabi.gob.ec\\\/wp-content\\\/uploads\\\/2024\\\/01\\\/WhatsApp-Image-2024-01-12-at-13.50.36.jpeg\",\"contentUrl\":\"https:\\\/\\\/www.manabi.gob.ec\\\/wp-content\\\/uploads\\\/2024\\\/01\\\/WhatsApp-Image-2024-01-12-at-13.50.36.jpeg\",\"width\":1024,\"height\":682},{\"@type\":\"BreadcrumbList\",\"@id\":\"https:\\\/\\\/www.manabi.gob.ec\\\/index.php\\\/26-comunidades-de-riochico-seran-atendidas-por-la-prefectura-y-el-gad-parroquial\\\/#breadcrumb\",\"itemListElement\":[{\"@type\":\"ListItem\",\"position\":1,\"name\":\"Portada\",\"item\":\"https:\\\/\\\/www.manabi.gob.ec\\\/\"},{\"@type\":\"ListItem\",\"position\":2,\"name\":\"26 comunidades de Riochico ser\u00e1n atendidas por la Prefectura y el GAD parroquial\"}]},{\"@type\":\"WebSite\",\"@id\":\"https:\\\/\\\/www.manabi.gob.ec\\\/#website\",\"url\":\"https:\\\/\\\/www.manabi.gob.ec\\\/\",\"name\":\"Prefectura de Manab\u00ed\",\"description\":\"P\u00e1gina web de la prefectura\",\"potentialAction\":[{\"@type\":\"SearchAction\",\"target\":{\"@type\":\"EntryPoint\",\"urlTemplate\":\"https:\\\/\\\/www.manabi.gob.ec\\\/?s={search_term_string}\"},\"query-input\":{\"@type\":\"PropertyValueSpecification\",\"valueRequired\":true,\"valueName\":\"search_term_string\"}}],\"inLanguage\":\"es\"},{\"@type\":\"Person\",\"@id\":\"https:\\\/\\\/www.manabi.gob.ec\\\/#\\\/schema\\\/person\\\/c4f117989332ad723a6ced5994aa7d7a\",\"name\":\"Lui Ochoa\",\"image\":{\"@type\":\"ImageObject\",\"inLanguage\":\"es\",\"@id\":\"https:\\\/\\\/secure.gravatar.com\\\/avatar\\\/6e8017d0fe69dead8a95864d2eb6e1e1d8bf8e01194ba49cf7b897ff038126ba?s=96&d=mm&r=g\",\"url\":\"https:\\\/\\\/secure.gravatar.com\\\/avatar\\\/6e8017d0fe69dead8a95864d2eb6e1e1d8bf8e01194ba49cf7b897ff038126ba?s=96&d=mm&r=g\",\"contentUrl\":\"https:\\\/\\\/secure.gravatar.com\\\/avatar\\\/6e8017d0fe69dead8a95864d2eb6e1e1d8bf8e01194ba49cf7b897ff038126ba?s=96&d=mm&r=g\",\"caption\":\"Lui Ochoa\"},\"url\":\"https:\\\/\\\/www.manabi.gob.ec\\\/index.php\\\/author\\\/lochoa\\\/\"}]}<\/script>\n<!-- \/ Yoast SEO plugin. -->","yoast_head_json":{"title":"26 comunidades de Riochico ser\u00e1n atendidas por la Prefectura y el GAD parroquial - Prefectura de Manab\u00ed","robots":{"index":"index","follow":"follow","max-snippet":"max-snippet:-1","max-image-preview":"max-image-preview:large","max-video-preview":"max-video-preview:-1"},"canonical":"https:\/\/www.manabi.gob.ec\/index.php\/26-comunidades-de-riochico-seran-atendidas-por-la-prefectura-y-el-gad-parroquial\/","og_locale":"es_ES","og_type":"article","og_title":"26 comunidades de Riochico ser\u00e1n atendidas por la Prefectura y el GAD parroquial - Prefectura de Manab\u00ed","og_description":"Mediante la firma de un convenio entre la Prefectura de Manab\u00ed y el GAD parroquial de Riochico, se intervendr\u00e1 en la limpieza de cunetas, espaldones, desalojo de deslaves y encauzamiento de quebradas. La presidenta del GAD de Riochico, Elida Ch\u00e1vez; reconoce que el trabajo articulado permite un accionar mas eficiente a favor de las comunidades. [&hellip;]","og_url":"https:\/\/www.manabi.gob.ec\/index.php\/26-comunidades-de-riochico-seran-atendidas-por-la-prefectura-y-el-gad-parroquial\/","og_site_name":"Prefectura de Manab\u00ed","article_published_time":"2024-01-12T19:48:01+00:00","article_modified_time":"2024-01-12T19:48:08+00:00","og_image":[{"width":1024,"height":682,"url":"https:\/\/www.manabi.gob.ec\/wp-content\/uploads\/2024\/01\/WhatsApp-Image-2024-01-12-at-13.50.36.jpeg","type":"image\/jpeg"}],"author":"Lui Ochoa","twitter_card":"summary_large_image","twitter_misc":{"Escrito por":"Lui Ochoa","Tiempo de lectura":"1 minuto"},"schema":{"@context":"https:\/\/schema.org","@graph":[{"@type":"Article","@id":"https:\/\/www.manabi.gob.ec\/index.php\/26-comunidades-de-riochico-seran-atendidas-por-la-prefectura-y-el-gad-parroquial\/#article","isPartOf":{"@id":"https:\/\/www.manabi.gob.ec\/index.php\/26-comunidades-de-riochico-seran-atendidas-por-la-prefectura-y-el-gad-parroquial\/"},"author":{"name":"Lui Ochoa","@id":"https:\/\/www.manabi.gob.ec\/#\/schema\/person\/c4f117989332ad723a6ced5994aa7d7a"},"headline":"26 comunidades de Riochico ser\u00e1n atendidas por la Prefectura y el GAD parroquial","datePublished":"2024-01-12T19:48:01+00:00","dateModified":"2024-01-12T19:48:08+00:00","mainEntityOfPage":{"@id":"https:\/\/www.manabi.gob.ec\/index.php\/26-comunidades-de-riochico-seran-atendidas-por-la-prefectura-y-el-gad-parroquial\/"},"wordCount":177,"image":{"@id":"https:\/\/www.manabi.gob.ec\/index.php\/26-comunidades-de-riochico-seran-atendidas-por-la-prefectura-y-el-gad-parroquial\/#primaryimage"},"thumbnailUrl":"https:\/\/www.manabi.gob.ec\/wp-content\/uploads\/2024\/01\/WhatsApp-Image-2024-01-12-at-13.50.36.jpeg","articleSection":["Ambiente","Desarrollo Social","Noticias","Obra P\u00fablica","Riego y drenaje","Todas"],"inLanguage":"es"},{"@type":"WebPage","@id":"https:\/\/www.manabi.gob.ec\/index.php\/26-comunidades-de-riochico-seran-atendidas-por-la-prefectura-y-el-gad-parroquial\/","url":"https:\/\/www.manabi.gob.ec\/index.php\/26-comunidades-de-riochico-seran-atendidas-por-la-prefectura-y-el-gad-parroquial\/","name":"26 comunidades de Riochico ser\u00e1n atendidas por la Prefectura y el GAD parroquial - Prefectura de Manab\u00ed","isPartOf":{"@id":"https:\/\/www.manabi.gob.ec\/#website"},"primaryImageOfPage":{"@id":"https:\/\/www.manabi.gob.ec\/index.php\/26-comunidades-de-riochico-seran-atendidas-por-la-prefectura-y-el-gad-parroquial\/#primaryimage"},"image":{"@id":"https:\/\/www.manabi.gob.ec\/index.php\/26-comunidades-de-riochico-seran-atendidas-por-la-prefectura-y-el-gad-parroquial\/#primaryimage"},"thumbnailUrl":"https:\/\/www.manabi.gob.ec\/wp-content\/uploads\/2024\/01\/WhatsApp-Image-2024-01-12-at-13.50.36.jpeg","datePublished":"2024-01-12T19:48:01+00:00","dateModified":"2024-01-12T19:48:08+00:00","author":{"@id":"https:\/\/www.manabi.gob.ec\/#\/schema\/person\/c4f117989332ad723a6ced5994aa7d7a"},"breadcrumb":{"@id":"https:\/\/www.manabi.gob.ec\/index.php\/26-comunidades-de-riochico-seran-atendidas-por-la-prefectura-y-el-gad-parroquial\/#breadcrumb"},"inLanguage":"es","potentialAction":[{"@type":"ReadAction","target":["https:\/\/www.manabi.gob.ec\/index.php\/26-comunidades-de-riochico-seran-atendidas-por-la-prefectura-y-el-gad-parroquial\/"]}]},{"@type":"ImageObject","inLanguage":"es","@id":"https:\/\/www.manabi.gob.ec\/index.php\/26-comunidades-de-riochico-seran-atendidas-por-la-prefectura-y-el-gad-parroquial\/#primaryimage","url":"https:\/\/www.manabi.gob.ec\/wp-content\/uploads\/2024\/01\/WhatsApp-Image-2024-01-12-at-13.50.36.jpeg","contentUrl":"https:\/\/www.manabi.gob.ec\/wp-content\/uploads\/2024\/01\/WhatsApp-Image-2024-01-12-at-13.50.36.jpeg","width":1024,"height":682},{"@type":"BreadcrumbList","@id":"https:\/\/www.manabi.gob.ec\/index.php\/26-comunidades-de-riochico-seran-atendidas-por-la-prefectura-y-el-gad-parroquial\/#breadcrumb","itemListElement":[{"@type":"ListItem","position":1,"name":"Portada","item":"https:\/\/www.manabi.gob.ec\/"},{"@type":"ListItem","position":2,"name":"26 comunidades de Riochico ser\u00e1n atendidas por la Prefectura y el GAD parroquial"}]},{"@type":"WebSite","@id":"https:\/\/www.manabi.gob.ec\/#website","url":"https:\/\/www.manabi.gob.ec\/","name":"Prefectura de Manab\u00ed","description":"P\u00e1gina web de la prefectura","potentialAction":[{"@type":"SearchAction","target":{"@type":"EntryPoint","urlTemplate":"https:\/\/www.manabi.gob.ec\/?s={search_term_string}"},"query-input":{"@type":"PropertyValueSpecification","valueRequired":true,"valueName":"search_term_string"}}],"inLanguage":"es"},{"@type":"Person","@id":"https:\/\/www.manabi.gob.ec\/#\/schema\/person\/c4f117989332ad723a6ced5994aa7d7a","name":"Lui Ochoa","image":{"@type":"ImageObject","inLanguage":"es","@id":"https:\/\/secure.gravatar.com\/avatar\/6e8017d0fe69dead8a95864d2eb6e1e1d8bf8e01194ba49cf7b897ff038126ba?s=96&d=mm&r=g","url":"https:\/\/secure.gravatar.com\/avatar\/6e8017d0fe69dead8a95864d2eb6e1e1d8bf8e01194ba49cf7b897ff038126ba?s=96&d=mm&r=g","contentUrl":"https:\/\/secure.gravatar.com\/avatar\/6e8017d0fe69dead8a95864d2eb6e1e1d8bf8e01194ba49cf7b897ff038126ba?s=96&d=mm&r=g","caption":"Lui Ochoa"},"url":"https:\/\/www.manabi.gob.ec\/index.php\/author\/lochoa\/"}]}},"jetpack_featured_media_url":"https:\/\/www.manabi.gob.ec\/wp-content\/uploads\/2024\/01\/WhatsApp-Image-2024-01-12-at-13.50.36.jpeg","_links":{"self":[{"href":"https:\/\/www.manabi.gob.ec\/index.php\/wp-json\/wp\/v2\/posts\/26890","targetHints":{"allow":["GET"]}}],"collection":[{"href":"https:\/\/www.manabi.gob.ec\/index.php\/wp-json\/wp\/v2\/posts"}],"about":[{"href":"https:\/\/www.manabi.gob.ec\/index.php\/wp-json\/wp\/v2\/types\/post"}],"author":[{"embeddable":true,"href":"https:\/\/www.manabi.gob.ec\/index.php\/wp-json\/wp\/v2\/users\/10"}],"replies":[{"embeddable":true,"href":"https:\/\/www.manabi.gob.ec\/index.php\/wp-json\/wp\/v2\/comments?post=26890"}],"version-history":[{"count":1,"href":"https:\/\/www.manabi.gob.ec\/index.php\/wp-json\/wp\/v2\/posts\/26890\/revisions"}],"predecessor-version":[{"id":26892,"href":"https:\/\/www.manabi.gob.ec\/index.php\/wp-json\/wp\/v2\/posts\/26890\/revisions\/26892"}],"wp:featuredmedia":[{"embeddable":true,"href":"https:\/\/www.manabi.gob.ec\/index.php\/wp-json\/wp\/v2\/media\/26891"}],"wp:attachment":[{"href":"https:\/\/www.manabi.gob.ec\/index.php\/wp-json\/wp\/v2\/media?parent=26890"}],"wp:term":[{"taxonomy":"category","embeddable":true,"href":"https:\/\/www.manabi.gob.ec\/index.php\/wp-json\/wp\/v2\/categories?post=26890"},{"taxonomy":"post_tag","embeddable":true,"href":"https:\/\/www.manabi.gob.ec\/index.php\/wp-json\/wp\/v2\/tags?post=26890"}],"curies":[{"name":"wp","href":"https:\/\/api.w.org\/{rel}","templated":true}]}}