{"id":26954,"date":"2024-01-20T00:00:15","date_gmt":"2024-01-20T00:00:15","guid":{"rendered":"https:\/\/www.manabi.gob.ec\/?p=26954"},"modified":"2024-01-20T00:00:21","modified_gmt":"2024-01-20T00:00:21","slug":"plan-invernal","status":"publish","type":"post","link":"https:\/\/www.manabi.gob.ec\/index.php\/plan-invernal\/","title":{"rendered":"\u00a1PLAN INVERNAL!"},"content":{"rendered":"\n<p>Se interviene comunidades aleda\u00f1as al R\u00edo Ayampe para proteger vidas e infraestructura tur\u00edstica<\/p>\n\n\n\n<p>La Prefectura de Manab\u00ed contin\u00faa trabajando en la limpieza, desazolve y reconformaci\u00f3n de muros de protecci\u00f3n del r\u00edo Ayampe, en una extensi\u00f3n de 898 metros, con la intervenci\u00f3n de 2 excavadoras de la direcci\u00f3n de Riego y Drenaje de la instituci\u00f3n; 1 brazo corto y 1 brazo largo.<\/p>\n\n\n\n<p>Estas labores son parte del Plan Invernal de la Prefectura, y se ejecutan en coordinaci\u00f3n con el GAD Municipal de Puerto L\u00f3pez, con el objetivo de prevenir inundaciones y minimizar riesgos para la vida de las personas y sus bienes, en la comuna Ayampe, Las Tunas y Las Caba\u00f1as.<\/p>\n\n\n\n<p>Los trabajos iniciaron en octubre del a\u00f1o pasado y registran al momento un avance del 70%.<\/p>\n\n\n\n<p>\u201cM\u00e1s que contentos, estamos muy agradecidos de que se est\u00e9n realizando estas acciones en beneficio de nuestras comunidades. Esto nos da tranquilidad y paz\u201d, manifest\u00f3 Jos\u00e9 Loor, de la comuna Ayampe.<\/p>\n","protected":false},"excerpt":{"rendered":"<p>Se interviene comunidades aleda\u00f1as al R\u00edo Ayampe para proteger vidas e infraestructura tur\u00edstica La Prefectura de Manab\u00ed contin\u00faa trabajando en la limpieza, desazolve y reconformaci\u00f3n de muros de protecci\u00f3n del r\u00edo Ayampe, en una extensi\u00f3n de 898 metros, con la intervenci\u00f3n de 2 excavadoras de la direcci\u00f3n de Riego y Drenaje de la instituci\u00f3n; 1 [&hellip;]<\/p>\n","protected":false},"author":10,"featured_media":26955,"comment_status":"closed","ping_status":"closed","sticky":false,"template":"","format":"standard","meta":{"_joinchat":[],"footnotes":""},"categories":[150,142,92,181,339,340,89,91],"tags":[],"class_list":["post-26954","post","type-post","status-publish","format-standard","has-post-thumbnail","hentry","category-ambiente","category-desarrollo-social","category-noticias-manabi","category-obra-publica","category-plan-invernal","category-plan-invernal-plan-invernal","category-riego-drenaje","category-todas"],"yoast_head":"<!-- This site is optimized with the Yoast SEO plugin v27.4 - https:\/\/yoast.com\/product\/yoast-seo-wordpress\/ -->\n<title>\u00a1PLAN INVERNAL! - Prefectura de Manab\u00ed<\/title>\n<meta name=\"robots\" content=\"index, follow, max-snippet:-1, max-image-preview:large, max-video-preview:-1\" \/>\n<link rel=\"canonical\" href=\"https:\/\/www.manabi.gob.ec\/index.php\/plan-invernal\/\" \/>\n<meta property=\"og:locale\" content=\"es_ES\" \/>\n<meta property=\"og:type\" content=\"article\" \/>\n<meta property=\"og:title\" content=\"\u00a1PLAN INVERNAL! - Prefectura de Manab\u00ed\" \/>\n<meta property=\"og:description\" content=\"Se interviene comunidades aleda\u00f1as al R\u00edo Ayampe para proteger vidas e infraestructura tur\u00edstica La Prefectura de Manab\u00ed contin\u00faa trabajando en la limpieza, desazolve y reconformaci\u00f3n de muros de protecci\u00f3n del r\u00edo Ayampe, en una extensi\u00f3n de 898 metros, con la intervenci\u00f3n de 2 excavadoras de la direcci\u00f3n de Riego y Drenaje de la instituci\u00f3n; 1 [&hellip;]\" \/>\n<meta property=\"og:url\" content=\"https:\/\/www.manabi.gob.ec\/index.php\/plan-invernal\/\" \/>\n<meta property=\"og:site_name\" content=\"Prefectura de Manab\u00ed\" \/>\n<meta property=\"article:published_time\" content=\"2024-01-20T00:00:15+00:00\" \/>\n<meta property=\"article:modified_time\" content=\"2024-01-20T00:00:21+00:00\" \/>\n<meta property=\"og:image\" content=\"https:\/\/www.manabi.gob.ec\/wp-content\/uploads\/2024\/01\/WhatsApp-Image-2024-01-19-at-11.10.57.jpeg\" \/>\n\t<meta property=\"og:image:width\" content=\"1600\" \/>\n\t<meta property=\"og:image:height\" content=\"1200\" \/>\n\t<meta property=\"og:image:type\" content=\"image\/jpeg\" \/>\n<meta name=\"author\" content=\"Lui Ochoa\" \/>\n<meta name=\"twitter:card\" content=\"summary_large_image\" \/>\n<meta name=\"twitter:label1\" content=\"Escrito por\" \/>\n\t<meta name=\"twitter:data1\" content=\"Lui Ochoa\" \/>\n\t<meta name=\"twitter:label2\" content=\"Tiempo de lectura\" \/>\n\t<meta name=\"twitter:data2\" content=\"1 minuto\" \/>\n<script type=\"application\/ld+json\" class=\"yoast-schema-graph\">{\"@context\":\"https:\\\/\\\/schema.org\",\"@graph\":[{\"@type\":\"Article\",\"@id\":\"https:\\\/\\\/www.manabi.gob.ec\\\/index.php\\\/plan-invernal\\\/#article\",\"isPartOf\":{\"@id\":\"https:\\\/\\\/www.manabi.gob.ec\\\/index.php\\\/plan-invernal\\\/\"},\"author\":{\"name\":\"Lui Ochoa\",\"@id\":\"https:\\\/\\\/www.manabi.gob.ec\\\/#\\\/schema\\\/person\\\/c4f117989332ad723a6ced5994aa7d7a\"},\"headline\":\"\u00a1PLAN INVERNAL!\",\"datePublished\":\"2024-01-20T00:00:15+00:00\",\"dateModified\":\"2024-01-20T00:00:21+00:00\",\"mainEntityOfPage\":{\"@id\":\"https:\\\/\\\/www.manabi.gob.ec\\\/index.php\\\/plan-invernal\\\/\"},\"wordCount\":171,\"image\":{\"@id\":\"https:\\\/\\\/www.manabi.gob.ec\\\/index.php\\\/plan-invernal\\\/#primaryimage\"},\"thumbnailUrl\":\"https:\\\/\\\/www.manabi.gob.ec\\\/wp-content\\\/uploads\\\/2024\\\/01\\\/WhatsApp-Image-2024-01-19-at-11.10.57.jpeg\",\"articleSection\":[\"Ambiente\",\"Desarrollo Social\",\"Noticias\",\"Obra P\u00fablica\",\"Plan Invernal\",\"PLAN INVERNAL\",\"Riego y drenaje\",\"Todas\"],\"inLanguage\":\"es\"},{\"@type\":\"WebPage\",\"@id\":\"https:\\\/\\\/www.manabi.gob.ec\\\/index.php\\\/plan-invernal\\\/\",\"url\":\"https:\\\/\\\/www.manabi.gob.ec\\\/index.php\\\/plan-invernal\\\/\",\"name\":\"\u00a1PLAN INVERNAL! - Prefectura de Manab\u00ed\",\"isPartOf\":{\"@id\":\"https:\\\/\\\/www.manabi.gob.ec\\\/#website\"},\"primaryImageOfPage\":{\"@id\":\"https:\\\/\\\/www.manabi.gob.ec\\\/index.php\\\/plan-invernal\\\/#primaryimage\"},\"image\":{\"@id\":\"https:\\\/\\\/www.manabi.gob.ec\\\/index.php\\\/plan-invernal\\\/#primaryimage\"},\"thumbnailUrl\":\"https:\\\/\\\/www.manabi.gob.ec\\\/wp-content\\\/uploads\\\/2024\\\/01\\\/WhatsApp-Image-2024-01-19-at-11.10.57.jpeg\",\"datePublished\":\"2024-01-20T00:00:15+00:00\",\"dateModified\":\"2024-01-20T00:00:21+00:00\",\"author\":{\"@id\":\"https:\\\/\\\/www.manabi.gob.ec\\\/#\\\/schema\\\/person\\\/c4f117989332ad723a6ced5994aa7d7a\"},\"breadcrumb\":{\"@id\":\"https:\\\/\\\/www.manabi.gob.ec\\\/index.php\\\/plan-invernal\\\/#breadcrumb\"},\"inLanguage\":\"es\",\"potentialAction\":[{\"@type\":\"ReadAction\",\"target\":[\"https:\\\/\\\/www.manabi.gob.ec\\\/index.php\\\/plan-invernal\\\/\"]}]},{\"@type\":\"ImageObject\",\"inLanguage\":\"es\",\"@id\":\"https:\\\/\\\/www.manabi.gob.ec\\\/index.php\\\/plan-invernal\\\/#primaryimage\",\"url\":\"https:\\\/\\\/www.manabi.gob.ec\\\/wp-content\\\/uploads\\\/2024\\\/01\\\/WhatsApp-Image-2024-01-19-at-11.10.57.jpeg\",\"contentUrl\":\"https:\\\/\\\/www.manabi.gob.ec\\\/wp-content\\\/uploads\\\/2024\\\/01\\\/WhatsApp-Image-2024-01-19-at-11.10.57.jpeg\",\"width\":1600,\"height\":1200},{\"@type\":\"BreadcrumbList\",\"@id\":\"https:\\\/\\\/www.manabi.gob.ec\\\/index.php\\\/plan-invernal\\\/#breadcrumb\",\"itemListElement\":[{\"@type\":\"ListItem\",\"position\":1,\"name\":\"Portada\",\"item\":\"https:\\\/\\\/www.manabi.gob.ec\\\/\"},{\"@type\":\"ListItem\",\"position\":2,\"name\":\"\u00a1PLAN INVERNAL!\"}]},{\"@type\":\"WebSite\",\"@id\":\"https:\\\/\\\/www.manabi.gob.ec\\\/#website\",\"url\":\"https:\\\/\\\/www.manabi.gob.ec\\\/\",\"name\":\"Prefectura de Manab\u00ed\",\"description\":\"P\u00e1gina web de la prefectura\",\"potentialAction\":[{\"@type\":\"SearchAction\",\"target\":{\"@type\":\"EntryPoint\",\"urlTemplate\":\"https:\\\/\\\/www.manabi.gob.ec\\\/?s={search_term_string}\"},\"query-input\":{\"@type\":\"PropertyValueSpecification\",\"valueRequired\":true,\"valueName\":\"search_term_string\"}}],\"inLanguage\":\"es\"},{\"@type\":\"Person\",\"@id\":\"https:\\\/\\\/www.manabi.gob.ec\\\/#\\\/schema\\\/person\\\/c4f117989332ad723a6ced5994aa7d7a\",\"name\":\"Lui Ochoa\",\"image\":{\"@type\":\"ImageObject\",\"inLanguage\":\"es\",\"@id\":\"https:\\\/\\\/secure.gravatar.com\\\/avatar\\\/6e8017d0fe69dead8a95864d2eb6e1e1d8bf8e01194ba49cf7b897ff038126ba?s=96&d=mm&r=g\",\"url\":\"https:\\\/\\\/secure.gravatar.com\\\/avatar\\\/6e8017d0fe69dead8a95864d2eb6e1e1d8bf8e01194ba49cf7b897ff038126ba?s=96&d=mm&r=g\",\"contentUrl\":\"https:\\\/\\\/secure.gravatar.com\\\/avatar\\\/6e8017d0fe69dead8a95864d2eb6e1e1d8bf8e01194ba49cf7b897ff038126ba?s=96&d=mm&r=g\",\"caption\":\"Lui Ochoa\"},\"url\":\"https:\\\/\\\/www.manabi.gob.ec\\\/index.php\\\/author\\\/lochoa\\\/\"}]}<\/script>\n<!-- \/ Yoast SEO plugin. -->","yoast_head_json":{"title":"\u00a1PLAN INVERNAL! - Prefectura de Manab\u00ed","robots":{"index":"index","follow":"follow","max-snippet":"max-snippet:-1","max-image-preview":"max-image-preview:large","max-video-preview":"max-video-preview:-1"},"canonical":"https:\/\/www.manabi.gob.ec\/index.php\/plan-invernal\/","og_locale":"es_ES","og_type":"article","og_title":"\u00a1PLAN INVERNAL! - Prefectura de Manab\u00ed","og_description":"Se interviene comunidades aleda\u00f1as al R\u00edo Ayampe para proteger vidas e infraestructura tur\u00edstica La Prefectura de Manab\u00ed contin\u00faa trabajando en la limpieza, desazolve y reconformaci\u00f3n de muros de protecci\u00f3n del r\u00edo Ayampe, en una extensi\u00f3n de 898 metros, con la intervenci\u00f3n de 2 excavadoras de la direcci\u00f3n de Riego y Drenaje de la instituci\u00f3n; 1 [&hellip;]","og_url":"https:\/\/www.manabi.gob.ec\/index.php\/plan-invernal\/","og_site_name":"Prefectura de Manab\u00ed","article_published_time":"2024-01-20T00:00:15+00:00","article_modified_time":"2024-01-20T00:00:21+00:00","og_image":[{"width":1600,"height":1200,"url":"https:\/\/www.manabi.gob.ec\/wp-content\/uploads\/2024\/01\/WhatsApp-Image-2024-01-19-at-11.10.57.jpeg","type":"image\/jpeg"}],"author":"Lui Ochoa","twitter_card":"summary_large_image","twitter_misc":{"Escrito por":"Lui Ochoa","Tiempo de lectura":"1 minuto"},"schema":{"@context":"https:\/\/schema.org","@graph":[{"@type":"Article","@id":"https:\/\/www.manabi.gob.ec\/index.php\/plan-invernal\/#article","isPartOf":{"@id":"https:\/\/www.manabi.gob.ec\/index.php\/plan-invernal\/"},"author":{"name":"Lui Ochoa","@id":"https:\/\/www.manabi.gob.ec\/#\/schema\/person\/c4f117989332ad723a6ced5994aa7d7a"},"headline":"\u00a1PLAN INVERNAL!","datePublished":"2024-01-20T00:00:15+00:00","dateModified":"2024-01-20T00:00:21+00:00","mainEntityOfPage":{"@id":"https:\/\/www.manabi.gob.ec\/index.php\/plan-invernal\/"},"wordCount":171,"image":{"@id":"https:\/\/www.manabi.gob.ec\/index.php\/plan-invernal\/#primaryimage"},"thumbnailUrl":"https:\/\/www.manabi.gob.ec\/wp-content\/uploads\/2024\/01\/WhatsApp-Image-2024-01-19-at-11.10.57.jpeg","articleSection":["Ambiente","Desarrollo Social","Noticias","Obra P\u00fablica","Plan Invernal","PLAN INVERNAL","Riego y drenaje","Todas"],"inLanguage":"es"},{"@type":"WebPage","@id":"https:\/\/www.manabi.gob.ec\/index.php\/plan-invernal\/","url":"https:\/\/www.manabi.gob.ec\/index.php\/plan-invernal\/","name":"\u00a1PLAN INVERNAL! - Prefectura de Manab\u00ed","isPartOf":{"@id":"https:\/\/www.manabi.gob.ec\/#website"},"primaryImageOfPage":{"@id":"https:\/\/www.manabi.gob.ec\/index.php\/plan-invernal\/#primaryimage"},"image":{"@id":"https:\/\/www.manabi.gob.ec\/index.php\/plan-invernal\/#primaryimage"},"thumbnailUrl":"https:\/\/www.manabi.gob.ec\/wp-content\/uploads\/2024\/01\/WhatsApp-Image-2024-01-19-at-11.10.57.jpeg","datePublished":"2024-01-20T00:00:15+00:00","dateModified":"2024-01-20T00:00:21+00:00","author":{"@id":"https:\/\/www.manabi.gob.ec\/#\/schema\/person\/c4f117989332ad723a6ced5994aa7d7a"},"breadcrumb":{"@id":"https:\/\/www.manabi.gob.ec\/index.php\/plan-invernal\/#breadcrumb"},"inLanguage":"es","potentialAction":[{"@type":"ReadAction","target":["https:\/\/www.manabi.gob.ec\/index.php\/plan-invernal\/"]}]},{"@type":"ImageObject","inLanguage":"es","@id":"https:\/\/www.manabi.gob.ec\/index.php\/plan-invernal\/#primaryimage","url":"https:\/\/www.manabi.gob.ec\/wp-content\/uploads\/2024\/01\/WhatsApp-Image-2024-01-19-at-11.10.57.jpeg","contentUrl":"https:\/\/www.manabi.gob.ec\/wp-content\/uploads\/2024\/01\/WhatsApp-Image-2024-01-19-at-11.10.57.jpeg","width":1600,"height":1200},{"@type":"BreadcrumbList","@id":"https:\/\/www.manabi.gob.ec\/index.php\/plan-invernal\/#breadcrumb","itemListElement":[{"@type":"ListItem","position":1,"name":"Portada","item":"https:\/\/www.manabi.gob.ec\/"},{"@type":"ListItem","position":2,"name":"\u00a1PLAN INVERNAL!"}]},{"@type":"WebSite","@id":"https:\/\/www.manabi.gob.ec\/#website","url":"https:\/\/www.manabi.gob.ec\/","name":"Prefectura de Manab\u00ed","description":"P\u00e1gina web de la prefectura","potentialAction":[{"@type":"SearchAction","target":{"@type":"EntryPoint","urlTemplate":"https:\/\/www.manabi.gob.ec\/?s={search_term_string}"},"query-input":{"@type":"PropertyValueSpecification","valueRequired":true,"valueName":"search_term_string"}}],"inLanguage":"es"},{"@type":"Person","@id":"https:\/\/www.manabi.gob.ec\/#\/schema\/person\/c4f117989332ad723a6ced5994aa7d7a","name":"Lui Ochoa","image":{"@type":"ImageObject","inLanguage":"es","@id":"https:\/\/secure.gravatar.com\/avatar\/6e8017d0fe69dead8a95864d2eb6e1e1d8bf8e01194ba49cf7b897ff038126ba?s=96&d=mm&r=g","url":"https:\/\/secure.gravatar.com\/avatar\/6e8017d0fe69dead8a95864d2eb6e1e1d8bf8e01194ba49cf7b897ff038126ba?s=96&d=mm&r=g","contentUrl":"https:\/\/secure.gravatar.com\/avatar\/6e8017d0fe69dead8a95864d2eb6e1e1d8bf8e01194ba49cf7b897ff038126ba?s=96&d=mm&r=g","caption":"Lui Ochoa"},"url":"https:\/\/www.manabi.gob.ec\/index.php\/author\/lochoa\/"}]}},"jetpack_featured_media_url":"https:\/\/www.manabi.gob.ec\/wp-content\/uploads\/2024\/01\/WhatsApp-Image-2024-01-19-at-11.10.57.jpeg","_links":{"self":[{"href":"https:\/\/www.manabi.gob.ec\/index.php\/wp-json\/wp\/v2\/posts\/26954","targetHints":{"allow":["GET"]}}],"collection":[{"href":"https:\/\/www.manabi.gob.ec\/index.php\/wp-json\/wp\/v2\/posts"}],"about":[{"href":"https:\/\/www.manabi.gob.ec\/index.php\/wp-json\/wp\/v2\/types\/post"}],"author":[{"embeddable":true,"href":"https:\/\/www.manabi.gob.ec\/index.php\/wp-json\/wp\/v2\/users\/10"}],"replies":[{"embeddable":true,"href":"https:\/\/www.manabi.gob.ec\/index.php\/wp-json\/wp\/v2\/comments?post=26954"}],"version-history":[{"count":1,"href":"https:\/\/www.manabi.gob.ec\/index.php\/wp-json\/wp\/v2\/posts\/26954\/revisions"}],"predecessor-version":[{"id":26956,"href":"https:\/\/www.manabi.gob.ec\/index.php\/wp-json\/wp\/v2\/posts\/26954\/revisions\/26956"}],"wp:featuredmedia":[{"embeddable":true,"href":"https:\/\/www.manabi.gob.ec\/index.php\/wp-json\/wp\/v2\/media\/26955"}],"wp:attachment":[{"href":"https:\/\/www.manabi.gob.ec\/index.php\/wp-json\/wp\/v2\/media?parent=26954"}],"wp:term":[{"taxonomy":"category","embeddable":true,"href":"https:\/\/www.manabi.gob.ec\/index.php\/wp-json\/wp\/v2\/categories?post=26954"},{"taxonomy":"post_tag","embeddable":true,"href":"https:\/\/www.manabi.gob.ec\/index.php\/wp-json\/wp\/v2\/tags?post=26954"}],"curies":[{"name":"wp","href":"https:\/\/api.w.org\/{rel}","templated":true}]}}