{"id":26998,"date":"2024-01-23T20:45:15","date_gmt":"2024-01-23T20:45:15","guid":{"rendered":"https:\/\/www.manabi.gob.ec\/?p=26998"},"modified":"2024-01-23T20:45:21","modified_gmt":"2024-01-23T20:45:21","slug":"18-mil-ninos-ninas-y-adolescentes-participaran-de-la-cuarta-temporada-de-entrenando-valores-2024-que-inicia-el-1-de-febrero","status":"publish","type":"post","link":"https:\/\/www.manabi.gob.ec\/index.php\/18-mil-ninos-ninas-y-adolescentes-participaran-de-la-cuarta-temporada-de-entrenando-valores-2024-que-inicia-el-1-de-febrero\/","title":{"rendered":"18 mil ni\u00f1os, ni\u00f1as y adolescentes participar\u00e1n de la cuarta temporada de Entrenando Valores 2024 que inicia el 1 de febrero."},"content":{"rendered":"\n<p>18 mil ni\u00f1as, ni\u00f1os, adolescentes y personas con discapacidad, con edades comprendidas entre los 6 y los 17 a\u00f1os, se sumar\u00e1n a la cuarta temporada del proyecto emblem\u00e1tico de f\u00fatbol \u00abEntrenando Valores\u00bb, que ejecuta con \u00e9xito la Prefectura de Manab\u00ed en los 22 cantones.<\/p>\n\n\n\n<p>Silvio Larrea, subdirector de H\u00e1bitat, Recreaci\u00f3n y Deporte de la Prefectura de Manab\u00ed, inform\u00f3 que el lanzamiento de esta cuarta temporada ser\u00e1 el 1 de febrero. Las inscripciones comenzaron en toda la provincia en diciembre del a\u00f1o pasado y a\u00fan contin\u00faan en los Gobiernos Aut\u00f3nomos Descentralizados (GAD) cantonales y parroquiales, as\u00ed como en clubes que participan en el proyecto.<\/p>\n\n\n\n<p>El funcionario tambi\u00e9n destac\u00f3 la satisfacci\u00f3n por este proyecto, el cual cumple con la visi\u00f3n de desarrollo con justicia y equidad del prefecto Leonardo Orlando, en beneficio de la juventud manabita.<\/p>\n\n\n\n<p>Se contar\u00e1 con 120 unidades de entrenamiento en la provincia, dirigidas por 113 entrenadores con reconocida trayectoria futbol\u00edstica. Adem\u00e1s, habr\u00e1 10 inspectores t\u00e9cnicos y 5 educadores encargados de impartir charlas de motivaci\u00f3n y valores a los participantes.<\/p>\n\n\n\n<p>\u00abHasta el momento tenemos una gran acogida debido al gran \u00e9xito alcanzado del Proyecto. Firmamos convenio con uno de los clubes m\u00e1s importantes del f\u00fatbol ecuatoriano como lo es el Independiente del Valle, raz\u00f3n suficiente para lograr motivaci\u00f3n en los padres y ni\u00f1os en querer formar parte de nuestra organizaci\u00f3n\u00bb, mencion\u00f3 Larrea.<\/p>\n","protected":false},"excerpt":{"rendered":"<p>18 mil ni\u00f1as, ni\u00f1os, adolescentes y personas con discapacidad, con edades comprendidas entre los 6 y los 17 a\u00f1os, se sumar\u00e1n a la cuarta temporada del proyecto emblem\u00e1tico de f\u00fatbol \u00abEntrenando Valores\u00bb, que ejecuta con \u00e9xito la Prefectura de Manab\u00ed en los 22 cantones. Silvio Larrea, subdirector de H\u00e1bitat, Recreaci\u00f3n y Deporte de la Prefectura [&hellip;]<\/p>\n","protected":false},"author":10,"featured_media":26999,"comment_status":"closed","ping_status":"closed","sticky":false,"template":"","format":"standard","meta":{"_joinchat":[],"footnotes":""},"categories":[150,142,92,181,91],"tags":[],"class_list":["post-26998","post","type-post","status-publish","format-standard","has-post-thumbnail","hentry","category-ambiente","category-desarrollo-social","category-noticias-manabi","category-obra-publica","category-todas"],"yoast_head":"<!-- This site is optimized with the Yoast SEO plugin v27.4 - https:\/\/yoast.com\/product\/yoast-seo-wordpress\/ -->\n<title>18 mil ni\u00f1os, ni\u00f1as y adolescentes participar\u00e1n de la cuarta temporada de Entrenando Valores 2024 que inicia el 1 de febrero. - Prefectura de Manab\u00ed<\/title>\n<meta name=\"robots\" content=\"index, follow, max-snippet:-1, max-image-preview:large, max-video-preview:-1\" \/>\n<link rel=\"canonical\" href=\"https:\/\/www.manabi.gob.ec\/index.php\/18-mil-ninos-ninas-y-adolescentes-participaran-de-la-cuarta-temporada-de-entrenando-valores-2024-que-inicia-el-1-de-febrero\/\" \/>\n<meta property=\"og:locale\" content=\"es_ES\" \/>\n<meta property=\"og:type\" content=\"article\" \/>\n<meta property=\"og:title\" content=\"18 mil ni\u00f1os, ni\u00f1as y adolescentes participar\u00e1n de la cuarta temporada de Entrenando Valores 2024 que inicia el 1 de febrero. - Prefectura de Manab\u00ed\" \/>\n<meta property=\"og:description\" content=\"18 mil ni\u00f1as, ni\u00f1os, adolescentes y personas con discapacidad, con edades comprendidas entre los 6 y los 17 a\u00f1os, se sumar\u00e1n a la cuarta temporada del proyecto emblem\u00e1tico de f\u00fatbol \u00abEntrenando Valores\u00bb, que ejecuta con \u00e9xito la Prefectura de Manab\u00ed en los 22 cantones. Silvio Larrea, subdirector de H\u00e1bitat, Recreaci\u00f3n y Deporte de la Prefectura [&hellip;]\" \/>\n<meta property=\"og:url\" content=\"https:\/\/www.manabi.gob.ec\/index.php\/18-mil-ninos-ninas-y-adolescentes-participaran-de-la-cuarta-temporada-de-entrenando-valores-2024-que-inicia-el-1-de-febrero\/\" \/>\n<meta property=\"og:site_name\" content=\"Prefectura de Manab\u00ed\" \/>\n<meta property=\"article:published_time\" content=\"2024-01-23T20:45:15+00:00\" \/>\n<meta property=\"article:modified_time\" content=\"2024-01-23T20:45:21+00:00\" \/>\n<meta property=\"og:image\" content=\"https:\/\/www.manabi.gob.ec\/wp-content\/uploads\/2024\/01\/WhatsApp-Image-2024-01-23-at-11.20.53.jpeg\" \/>\n\t<meta property=\"og:image:width\" content=\"1600\" \/>\n\t<meta property=\"og:image:height\" content=\"1068\" \/>\n\t<meta property=\"og:image:type\" content=\"image\/jpeg\" \/>\n<meta name=\"author\" content=\"Lui Ochoa\" \/>\n<meta name=\"twitter:card\" content=\"summary_large_image\" \/>\n<meta name=\"twitter:label1\" content=\"Escrito por\" \/>\n\t<meta name=\"twitter:data1\" content=\"Lui Ochoa\" \/>\n\t<meta name=\"twitter:label2\" content=\"Tiempo de lectura\" \/>\n\t<meta name=\"twitter:data2\" content=\"2 minutos\" \/>\n<script type=\"application\/ld+json\" class=\"yoast-schema-graph\">{\"@context\":\"https:\\\/\\\/schema.org\",\"@graph\":[{\"@type\":\"Article\",\"@id\":\"https:\\\/\\\/www.manabi.gob.ec\\\/index.php\\\/18-mil-ninos-ninas-y-adolescentes-participaran-de-la-cuarta-temporada-de-entrenando-valores-2024-que-inicia-el-1-de-febrero\\\/#article\",\"isPartOf\":{\"@id\":\"https:\\\/\\\/www.manabi.gob.ec\\\/index.php\\\/18-mil-ninos-ninas-y-adolescentes-participaran-de-la-cuarta-temporada-de-entrenando-valores-2024-que-inicia-el-1-de-febrero\\\/\"},\"author\":{\"name\":\"Lui Ochoa\",\"@id\":\"https:\\\/\\\/www.manabi.gob.ec\\\/#\\\/schema\\\/person\\\/c4f117989332ad723a6ced5994aa7d7a\"},\"headline\":\"18 mil ni\u00f1os, ni\u00f1as y adolescentes participar\u00e1n de la cuarta temporada de Entrenando Valores 2024 que inicia el 1 de febrero.\",\"datePublished\":\"2024-01-23T20:45:15+00:00\",\"dateModified\":\"2024-01-23T20:45:21+00:00\",\"mainEntityOfPage\":{\"@id\":\"https:\\\/\\\/www.manabi.gob.ec\\\/index.php\\\/18-mil-ninos-ninas-y-adolescentes-participaran-de-la-cuarta-temporada-de-entrenando-valores-2024-que-inicia-el-1-de-febrero\\\/\"},\"wordCount\":260,\"image\":{\"@id\":\"https:\\\/\\\/www.manabi.gob.ec\\\/index.php\\\/18-mil-ninos-ninas-y-adolescentes-participaran-de-la-cuarta-temporada-de-entrenando-valores-2024-que-inicia-el-1-de-febrero\\\/#primaryimage\"},\"thumbnailUrl\":\"https:\\\/\\\/www.manabi.gob.ec\\\/wp-content\\\/uploads\\\/2024\\\/01\\\/WhatsApp-Image-2024-01-23-at-11.20.53.jpeg\",\"articleSection\":[\"Ambiente\",\"Desarrollo Social\",\"Noticias\",\"Obra P\u00fablica\",\"Todas\"],\"inLanguage\":\"es\"},{\"@type\":\"WebPage\",\"@id\":\"https:\\\/\\\/www.manabi.gob.ec\\\/index.php\\\/18-mil-ninos-ninas-y-adolescentes-participaran-de-la-cuarta-temporada-de-entrenando-valores-2024-que-inicia-el-1-de-febrero\\\/\",\"url\":\"https:\\\/\\\/www.manabi.gob.ec\\\/index.php\\\/18-mil-ninos-ninas-y-adolescentes-participaran-de-la-cuarta-temporada-de-entrenando-valores-2024-que-inicia-el-1-de-febrero\\\/\",\"name\":\"18 mil ni\u00f1os, ni\u00f1as y adolescentes participar\u00e1n de la cuarta temporada de Entrenando Valores 2024 que inicia el 1 de febrero. - Prefectura de Manab\u00ed\",\"isPartOf\":{\"@id\":\"https:\\\/\\\/www.manabi.gob.ec\\\/#website\"},\"primaryImageOfPage\":{\"@id\":\"https:\\\/\\\/www.manabi.gob.ec\\\/index.php\\\/18-mil-ninos-ninas-y-adolescentes-participaran-de-la-cuarta-temporada-de-entrenando-valores-2024-que-inicia-el-1-de-febrero\\\/#primaryimage\"},\"image\":{\"@id\":\"https:\\\/\\\/www.manabi.gob.ec\\\/index.php\\\/18-mil-ninos-ninas-y-adolescentes-participaran-de-la-cuarta-temporada-de-entrenando-valores-2024-que-inicia-el-1-de-febrero\\\/#primaryimage\"},\"thumbnailUrl\":\"https:\\\/\\\/www.manabi.gob.ec\\\/wp-content\\\/uploads\\\/2024\\\/01\\\/WhatsApp-Image-2024-01-23-at-11.20.53.jpeg\",\"datePublished\":\"2024-01-23T20:45:15+00:00\",\"dateModified\":\"2024-01-23T20:45:21+00:00\",\"author\":{\"@id\":\"https:\\\/\\\/www.manabi.gob.ec\\\/#\\\/schema\\\/person\\\/c4f117989332ad723a6ced5994aa7d7a\"},\"breadcrumb\":{\"@id\":\"https:\\\/\\\/www.manabi.gob.ec\\\/index.php\\\/18-mil-ninos-ninas-y-adolescentes-participaran-de-la-cuarta-temporada-de-entrenando-valores-2024-que-inicia-el-1-de-febrero\\\/#breadcrumb\"},\"inLanguage\":\"es\",\"potentialAction\":[{\"@type\":\"ReadAction\",\"target\":[\"https:\\\/\\\/www.manabi.gob.ec\\\/index.php\\\/18-mil-ninos-ninas-y-adolescentes-participaran-de-la-cuarta-temporada-de-entrenando-valores-2024-que-inicia-el-1-de-febrero\\\/\"]}]},{\"@type\":\"ImageObject\",\"inLanguage\":\"es\",\"@id\":\"https:\\\/\\\/www.manabi.gob.ec\\\/index.php\\\/18-mil-ninos-ninas-y-adolescentes-participaran-de-la-cuarta-temporada-de-entrenando-valores-2024-que-inicia-el-1-de-febrero\\\/#primaryimage\",\"url\":\"https:\\\/\\\/www.manabi.gob.ec\\\/wp-content\\\/uploads\\\/2024\\\/01\\\/WhatsApp-Image-2024-01-23-at-11.20.53.jpeg\",\"contentUrl\":\"https:\\\/\\\/www.manabi.gob.ec\\\/wp-content\\\/uploads\\\/2024\\\/01\\\/WhatsApp-Image-2024-01-23-at-11.20.53.jpeg\",\"width\":1600,\"height\":1068},{\"@type\":\"BreadcrumbList\",\"@id\":\"https:\\\/\\\/www.manabi.gob.ec\\\/index.php\\\/18-mil-ninos-ninas-y-adolescentes-participaran-de-la-cuarta-temporada-de-entrenando-valores-2024-que-inicia-el-1-de-febrero\\\/#breadcrumb\",\"itemListElement\":[{\"@type\":\"ListItem\",\"position\":1,\"name\":\"Portada\",\"item\":\"https:\\\/\\\/www.manabi.gob.ec\\\/\"},{\"@type\":\"ListItem\",\"position\":2,\"name\":\"18 mil ni\u00f1os, ni\u00f1as y adolescentes participar\u00e1n de la cuarta temporada de Entrenando Valores 2024 que inicia el 1 de febrero.\"}]},{\"@type\":\"WebSite\",\"@id\":\"https:\\\/\\\/www.manabi.gob.ec\\\/#website\",\"url\":\"https:\\\/\\\/www.manabi.gob.ec\\\/\",\"name\":\"Prefectura de Manab\u00ed\",\"description\":\"P\u00e1gina web de la prefectura\",\"potentialAction\":[{\"@type\":\"SearchAction\",\"target\":{\"@type\":\"EntryPoint\",\"urlTemplate\":\"https:\\\/\\\/www.manabi.gob.ec\\\/?s={search_term_string}\"},\"query-input\":{\"@type\":\"PropertyValueSpecification\",\"valueRequired\":true,\"valueName\":\"search_term_string\"}}],\"inLanguage\":\"es\"},{\"@type\":\"Person\",\"@id\":\"https:\\\/\\\/www.manabi.gob.ec\\\/#\\\/schema\\\/person\\\/c4f117989332ad723a6ced5994aa7d7a\",\"name\":\"Lui Ochoa\",\"image\":{\"@type\":\"ImageObject\",\"inLanguage\":\"es\",\"@id\":\"https:\\\/\\\/secure.gravatar.com\\\/avatar\\\/6e8017d0fe69dead8a95864d2eb6e1e1d8bf8e01194ba49cf7b897ff038126ba?s=96&d=mm&r=g\",\"url\":\"https:\\\/\\\/secure.gravatar.com\\\/avatar\\\/6e8017d0fe69dead8a95864d2eb6e1e1d8bf8e01194ba49cf7b897ff038126ba?s=96&d=mm&r=g\",\"contentUrl\":\"https:\\\/\\\/secure.gravatar.com\\\/avatar\\\/6e8017d0fe69dead8a95864d2eb6e1e1d8bf8e01194ba49cf7b897ff038126ba?s=96&d=mm&r=g\",\"caption\":\"Lui Ochoa\"},\"url\":\"https:\\\/\\\/www.manabi.gob.ec\\\/index.php\\\/author\\\/lochoa\\\/\"}]}<\/script>\n<!-- \/ Yoast SEO plugin. -->","yoast_head_json":{"title":"18 mil ni\u00f1os, ni\u00f1as y adolescentes participar\u00e1n de la cuarta temporada de Entrenando Valores 2024 que inicia el 1 de febrero. - Prefectura de Manab\u00ed","robots":{"index":"index","follow":"follow","max-snippet":"max-snippet:-1","max-image-preview":"max-image-preview:large","max-video-preview":"max-video-preview:-1"},"canonical":"https:\/\/www.manabi.gob.ec\/index.php\/18-mil-ninos-ninas-y-adolescentes-participaran-de-la-cuarta-temporada-de-entrenando-valores-2024-que-inicia-el-1-de-febrero\/","og_locale":"es_ES","og_type":"article","og_title":"18 mil ni\u00f1os, ni\u00f1as y adolescentes participar\u00e1n de la cuarta temporada de Entrenando Valores 2024 que inicia el 1 de febrero. - Prefectura de Manab\u00ed","og_description":"18 mil ni\u00f1as, ni\u00f1os, adolescentes y personas con discapacidad, con edades comprendidas entre los 6 y los 17 a\u00f1os, se sumar\u00e1n a la cuarta temporada del proyecto emblem\u00e1tico de f\u00fatbol \u00abEntrenando Valores\u00bb, que ejecuta con \u00e9xito la Prefectura de Manab\u00ed en los 22 cantones. Silvio Larrea, subdirector de H\u00e1bitat, Recreaci\u00f3n y Deporte de la Prefectura [&hellip;]","og_url":"https:\/\/www.manabi.gob.ec\/index.php\/18-mil-ninos-ninas-y-adolescentes-participaran-de-la-cuarta-temporada-de-entrenando-valores-2024-que-inicia-el-1-de-febrero\/","og_site_name":"Prefectura de Manab\u00ed","article_published_time":"2024-01-23T20:45:15+00:00","article_modified_time":"2024-01-23T20:45:21+00:00","og_image":[{"width":1600,"height":1068,"url":"https:\/\/www.manabi.gob.ec\/wp-content\/uploads\/2024\/01\/WhatsApp-Image-2024-01-23-at-11.20.53.jpeg","type":"image\/jpeg"}],"author":"Lui Ochoa","twitter_card":"summary_large_image","twitter_misc":{"Escrito por":"Lui Ochoa","Tiempo de lectura":"2 minutos"},"schema":{"@context":"https:\/\/schema.org","@graph":[{"@type":"Article","@id":"https:\/\/www.manabi.gob.ec\/index.php\/18-mil-ninos-ninas-y-adolescentes-participaran-de-la-cuarta-temporada-de-entrenando-valores-2024-que-inicia-el-1-de-febrero\/#article","isPartOf":{"@id":"https:\/\/www.manabi.gob.ec\/index.php\/18-mil-ninos-ninas-y-adolescentes-participaran-de-la-cuarta-temporada-de-entrenando-valores-2024-que-inicia-el-1-de-febrero\/"},"author":{"name":"Lui Ochoa","@id":"https:\/\/www.manabi.gob.ec\/#\/schema\/person\/c4f117989332ad723a6ced5994aa7d7a"},"headline":"18 mil ni\u00f1os, ni\u00f1as y adolescentes participar\u00e1n de la cuarta temporada de Entrenando Valores 2024 que inicia el 1 de febrero.","datePublished":"2024-01-23T20:45:15+00:00","dateModified":"2024-01-23T20:45:21+00:00","mainEntityOfPage":{"@id":"https:\/\/www.manabi.gob.ec\/index.php\/18-mil-ninos-ninas-y-adolescentes-participaran-de-la-cuarta-temporada-de-entrenando-valores-2024-que-inicia-el-1-de-febrero\/"},"wordCount":260,"image":{"@id":"https:\/\/www.manabi.gob.ec\/index.php\/18-mil-ninos-ninas-y-adolescentes-participaran-de-la-cuarta-temporada-de-entrenando-valores-2024-que-inicia-el-1-de-febrero\/#primaryimage"},"thumbnailUrl":"https:\/\/www.manabi.gob.ec\/wp-content\/uploads\/2024\/01\/WhatsApp-Image-2024-01-23-at-11.20.53.jpeg","articleSection":["Ambiente","Desarrollo Social","Noticias","Obra P\u00fablica","Todas"],"inLanguage":"es"},{"@type":"WebPage","@id":"https:\/\/www.manabi.gob.ec\/index.php\/18-mil-ninos-ninas-y-adolescentes-participaran-de-la-cuarta-temporada-de-entrenando-valores-2024-que-inicia-el-1-de-febrero\/","url":"https:\/\/www.manabi.gob.ec\/index.php\/18-mil-ninos-ninas-y-adolescentes-participaran-de-la-cuarta-temporada-de-entrenando-valores-2024-que-inicia-el-1-de-febrero\/","name":"18 mil ni\u00f1os, ni\u00f1as y adolescentes participar\u00e1n de la cuarta temporada de Entrenando Valores 2024 que inicia el 1 de febrero. - Prefectura de Manab\u00ed","isPartOf":{"@id":"https:\/\/www.manabi.gob.ec\/#website"},"primaryImageOfPage":{"@id":"https:\/\/www.manabi.gob.ec\/index.php\/18-mil-ninos-ninas-y-adolescentes-participaran-de-la-cuarta-temporada-de-entrenando-valores-2024-que-inicia-el-1-de-febrero\/#primaryimage"},"image":{"@id":"https:\/\/www.manabi.gob.ec\/index.php\/18-mil-ninos-ninas-y-adolescentes-participaran-de-la-cuarta-temporada-de-entrenando-valores-2024-que-inicia-el-1-de-febrero\/#primaryimage"},"thumbnailUrl":"https:\/\/www.manabi.gob.ec\/wp-content\/uploads\/2024\/01\/WhatsApp-Image-2024-01-23-at-11.20.53.jpeg","datePublished":"2024-01-23T20:45:15+00:00","dateModified":"2024-01-23T20:45:21+00:00","author":{"@id":"https:\/\/www.manabi.gob.ec\/#\/schema\/person\/c4f117989332ad723a6ced5994aa7d7a"},"breadcrumb":{"@id":"https:\/\/www.manabi.gob.ec\/index.php\/18-mil-ninos-ninas-y-adolescentes-participaran-de-la-cuarta-temporada-de-entrenando-valores-2024-que-inicia-el-1-de-febrero\/#breadcrumb"},"inLanguage":"es","potentialAction":[{"@type":"ReadAction","target":["https:\/\/www.manabi.gob.ec\/index.php\/18-mil-ninos-ninas-y-adolescentes-participaran-de-la-cuarta-temporada-de-entrenando-valores-2024-que-inicia-el-1-de-febrero\/"]}]},{"@type":"ImageObject","inLanguage":"es","@id":"https:\/\/www.manabi.gob.ec\/index.php\/18-mil-ninos-ninas-y-adolescentes-participaran-de-la-cuarta-temporada-de-entrenando-valores-2024-que-inicia-el-1-de-febrero\/#primaryimage","url":"https:\/\/www.manabi.gob.ec\/wp-content\/uploads\/2024\/01\/WhatsApp-Image-2024-01-23-at-11.20.53.jpeg","contentUrl":"https:\/\/www.manabi.gob.ec\/wp-content\/uploads\/2024\/01\/WhatsApp-Image-2024-01-23-at-11.20.53.jpeg","width":1600,"height":1068},{"@type":"BreadcrumbList","@id":"https:\/\/www.manabi.gob.ec\/index.php\/18-mil-ninos-ninas-y-adolescentes-participaran-de-la-cuarta-temporada-de-entrenando-valores-2024-que-inicia-el-1-de-febrero\/#breadcrumb","itemListElement":[{"@type":"ListItem","position":1,"name":"Portada","item":"https:\/\/www.manabi.gob.ec\/"},{"@type":"ListItem","position":2,"name":"18 mil ni\u00f1os, ni\u00f1as y adolescentes participar\u00e1n de la cuarta temporada de Entrenando Valores 2024 que inicia el 1 de febrero."}]},{"@type":"WebSite","@id":"https:\/\/www.manabi.gob.ec\/#website","url":"https:\/\/www.manabi.gob.ec\/","name":"Prefectura de Manab\u00ed","description":"P\u00e1gina web de la prefectura","potentialAction":[{"@type":"SearchAction","target":{"@type":"EntryPoint","urlTemplate":"https:\/\/www.manabi.gob.ec\/?s={search_term_string}"},"query-input":{"@type":"PropertyValueSpecification","valueRequired":true,"valueName":"search_term_string"}}],"inLanguage":"es"},{"@type":"Person","@id":"https:\/\/www.manabi.gob.ec\/#\/schema\/person\/c4f117989332ad723a6ced5994aa7d7a","name":"Lui Ochoa","image":{"@type":"ImageObject","inLanguage":"es","@id":"https:\/\/secure.gravatar.com\/avatar\/6e8017d0fe69dead8a95864d2eb6e1e1d8bf8e01194ba49cf7b897ff038126ba?s=96&d=mm&r=g","url":"https:\/\/secure.gravatar.com\/avatar\/6e8017d0fe69dead8a95864d2eb6e1e1d8bf8e01194ba49cf7b897ff038126ba?s=96&d=mm&r=g","contentUrl":"https:\/\/secure.gravatar.com\/avatar\/6e8017d0fe69dead8a95864d2eb6e1e1d8bf8e01194ba49cf7b897ff038126ba?s=96&d=mm&r=g","caption":"Lui Ochoa"},"url":"https:\/\/www.manabi.gob.ec\/index.php\/author\/lochoa\/"}]}},"jetpack_featured_media_url":"https:\/\/www.manabi.gob.ec\/wp-content\/uploads\/2024\/01\/WhatsApp-Image-2024-01-23-at-11.20.53.jpeg","_links":{"self":[{"href":"https:\/\/www.manabi.gob.ec\/index.php\/wp-json\/wp\/v2\/posts\/26998","targetHints":{"allow":["GET"]}}],"collection":[{"href":"https:\/\/www.manabi.gob.ec\/index.php\/wp-json\/wp\/v2\/posts"}],"about":[{"href":"https:\/\/www.manabi.gob.ec\/index.php\/wp-json\/wp\/v2\/types\/post"}],"author":[{"embeddable":true,"href":"https:\/\/www.manabi.gob.ec\/index.php\/wp-json\/wp\/v2\/users\/10"}],"replies":[{"embeddable":true,"href":"https:\/\/www.manabi.gob.ec\/index.php\/wp-json\/wp\/v2\/comments?post=26998"}],"version-history":[{"count":1,"href":"https:\/\/www.manabi.gob.ec\/index.php\/wp-json\/wp\/v2\/posts\/26998\/revisions"}],"predecessor-version":[{"id":27000,"href":"https:\/\/www.manabi.gob.ec\/index.php\/wp-json\/wp\/v2\/posts\/26998\/revisions\/27000"}],"wp:featuredmedia":[{"embeddable":true,"href":"https:\/\/www.manabi.gob.ec\/index.php\/wp-json\/wp\/v2\/media\/26999"}],"wp:attachment":[{"href":"https:\/\/www.manabi.gob.ec\/index.php\/wp-json\/wp\/v2\/media?parent=26998"}],"wp:term":[{"taxonomy":"category","embeddable":true,"href":"https:\/\/www.manabi.gob.ec\/index.php\/wp-json\/wp\/v2\/categories?post=26998"},{"taxonomy":"post_tag","embeddable":true,"href":"https:\/\/www.manabi.gob.ec\/index.php\/wp-json\/wp\/v2\/tags?post=26998"}],"curies":[{"name":"wp","href":"https:\/\/api.w.org\/{rel}","templated":true}]}}