{"id":27004,"date":"2024-01-25T13:36:15","date_gmt":"2024-01-25T13:36:15","guid":{"rendered":"https:\/\/www.manabi.gob.ec\/?p=27004"},"modified":"2024-01-25T13:36:20","modified_gmt":"2024-01-25T13:36:20","slug":"prefecto-leonardo-orlando-y-autoridades-provinciales-unen-esfuerzos-para-impulsar-el-desarrollo-vial-y-de-seguridad-en-manabi","status":"publish","type":"post","link":"https:\/\/www.manabi.gob.ec\/index.php\/prefecto-leonardo-orlando-y-autoridades-provinciales-unen-esfuerzos-para-impulsar-el-desarrollo-vial-y-de-seguridad-en-manabi\/","title":{"rendered":"Prefecto Leonardo Orlando y autoridades provinciales unen esfuerzos para impulsar el desarrollo vial y de seguridad en Manab\u00ed"},"content":{"rendered":"\n<p>Este martes 23 de enero, el Prefecto Leonardo Orlando mantuvo una reuni\u00f3n de trabajo con representantes de la Uni\u00f3n de Cooperativas de Transportes de Pasajeros de Manab\u00ed, Galo Pl\u00faa, Director Distrital de Obras P\u00fablicas; Coronel Fernando Vaca, Comandante Zona 4 de la Polic\u00eda Nacional; y Juan Ignacio Arguello, delegado del Gobernador de Manab\u00ed y Jefe Pol\u00edtico de Portoviejo.<\/p>\n\n\n\n<p>Durante la reuni\u00f3n, el Prefecto Orlando reafirm\u00f3 su compromiso inquebrantable de colaborar estrechamente en la soluci\u00f3n de los desaf\u00edos y necesidades para el sector de la transportaci\u00f3n en general. Asimismo, expres\u00f3 su disposici\u00f3n para trabajar de manera conjunta en la implementaci\u00f3n de medidas efectivas que contribuyan a mejorar la infraestructura vial y fortalecer la seguridad en Manab\u00ed.<\/p>\n\n\n\n<p>Por ello, el Prefecto Orlando comparti\u00f3 una noticia trascendental para la provincia, como lo es el logro hist\u00f3rico de la obtenci\u00f3n de un cr\u00e9dito ante el Banco de Desarrollo para Am\u00e9rica Latina y el Caribe (CAF), por un monto de 43 millones de d\u00f3lares con una contraparte de la Prefectura de Manab\u00ed de 9 millones de d\u00f3lares, para el financiamiento de tres v\u00edas: Col\u00f3n &#8211; Quimis; Calceta &#8211; Quiroga &#8211; El Desv\u00edo; Ayacucho &#8211; La Uni\u00f3n &#8211; San Pablo de Pueblo Nuevo &#8211; San Juan de las Cucarachas, marcando un hito en la integraci\u00f3n vial de varios cantones de la provincia y adem\u00e1s con otras provincias hermanas.<\/p>\n","protected":false},"excerpt":{"rendered":"<p>Este martes 23 de enero, el Prefecto Leonardo Orlando mantuvo una reuni\u00f3n de trabajo con representantes de la Uni\u00f3n de Cooperativas de Transportes de Pasajeros de Manab\u00ed, Galo Pl\u00faa, Director Distrital de Obras P\u00fablicas; Coronel Fernando Vaca, Comandante Zona 4 de la Polic\u00eda Nacional; y Juan Ignacio Arguello, delegado del Gobernador de Manab\u00ed y Jefe [&hellip;]<\/p>\n","protected":false},"author":10,"featured_media":27005,"comment_status":"closed","ping_status":"closed","sticky":false,"template":"","format":"standard","meta":{"_joinchat":[],"footnotes":""},"categories":[150,142,170,92,217,91],"tags":[],"class_list":["post-27004","post","type-post","status-publish","format-standard","has-post-thumbnail","hentry","category-ambiente","category-desarrollo-social","category-manabi-vial","category-noticias-manabi","category-seguridad","category-todas"],"yoast_head":"<!-- This site is optimized with the Yoast SEO plugin v27.4 - https:\/\/yoast.com\/product\/yoast-seo-wordpress\/ -->\n<title>Prefecto Leonardo Orlando y autoridades provinciales unen esfuerzos para impulsar el desarrollo vial y de seguridad en Manab\u00ed - Prefectura de Manab\u00ed<\/title>\n<meta name=\"robots\" content=\"index, follow, max-snippet:-1, max-image-preview:large, max-video-preview:-1\" \/>\n<link rel=\"canonical\" href=\"https:\/\/www.manabi.gob.ec\/index.php\/prefecto-leonardo-orlando-y-autoridades-provinciales-unen-esfuerzos-para-impulsar-el-desarrollo-vial-y-de-seguridad-en-manabi\/\" \/>\n<meta property=\"og:locale\" content=\"es_ES\" \/>\n<meta property=\"og:type\" content=\"article\" \/>\n<meta property=\"og:title\" content=\"Prefecto Leonardo Orlando y autoridades provinciales unen esfuerzos para impulsar el desarrollo vial y de seguridad en Manab\u00ed - Prefectura de Manab\u00ed\" \/>\n<meta property=\"og:description\" content=\"Este martes 23 de enero, el Prefecto Leonardo Orlando mantuvo una reuni\u00f3n de trabajo con representantes de la Uni\u00f3n de Cooperativas de Transportes de Pasajeros de Manab\u00ed, Galo Pl\u00faa, Director Distrital de Obras P\u00fablicas; Coronel Fernando Vaca, Comandante Zona 4 de la Polic\u00eda Nacional; y Juan Ignacio Arguello, delegado del Gobernador de Manab\u00ed y Jefe [&hellip;]\" \/>\n<meta property=\"og:url\" content=\"https:\/\/www.manabi.gob.ec\/index.php\/prefecto-leonardo-orlando-y-autoridades-provinciales-unen-esfuerzos-para-impulsar-el-desarrollo-vial-y-de-seguridad-en-manabi\/\" \/>\n<meta property=\"og:site_name\" content=\"Prefectura de Manab\u00ed\" \/>\n<meta property=\"article:published_time\" content=\"2024-01-25T13:36:15+00:00\" \/>\n<meta property=\"article:modified_time\" content=\"2024-01-25T13:36:20+00:00\" \/>\n<meta property=\"og:image\" content=\"https:\/\/www.manabi.gob.ec\/wp-content\/uploads\/2024\/01\/WhatsApp-Image-2024-01-23-at-16.34.51.jpeg\" \/>\n\t<meta property=\"og:image:width\" content=\"1024\" \/>\n\t<meta property=\"og:image:height\" content=\"768\" \/>\n\t<meta property=\"og:image:type\" content=\"image\/jpeg\" \/>\n<meta name=\"author\" content=\"Lui Ochoa\" \/>\n<meta name=\"twitter:card\" content=\"summary_large_image\" \/>\n<meta name=\"twitter:label1\" content=\"Escrito por\" \/>\n\t<meta name=\"twitter:data1\" content=\"Lui Ochoa\" \/>\n\t<meta name=\"twitter:label2\" content=\"Tiempo de lectura\" \/>\n\t<meta name=\"twitter:data2\" content=\"2 minutos\" \/>\n<script type=\"application\/ld+json\" class=\"yoast-schema-graph\">{\"@context\":\"https:\\\/\\\/schema.org\",\"@graph\":[{\"@type\":\"Article\",\"@id\":\"https:\\\/\\\/www.manabi.gob.ec\\\/index.php\\\/prefecto-leonardo-orlando-y-autoridades-provinciales-unen-esfuerzos-para-impulsar-el-desarrollo-vial-y-de-seguridad-en-manabi\\\/#article\",\"isPartOf\":{\"@id\":\"https:\\\/\\\/www.manabi.gob.ec\\\/index.php\\\/prefecto-leonardo-orlando-y-autoridades-provinciales-unen-esfuerzos-para-impulsar-el-desarrollo-vial-y-de-seguridad-en-manabi\\\/\"},\"author\":{\"name\":\"Lui Ochoa\",\"@id\":\"https:\\\/\\\/www.manabi.gob.ec\\\/#\\\/schema\\\/person\\\/c4f117989332ad723a6ced5994aa7d7a\"},\"headline\":\"Prefecto Leonardo Orlando y autoridades provinciales unen esfuerzos para impulsar el desarrollo vial y de seguridad en Manab\u00ed\",\"datePublished\":\"2024-01-25T13:36:15+00:00\",\"dateModified\":\"2024-01-25T13:36:20+00:00\",\"mainEntityOfPage\":{\"@id\":\"https:\\\/\\\/www.manabi.gob.ec\\\/index.php\\\/prefecto-leonardo-orlando-y-autoridades-provinciales-unen-esfuerzos-para-impulsar-el-desarrollo-vial-y-de-seguridad-en-manabi\\\/\"},\"wordCount\":260,\"image\":{\"@id\":\"https:\\\/\\\/www.manabi.gob.ec\\\/index.php\\\/prefecto-leonardo-orlando-y-autoridades-provinciales-unen-esfuerzos-para-impulsar-el-desarrollo-vial-y-de-seguridad-en-manabi\\\/#primaryimage\"},\"thumbnailUrl\":\"https:\\\/\\\/www.manabi.gob.ec\\\/wp-content\\\/uploads\\\/2024\\\/01\\\/WhatsApp-Image-2024-01-23-at-16.34.51.jpeg\",\"articleSection\":[\"Ambiente\",\"Desarrollo Social\",\"Manab\u00ed Vial\",\"Noticias\",\"Seguridad\",\"Todas\"],\"inLanguage\":\"es\"},{\"@type\":\"WebPage\",\"@id\":\"https:\\\/\\\/www.manabi.gob.ec\\\/index.php\\\/prefecto-leonardo-orlando-y-autoridades-provinciales-unen-esfuerzos-para-impulsar-el-desarrollo-vial-y-de-seguridad-en-manabi\\\/\",\"url\":\"https:\\\/\\\/www.manabi.gob.ec\\\/index.php\\\/prefecto-leonardo-orlando-y-autoridades-provinciales-unen-esfuerzos-para-impulsar-el-desarrollo-vial-y-de-seguridad-en-manabi\\\/\",\"name\":\"Prefecto Leonardo Orlando y autoridades provinciales unen esfuerzos para impulsar el desarrollo vial y de seguridad en Manab\u00ed - Prefectura de Manab\u00ed\",\"isPartOf\":{\"@id\":\"https:\\\/\\\/www.manabi.gob.ec\\\/#website\"},\"primaryImageOfPage\":{\"@id\":\"https:\\\/\\\/www.manabi.gob.ec\\\/index.php\\\/prefecto-leonardo-orlando-y-autoridades-provinciales-unen-esfuerzos-para-impulsar-el-desarrollo-vial-y-de-seguridad-en-manabi\\\/#primaryimage\"},\"image\":{\"@id\":\"https:\\\/\\\/www.manabi.gob.ec\\\/index.php\\\/prefecto-leonardo-orlando-y-autoridades-provinciales-unen-esfuerzos-para-impulsar-el-desarrollo-vial-y-de-seguridad-en-manabi\\\/#primaryimage\"},\"thumbnailUrl\":\"https:\\\/\\\/www.manabi.gob.ec\\\/wp-content\\\/uploads\\\/2024\\\/01\\\/WhatsApp-Image-2024-01-23-at-16.34.51.jpeg\",\"datePublished\":\"2024-01-25T13:36:15+00:00\",\"dateModified\":\"2024-01-25T13:36:20+00:00\",\"author\":{\"@id\":\"https:\\\/\\\/www.manabi.gob.ec\\\/#\\\/schema\\\/person\\\/c4f117989332ad723a6ced5994aa7d7a\"},\"breadcrumb\":{\"@id\":\"https:\\\/\\\/www.manabi.gob.ec\\\/index.php\\\/prefecto-leonardo-orlando-y-autoridades-provinciales-unen-esfuerzos-para-impulsar-el-desarrollo-vial-y-de-seguridad-en-manabi\\\/#breadcrumb\"},\"inLanguage\":\"es\",\"potentialAction\":[{\"@type\":\"ReadAction\",\"target\":[\"https:\\\/\\\/www.manabi.gob.ec\\\/index.php\\\/prefecto-leonardo-orlando-y-autoridades-provinciales-unen-esfuerzos-para-impulsar-el-desarrollo-vial-y-de-seguridad-en-manabi\\\/\"]}]},{\"@type\":\"ImageObject\",\"inLanguage\":\"es\",\"@id\":\"https:\\\/\\\/www.manabi.gob.ec\\\/index.php\\\/prefecto-leonardo-orlando-y-autoridades-provinciales-unen-esfuerzos-para-impulsar-el-desarrollo-vial-y-de-seguridad-en-manabi\\\/#primaryimage\",\"url\":\"https:\\\/\\\/www.manabi.gob.ec\\\/wp-content\\\/uploads\\\/2024\\\/01\\\/WhatsApp-Image-2024-01-23-at-16.34.51.jpeg\",\"contentUrl\":\"https:\\\/\\\/www.manabi.gob.ec\\\/wp-content\\\/uploads\\\/2024\\\/01\\\/WhatsApp-Image-2024-01-23-at-16.34.51.jpeg\",\"width\":1024,\"height\":768},{\"@type\":\"BreadcrumbList\",\"@id\":\"https:\\\/\\\/www.manabi.gob.ec\\\/index.php\\\/prefecto-leonardo-orlando-y-autoridades-provinciales-unen-esfuerzos-para-impulsar-el-desarrollo-vial-y-de-seguridad-en-manabi\\\/#breadcrumb\",\"itemListElement\":[{\"@type\":\"ListItem\",\"position\":1,\"name\":\"Portada\",\"item\":\"https:\\\/\\\/www.manabi.gob.ec\\\/\"},{\"@type\":\"ListItem\",\"position\":2,\"name\":\"Prefecto Leonardo Orlando y autoridades provinciales unen esfuerzos para impulsar el desarrollo vial y de seguridad en Manab\u00ed\"}]},{\"@type\":\"WebSite\",\"@id\":\"https:\\\/\\\/www.manabi.gob.ec\\\/#website\",\"url\":\"https:\\\/\\\/www.manabi.gob.ec\\\/\",\"name\":\"Prefectura de Manab\u00ed\",\"description\":\"P\u00e1gina web de la prefectura\",\"potentialAction\":[{\"@type\":\"SearchAction\",\"target\":{\"@type\":\"EntryPoint\",\"urlTemplate\":\"https:\\\/\\\/www.manabi.gob.ec\\\/?s={search_term_string}\"},\"query-input\":{\"@type\":\"PropertyValueSpecification\",\"valueRequired\":true,\"valueName\":\"search_term_string\"}}],\"inLanguage\":\"es\"},{\"@type\":\"Person\",\"@id\":\"https:\\\/\\\/www.manabi.gob.ec\\\/#\\\/schema\\\/person\\\/c4f117989332ad723a6ced5994aa7d7a\",\"name\":\"Lui Ochoa\",\"image\":{\"@type\":\"ImageObject\",\"inLanguage\":\"es\",\"@id\":\"https:\\\/\\\/secure.gravatar.com\\\/avatar\\\/6e8017d0fe69dead8a95864d2eb6e1e1d8bf8e01194ba49cf7b897ff038126ba?s=96&d=mm&r=g\",\"url\":\"https:\\\/\\\/secure.gravatar.com\\\/avatar\\\/6e8017d0fe69dead8a95864d2eb6e1e1d8bf8e01194ba49cf7b897ff038126ba?s=96&d=mm&r=g\",\"contentUrl\":\"https:\\\/\\\/secure.gravatar.com\\\/avatar\\\/6e8017d0fe69dead8a95864d2eb6e1e1d8bf8e01194ba49cf7b897ff038126ba?s=96&d=mm&r=g\",\"caption\":\"Lui Ochoa\"},\"url\":\"https:\\\/\\\/www.manabi.gob.ec\\\/index.php\\\/author\\\/lochoa\\\/\"}]}<\/script>\n<!-- \/ Yoast SEO plugin. -->","yoast_head_json":{"title":"Prefecto Leonardo Orlando y autoridades provinciales unen esfuerzos para impulsar el desarrollo vial y de seguridad en Manab\u00ed - Prefectura de Manab\u00ed","robots":{"index":"index","follow":"follow","max-snippet":"max-snippet:-1","max-image-preview":"max-image-preview:large","max-video-preview":"max-video-preview:-1"},"canonical":"https:\/\/www.manabi.gob.ec\/index.php\/prefecto-leonardo-orlando-y-autoridades-provinciales-unen-esfuerzos-para-impulsar-el-desarrollo-vial-y-de-seguridad-en-manabi\/","og_locale":"es_ES","og_type":"article","og_title":"Prefecto Leonardo Orlando y autoridades provinciales unen esfuerzos para impulsar el desarrollo vial y de seguridad en Manab\u00ed - Prefectura de Manab\u00ed","og_description":"Este martes 23 de enero, el Prefecto Leonardo Orlando mantuvo una reuni\u00f3n de trabajo con representantes de la Uni\u00f3n de Cooperativas de Transportes de Pasajeros de Manab\u00ed, Galo Pl\u00faa, Director Distrital de Obras P\u00fablicas; Coronel Fernando Vaca, Comandante Zona 4 de la Polic\u00eda Nacional; y Juan Ignacio Arguello, delegado del Gobernador de Manab\u00ed y Jefe [&hellip;]","og_url":"https:\/\/www.manabi.gob.ec\/index.php\/prefecto-leonardo-orlando-y-autoridades-provinciales-unen-esfuerzos-para-impulsar-el-desarrollo-vial-y-de-seguridad-en-manabi\/","og_site_name":"Prefectura de Manab\u00ed","article_published_time":"2024-01-25T13:36:15+00:00","article_modified_time":"2024-01-25T13:36:20+00:00","og_image":[{"width":1024,"height":768,"url":"https:\/\/www.manabi.gob.ec\/wp-content\/uploads\/2024\/01\/WhatsApp-Image-2024-01-23-at-16.34.51.jpeg","type":"image\/jpeg"}],"author":"Lui Ochoa","twitter_card":"summary_large_image","twitter_misc":{"Escrito por":"Lui Ochoa","Tiempo de lectura":"2 minutos"},"schema":{"@context":"https:\/\/schema.org","@graph":[{"@type":"Article","@id":"https:\/\/www.manabi.gob.ec\/index.php\/prefecto-leonardo-orlando-y-autoridades-provinciales-unen-esfuerzos-para-impulsar-el-desarrollo-vial-y-de-seguridad-en-manabi\/#article","isPartOf":{"@id":"https:\/\/www.manabi.gob.ec\/index.php\/prefecto-leonardo-orlando-y-autoridades-provinciales-unen-esfuerzos-para-impulsar-el-desarrollo-vial-y-de-seguridad-en-manabi\/"},"author":{"name":"Lui Ochoa","@id":"https:\/\/www.manabi.gob.ec\/#\/schema\/person\/c4f117989332ad723a6ced5994aa7d7a"},"headline":"Prefecto Leonardo Orlando y autoridades provinciales unen esfuerzos para impulsar el desarrollo vial y de seguridad en Manab\u00ed","datePublished":"2024-01-25T13:36:15+00:00","dateModified":"2024-01-25T13:36:20+00:00","mainEntityOfPage":{"@id":"https:\/\/www.manabi.gob.ec\/index.php\/prefecto-leonardo-orlando-y-autoridades-provinciales-unen-esfuerzos-para-impulsar-el-desarrollo-vial-y-de-seguridad-en-manabi\/"},"wordCount":260,"image":{"@id":"https:\/\/www.manabi.gob.ec\/index.php\/prefecto-leonardo-orlando-y-autoridades-provinciales-unen-esfuerzos-para-impulsar-el-desarrollo-vial-y-de-seguridad-en-manabi\/#primaryimage"},"thumbnailUrl":"https:\/\/www.manabi.gob.ec\/wp-content\/uploads\/2024\/01\/WhatsApp-Image-2024-01-23-at-16.34.51.jpeg","articleSection":["Ambiente","Desarrollo Social","Manab\u00ed Vial","Noticias","Seguridad","Todas"],"inLanguage":"es"},{"@type":"WebPage","@id":"https:\/\/www.manabi.gob.ec\/index.php\/prefecto-leonardo-orlando-y-autoridades-provinciales-unen-esfuerzos-para-impulsar-el-desarrollo-vial-y-de-seguridad-en-manabi\/","url":"https:\/\/www.manabi.gob.ec\/index.php\/prefecto-leonardo-orlando-y-autoridades-provinciales-unen-esfuerzos-para-impulsar-el-desarrollo-vial-y-de-seguridad-en-manabi\/","name":"Prefecto Leonardo Orlando y autoridades provinciales unen esfuerzos para impulsar el desarrollo vial y de seguridad en Manab\u00ed - Prefectura de Manab\u00ed","isPartOf":{"@id":"https:\/\/www.manabi.gob.ec\/#website"},"primaryImageOfPage":{"@id":"https:\/\/www.manabi.gob.ec\/index.php\/prefecto-leonardo-orlando-y-autoridades-provinciales-unen-esfuerzos-para-impulsar-el-desarrollo-vial-y-de-seguridad-en-manabi\/#primaryimage"},"image":{"@id":"https:\/\/www.manabi.gob.ec\/index.php\/prefecto-leonardo-orlando-y-autoridades-provinciales-unen-esfuerzos-para-impulsar-el-desarrollo-vial-y-de-seguridad-en-manabi\/#primaryimage"},"thumbnailUrl":"https:\/\/www.manabi.gob.ec\/wp-content\/uploads\/2024\/01\/WhatsApp-Image-2024-01-23-at-16.34.51.jpeg","datePublished":"2024-01-25T13:36:15+00:00","dateModified":"2024-01-25T13:36:20+00:00","author":{"@id":"https:\/\/www.manabi.gob.ec\/#\/schema\/person\/c4f117989332ad723a6ced5994aa7d7a"},"breadcrumb":{"@id":"https:\/\/www.manabi.gob.ec\/index.php\/prefecto-leonardo-orlando-y-autoridades-provinciales-unen-esfuerzos-para-impulsar-el-desarrollo-vial-y-de-seguridad-en-manabi\/#breadcrumb"},"inLanguage":"es","potentialAction":[{"@type":"ReadAction","target":["https:\/\/www.manabi.gob.ec\/index.php\/prefecto-leonardo-orlando-y-autoridades-provinciales-unen-esfuerzos-para-impulsar-el-desarrollo-vial-y-de-seguridad-en-manabi\/"]}]},{"@type":"ImageObject","inLanguage":"es","@id":"https:\/\/www.manabi.gob.ec\/index.php\/prefecto-leonardo-orlando-y-autoridades-provinciales-unen-esfuerzos-para-impulsar-el-desarrollo-vial-y-de-seguridad-en-manabi\/#primaryimage","url":"https:\/\/www.manabi.gob.ec\/wp-content\/uploads\/2024\/01\/WhatsApp-Image-2024-01-23-at-16.34.51.jpeg","contentUrl":"https:\/\/www.manabi.gob.ec\/wp-content\/uploads\/2024\/01\/WhatsApp-Image-2024-01-23-at-16.34.51.jpeg","width":1024,"height":768},{"@type":"BreadcrumbList","@id":"https:\/\/www.manabi.gob.ec\/index.php\/prefecto-leonardo-orlando-y-autoridades-provinciales-unen-esfuerzos-para-impulsar-el-desarrollo-vial-y-de-seguridad-en-manabi\/#breadcrumb","itemListElement":[{"@type":"ListItem","position":1,"name":"Portada","item":"https:\/\/www.manabi.gob.ec\/"},{"@type":"ListItem","position":2,"name":"Prefecto Leonardo Orlando y autoridades provinciales unen esfuerzos para impulsar el desarrollo vial y de seguridad en Manab\u00ed"}]},{"@type":"WebSite","@id":"https:\/\/www.manabi.gob.ec\/#website","url":"https:\/\/www.manabi.gob.ec\/","name":"Prefectura de Manab\u00ed","description":"P\u00e1gina web de la prefectura","potentialAction":[{"@type":"SearchAction","target":{"@type":"EntryPoint","urlTemplate":"https:\/\/www.manabi.gob.ec\/?s={search_term_string}"},"query-input":{"@type":"PropertyValueSpecification","valueRequired":true,"valueName":"search_term_string"}}],"inLanguage":"es"},{"@type":"Person","@id":"https:\/\/www.manabi.gob.ec\/#\/schema\/person\/c4f117989332ad723a6ced5994aa7d7a","name":"Lui Ochoa","image":{"@type":"ImageObject","inLanguage":"es","@id":"https:\/\/secure.gravatar.com\/avatar\/6e8017d0fe69dead8a95864d2eb6e1e1d8bf8e01194ba49cf7b897ff038126ba?s=96&d=mm&r=g","url":"https:\/\/secure.gravatar.com\/avatar\/6e8017d0fe69dead8a95864d2eb6e1e1d8bf8e01194ba49cf7b897ff038126ba?s=96&d=mm&r=g","contentUrl":"https:\/\/secure.gravatar.com\/avatar\/6e8017d0fe69dead8a95864d2eb6e1e1d8bf8e01194ba49cf7b897ff038126ba?s=96&d=mm&r=g","caption":"Lui Ochoa"},"url":"https:\/\/www.manabi.gob.ec\/index.php\/author\/lochoa\/"}]}},"jetpack_featured_media_url":"https:\/\/www.manabi.gob.ec\/wp-content\/uploads\/2024\/01\/WhatsApp-Image-2024-01-23-at-16.34.51.jpeg","_links":{"self":[{"href":"https:\/\/www.manabi.gob.ec\/index.php\/wp-json\/wp\/v2\/posts\/27004","targetHints":{"allow":["GET"]}}],"collection":[{"href":"https:\/\/www.manabi.gob.ec\/index.php\/wp-json\/wp\/v2\/posts"}],"about":[{"href":"https:\/\/www.manabi.gob.ec\/index.php\/wp-json\/wp\/v2\/types\/post"}],"author":[{"embeddable":true,"href":"https:\/\/www.manabi.gob.ec\/index.php\/wp-json\/wp\/v2\/users\/10"}],"replies":[{"embeddable":true,"href":"https:\/\/www.manabi.gob.ec\/index.php\/wp-json\/wp\/v2\/comments?post=27004"}],"version-history":[{"count":1,"href":"https:\/\/www.manabi.gob.ec\/index.php\/wp-json\/wp\/v2\/posts\/27004\/revisions"}],"predecessor-version":[{"id":27006,"href":"https:\/\/www.manabi.gob.ec\/index.php\/wp-json\/wp\/v2\/posts\/27004\/revisions\/27006"}],"wp:featuredmedia":[{"embeddable":true,"href":"https:\/\/www.manabi.gob.ec\/index.php\/wp-json\/wp\/v2\/media\/27005"}],"wp:attachment":[{"href":"https:\/\/www.manabi.gob.ec\/index.php\/wp-json\/wp\/v2\/media?parent=27004"}],"wp:term":[{"taxonomy":"category","embeddable":true,"href":"https:\/\/www.manabi.gob.ec\/index.php\/wp-json\/wp\/v2\/categories?post=27004"},{"taxonomy":"post_tag","embeddable":true,"href":"https:\/\/www.manabi.gob.ec\/index.php\/wp-json\/wp\/v2\/tags?post=27004"}],"curies":[{"name":"wp","href":"https:\/\/api.w.org\/{rel}","templated":true}]}}