{"id":27047,"date":"2024-01-28T01:36:50","date_gmt":"2024-01-28T01:36:50","guid":{"rendered":"https:\/\/www.manabi.gob.ec\/?p=27047"},"modified":"2024-01-28T01:36:56","modified_gmt":"2024-01-28T01:36:56","slug":"realizamos-trabajos-emergentes-en-la-via-san-placido-pichincha","status":"publish","type":"post","link":"https:\/\/www.manabi.gob.ec\/index.php\/realizamos-trabajos-emergentes-en-la-via-san-placido-pichincha\/","title":{"rendered":"Realizamos trabajos emergentes en la v\u00eda San Pl\u00e1cido-Pichincha"},"content":{"rendered":"\n<p>Desde el mi\u00e9rcoles 24 de enero, un equipo de la Prefectura de Manab\u00ed realiza trabajos emergentes en la v\u00eda San Pl\u00e1cido Pichincha, a trav\u00e9s de una acci\u00f3n coordinada con el <a href=\"https:\/\/www.facebook.com\/ObrasPublicasEcuador?__cft__[0]=AZXHSH_LpToOM7VgdilTsA4tqxFtEv4wHSSmidtbuxX2hsRPfZq8JUjhTQ8mpAB69HWIyROHBU3yglAEB1stXTunzY1j1Pb-G6ji9LyYt1TSlV7r3yoo39jG-8eXlUCmxNA&amp;__tn__=-]K-R\">Ministerio Transporte Obras P\u00fablicas Ecuador<\/a><\/p>\n\n\n\n<p>Se trata de labores de reconformaci\u00f3n en tramos puntuales de la v\u00eda E30, desde el km 83 hasta el km 87. El objetivo es mejorar las condiciones para el tr\u00e1nsito vehicular. <img loading=\"lazy\" decoding=\"async\" height=\"16\" width=\"16\" alt=\"\u2705\" src=\"https:\/\/static.xx.fbcdn.net\/images\/emoji.php\/v9\/t33\/1\/16\/2705.png\"><\/p>\n\n\n\n<p>Para <a><\/a>estas tareas se cuenta con una motoniveladora y un rodillo de propiedad de la Prefectura provincial.<\/p>\n","protected":false},"excerpt":{"rendered":"<p>Desde el mi\u00e9rcoles 24 de enero, un equipo de la Prefectura de Manab\u00ed realiza trabajos emergentes en la v\u00eda San Pl\u00e1cido Pichincha, a trav\u00e9s de una acci\u00f3n coordinada con el Ministerio Transporte Obras P\u00fablicas Ecuador Se trata de labores de reconformaci\u00f3n en tramos puntuales de la v\u00eda E30, desde el km 83 hasta el km [&hellip;]<\/p>\n","protected":false},"author":10,"featured_media":27048,"comment_status":"closed","ping_status":"closed","sticky":false,"template":"","format":"standard","meta":{"_joinchat":[],"footnotes":""},"categories":[150,142,92,181,132,91],"tags":[],"class_list":["post-27047","post","type-post","status-publish","format-standard","has-post-thumbnail","hentry","category-ambiente","category-desarrollo-social","category-noticias-manabi","category-obra-publica","category-portoviejo","category-todas"],"yoast_head":"<!-- This site is optimized with the Yoast SEO plugin v27.4 - https:\/\/yoast.com\/product\/yoast-seo-wordpress\/ -->\n<title>Realizamos trabajos emergentes en la v\u00eda San Pl\u00e1cido-Pichincha - Prefectura de Manab\u00ed<\/title>\n<meta name=\"robots\" content=\"index, follow, max-snippet:-1, max-image-preview:large, max-video-preview:-1\" \/>\n<link rel=\"canonical\" href=\"https:\/\/www.manabi.gob.ec\/index.php\/realizamos-trabajos-emergentes-en-la-via-san-placido-pichincha\/\" \/>\n<meta property=\"og:locale\" content=\"es_ES\" \/>\n<meta property=\"og:type\" content=\"article\" \/>\n<meta property=\"og:title\" content=\"Realizamos trabajos emergentes en la v\u00eda San Pl\u00e1cido-Pichincha - Prefectura de Manab\u00ed\" \/>\n<meta property=\"og:description\" content=\"Desde el mi\u00e9rcoles 24 de enero, un equipo de la Prefectura de Manab\u00ed realiza trabajos emergentes en la v\u00eda San Pl\u00e1cido Pichincha, a trav\u00e9s de una acci\u00f3n coordinada con el Ministerio Transporte Obras P\u00fablicas Ecuador Se trata de labores de reconformaci\u00f3n en tramos puntuales de la v\u00eda E30, desde el km 83 hasta el km [&hellip;]\" \/>\n<meta property=\"og:url\" content=\"https:\/\/www.manabi.gob.ec\/index.php\/realizamos-trabajos-emergentes-en-la-via-san-placido-pichincha\/\" \/>\n<meta property=\"og:site_name\" content=\"Prefectura de Manab\u00ed\" \/>\n<meta property=\"article:published_time\" content=\"2024-01-28T01:36:50+00:00\" \/>\n<meta property=\"article:modified_time\" content=\"2024-01-28T01:36:56+00:00\" \/>\n<meta property=\"og:image\" content=\"https:\/\/www.manabi.gob.ec\/wp-content\/uploads\/2024\/01\/WhatsApp-Image-2024-01-27-at-10.59.29-1024x694.png\" \/>\n\t<meta property=\"og:image:width\" content=\"1024\" \/>\n\t<meta property=\"og:image:height\" content=\"694\" \/>\n\t<meta property=\"og:image:type\" content=\"image\/png\" \/>\n<meta name=\"author\" content=\"Lui Ochoa\" \/>\n<meta name=\"twitter:card\" content=\"summary_large_image\" \/>\n<meta name=\"twitter:label1\" content=\"Escrito por\" \/>\n\t<meta name=\"twitter:data1\" content=\"Lui Ochoa\" \/>\n\t<meta name=\"twitter:label2\" content=\"Tiempo de lectura\" \/>\n\t<meta name=\"twitter:data2\" content=\"1 minuto\" \/>\n<script type=\"application\/ld+json\" class=\"yoast-schema-graph\">{\"@context\":\"https:\\\/\\\/schema.org\",\"@graph\":[{\"@type\":\"Article\",\"@id\":\"https:\\\/\\\/www.manabi.gob.ec\\\/index.php\\\/realizamos-trabajos-emergentes-en-la-via-san-placido-pichincha\\\/#article\",\"isPartOf\":{\"@id\":\"https:\\\/\\\/www.manabi.gob.ec\\\/index.php\\\/realizamos-trabajos-emergentes-en-la-via-san-placido-pichincha\\\/\"},\"author\":{\"name\":\"Lui Ochoa\",\"@id\":\"https:\\\/\\\/www.manabi.gob.ec\\\/#\\\/schema\\\/person\\\/c4f117989332ad723a6ced5994aa7d7a\"},\"headline\":\"Realizamos trabajos emergentes en la v\u00eda San Pl\u00e1cido-Pichincha\",\"datePublished\":\"2024-01-28T01:36:50+00:00\",\"dateModified\":\"2024-01-28T01:36:56+00:00\",\"mainEntityOfPage\":{\"@id\":\"https:\\\/\\\/www.manabi.gob.ec\\\/index.php\\\/realizamos-trabajos-emergentes-en-la-via-san-placido-pichincha\\\/\"},\"wordCount\":99,\"image\":{\"@id\":\"https:\\\/\\\/www.manabi.gob.ec\\\/index.php\\\/realizamos-trabajos-emergentes-en-la-via-san-placido-pichincha\\\/#primaryimage\"},\"thumbnailUrl\":\"https:\\\/\\\/www.manabi.gob.ec\\\/wp-content\\\/uploads\\\/2024\\\/01\\\/WhatsApp-Image-2024-01-27-at-10.59.29.png\",\"articleSection\":[\"Ambiente\",\"Desarrollo Social\",\"Noticias\",\"Obra P\u00fablica\",\"Portoviejo\",\"Todas\"],\"inLanguage\":\"es\"},{\"@type\":\"WebPage\",\"@id\":\"https:\\\/\\\/www.manabi.gob.ec\\\/index.php\\\/realizamos-trabajos-emergentes-en-la-via-san-placido-pichincha\\\/\",\"url\":\"https:\\\/\\\/www.manabi.gob.ec\\\/index.php\\\/realizamos-trabajos-emergentes-en-la-via-san-placido-pichincha\\\/\",\"name\":\"Realizamos trabajos emergentes en la v\u00eda San Pl\u00e1cido-Pichincha - Prefectura de Manab\u00ed\",\"isPartOf\":{\"@id\":\"https:\\\/\\\/www.manabi.gob.ec\\\/#website\"},\"primaryImageOfPage\":{\"@id\":\"https:\\\/\\\/www.manabi.gob.ec\\\/index.php\\\/realizamos-trabajos-emergentes-en-la-via-san-placido-pichincha\\\/#primaryimage\"},\"image\":{\"@id\":\"https:\\\/\\\/www.manabi.gob.ec\\\/index.php\\\/realizamos-trabajos-emergentes-en-la-via-san-placido-pichincha\\\/#primaryimage\"},\"thumbnailUrl\":\"https:\\\/\\\/www.manabi.gob.ec\\\/wp-content\\\/uploads\\\/2024\\\/01\\\/WhatsApp-Image-2024-01-27-at-10.59.29.png\",\"datePublished\":\"2024-01-28T01:36:50+00:00\",\"dateModified\":\"2024-01-28T01:36:56+00:00\",\"author\":{\"@id\":\"https:\\\/\\\/www.manabi.gob.ec\\\/#\\\/schema\\\/person\\\/c4f117989332ad723a6ced5994aa7d7a\"},\"breadcrumb\":{\"@id\":\"https:\\\/\\\/www.manabi.gob.ec\\\/index.php\\\/realizamos-trabajos-emergentes-en-la-via-san-placido-pichincha\\\/#breadcrumb\"},\"inLanguage\":\"es\",\"potentialAction\":[{\"@type\":\"ReadAction\",\"target\":[\"https:\\\/\\\/www.manabi.gob.ec\\\/index.php\\\/realizamos-trabajos-emergentes-en-la-via-san-placido-pichincha\\\/\"]}]},{\"@type\":\"ImageObject\",\"inLanguage\":\"es\",\"@id\":\"https:\\\/\\\/www.manabi.gob.ec\\\/index.php\\\/realizamos-trabajos-emergentes-en-la-via-san-placido-pichincha\\\/#primaryimage\",\"url\":\"https:\\\/\\\/www.manabi.gob.ec\\\/wp-content\\\/uploads\\\/2024\\\/01\\\/WhatsApp-Image-2024-01-27-at-10.59.29.png\",\"contentUrl\":\"https:\\\/\\\/www.manabi.gob.ec\\\/wp-content\\\/uploads\\\/2024\\\/01\\\/WhatsApp-Image-2024-01-27-at-10.59.29.png\",\"width\":1488,\"height\":1008},{\"@type\":\"BreadcrumbList\",\"@id\":\"https:\\\/\\\/www.manabi.gob.ec\\\/index.php\\\/realizamos-trabajos-emergentes-en-la-via-san-placido-pichincha\\\/#breadcrumb\",\"itemListElement\":[{\"@type\":\"ListItem\",\"position\":1,\"name\":\"Portada\",\"item\":\"https:\\\/\\\/www.manabi.gob.ec\\\/\"},{\"@type\":\"ListItem\",\"position\":2,\"name\":\"Realizamos trabajos emergentes en la v\u00eda San Pl\u00e1cido-Pichincha\"}]},{\"@type\":\"WebSite\",\"@id\":\"https:\\\/\\\/www.manabi.gob.ec\\\/#website\",\"url\":\"https:\\\/\\\/www.manabi.gob.ec\\\/\",\"name\":\"Prefectura de Manab\u00ed\",\"description\":\"P\u00e1gina web de la prefectura\",\"potentialAction\":[{\"@type\":\"SearchAction\",\"target\":{\"@type\":\"EntryPoint\",\"urlTemplate\":\"https:\\\/\\\/www.manabi.gob.ec\\\/?s={search_term_string}\"},\"query-input\":{\"@type\":\"PropertyValueSpecification\",\"valueRequired\":true,\"valueName\":\"search_term_string\"}}],\"inLanguage\":\"es\"},{\"@type\":\"Person\",\"@id\":\"https:\\\/\\\/www.manabi.gob.ec\\\/#\\\/schema\\\/person\\\/c4f117989332ad723a6ced5994aa7d7a\",\"name\":\"Lui Ochoa\",\"image\":{\"@type\":\"ImageObject\",\"inLanguage\":\"es\",\"@id\":\"https:\\\/\\\/secure.gravatar.com\\\/avatar\\\/6e8017d0fe69dead8a95864d2eb6e1e1d8bf8e01194ba49cf7b897ff038126ba?s=96&d=mm&r=g\",\"url\":\"https:\\\/\\\/secure.gravatar.com\\\/avatar\\\/6e8017d0fe69dead8a95864d2eb6e1e1d8bf8e01194ba49cf7b897ff038126ba?s=96&d=mm&r=g\",\"contentUrl\":\"https:\\\/\\\/secure.gravatar.com\\\/avatar\\\/6e8017d0fe69dead8a95864d2eb6e1e1d8bf8e01194ba49cf7b897ff038126ba?s=96&d=mm&r=g\",\"caption\":\"Lui Ochoa\"},\"url\":\"https:\\\/\\\/www.manabi.gob.ec\\\/index.php\\\/author\\\/lochoa\\\/\"}]}<\/script>\n<!-- \/ Yoast SEO plugin. -->","yoast_head_json":{"title":"Realizamos trabajos emergentes en la v\u00eda San Pl\u00e1cido-Pichincha - Prefectura de Manab\u00ed","robots":{"index":"index","follow":"follow","max-snippet":"max-snippet:-1","max-image-preview":"max-image-preview:large","max-video-preview":"max-video-preview:-1"},"canonical":"https:\/\/www.manabi.gob.ec\/index.php\/realizamos-trabajos-emergentes-en-la-via-san-placido-pichincha\/","og_locale":"es_ES","og_type":"article","og_title":"Realizamos trabajos emergentes en la v\u00eda San Pl\u00e1cido-Pichincha - Prefectura de Manab\u00ed","og_description":"Desde el mi\u00e9rcoles 24 de enero, un equipo de la Prefectura de Manab\u00ed realiza trabajos emergentes en la v\u00eda San Pl\u00e1cido Pichincha, a trav\u00e9s de una acci\u00f3n coordinada con el Ministerio Transporte Obras P\u00fablicas Ecuador Se trata de labores de reconformaci\u00f3n en tramos puntuales de la v\u00eda E30, desde el km 83 hasta el km [&hellip;]","og_url":"https:\/\/www.manabi.gob.ec\/index.php\/realizamos-trabajos-emergentes-en-la-via-san-placido-pichincha\/","og_site_name":"Prefectura de Manab\u00ed","article_published_time":"2024-01-28T01:36:50+00:00","article_modified_time":"2024-01-28T01:36:56+00:00","og_image":[{"width":1024,"height":694,"url":"https:\/\/www.manabi.gob.ec\/wp-content\/uploads\/2024\/01\/WhatsApp-Image-2024-01-27-at-10.59.29-1024x694.png","type":"image\/png"}],"author":"Lui Ochoa","twitter_card":"summary_large_image","twitter_misc":{"Escrito por":"Lui Ochoa","Tiempo de lectura":"1 minuto"},"schema":{"@context":"https:\/\/schema.org","@graph":[{"@type":"Article","@id":"https:\/\/www.manabi.gob.ec\/index.php\/realizamos-trabajos-emergentes-en-la-via-san-placido-pichincha\/#article","isPartOf":{"@id":"https:\/\/www.manabi.gob.ec\/index.php\/realizamos-trabajos-emergentes-en-la-via-san-placido-pichincha\/"},"author":{"name":"Lui Ochoa","@id":"https:\/\/www.manabi.gob.ec\/#\/schema\/person\/c4f117989332ad723a6ced5994aa7d7a"},"headline":"Realizamos trabajos emergentes en la v\u00eda San Pl\u00e1cido-Pichincha","datePublished":"2024-01-28T01:36:50+00:00","dateModified":"2024-01-28T01:36:56+00:00","mainEntityOfPage":{"@id":"https:\/\/www.manabi.gob.ec\/index.php\/realizamos-trabajos-emergentes-en-la-via-san-placido-pichincha\/"},"wordCount":99,"image":{"@id":"https:\/\/www.manabi.gob.ec\/index.php\/realizamos-trabajos-emergentes-en-la-via-san-placido-pichincha\/#primaryimage"},"thumbnailUrl":"https:\/\/www.manabi.gob.ec\/wp-content\/uploads\/2024\/01\/WhatsApp-Image-2024-01-27-at-10.59.29.png","articleSection":["Ambiente","Desarrollo Social","Noticias","Obra P\u00fablica","Portoviejo","Todas"],"inLanguage":"es"},{"@type":"WebPage","@id":"https:\/\/www.manabi.gob.ec\/index.php\/realizamos-trabajos-emergentes-en-la-via-san-placido-pichincha\/","url":"https:\/\/www.manabi.gob.ec\/index.php\/realizamos-trabajos-emergentes-en-la-via-san-placido-pichincha\/","name":"Realizamos trabajos emergentes en la v\u00eda San Pl\u00e1cido-Pichincha - Prefectura de Manab\u00ed","isPartOf":{"@id":"https:\/\/www.manabi.gob.ec\/#website"},"primaryImageOfPage":{"@id":"https:\/\/www.manabi.gob.ec\/index.php\/realizamos-trabajos-emergentes-en-la-via-san-placido-pichincha\/#primaryimage"},"image":{"@id":"https:\/\/www.manabi.gob.ec\/index.php\/realizamos-trabajos-emergentes-en-la-via-san-placido-pichincha\/#primaryimage"},"thumbnailUrl":"https:\/\/www.manabi.gob.ec\/wp-content\/uploads\/2024\/01\/WhatsApp-Image-2024-01-27-at-10.59.29.png","datePublished":"2024-01-28T01:36:50+00:00","dateModified":"2024-01-28T01:36:56+00:00","author":{"@id":"https:\/\/www.manabi.gob.ec\/#\/schema\/person\/c4f117989332ad723a6ced5994aa7d7a"},"breadcrumb":{"@id":"https:\/\/www.manabi.gob.ec\/index.php\/realizamos-trabajos-emergentes-en-la-via-san-placido-pichincha\/#breadcrumb"},"inLanguage":"es","potentialAction":[{"@type":"ReadAction","target":["https:\/\/www.manabi.gob.ec\/index.php\/realizamos-trabajos-emergentes-en-la-via-san-placido-pichincha\/"]}]},{"@type":"ImageObject","inLanguage":"es","@id":"https:\/\/www.manabi.gob.ec\/index.php\/realizamos-trabajos-emergentes-en-la-via-san-placido-pichincha\/#primaryimage","url":"https:\/\/www.manabi.gob.ec\/wp-content\/uploads\/2024\/01\/WhatsApp-Image-2024-01-27-at-10.59.29.png","contentUrl":"https:\/\/www.manabi.gob.ec\/wp-content\/uploads\/2024\/01\/WhatsApp-Image-2024-01-27-at-10.59.29.png","width":1488,"height":1008},{"@type":"BreadcrumbList","@id":"https:\/\/www.manabi.gob.ec\/index.php\/realizamos-trabajos-emergentes-en-la-via-san-placido-pichincha\/#breadcrumb","itemListElement":[{"@type":"ListItem","position":1,"name":"Portada","item":"https:\/\/www.manabi.gob.ec\/"},{"@type":"ListItem","position":2,"name":"Realizamos trabajos emergentes en la v\u00eda San Pl\u00e1cido-Pichincha"}]},{"@type":"WebSite","@id":"https:\/\/www.manabi.gob.ec\/#website","url":"https:\/\/www.manabi.gob.ec\/","name":"Prefectura de Manab\u00ed","description":"P\u00e1gina web de la prefectura","potentialAction":[{"@type":"SearchAction","target":{"@type":"EntryPoint","urlTemplate":"https:\/\/www.manabi.gob.ec\/?s={search_term_string}"},"query-input":{"@type":"PropertyValueSpecification","valueRequired":true,"valueName":"search_term_string"}}],"inLanguage":"es"},{"@type":"Person","@id":"https:\/\/www.manabi.gob.ec\/#\/schema\/person\/c4f117989332ad723a6ced5994aa7d7a","name":"Lui Ochoa","image":{"@type":"ImageObject","inLanguage":"es","@id":"https:\/\/secure.gravatar.com\/avatar\/6e8017d0fe69dead8a95864d2eb6e1e1d8bf8e01194ba49cf7b897ff038126ba?s=96&d=mm&r=g","url":"https:\/\/secure.gravatar.com\/avatar\/6e8017d0fe69dead8a95864d2eb6e1e1d8bf8e01194ba49cf7b897ff038126ba?s=96&d=mm&r=g","contentUrl":"https:\/\/secure.gravatar.com\/avatar\/6e8017d0fe69dead8a95864d2eb6e1e1d8bf8e01194ba49cf7b897ff038126ba?s=96&d=mm&r=g","caption":"Lui Ochoa"},"url":"https:\/\/www.manabi.gob.ec\/index.php\/author\/lochoa\/"}]}},"jetpack_featured_media_url":"https:\/\/www.manabi.gob.ec\/wp-content\/uploads\/2024\/01\/WhatsApp-Image-2024-01-27-at-10.59.29.png","_links":{"self":[{"href":"https:\/\/www.manabi.gob.ec\/index.php\/wp-json\/wp\/v2\/posts\/27047","targetHints":{"allow":["GET"]}}],"collection":[{"href":"https:\/\/www.manabi.gob.ec\/index.php\/wp-json\/wp\/v2\/posts"}],"about":[{"href":"https:\/\/www.manabi.gob.ec\/index.php\/wp-json\/wp\/v2\/types\/post"}],"author":[{"embeddable":true,"href":"https:\/\/www.manabi.gob.ec\/index.php\/wp-json\/wp\/v2\/users\/10"}],"replies":[{"embeddable":true,"href":"https:\/\/www.manabi.gob.ec\/index.php\/wp-json\/wp\/v2\/comments?post=27047"}],"version-history":[{"count":1,"href":"https:\/\/www.manabi.gob.ec\/index.php\/wp-json\/wp\/v2\/posts\/27047\/revisions"}],"predecessor-version":[{"id":27049,"href":"https:\/\/www.manabi.gob.ec\/index.php\/wp-json\/wp\/v2\/posts\/27047\/revisions\/27049"}],"wp:featuredmedia":[{"embeddable":true,"href":"https:\/\/www.manabi.gob.ec\/index.php\/wp-json\/wp\/v2\/media\/27048"}],"wp:attachment":[{"href":"https:\/\/www.manabi.gob.ec\/index.php\/wp-json\/wp\/v2\/media?parent=27047"}],"wp:term":[{"taxonomy":"category","embeddable":true,"href":"https:\/\/www.manabi.gob.ec\/index.php\/wp-json\/wp\/v2\/categories?post=27047"},{"taxonomy":"post_tag","embeddable":true,"href":"https:\/\/www.manabi.gob.ec\/index.php\/wp-json\/wp\/v2\/tags?post=27047"}],"curies":[{"name":"wp","href":"https:\/\/api.w.org\/{rel}","templated":true}]}}