{"id":27122,"date":"2024-02-01T18:39:42","date_gmt":"2024-02-01T18:39:42","guid":{"rendered":"https:\/\/www.manabi.gob.ec\/?p=27122"},"modified":"2024-02-01T18:39:47","modified_gmt":"2024-02-01T18:39:47","slug":"la-prefectura-interviene-la-via-pajan-campozano","status":"publish","type":"post","link":"https:\/\/www.manabi.gob.ec\/index.php\/la-prefectura-interviene-la-via-pajan-campozano\/","title":{"rendered":"La Prefectura interviene la v\u00eda Paj\u00e1n \u2013 Campozano"},"content":{"rendered":"\n<p>Personal y maquinaria de la Prefectura de Manab\u00ed trabajan en la reconformaci\u00f3n de la v\u00eda Paj\u00e1n \u2013 Campozano, de 5.7 kil\u00f3metros. El objetivo es mejorar las condiciones para la transportaci\u00f3n sobre esta arteria vial que se ha visto afectada por la estaci\u00f3n lluviosa.<\/p>\n\n\n\n<p>Para estas labores, que iniciaron desde hace una semana, se cuenta con un equipo de afirmado compuesto por motoniveladora, tanquero y rodillo.<\/p>\n\n\n\n<p>Marcel Guill\u00e9n, responsable t\u00e9cnico de la instituci\u00f3n en la zona Sur, manifest\u00f3 que los trabajos quedar\u00e1n a nivel de imprimaci\u00f3n, en espera de los recursos necesarias para continuar mejorando el nivel de servicio de esta v\u00eda que une a la parroquia Campozano con la cabecera cantonal.<\/p>\n\n\n\n<p>\u201cM\u00e1s all\u00e1 de no tener el recursos, tenemos la voluntad y el compromiso por nuestro pueblo; hacemos lo que podemos con lo que tenemos, y aqu\u00ed lo estamos dejando plasmado\u201d, expres\u00f3 Guill\u00e9n.<\/p>\n\n\n\n<p>Adem\u00e1s, record\u00f3 que existe otro frente de trabajo en la v\u00eda Campozano-Guale, sobre el mismo trazado, en donde se realizan intervenciones en puntos cr\u00edticos que se han desmejorado producto de la etapa invernal.<\/p>\n","protected":false},"excerpt":{"rendered":"<p>Personal y maquinaria de la Prefectura de Manab\u00ed trabajan en la reconformaci\u00f3n de la v\u00eda Paj\u00e1n \u2013 Campozano, de 5.7 kil\u00f3metros. El objetivo es mejorar las condiciones para la transportaci\u00f3n sobre esta arteria vial que se ha visto afectada por la estaci\u00f3n lluviosa. Para estas labores, que iniciaron desde hace una semana, se cuenta con [&hellip;]<\/p>\n","protected":false},"author":10,"featured_media":27123,"comment_status":"closed","ping_status":"closed","sticky":false,"template":"","format":"standard","meta":{"_joinchat":[],"footnotes":""},"categories":[142,92,181,339,340,91,127],"tags":[],"class_list":["post-27122","post","type-post","status-publish","format-standard","has-post-thumbnail","hentry","category-desarrollo-social","category-noticias-manabi","category-obra-publica","category-plan-invernal","category-plan-invernal-plan-invernal","category-todas","category-vialidad"],"yoast_head":"<!-- This site is optimized with the Yoast SEO plugin v27.4 - https:\/\/yoast.com\/product\/yoast-seo-wordpress\/ -->\n<title>La Prefectura interviene la v\u00eda Paj\u00e1n \u2013 Campozano - Prefectura de Manab\u00ed<\/title>\n<meta name=\"robots\" content=\"index, follow, max-snippet:-1, max-image-preview:large, max-video-preview:-1\" \/>\n<link rel=\"canonical\" href=\"https:\/\/www.manabi.gob.ec\/index.php\/la-prefectura-interviene-la-via-pajan-campozano\/\" \/>\n<meta property=\"og:locale\" content=\"es_ES\" \/>\n<meta property=\"og:type\" content=\"article\" \/>\n<meta property=\"og:title\" content=\"La Prefectura interviene la v\u00eda Paj\u00e1n \u2013 Campozano - Prefectura de Manab\u00ed\" \/>\n<meta property=\"og:description\" content=\"Personal y maquinaria de la Prefectura de Manab\u00ed trabajan en la reconformaci\u00f3n de la v\u00eda Paj\u00e1n \u2013 Campozano, de 5.7 kil\u00f3metros. El objetivo es mejorar las condiciones para la transportaci\u00f3n sobre esta arteria vial que se ha visto afectada por la estaci\u00f3n lluviosa. Para estas labores, que iniciaron desde hace una semana, se cuenta con [&hellip;]\" \/>\n<meta property=\"og:url\" content=\"https:\/\/www.manabi.gob.ec\/index.php\/la-prefectura-interviene-la-via-pajan-campozano\/\" \/>\n<meta property=\"og:site_name\" content=\"Prefectura de Manab\u00ed\" \/>\n<meta property=\"article:published_time\" content=\"2024-02-01T18:39:42+00:00\" \/>\n<meta property=\"article:modified_time\" content=\"2024-02-01T18:39:47+00:00\" \/>\n<meta property=\"og:image\" content=\"https:\/\/www.manabi.gob.ec\/wp-content\/uploads\/2024\/02\/WhatsApp-Image-2024-01-30-at-16.21.03.jpeg\" \/>\n\t<meta property=\"og:image:width\" content=\"1280\" \/>\n\t<meta property=\"og:image:height\" content=\"853\" \/>\n\t<meta property=\"og:image:type\" content=\"image\/jpeg\" \/>\n<meta name=\"author\" content=\"Lui Ochoa\" \/>\n<meta name=\"twitter:card\" content=\"summary_large_image\" \/>\n<meta name=\"twitter:label1\" content=\"Escrito por\" \/>\n\t<meta name=\"twitter:data1\" content=\"Lui Ochoa\" \/>\n\t<meta name=\"twitter:label2\" content=\"Tiempo de lectura\" \/>\n\t<meta name=\"twitter:data2\" content=\"2 minutos\" \/>\n<script type=\"application\/ld+json\" class=\"yoast-schema-graph\">{\"@context\":\"https:\\\/\\\/schema.org\",\"@graph\":[{\"@type\":\"Article\",\"@id\":\"https:\\\/\\\/www.manabi.gob.ec\\\/index.php\\\/la-prefectura-interviene-la-via-pajan-campozano\\\/#article\",\"isPartOf\":{\"@id\":\"https:\\\/\\\/www.manabi.gob.ec\\\/index.php\\\/la-prefectura-interviene-la-via-pajan-campozano\\\/\"},\"author\":{\"name\":\"Lui Ochoa\",\"@id\":\"https:\\\/\\\/www.manabi.gob.ec\\\/#\\\/schema\\\/person\\\/c4f117989332ad723a6ced5994aa7d7a\"},\"headline\":\"La Prefectura interviene la v\u00eda Paj\u00e1n \u2013 Campozano\",\"datePublished\":\"2024-02-01T18:39:42+00:00\",\"dateModified\":\"2024-02-01T18:39:47+00:00\",\"mainEntityOfPage\":{\"@id\":\"https:\\\/\\\/www.manabi.gob.ec\\\/index.php\\\/la-prefectura-interviene-la-via-pajan-campozano\\\/\"},\"wordCount\":200,\"image\":{\"@id\":\"https:\\\/\\\/www.manabi.gob.ec\\\/index.php\\\/la-prefectura-interviene-la-via-pajan-campozano\\\/#primaryimage\"},\"thumbnailUrl\":\"https:\\\/\\\/www.manabi.gob.ec\\\/wp-content\\\/uploads\\\/2024\\\/02\\\/WhatsApp-Image-2024-01-30-at-16.21.03.jpeg\",\"articleSection\":[\"Desarrollo Social\",\"Noticias\",\"Obra P\u00fablica\",\"Plan Invernal\",\"PLAN INVERNAL\",\"Todas\",\"Vialidad\"],\"inLanguage\":\"es\"},{\"@type\":\"WebPage\",\"@id\":\"https:\\\/\\\/www.manabi.gob.ec\\\/index.php\\\/la-prefectura-interviene-la-via-pajan-campozano\\\/\",\"url\":\"https:\\\/\\\/www.manabi.gob.ec\\\/index.php\\\/la-prefectura-interviene-la-via-pajan-campozano\\\/\",\"name\":\"La Prefectura interviene la v\u00eda Paj\u00e1n \u2013 Campozano - Prefectura de Manab\u00ed\",\"isPartOf\":{\"@id\":\"https:\\\/\\\/www.manabi.gob.ec\\\/#website\"},\"primaryImageOfPage\":{\"@id\":\"https:\\\/\\\/www.manabi.gob.ec\\\/index.php\\\/la-prefectura-interviene-la-via-pajan-campozano\\\/#primaryimage\"},\"image\":{\"@id\":\"https:\\\/\\\/www.manabi.gob.ec\\\/index.php\\\/la-prefectura-interviene-la-via-pajan-campozano\\\/#primaryimage\"},\"thumbnailUrl\":\"https:\\\/\\\/www.manabi.gob.ec\\\/wp-content\\\/uploads\\\/2024\\\/02\\\/WhatsApp-Image-2024-01-30-at-16.21.03.jpeg\",\"datePublished\":\"2024-02-01T18:39:42+00:00\",\"dateModified\":\"2024-02-01T18:39:47+00:00\",\"author\":{\"@id\":\"https:\\\/\\\/www.manabi.gob.ec\\\/#\\\/schema\\\/person\\\/c4f117989332ad723a6ced5994aa7d7a\"},\"breadcrumb\":{\"@id\":\"https:\\\/\\\/www.manabi.gob.ec\\\/index.php\\\/la-prefectura-interviene-la-via-pajan-campozano\\\/#breadcrumb\"},\"inLanguage\":\"es\",\"potentialAction\":[{\"@type\":\"ReadAction\",\"target\":[\"https:\\\/\\\/www.manabi.gob.ec\\\/index.php\\\/la-prefectura-interviene-la-via-pajan-campozano\\\/\"]}]},{\"@type\":\"ImageObject\",\"inLanguage\":\"es\",\"@id\":\"https:\\\/\\\/www.manabi.gob.ec\\\/index.php\\\/la-prefectura-interviene-la-via-pajan-campozano\\\/#primaryimage\",\"url\":\"https:\\\/\\\/www.manabi.gob.ec\\\/wp-content\\\/uploads\\\/2024\\\/02\\\/WhatsApp-Image-2024-01-30-at-16.21.03.jpeg\",\"contentUrl\":\"https:\\\/\\\/www.manabi.gob.ec\\\/wp-content\\\/uploads\\\/2024\\\/02\\\/WhatsApp-Image-2024-01-30-at-16.21.03.jpeg\",\"width\":1280,\"height\":853},{\"@type\":\"BreadcrumbList\",\"@id\":\"https:\\\/\\\/www.manabi.gob.ec\\\/index.php\\\/la-prefectura-interviene-la-via-pajan-campozano\\\/#breadcrumb\",\"itemListElement\":[{\"@type\":\"ListItem\",\"position\":1,\"name\":\"Portada\",\"item\":\"https:\\\/\\\/www.manabi.gob.ec\\\/\"},{\"@type\":\"ListItem\",\"position\":2,\"name\":\"La Prefectura interviene la v\u00eda Paj\u00e1n \u2013 Campozano\"}]},{\"@type\":\"WebSite\",\"@id\":\"https:\\\/\\\/www.manabi.gob.ec\\\/#website\",\"url\":\"https:\\\/\\\/www.manabi.gob.ec\\\/\",\"name\":\"Prefectura de Manab\u00ed\",\"description\":\"P\u00e1gina web de la prefectura\",\"potentialAction\":[{\"@type\":\"SearchAction\",\"target\":{\"@type\":\"EntryPoint\",\"urlTemplate\":\"https:\\\/\\\/www.manabi.gob.ec\\\/?s={search_term_string}\"},\"query-input\":{\"@type\":\"PropertyValueSpecification\",\"valueRequired\":true,\"valueName\":\"search_term_string\"}}],\"inLanguage\":\"es\"},{\"@type\":\"Person\",\"@id\":\"https:\\\/\\\/www.manabi.gob.ec\\\/#\\\/schema\\\/person\\\/c4f117989332ad723a6ced5994aa7d7a\",\"name\":\"Lui Ochoa\",\"image\":{\"@type\":\"ImageObject\",\"inLanguage\":\"es\",\"@id\":\"https:\\\/\\\/secure.gravatar.com\\\/avatar\\\/6e8017d0fe69dead8a95864d2eb6e1e1d8bf8e01194ba49cf7b897ff038126ba?s=96&d=mm&r=g\",\"url\":\"https:\\\/\\\/secure.gravatar.com\\\/avatar\\\/6e8017d0fe69dead8a95864d2eb6e1e1d8bf8e01194ba49cf7b897ff038126ba?s=96&d=mm&r=g\",\"contentUrl\":\"https:\\\/\\\/secure.gravatar.com\\\/avatar\\\/6e8017d0fe69dead8a95864d2eb6e1e1d8bf8e01194ba49cf7b897ff038126ba?s=96&d=mm&r=g\",\"caption\":\"Lui Ochoa\"},\"url\":\"https:\\\/\\\/www.manabi.gob.ec\\\/index.php\\\/author\\\/lochoa\\\/\"}]}<\/script>\n<!-- \/ Yoast SEO plugin. -->","yoast_head_json":{"title":"La Prefectura interviene la v\u00eda Paj\u00e1n \u2013 Campozano - Prefectura de Manab\u00ed","robots":{"index":"index","follow":"follow","max-snippet":"max-snippet:-1","max-image-preview":"max-image-preview:large","max-video-preview":"max-video-preview:-1"},"canonical":"https:\/\/www.manabi.gob.ec\/index.php\/la-prefectura-interviene-la-via-pajan-campozano\/","og_locale":"es_ES","og_type":"article","og_title":"La Prefectura interviene la v\u00eda Paj\u00e1n \u2013 Campozano - Prefectura de Manab\u00ed","og_description":"Personal y maquinaria de la Prefectura de Manab\u00ed trabajan en la reconformaci\u00f3n de la v\u00eda Paj\u00e1n \u2013 Campozano, de 5.7 kil\u00f3metros. El objetivo es mejorar las condiciones para la transportaci\u00f3n sobre esta arteria vial que se ha visto afectada por la estaci\u00f3n lluviosa. Para estas labores, que iniciaron desde hace una semana, se cuenta con [&hellip;]","og_url":"https:\/\/www.manabi.gob.ec\/index.php\/la-prefectura-interviene-la-via-pajan-campozano\/","og_site_name":"Prefectura de Manab\u00ed","article_published_time":"2024-02-01T18:39:42+00:00","article_modified_time":"2024-02-01T18:39:47+00:00","og_image":[{"width":1280,"height":853,"url":"https:\/\/www.manabi.gob.ec\/wp-content\/uploads\/2024\/02\/WhatsApp-Image-2024-01-30-at-16.21.03.jpeg","type":"image\/jpeg"}],"author":"Lui Ochoa","twitter_card":"summary_large_image","twitter_misc":{"Escrito por":"Lui Ochoa","Tiempo de lectura":"2 minutos"},"schema":{"@context":"https:\/\/schema.org","@graph":[{"@type":"Article","@id":"https:\/\/www.manabi.gob.ec\/index.php\/la-prefectura-interviene-la-via-pajan-campozano\/#article","isPartOf":{"@id":"https:\/\/www.manabi.gob.ec\/index.php\/la-prefectura-interviene-la-via-pajan-campozano\/"},"author":{"name":"Lui Ochoa","@id":"https:\/\/www.manabi.gob.ec\/#\/schema\/person\/c4f117989332ad723a6ced5994aa7d7a"},"headline":"La Prefectura interviene la v\u00eda Paj\u00e1n \u2013 Campozano","datePublished":"2024-02-01T18:39:42+00:00","dateModified":"2024-02-01T18:39:47+00:00","mainEntityOfPage":{"@id":"https:\/\/www.manabi.gob.ec\/index.php\/la-prefectura-interviene-la-via-pajan-campozano\/"},"wordCount":200,"image":{"@id":"https:\/\/www.manabi.gob.ec\/index.php\/la-prefectura-interviene-la-via-pajan-campozano\/#primaryimage"},"thumbnailUrl":"https:\/\/www.manabi.gob.ec\/wp-content\/uploads\/2024\/02\/WhatsApp-Image-2024-01-30-at-16.21.03.jpeg","articleSection":["Desarrollo Social","Noticias","Obra P\u00fablica","Plan Invernal","PLAN INVERNAL","Todas","Vialidad"],"inLanguage":"es"},{"@type":"WebPage","@id":"https:\/\/www.manabi.gob.ec\/index.php\/la-prefectura-interviene-la-via-pajan-campozano\/","url":"https:\/\/www.manabi.gob.ec\/index.php\/la-prefectura-interviene-la-via-pajan-campozano\/","name":"La Prefectura interviene la v\u00eda Paj\u00e1n \u2013 Campozano - Prefectura de Manab\u00ed","isPartOf":{"@id":"https:\/\/www.manabi.gob.ec\/#website"},"primaryImageOfPage":{"@id":"https:\/\/www.manabi.gob.ec\/index.php\/la-prefectura-interviene-la-via-pajan-campozano\/#primaryimage"},"image":{"@id":"https:\/\/www.manabi.gob.ec\/index.php\/la-prefectura-interviene-la-via-pajan-campozano\/#primaryimage"},"thumbnailUrl":"https:\/\/www.manabi.gob.ec\/wp-content\/uploads\/2024\/02\/WhatsApp-Image-2024-01-30-at-16.21.03.jpeg","datePublished":"2024-02-01T18:39:42+00:00","dateModified":"2024-02-01T18:39:47+00:00","author":{"@id":"https:\/\/www.manabi.gob.ec\/#\/schema\/person\/c4f117989332ad723a6ced5994aa7d7a"},"breadcrumb":{"@id":"https:\/\/www.manabi.gob.ec\/index.php\/la-prefectura-interviene-la-via-pajan-campozano\/#breadcrumb"},"inLanguage":"es","potentialAction":[{"@type":"ReadAction","target":["https:\/\/www.manabi.gob.ec\/index.php\/la-prefectura-interviene-la-via-pajan-campozano\/"]}]},{"@type":"ImageObject","inLanguage":"es","@id":"https:\/\/www.manabi.gob.ec\/index.php\/la-prefectura-interviene-la-via-pajan-campozano\/#primaryimage","url":"https:\/\/www.manabi.gob.ec\/wp-content\/uploads\/2024\/02\/WhatsApp-Image-2024-01-30-at-16.21.03.jpeg","contentUrl":"https:\/\/www.manabi.gob.ec\/wp-content\/uploads\/2024\/02\/WhatsApp-Image-2024-01-30-at-16.21.03.jpeg","width":1280,"height":853},{"@type":"BreadcrumbList","@id":"https:\/\/www.manabi.gob.ec\/index.php\/la-prefectura-interviene-la-via-pajan-campozano\/#breadcrumb","itemListElement":[{"@type":"ListItem","position":1,"name":"Portada","item":"https:\/\/www.manabi.gob.ec\/"},{"@type":"ListItem","position":2,"name":"La Prefectura interviene la v\u00eda Paj\u00e1n \u2013 Campozano"}]},{"@type":"WebSite","@id":"https:\/\/www.manabi.gob.ec\/#website","url":"https:\/\/www.manabi.gob.ec\/","name":"Prefectura de Manab\u00ed","description":"P\u00e1gina web de la prefectura","potentialAction":[{"@type":"SearchAction","target":{"@type":"EntryPoint","urlTemplate":"https:\/\/www.manabi.gob.ec\/?s={search_term_string}"},"query-input":{"@type":"PropertyValueSpecification","valueRequired":true,"valueName":"search_term_string"}}],"inLanguage":"es"},{"@type":"Person","@id":"https:\/\/www.manabi.gob.ec\/#\/schema\/person\/c4f117989332ad723a6ced5994aa7d7a","name":"Lui Ochoa","image":{"@type":"ImageObject","inLanguage":"es","@id":"https:\/\/secure.gravatar.com\/avatar\/6e8017d0fe69dead8a95864d2eb6e1e1d8bf8e01194ba49cf7b897ff038126ba?s=96&d=mm&r=g","url":"https:\/\/secure.gravatar.com\/avatar\/6e8017d0fe69dead8a95864d2eb6e1e1d8bf8e01194ba49cf7b897ff038126ba?s=96&d=mm&r=g","contentUrl":"https:\/\/secure.gravatar.com\/avatar\/6e8017d0fe69dead8a95864d2eb6e1e1d8bf8e01194ba49cf7b897ff038126ba?s=96&d=mm&r=g","caption":"Lui Ochoa"},"url":"https:\/\/www.manabi.gob.ec\/index.php\/author\/lochoa\/"}]}},"jetpack_featured_media_url":"https:\/\/www.manabi.gob.ec\/wp-content\/uploads\/2024\/02\/WhatsApp-Image-2024-01-30-at-16.21.03.jpeg","_links":{"self":[{"href":"https:\/\/www.manabi.gob.ec\/index.php\/wp-json\/wp\/v2\/posts\/27122","targetHints":{"allow":["GET"]}}],"collection":[{"href":"https:\/\/www.manabi.gob.ec\/index.php\/wp-json\/wp\/v2\/posts"}],"about":[{"href":"https:\/\/www.manabi.gob.ec\/index.php\/wp-json\/wp\/v2\/types\/post"}],"author":[{"embeddable":true,"href":"https:\/\/www.manabi.gob.ec\/index.php\/wp-json\/wp\/v2\/users\/10"}],"replies":[{"embeddable":true,"href":"https:\/\/www.manabi.gob.ec\/index.php\/wp-json\/wp\/v2\/comments?post=27122"}],"version-history":[{"count":1,"href":"https:\/\/www.manabi.gob.ec\/index.php\/wp-json\/wp\/v2\/posts\/27122\/revisions"}],"predecessor-version":[{"id":27124,"href":"https:\/\/www.manabi.gob.ec\/index.php\/wp-json\/wp\/v2\/posts\/27122\/revisions\/27124"}],"wp:featuredmedia":[{"embeddable":true,"href":"https:\/\/www.manabi.gob.ec\/index.php\/wp-json\/wp\/v2\/media\/27123"}],"wp:attachment":[{"href":"https:\/\/www.manabi.gob.ec\/index.php\/wp-json\/wp\/v2\/media?parent=27122"}],"wp:term":[{"taxonomy":"category","embeddable":true,"href":"https:\/\/www.manabi.gob.ec\/index.php\/wp-json\/wp\/v2\/categories?post=27122"},{"taxonomy":"post_tag","embeddable":true,"href":"https:\/\/www.manabi.gob.ec\/index.php\/wp-json\/wp\/v2\/tags?post=27122"}],"curies":[{"name":"wp","href":"https:\/\/api.w.org\/{rel}","templated":true}]}}