{"id":27137,"date":"2024-02-02T18:51:15","date_gmt":"2024-02-02T18:51:15","guid":{"rendered":"https:\/\/www.manabi.gob.ec\/?p=27137"},"modified":"2024-02-02T18:51:21","modified_gmt":"2024-02-02T18:51:21","slug":"inicio-la-cuarta-temporada-del-proyecto-emblematico-de-la-prefectura-de-manabi-entrenando-valores","status":"publish","type":"post","link":"https:\/\/www.manabi.gob.ec\/index.php\/inicio-la-cuarta-temporada-del-proyecto-emblematico-de-la-prefectura-de-manabi-entrenando-valores\/","title":{"rendered":"Inici\u00f3 la Cuarta Temporada del Proyecto Emblem\u00e1tico de la Prefectura de Manab\u00ed Entrenando Valores"},"content":{"rendered":"\n<p>Con la presencia de madres y padres de familia, dirigentes del sector y la alegr\u00eda de m\u00e1s de 750 ni\u00f1os, ni\u00f1as y adolescentes de 6 a 17 a\u00f1os, la Prefectura de Manab\u00ed inici\u00f3 la cuarta temporada del proyecto emblem\u00e1tico \u00abEntrenado Valores\u00bb 2024.<\/p>\n\n\n\n<p>La Comunidad Pachinche en Medio, de la parroquia Col\u00f3n de Portoviejo, fue el lugar escogido para recibir a los ni\u00f1os de las unidades Pachinche y El Cady, Mapasingue y Estancia Vieja, al igual la Unidad Los \u00c1ngeles todas de la parroquia Col\u00f3n.<\/p>\n\n\n\n<p>Silvio Larrea, subdirector del \u00e1rea de Recreaci\u00f3n, Cultura y Deportes de la Prefectura destac\u00f3, que las Unidades Picoaz\u00e1, Fundaci\u00f3n Mar\u00eda Ver\u00f3nica Men\u00e9ndez de la parroquia Sim\u00f3n Bol\u00edvar del Guabito, Oso Yogui del Flor\u00f3n parroquia Andr\u00e9s Vera, Camino Nuevo de la parroquia Lodana cant\u00f3n Santa Ana y La Bramadora del cant\u00f3n El Carmen son partes de este gran proyecto.<\/p>\n\n\n\n<p>\u00abHoy ir\u00edamos con 11 Unidades que corresponden a convenios con Clubes, Fundaciones y Federaci\u00f3n Deportiva de Manab\u00ed. Este trabajo tambi\u00e9n lo realizaremos en toda la provincia durante todo el mes de febrero con igual tipo de acto hasta cumplir con las 120 Unidades y con los 18 mil deportistas que participar\u00e1n, se\u00f1al\u00f3 el representante de la Prefectura.<\/p>\n","protected":false},"excerpt":{"rendered":"<p>Con la presencia de madres y padres de familia, dirigentes del sector y la alegr\u00eda de m\u00e1s de 750 ni\u00f1os, ni\u00f1as y adolescentes de 6 a 17 a\u00f1os, la Prefectura de Manab\u00ed inici\u00f3 la cuarta temporada del proyecto emblem\u00e1tico \u00abEntrenado Valores\u00bb 2024. La Comunidad Pachinche en Medio, de la parroquia Col\u00f3n de Portoviejo, fue el [&hellip;]<\/p>\n","protected":false},"author":10,"featured_media":27138,"comment_status":"closed","ping_status":"closed","sticky":false,"template":"","format":"standard","meta":{"_joinchat":[],"footnotes":""},"categories":[150,142,92,91],"tags":[],"class_list":["post-27137","post","type-post","status-publish","format-standard","has-post-thumbnail","hentry","category-ambiente","category-desarrollo-social","category-noticias-manabi","category-todas"],"yoast_head":"<!-- This site is optimized with the Yoast SEO plugin v27.4 - https:\/\/yoast.com\/product\/yoast-seo-wordpress\/ -->\n<title>Inici\u00f3 la Cuarta Temporada del Proyecto Emblem\u00e1tico de la Prefectura de Manab\u00ed Entrenando Valores - Prefectura de Manab\u00ed<\/title>\n<meta name=\"robots\" content=\"index, follow, max-snippet:-1, max-image-preview:large, max-video-preview:-1\" \/>\n<link rel=\"canonical\" href=\"https:\/\/www.manabi.gob.ec\/index.php\/inicio-la-cuarta-temporada-del-proyecto-emblematico-de-la-prefectura-de-manabi-entrenando-valores\/\" \/>\n<meta property=\"og:locale\" content=\"es_ES\" \/>\n<meta property=\"og:type\" content=\"article\" \/>\n<meta property=\"og:title\" content=\"Inici\u00f3 la Cuarta Temporada del Proyecto Emblem\u00e1tico de la Prefectura de Manab\u00ed Entrenando Valores - Prefectura de Manab\u00ed\" \/>\n<meta property=\"og:description\" content=\"Con la presencia de madres y padres de familia, dirigentes del sector y la alegr\u00eda de m\u00e1s de 750 ni\u00f1os, ni\u00f1as y adolescentes de 6 a 17 a\u00f1os, la Prefectura de Manab\u00ed inici\u00f3 la cuarta temporada del proyecto emblem\u00e1tico \u00abEntrenado Valores\u00bb 2024. La Comunidad Pachinche en Medio, de la parroquia Col\u00f3n de Portoviejo, fue el [&hellip;]\" \/>\n<meta property=\"og:url\" content=\"https:\/\/www.manabi.gob.ec\/index.php\/inicio-la-cuarta-temporada-del-proyecto-emblematico-de-la-prefectura-de-manabi-entrenando-valores\/\" \/>\n<meta property=\"og:site_name\" content=\"Prefectura de Manab\u00ed\" \/>\n<meta property=\"article:published_time\" content=\"2024-02-02T18:51:15+00:00\" \/>\n<meta property=\"article:modified_time\" content=\"2024-02-02T18:51:21+00:00\" \/>\n<meta property=\"og:image\" content=\"https:\/\/www.manabi.gob.ec\/wp-content\/uploads\/2024\/02\/f2d73283-45db-4583-8493-5cdcd972a687.jpeg\" \/>\n\t<meta property=\"og:image:width\" content=\"1280\" \/>\n\t<meta property=\"og:image:height\" content=\"960\" \/>\n\t<meta property=\"og:image:type\" content=\"image\/jpeg\" \/>\n<meta name=\"author\" content=\"Lui Ochoa\" \/>\n<meta name=\"twitter:card\" content=\"summary_large_image\" \/>\n<meta name=\"twitter:label1\" content=\"Escrito por\" \/>\n\t<meta name=\"twitter:data1\" content=\"Lui Ochoa\" \/>\n\t<meta name=\"twitter:label2\" content=\"Tiempo de lectura\" \/>\n\t<meta name=\"twitter:data2\" content=\"2 minutos\" \/>\n<script type=\"application\/ld+json\" class=\"yoast-schema-graph\">{\"@context\":\"https:\\\/\\\/schema.org\",\"@graph\":[{\"@type\":\"Article\",\"@id\":\"https:\\\/\\\/www.manabi.gob.ec\\\/index.php\\\/inicio-la-cuarta-temporada-del-proyecto-emblematico-de-la-prefectura-de-manabi-entrenando-valores\\\/#article\",\"isPartOf\":{\"@id\":\"https:\\\/\\\/www.manabi.gob.ec\\\/index.php\\\/inicio-la-cuarta-temporada-del-proyecto-emblematico-de-la-prefectura-de-manabi-entrenando-valores\\\/\"},\"author\":{\"name\":\"Lui Ochoa\",\"@id\":\"https:\\\/\\\/www.manabi.gob.ec\\\/#\\\/schema\\\/person\\\/c4f117989332ad723a6ced5994aa7d7a\"},\"headline\":\"Inici\u00f3 la Cuarta Temporada del Proyecto Emblem\u00e1tico de la Prefectura de Manab\u00ed Entrenando Valores\",\"datePublished\":\"2024-02-02T18:51:15+00:00\",\"dateModified\":\"2024-02-02T18:51:21+00:00\",\"mainEntityOfPage\":{\"@id\":\"https:\\\/\\\/www.manabi.gob.ec\\\/index.php\\\/inicio-la-cuarta-temporada-del-proyecto-emblematico-de-la-prefectura-de-manabi-entrenando-valores\\\/\"},\"wordCount\":232,\"image\":{\"@id\":\"https:\\\/\\\/www.manabi.gob.ec\\\/index.php\\\/inicio-la-cuarta-temporada-del-proyecto-emblematico-de-la-prefectura-de-manabi-entrenando-valores\\\/#primaryimage\"},\"thumbnailUrl\":\"https:\\\/\\\/www.manabi.gob.ec\\\/wp-content\\\/uploads\\\/2024\\\/02\\\/f2d73283-45db-4583-8493-5cdcd972a687.jpeg\",\"articleSection\":[\"Ambiente\",\"Desarrollo Social\",\"Noticias\",\"Todas\"],\"inLanguage\":\"es\"},{\"@type\":\"WebPage\",\"@id\":\"https:\\\/\\\/www.manabi.gob.ec\\\/index.php\\\/inicio-la-cuarta-temporada-del-proyecto-emblematico-de-la-prefectura-de-manabi-entrenando-valores\\\/\",\"url\":\"https:\\\/\\\/www.manabi.gob.ec\\\/index.php\\\/inicio-la-cuarta-temporada-del-proyecto-emblematico-de-la-prefectura-de-manabi-entrenando-valores\\\/\",\"name\":\"Inici\u00f3 la Cuarta Temporada del Proyecto Emblem\u00e1tico de la Prefectura de Manab\u00ed Entrenando Valores - Prefectura de Manab\u00ed\",\"isPartOf\":{\"@id\":\"https:\\\/\\\/www.manabi.gob.ec\\\/#website\"},\"primaryImageOfPage\":{\"@id\":\"https:\\\/\\\/www.manabi.gob.ec\\\/index.php\\\/inicio-la-cuarta-temporada-del-proyecto-emblematico-de-la-prefectura-de-manabi-entrenando-valores\\\/#primaryimage\"},\"image\":{\"@id\":\"https:\\\/\\\/www.manabi.gob.ec\\\/index.php\\\/inicio-la-cuarta-temporada-del-proyecto-emblematico-de-la-prefectura-de-manabi-entrenando-valores\\\/#primaryimage\"},\"thumbnailUrl\":\"https:\\\/\\\/www.manabi.gob.ec\\\/wp-content\\\/uploads\\\/2024\\\/02\\\/f2d73283-45db-4583-8493-5cdcd972a687.jpeg\",\"datePublished\":\"2024-02-02T18:51:15+00:00\",\"dateModified\":\"2024-02-02T18:51:21+00:00\",\"author\":{\"@id\":\"https:\\\/\\\/www.manabi.gob.ec\\\/#\\\/schema\\\/person\\\/c4f117989332ad723a6ced5994aa7d7a\"},\"breadcrumb\":{\"@id\":\"https:\\\/\\\/www.manabi.gob.ec\\\/index.php\\\/inicio-la-cuarta-temporada-del-proyecto-emblematico-de-la-prefectura-de-manabi-entrenando-valores\\\/#breadcrumb\"},\"inLanguage\":\"es\",\"potentialAction\":[{\"@type\":\"ReadAction\",\"target\":[\"https:\\\/\\\/www.manabi.gob.ec\\\/index.php\\\/inicio-la-cuarta-temporada-del-proyecto-emblematico-de-la-prefectura-de-manabi-entrenando-valores\\\/\"]}]},{\"@type\":\"ImageObject\",\"inLanguage\":\"es\",\"@id\":\"https:\\\/\\\/www.manabi.gob.ec\\\/index.php\\\/inicio-la-cuarta-temporada-del-proyecto-emblematico-de-la-prefectura-de-manabi-entrenando-valores\\\/#primaryimage\",\"url\":\"https:\\\/\\\/www.manabi.gob.ec\\\/wp-content\\\/uploads\\\/2024\\\/02\\\/f2d73283-45db-4583-8493-5cdcd972a687.jpeg\",\"contentUrl\":\"https:\\\/\\\/www.manabi.gob.ec\\\/wp-content\\\/uploads\\\/2024\\\/02\\\/f2d73283-45db-4583-8493-5cdcd972a687.jpeg\",\"width\":1280,\"height\":960},{\"@type\":\"BreadcrumbList\",\"@id\":\"https:\\\/\\\/www.manabi.gob.ec\\\/index.php\\\/inicio-la-cuarta-temporada-del-proyecto-emblematico-de-la-prefectura-de-manabi-entrenando-valores\\\/#breadcrumb\",\"itemListElement\":[{\"@type\":\"ListItem\",\"position\":1,\"name\":\"Portada\",\"item\":\"https:\\\/\\\/www.manabi.gob.ec\\\/\"},{\"@type\":\"ListItem\",\"position\":2,\"name\":\"Inici\u00f3 la Cuarta Temporada del Proyecto Emblem\u00e1tico de la Prefectura de Manab\u00ed Entrenando Valores\"}]},{\"@type\":\"WebSite\",\"@id\":\"https:\\\/\\\/www.manabi.gob.ec\\\/#website\",\"url\":\"https:\\\/\\\/www.manabi.gob.ec\\\/\",\"name\":\"Prefectura de Manab\u00ed\",\"description\":\"P\u00e1gina web de la prefectura\",\"potentialAction\":[{\"@type\":\"SearchAction\",\"target\":{\"@type\":\"EntryPoint\",\"urlTemplate\":\"https:\\\/\\\/www.manabi.gob.ec\\\/?s={search_term_string}\"},\"query-input\":{\"@type\":\"PropertyValueSpecification\",\"valueRequired\":true,\"valueName\":\"search_term_string\"}}],\"inLanguage\":\"es\"},{\"@type\":\"Person\",\"@id\":\"https:\\\/\\\/www.manabi.gob.ec\\\/#\\\/schema\\\/person\\\/c4f117989332ad723a6ced5994aa7d7a\",\"name\":\"Lui Ochoa\",\"image\":{\"@type\":\"ImageObject\",\"inLanguage\":\"es\",\"@id\":\"https:\\\/\\\/secure.gravatar.com\\\/avatar\\\/6e8017d0fe69dead8a95864d2eb6e1e1d8bf8e01194ba49cf7b897ff038126ba?s=96&d=mm&r=g\",\"url\":\"https:\\\/\\\/secure.gravatar.com\\\/avatar\\\/6e8017d0fe69dead8a95864d2eb6e1e1d8bf8e01194ba49cf7b897ff038126ba?s=96&d=mm&r=g\",\"contentUrl\":\"https:\\\/\\\/secure.gravatar.com\\\/avatar\\\/6e8017d0fe69dead8a95864d2eb6e1e1d8bf8e01194ba49cf7b897ff038126ba?s=96&d=mm&r=g\",\"caption\":\"Lui Ochoa\"},\"url\":\"https:\\\/\\\/www.manabi.gob.ec\\\/index.php\\\/author\\\/lochoa\\\/\"}]}<\/script>\n<!-- \/ Yoast SEO plugin. -->","yoast_head_json":{"title":"Inici\u00f3 la Cuarta Temporada del Proyecto Emblem\u00e1tico de la Prefectura de Manab\u00ed Entrenando Valores - Prefectura de Manab\u00ed","robots":{"index":"index","follow":"follow","max-snippet":"max-snippet:-1","max-image-preview":"max-image-preview:large","max-video-preview":"max-video-preview:-1"},"canonical":"https:\/\/www.manabi.gob.ec\/index.php\/inicio-la-cuarta-temporada-del-proyecto-emblematico-de-la-prefectura-de-manabi-entrenando-valores\/","og_locale":"es_ES","og_type":"article","og_title":"Inici\u00f3 la Cuarta Temporada del Proyecto Emblem\u00e1tico de la Prefectura de Manab\u00ed Entrenando Valores - Prefectura de Manab\u00ed","og_description":"Con la presencia de madres y padres de familia, dirigentes del sector y la alegr\u00eda de m\u00e1s de 750 ni\u00f1os, ni\u00f1as y adolescentes de 6 a 17 a\u00f1os, la Prefectura de Manab\u00ed inici\u00f3 la cuarta temporada del proyecto emblem\u00e1tico \u00abEntrenado Valores\u00bb 2024. La Comunidad Pachinche en Medio, de la parroquia Col\u00f3n de Portoviejo, fue el [&hellip;]","og_url":"https:\/\/www.manabi.gob.ec\/index.php\/inicio-la-cuarta-temporada-del-proyecto-emblematico-de-la-prefectura-de-manabi-entrenando-valores\/","og_site_name":"Prefectura de Manab\u00ed","article_published_time":"2024-02-02T18:51:15+00:00","article_modified_time":"2024-02-02T18:51:21+00:00","og_image":[{"width":1280,"height":960,"url":"https:\/\/www.manabi.gob.ec\/wp-content\/uploads\/2024\/02\/f2d73283-45db-4583-8493-5cdcd972a687.jpeg","type":"image\/jpeg"}],"author":"Lui Ochoa","twitter_card":"summary_large_image","twitter_misc":{"Escrito por":"Lui Ochoa","Tiempo de lectura":"2 minutos"},"schema":{"@context":"https:\/\/schema.org","@graph":[{"@type":"Article","@id":"https:\/\/www.manabi.gob.ec\/index.php\/inicio-la-cuarta-temporada-del-proyecto-emblematico-de-la-prefectura-de-manabi-entrenando-valores\/#article","isPartOf":{"@id":"https:\/\/www.manabi.gob.ec\/index.php\/inicio-la-cuarta-temporada-del-proyecto-emblematico-de-la-prefectura-de-manabi-entrenando-valores\/"},"author":{"name":"Lui Ochoa","@id":"https:\/\/www.manabi.gob.ec\/#\/schema\/person\/c4f117989332ad723a6ced5994aa7d7a"},"headline":"Inici\u00f3 la Cuarta Temporada del Proyecto Emblem\u00e1tico de la Prefectura de Manab\u00ed Entrenando Valores","datePublished":"2024-02-02T18:51:15+00:00","dateModified":"2024-02-02T18:51:21+00:00","mainEntityOfPage":{"@id":"https:\/\/www.manabi.gob.ec\/index.php\/inicio-la-cuarta-temporada-del-proyecto-emblematico-de-la-prefectura-de-manabi-entrenando-valores\/"},"wordCount":232,"image":{"@id":"https:\/\/www.manabi.gob.ec\/index.php\/inicio-la-cuarta-temporada-del-proyecto-emblematico-de-la-prefectura-de-manabi-entrenando-valores\/#primaryimage"},"thumbnailUrl":"https:\/\/www.manabi.gob.ec\/wp-content\/uploads\/2024\/02\/f2d73283-45db-4583-8493-5cdcd972a687.jpeg","articleSection":["Ambiente","Desarrollo Social","Noticias","Todas"],"inLanguage":"es"},{"@type":"WebPage","@id":"https:\/\/www.manabi.gob.ec\/index.php\/inicio-la-cuarta-temporada-del-proyecto-emblematico-de-la-prefectura-de-manabi-entrenando-valores\/","url":"https:\/\/www.manabi.gob.ec\/index.php\/inicio-la-cuarta-temporada-del-proyecto-emblematico-de-la-prefectura-de-manabi-entrenando-valores\/","name":"Inici\u00f3 la Cuarta Temporada del Proyecto Emblem\u00e1tico de la Prefectura de Manab\u00ed Entrenando Valores - Prefectura de Manab\u00ed","isPartOf":{"@id":"https:\/\/www.manabi.gob.ec\/#website"},"primaryImageOfPage":{"@id":"https:\/\/www.manabi.gob.ec\/index.php\/inicio-la-cuarta-temporada-del-proyecto-emblematico-de-la-prefectura-de-manabi-entrenando-valores\/#primaryimage"},"image":{"@id":"https:\/\/www.manabi.gob.ec\/index.php\/inicio-la-cuarta-temporada-del-proyecto-emblematico-de-la-prefectura-de-manabi-entrenando-valores\/#primaryimage"},"thumbnailUrl":"https:\/\/www.manabi.gob.ec\/wp-content\/uploads\/2024\/02\/f2d73283-45db-4583-8493-5cdcd972a687.jpeg","datePublished":"2024-02-02T18:51:15+00:00","dateModified":"2024-02-02T18:51:21+00:00","author":{"@id":"https:\/\/www.manabi.gob.ec\/#\/schema\/person\/c4f117989332ad723a6ced5994aa7d7a"},"breadcrumb":{"@id":"https:\/\/www.manabi.gob.ec\/index.php\/inicio-la-cuarta-temporada-del-proyecto-emblematico-de-la-prefectura-de-manabi-entrenando-valores\/#breadcrumb"},"inLanguage":"es","potentialAction":[{"@type":"ReadAction","target":["https:\/\/www.manabi.gob.ec\/index.php\/inicio-la-cuarta-temporada-del-proyecto-emblematico-de-la-prefectura-de-manabi-entrenando-valores\/"]}]},{"@type":"ImageObject","inLanguage":"es","@id":"https:\/\/www.manabi.gob.ec\/index.php\/inicio-la-cuarta-temporada-del-proyecto-emblematico-de-la-prefectura-de-manabi-entrenando-valores\/#primaryimage","url":"https:\/\/www.manabi.gob.ec\/wp-content\/uploads\/2024\/02\/f2d73283-45db-4583-8493-5cdcd972a687.jpeg","contentUrl":"https:\/\/www.manabi.gob.ec\/wp-content\/uploads\/2024\/02\/f2d73283-45db-4583-8493-5cdcd972a687.jpeg","width":1280,"height":960},{"@type":"BreadcrumbList","@id":"https:\/\/www.manabi.gob.ec\/index.php\/inicio-la-cuarta-temporada-del-proyecto-emblematico-de-la-prefectura-de-manabi-entrenando-valores\/#breadcrumb","itemListElement":[{"@type":"ListItem","position":1,"name":"Portada","item":"https:\/\/www.manabi.gob.ec\/"},{"@type":"ListItem","position":2,"name":"Inici\u00f3 la Cuarta Temporada del Proyecto Emblem\u00e1tico de la Prefectura de Manab\u00ed Entrenando Valores"}]},{"@type":"WebSite","@id":"https:\/\/www.manabi.gob.ec\/#website","url":"https:\/\/www.manabi.gob.ec\/","name":"Prefectura de Manab\u00ed","description":"P\u00e1gina web de la prefectura","potentialAction":[{"@type":"SearchAction","target":{"@type":"EntryPoint","urlTemplate":"https:\/\/www.manabi.gob.ec\/?s={search_term_string}"},"query-input":{"@type":"PropertyValueSpecification","valueRequired":true,"valueName":"search_term_string"}}],"inLanguage":"es"},{"@type":"Person","@id":"https:\/\/www.manabi.gob.ec\/#\/schema\/person\/c4f117989332ad723a6ced5994aa7d7a","name":"Lui Ochoa","image":{"@type":"ImageObject","inLanguage":"es","@id":"https:\/\/secure.gravatar.com\/avatar\/6e8017d0fe69dead8a95864d2eb6e1e1d8bf8e01194ba49cf7b897ff038126ba?s=96&d=mm&r=g","url":"https:\/\/secure.gravatar.com\/avatar\/6e8017d0fe69dead8a95864d2eb6e1e1d8bf8e01194ba49cf7b897ff038126ba?s=96&d=mm&r=g","contentUrl":"https:\/\/secure.gravatar.com\/avatar\/6e8017d0fe69dead8a95864d2eb6e1e1d8bf8e01194ba49cf7b897ff038126ba?s=96&d=mm&r=g","caption":"Lui Ochoa"},"url":"https:\/\/www.manabi.gob.ec\/index.php\/author\/lochoa\/"}]}},"jetpack_featured_media_url":"https:\/\/www.manabi.gob.ec\/wp-content\/uploads\/2024\/02\/f2d73283-45db-4583-8493-5cdcd972a687.jpeg","_links":{"self":[{"href":"https:\/\/www.manabi.gob.ec\/index.php\/wp-json\/wp\/v2\/posts\/27137","targetHints":{"allow":["GET"]}}],"collection":[{"href":"https:\/\/www.manabi.gob.ec\/index.php\/wp-json\/wp\/v2\/posts"}],"about":[{"href":"https:\/\/www.manabi.gob.ec\/index.php\/wp-json\/wp\/v2\/types\/post"}],"author":[{"embeddable":true,"href":"https:\/\/www.manabi.gob.ec\/index.php\/wp-json\/wp\/v2\/users\/10"}],"replies":[{"embeddable":true,"href":"https:\/\/www.manabi.gob.ec\/index.php\/wp-json\/wp\/v2\/comments?post=27137"}],"version-history":[{"count":1,"href":"https:\/\/www.manabi.gob.ec\/index.php\/wp-json\/wp\/v2\/posts\/27137\/revisions"}],"predecessor-version":[{"id":27139,"href":"https:\/\/www.manabi.gob.ec\/index.php\/wp-json\/wp\/v2\/posts\/27137\/revisions\/27139"}],"wp:featuredmedia":[{"embeddable":true,"href":"https:\/\/www.manabi.gob.ec\/index.php\/wp-json\/wp\/v2\/media\/27138"}],"wp:attachment":[{"href":"https:\/\/www.manabi.gob.ec\/index.php\/wp-json\/wp\/v2\/media?parent=27137"}],"wp:term":[{"taxonomy":"category","embeddable":true,"href":"https:\/\/www.manabi.gob.ec\/index.php\/wp-json\/wp\/v2\/categories?post=27137"},{"taxonomy":"post_tag","embeddable":true,"href":"https:\/\/www.manabi.gob.ec\/index.php\/wp-json\/wp\/v2\/tags?post=27137"}],"curies":[{"name":"wp","href":"https:\/\/api.w.org\/{rel}","templated":true}]}}