{"id":27143,"date":"2024-02-05T00:48:28","date_gmt":"2024-02-05T00:48:28","guid":{"rendered":"https:\/\/www.manabi.gob.ec\/?p=27143"},"modified":"2024-02-05T00:48:35","modified_gmt":"2024-02-05T00:48:35","slug":"encuentro-estrategico-para-impulsar-la-candidatura-gastronomica-de-manabi","status":"publish","type":"post","link":"https:\/\/www.manabi.gob.ec\/index.php\/encuentro-estrategico-para-impulsar-la-candidatura-gastronomica-de-manabi\/","title":{"rendered":"Encuentro Estrat\u00e9gico para Impulsar la Candidatura Gastron\u00f3mica de Manab\u00ed"},"content":{"rendered":"\n<p>En un esfuerzo colaborativo sin precedentes, la Fundaci\u00f3n Fuegos, la Universidad Laica Eloy Alfaro de Manab\u00ed, la Prefectura de Manab\u00ed y la C\u00e1mara Industria y Producci\u00f3n de Manab\u00ed, que conforman el Comit\u00e9 de Entidades Regionales, se reunieron en un taller de trabajo en el cant\u00f3n Chone para analizar y articular la agenda a desarrollar tras postulaci\u00f3n de Manab\u00ed como Regi\u00f3n Gastron\u00f3mica Mundial 2026, como un eje trascendental por el Bicentenario de la provincia.<\/p>\n\n\n\n<p>Esta postulaci\u00f3n realizada en el 2023, es una iniciativa que busca resaltar la tradici\u00f3n culinaria de la provincia, destacando sus ingredientes aut\u00f3ctonos, t\u00e9cnicas culinarias \u00fanicas y el compromiso de preservar la herencia gastron\u00f3mica manabita. El jurado calificador del Instituto Internacional de Gastronom\u00eda, Cultura, Arte y Turismo (IGCAT) visitar\u00e1 Manab\u00ed para llevar a cabo la evaluaci\u00f3n en julio de 2024.<\/p>\n\n\n\n<p>Esta uni\u00f3n refleja el compromiso de Manab\u00ed por posicionarse como un referente mundial en el \u00e1mbito gastron\u00f3mico, fusionando la diversidad de sabores con la promoci\u00f3n del desarrollo sostenible en la regi\u00f3n.<\/p>\n\n\n\n<p>La postulaci\u00f3n para el t\u00edtulo de Regi\u00f3n Gastron\u00f3mica Mundial 2026 representa la oportunidad para proyectar a Manab\u00ed como un destino culinario de excelencia, capaz de atraer a amantes de la gastronom\u00eda de todo el mundo.<\/p>\n\n\n\n<p>El taller culmin\u00f3 con el compromiso de trabajar articuladamente para lograr el objetivo de que Manabi sea declarada en julio de 2024 Regi\u00f3n Gastron\u00f3mica Mundial 2026.<\/p>\n","protected":false},"excerpt":{"rendered":"<p>En un esfuerzo colaborativo sin precedentes, la Fundaci\u00f3n Fuegos, la Universidad Laica Eloy Alfaro de Manab\u00ed, la Prefectura de Manab\u00ed y la C\u00e1mara Industria y Producci\u00f3n de Manab\u00ed, que conforman el Comit\u00e9 de Entidades Regionales, se reunieron en un taller de trabajo en el cant\u00f3n Chone para analizar y articular la agenda a desarrollar tras [&hellip;]<\/p>\n","protected":false},"author":10,"featured_media":27144,"comment_status":"closed","ping_status":"closed","sticky":false,"template":"","format":"standard","meta":{"_joinchat":[],"footnotes":""},"categories":[150,142,92,91,81],"tags":[],"class_list":["post-27143","post","type-post","status-publish","format-standard","has-post-thumbnail","hentry","category-ambiente","category-desarrollo-social","category-noticias-manabi","category-todas","category-turismo"],"yoast_head":"<!-- This site is optimized with the Yoast SEO plugin v27.4 - https:\/\/yoast.com\/product\/yoast-seo-wordpress\/ -->\n<title>Encuentro Estrat\u00e9gico para Impulsar la Candidatura Gastron\u00f3mica de Manab\u00ed - Prefectura de Manab\u00ed<\/title>\n<meta name=\"robots\" content=\"index, follow, max-snippet:-1, max-image-preview:large, max-video-preview:-1\" \/>\n<link rel=\"canonical\" href=\"https:\/\/www.manabi.gob.ec\/index.php\/encuentro-estrategico-para-impulsar-la-candidatura-gastronomica-de-manabi\/\" \/>\n<meta property=\"og:locale\" content=\"es_ES\" \/>\n<meta property=\"og:type\" content=\"article\" \/>\n<meta property=\"og:title\" content=\"Encuentro Estrat\u00e9gico para Impulsar la Candidatura Gastron\u00f3mica de Manab\u00ed - Prefectura de Manab\u00ed\" \/>\n<meta property=\"og:description\" content=\"En un esfuerzo colaborativo sin precedentes, la Fundaci\u00f3n Fuegos, la Universidad Laica Eloy Alfaro de Manab\u00ed, la Prefectura de Manab\u00ed y la C\u00e1mara Industria y Producci\u00f3n de Manab\u00ed, que conforman el Comit\u00e9 de Entidades Regionales, se reunieron en un taller de trabajo en el cant\u00f3n Chone para analizar y articular la agenda a desarrollar tras [&hellip;]\" \/>\n<meta property=\"og:url\" content=\"https:\/\/www.manabi.gob.ec\/index.php\/encuentro-estrategico-para-impulsar-la-candidatura-gastronomica-de-manabi\/\" \/>\n<meta property=\"og:site_name\" content=\"Prefectura de Manab\u00ed\" \/>\n<meta property=\"article:published_time\" content=\"2024-02-05T00:48:28+00:00\" \/>\n<meta property=\"article:modified_time\" content=\"2024-02-05T00:48:35+00:00\" \/>\n<meta property=\"og:image\" content=\"https:\/\/www.manabi.gob.ec\/wp-content\/uploads\/2024\/02\/WhatsApp-Image-2024-02-03-at-15.46.02.jpeg\" \/>\n\t<meta property=\"og:image:width\" content=\"1280\" \/>\n\t<meta property=\"og:image:height\" content=\"960\" \/>\n\t<meta property=\"og:image:type\" content=\"image\/jpeg\" \/>\n<meta name=\"author\" content=\"Lui Ochoa\" \/>\n<meta name=\"twitter:card\" content=\"summary_large_image\" \/>\n<meta name=\"twitter:label1\" content=\"Escrito por\" \/>\n\t<meta name=\"twitter:data1\" content=\"Lui Ochoa\" \/>\n\t<meta name=\"twitter:label2\" content=\"Tiempo de lectura\" \/>\n\t<meta name=\"twitter:data2\" content=\"2 minutos\" \/>\n<script type=\"application\/ld+json\" class=\"yoast-schema-graph\">{\"@context\":\"https:\\\/\\\/schema.org\",\"@graph\":[{\"@type\":\"Article\",\"@id\":\"https:\\\/\\\/www.manabi.gob.ec\\\/index.php\\\/encuentro-estrategico-para-impulsar-la-candidatura-gastronomica-de-manabi\\\/#article\",\"isPartOf\":{\"@id\":\"https:\\\/\\\/www.manabi.gob.ec\\\/index.php\\\/encuentro-estrategico-para-impulsar-la-candidatura-gastronomica-de-manabi\\\/\"},\"author\":{\"name\":\"Lui Ochoa\",\"@id\":\"https:\\\/\\\/www.manabi.gob.ec\\\/#\\\/schema\\\/person\\\/c4f117989332ad723a6ced5994aa7d7a\"},\"headline\":\"Encuentro Estrat\u00e9gico para Impulsar la Candidatura Gastron\u00f3mica de Manab\u00ed\",\"datePublished\":\"2024-02-05T00:48:28+00:00\",\"dateModified\":\"2024-02-05T00:48:35+00:00\",\"mainEntityOfPage\":{\"@id\":\"https:\\\/\\\/www.manabi.gob.ec\\\/index.php\\\/encuentro-estrategico-para-impulsar-la-candidatura-gastronomica-de-manabi\\\/\"},\"wordCount\":254,\"image\":{\"@id\":\"https:\\\/\\\/www.manabi.gob.ec\\\/index.php\\\/encuentro-estrategico-para-impulsar-la-candidatura-gastronomica-de-manabi\\\/#primaryimage\"},\"thumbnailUrl\":\"https:\\\/\\\/www.manabi.gob.ec\\\/wp-content\\\/uploads\\\/2024\\\/02\\\/WhatsApp-Image-2024-02-03-at-15.46.02.jpeg\",\"articleSection\":[\"Ambiente\",\"Desarrollo Social\",\"Noticias\",\"Todas\",\"Turismo\"],\"inLanguage\":\"es\"},{\"@type\":\"WebPage\",\"@id\":\"https:\\\/\\\/www.manabi.gob.ec\\\/index.php\\\/encuentro-estrategico-para-impulsar-la-candidatura-gastronomica-de-manabi\\\/\",\"url\":\"https:\\\/\\\/www.manabi.gob.ec\\\/index.php\\\/encuentro-estrategico-para-impulsar-la-candidatura-gastronomica-de-manabi\\\/\",\"name\":\"Encuentro Estrat\u00e9gico para Impulsar la Candidatura Gastron\u00f3mica de Manab\u00ed - Prefectura de Manab\u00ed\",\"isPartOf\":{\"@id\":\"https:\\\/\\\/www.manabi.gob.ec\\\/#website\"},\"primaryImageOfPage\":{\"@id\":\"https:\\\/\\\/www.manabi.gob.ec\\\/index.php\\\/encuentro-estrategico-para-impulsar-la-candidatura-gastronomica-de-manabi\\\/#primaryimage\"},\"image\":{\"@id\":\"https:\\\/\\\/www.manabi.gob.ec\\\/index.php\\\/encuentro-estrategico-para-impulsar-la-candidatura-gastronomica-de-manabi\\\/#primaryimage\"},\"thumbnailUrl\":\"https:\\\/\\\/www.manabi.gob.ec\\\/wp-content\\\/uploads\\\/2024\\\/02\\\/WhatsApp-Image-2024-02-03-at-15.46.02.jpeg\",\"datePublished\":\"2024-02-05T00:48:28+00:00\",\"dateModified\":\"2024-02-05T00:48:35+00:00\",\"author\":{\"@id\":\"https:\\\/\\\/www.manabi.gob.ec\\\/#\\\/schema\\\/person\\\/c4f117989332ad723a6ced5994aa7d7a\"},\"breadcrumb\":{\"@id\":\"https:\\\/\\\/www.manabi.gob.ec\\\/index.php\\\/encuentro-estrategico-para-impulsar-la-candidatura-gastronomica-de-manabi\\\/#breadcrumb\"},\"inLanguage\":\"es\",\"potentialAction\":[{\"@type\":\"ReadAction\",\"target\":[\"https:\\\/\\\/www.manabi.gob.ec\\\/index.php\\\/encuentro-estrategico-para-impulsar-la-candidatura-gastronomica-de-manabi\\\/\"]}]},{\"@type\":\"ImageObject\",\"inLanguage\":\"es\",\"@id\":\"https:\\\/\\\/www.manabi.gob.ec\\\/index.php\\\/encuentro-estrategico-para-impulsar-la-candidatura-gastronomica-de-manabi\\\/#primaryimage\",\"url\":\"https:\\\/\\\/www.manabi.gob.ec\\\/wp-content\\\/uploads\\\/2024\\\/02\\\/WhatsApp-Image-2024-02-03-at-15.46.02.jpeg\",\"contentUrl\":\"https:\\\/\\\/www.manabi.gob.ec\\\/wp-content\\\/uploads\\\/2024\\\/02\\\/WhatsApp-Image-2024-02-03-at-15.46.02.jpeg\",\"width\":1280,\"height\":960},{\"@type\":\"BreadcrumbList\",\"@id\":\"https:\\\/\\\/www.manabi.gob.ec\\\/index.php\\\/encuentro-estrategico-para-impulsar-la-candidatura-gastronomica-de-manabi\\\/#breadcrumb\",\"itemListElement\":[{\"@type\":\"ListItem\",\"position\":1,\"name\":\"Portada\",\"item\":\"https:\\\/\\\/www.manabi.gob.ec\\\/\"},{\"@type\":\"ListItem\",\"position\":2,\"name\":\"Encuentro Estrat\u00e9gico para Impulsar la Candidatura Gastron\u00f3mica de Manab\u00ed\"}]},{\"@type\":\"WebSite\",\"@id\":\"https:\\\/\\\/www.manabi.gob.ec\\\/#website\",\"url\":\"https:\\\/\\\/www.manabi.gob.ec\\\/\",\"name\":\"Prefectura de Manab\u00ed\",\"description\":\"P\u00e1gina web de la prefectura\",\"potentialAction\":[{\"@type\":\"SearchAction\",\"target\":{\"@type\":\"EntryPoint\",\"urlTemplate\":\"https:\\\/\\\/www.manabi.gob.ec\\\/?s={search_term_string}\"},\"query-input\":{\"@type\":\"PropertyValueSpecification\",\"valueRequired\":true,\"valueName\":\"search_term_string\"}}],\"inLanguage\":\"es\"},{\"@type\":\"Person\",\"@id\":\"https:\\\/\\\/www.manabi.gob.ec\\\/#\\\/schema\\\/person\\\/c4f117989332ad723a6ced5994aa7d7a\",\"name\":\"Lui Ochoa\",\"image\":{\"@type\":\"ImageObject\",\"inLanguage\":\"es\",\"@id\":\"https:\\\/\\\/secure.gravatar.com\\\/avatar\\\/6e8017d0fe69dead8a95864d2eb6e1e1d8bf8e01194ba49cf7b897ff038126ba?s=96&d=mm&r=g\",\"url\":\"https:\\\/\\\/secure.gravatar.com\\\/avatar\\\/6e8017d0fe69dead8a95864d2eb6e1e1d8bf8e01194ba49cf7b897ff038126ba?s=96&d=mm&r=g\",\"contentUrl\":\"https:\\\/\\\/secure.gravatar.com\\\/avatar\\\/6e8017d0fe69dead8a95864d2eb6e1e1d8bf8e01194ba49cf7b897ff038126ba?s=96&d=mm&r=g\",\"caption\":\"Lui Ochoa\"},\"url\":\"https:\\\/\\\/www.manabi.gob.ec\\\/index.php\\\/author\\\/lochoa\\\/\"}]}<\/script>\n<!-- \/ Yoast SEO plugin. -->","yoast_head_json":{"title":"Encuentro Estrat\u00e9gico para Impulsar la Candidatura Gastron\u00f3mica de Manab\u00ed - Prefectura de Manab\u00ed","robots":{"index":"index","follow":"follow","max-snippet":"max-snippet:-1","max-image-preview":"max-image-preview:large","max-video-preview":"max-video-preview:-1"},"canonical":"https:\/\/www.manabi.gob.ec\/index.php\/encuentro-estrategico-para-impulsar-la-candidatura-gastronomica-de-manabi\/","og_locale":"es_ES","og_type":"article","og_title":"Encuentro Estrat\u00e9gico para Impulsar la Candidatura Gastron\u00f3mica de Manab\u00ed - Prefectura de Manab\u00ed","og_description":"En un esfuerzo colaborativo sin precedentes, la Fundaci\u00f3n Fuegos, la Universidad Laica Eloy Alfaro de Manab\u00ed, la Prefectura de Manab\u00ed y la C\u00e1mara Industria y Producci\u00f3n de Manab\u00ed, que conforman el Comit\u00e9 de Entidades Regionales, se reunieron en un taller de trabajo en el cant\u00f3n Chone para analizar y articular la agenda a desarrollar tras [&hellip;]","og_url":"https:\/\/www.manabi.gob.ec\/index.php\/encuentro-estrategico-para-impulsar-la-candidatura-gastronomica-de-manabi\/","og_site_name":"Prefectura de Manab\u00ed","article_published_time":"2024-02-05T00:48:28+00:00","article_modified_time":"2024-02-05T00:48:35+00:00","og_image":[{"width":1280,"height":960,"url":"https:\/\/www.manabi.gob.ec\/wp-content\/uploads\/2024\/02\/WhatsApp-Image-2024-02-03-at-15.46.02.jpeg","type":"image\/jpeg"}],"author":"Lui Ochoa","twitter_card":"summary_large_image","twitter_misc":{"Escrito por":"Lui Ochoa","Tiempo de lectura":"2 minutos"},"schema":{"@context":"https:\/\/schema.org","@graph":[{"@type":"Article","@id":"https:\/\/www.manabi.gob.ec\/index.php\/encuentro-estrategico-para-impulsar-la-candidatura-gastronomica-de-manabi\/#article","isPartOf":{"@id":"https:\/\/www.manabi.gob.ec\/index.php\/encuentro-estrategico-para-impulsar-la-candidatura-gastronomica-de-manabi\/"},"author":{"name":"Lui Ochoa","@id":"https:\/\/www.manabi.gob.ec\/#\/schema\/person\/c4f117989332ad723a6ced5994aa7d7a"},"headline":"Encuentro Estrat\u00e9gico para Impulsar la Candidatura Gastron\u00f3mica de Manab\u00ed","datePublished":"2024-02-05T00:48:28+00:00","dateModified":"2024-02-05T00:48:35+00:00","mainEntityOfPage":{"@id":"https:\/\/www.manabi.gob.ec\/index.php\/encuentro-estrategico-para-impulsar-la-candidatura-gastronomica-de-manabi\/"},"wordCount":254,"image":{"@id":"https:\/\/www.manabi.gob.ec\/index.php\/encuentro-estrategico-para-impulsar-la-candidatura-gastronomica-de-manabi\/#primaryimage"},"thumbnailUrl":"https:\/\/www.manabi.gob.ec\/wp-content\/uploads\/2024\/02\/WhatsApp-Image-2024-02-03-at-15.46.02.jpeg","articleSection":["Ambiente","Desarrollo Social","Noticias","Todas","Turismo"],"inLanguage":"es"},{"@type":"WebPage","@id":"https:\/\/www.manabi.gob.ec\/index.php\/encuentro-estrategico-para-impulsar-la-candidatura-gastronomica-de-manabi\/","url":"https:\/\/www.manabi.gob.ec\/index.php\/encuentro-estrategico-para-impulsar-la-candidatura-gastronomica-de-manabi\/","name":"Encuentro Estrat\u00e9gico para Impulsar la Candidatura Gastron\u00f3mica de Manab\u00ed - Prefectura de Manab\u00ed","isPartOf":{"@id":"https:\/\/www.manabi.gob.ec\/#website"},"primaryImageOfPage":{"@id":"https:\/\/www.manabi.gob.ec\/index.php\/encuentro-estrategico-para-impulsar-la-candidatura-gastronomica-de-manabi\/#primaryimage"},"image":{"@id":"https:\/\/www.manabi.gob.ec\/index.php\/encuentro-estrategico-para-impulsar-la-candidatura-gastronomica-de-manabi\/#primaryimage"},"thumbnailUrl":"https:\/\/www.manabi.gob.ec\/wp-content\/uploads\/2024\/02\/WhatsApp-Image-2024-02-03-at-15.46.02.jpeg","datePublished":"2024-02-05T00:48:28+00:00","dateModified":"2024-02-05T00:48:35+00:00","author":{"@id":"https:\/\/www.manabi.gob.ec\/#\/schema\/person\/c4f117989332ad723a6ced5994aa7d7a"},"breadcrumb":{"@id":"https:\/\/www.manabi.gob.ec\/index.php\/encuentro-estrategico-para-impulsar-la-candidatura-gastronomica-de-manabi\/#breadcrumb"},"inLanguage":"es","potentialAction":[{"@type":"ReadAction","target":["https:\/\/www.manabi.gob.ec\/index.php\/encuentro-estrategico-para-impulsar-la-candidatura-gastronomica-de-manabi\/"]}]},{"@type":"ImageObject","inLanguage":"es","@id":"https:\/\/www.manabi.gob.ec\/index.php\/encuentro-estrategico-para-impulsar-la-candidatura-gastronomica-de-manabi\/#primaryimage","url":"https:\/\/www.manabi.gob.ec\/wp-content\/uploads\/2024\/02\/WhatsApp-Image-2024-02-03-at-15.46.02.jpeg","contentUrl":"https:\/\/www.manabi.gob.ec\/wp-content\/uploads\/2024\/02\/WhatsApp-Image-2024-02-03-at-15.46.02.jpeg","width":1280,"height":960},{"@type":"BreadcrumbList","@id":"https:\/\/www.manabi.gob.ec\/index.php\/encuentro-estrategico-para-impulsar-la-candidatura-gastronomica-de-manabi\/#breadcrumb","itemListElement":[{"@type":"ListItem","position":1,"name":"Portada","item":"https:\/\/www.manabi.gob.ec\/"},{"@type":"ListItem","position":2,"name":"Encuentro Estrat\u00e9gico para Impulsar la Candidatura Gastron\u00f3mica de Manab\u00ed"}]},{"@type":"WebSite","@id":"https:\/\/www.manabi.gob.ec\/#website","url":"https:\/\/www.manabi.gob.ec\/","name":"Prefectura de Manab\u00ed","description":"P\u00e1gina web de la prefectura","potentialAction":[{"@type":"SearchAction","target":{"@type":"EntryPoint","urlTemplate":"https:\/\/www.manabi.gob.ec\/?s={search_term_string}"},"query-input":{"@type":"PropertyValueSpecification","valueRequired":true,"valueName":"search_term_string"}}],"inLanguage":"es"},{"@type":"Person","@id":"https:\/\/www.manabi.gob.ec\/#\/schema\/person\/c4f117989332ad723a6ced5994aa7d7a","name":"Lui Ochoa","image":{"@type":"ImageObject","inLanguage":"es","@id":"https:\/\/secure.gravatar.com\/avatar\/6e8017d0fe69dead8a95864d2eb6e1e1d8bf8e01194ba49cf7b897ff038126ba?s=96&d=mm&r=g","url":"https:\/\/secure.gravatar.com\/avatar\/6e8017d0fe69dead8a95864d2eb6e1e1d8bf8e01194ba49cf7b897ff038126ba?s=96&d=mm&r=g","contentUrl":"https:\/\/secure.gravatar.com\/avatar\/6e8017d0fe69dead8a95864d2eb6e1e1d8bf8e01194ba49cf7b897ff038126ba?s=96&d=mm&r=g","caption":"Lui Ochoa"},"url":"https:\/\/www.manabi.gob.ec\/index.php\/author\/lochoa\/"}]}},"jetpack_featured_media_url":"https:\/\/www.manabi.gob.ec\/wp-content\/uploads\/2024\/02\/WhatsApp-Image-2024-02-03-at-15.46.02.jpeg","_links":{"self":[{"href":"https:\/\/www.manabi.gob.ec\/index.php\/wp-json\/wp\/v2\/posts\/27143","targetHints":{"allow":["GET"]}}],"collection":[{"href":"https:\/\/www.manabi.gob.ec\/index.php\/wp-json\/wp\/v2\/posts"}],"about":[{"href":"https:\/\/www.manabi.gob.ec\/index.php\/wp-json\/wp\/v2\/types\/post"}],"author":[{"embeddable":true,"href":"https:\/\/www.manabi.gob.ec\/index.php\/wp-json\/wp\/v2\/users\/10"}],"replies":[{"embeddable":true,"href":"https:\/\/www.manabi.gob.ec\/index.php\/wp-json\/wp\/v2\/comments?post=27143"}],"version-history":[{"count":1,"href":"https:\/\/www.manabi.gob.ec\/index.php\/wp-json\/wp\/v2\/posts\/27143\/revisions"}],"predecessor-version":[{"id":27145,"href":"https:\/\/www.manabi.gob.ec\/index.php\/wp-json\/wp\/v2\/posts\/27143\/revisions\/27145"}],"wp:featuredmedia":[{"embeddable":true,"href":"https:\/\/www.manabi.gob.ec\/index.php\/wp-json\/wp\/v2\/media\/27144"}],"wp:attachment":[{"href":"https:\/\/www.manabi.gob.ec\/index.php\/wp-json\/wp\/v2\/media?parent=27143"}],"wp:term":[{"taxonomy":"category","embeddable":true,"href":"https:\/\/www.manabi.gob.ec\/index.php\/wp-json\/wp\/v2\/categories?post=27143"},{"taxonomy":"post_tag","embeddable":true,"href":"https:\/\/www.manabi.gob.ec\/index.php\/wp-json\/wp\/v2\/tags?post=27143"}],"curies":[{"name":"wp","href":"https:\/\/api.w.org\/{rel}","templated":true}]}}