{"id":27200,"date":"2024-02-14T14:48:53","date_gmt":"2024-02-14T14:48:53","guid":{"rendered":"https:\/\/www.manabi.gob.ec\/?p=27200"},"modified":"2024-02-14T14:48:59","modified_gmt":"2024-02-14T14:48:59","slug":"rapida-respuesta-para-la-proteccion-del-malecon-de-santa-marianita-en-manta","status":"publish","type":"post","link":"https:\/\/www.manabi.gob.ec\/index.php\/rapida-respuesta-para-la-proteccion-del-malecon-de-santa-marianita-en-manta\/","title":{"rendered":"R\u00e1pida respuesta para la protecci\u00f3n del malec\u00f3n de Santa Marianita en Manta"},"content":{"rendered":"\n<p>Hacemos frente a la temporada invernal con acciones de seguridad y protecci\u00f3n en el perfil costero de la parroquia Santa Marianita del cant\u00f3n Manta. Trabajamos en la colocaci\u00f3n y adecuaci\u00f3n de piedras escolleras, as\u00ed como la reconformaci\u00f3n con material de mejoramiento, a lo largo del malec\u00f3n.<\/p>\n\n\n\n<p>Gracias a la r\u00e1pida acci\u00f3n de la Prefectura de Manab\u00ed, se logr\u00f3 intervenir y evitar que la fuerza del mar, tras el desborde de los r\u00edos y caudales de la zona, se llevara a su paso parte del malec\u00f3n y consigo las caba\u00f1as gastron\u00f3micas ubicadas en el frente costero, salvaguardando la integridad de los habitantes de la parroquia as\u00ed como la de sus visitantes.<\/p>\n\n\n\n<p>C\u00e9sar Cede\u00f1o, residente de la Obra, explic\u00f3 que se han ubicado 5000 metros c\u00fabicos de piedras escolleras de los cuales est\u00e1n siendo reparados 520 metros lineales del malec\u00f3n ya que la fuerza del mar, tras la subida y fuerza de la marea, provoc\u00f3 el inicio del deslizamiento de la tierra y afectaciones en la zona tur\u00edstica.<\/p>\n\n\n\n<p>Por su parte, Leonela Zambrano, Presidenta de la Junta Parroquial de Santa Marianita, dijo sentirse altamente agradecida con la instituci\u00f3n provincial, especialmente con el Prefecto Leonardo Orlando, ya que respondi\u00f3 de forma inmediata al requerimiento emergente, disponiendo maquinaria y personal t\u00e9cnico para la urgente intervenci\u00f3n. Expres\u00f3 que no es la primera vez que se logra un exitoso trabajo articulado ya que el apoyo es permanente en muchos \u00e1mbitos<\/p>\n","protected":false},"excerpt":{"rendered":"<p>Hacemos frente a la temporada invernal con acciones de seguridad y protecci\u00f3n en el perfil costero de la parroquia Santa Marianita del cant\u00f3n Manta. Trabajamos en la colocaci\u00f3n y adecuaci\u00f3n de piedras escolleras, as\u00ed como la reconformaci\u00f3n con material de mejoramiento, a lo largo del malec\u00f3n. Gracias a la r\u00e1pida acci\u00f3n de la Prefectura de [&hellip;]<\/p>\n","protected":false},"author":10,"featured_media":27201,"comment_status":"closed","ping_status":"closed","sticky":false,"template":"","format":"standard","meta":{"_joinchat":[],"footnotes":""},"categories":[150,142,92,181,339,340,91,127],"tags":[],"class_list":["post-27200","post","type-post","status-publish","format-standard","has-post-thumbnail","hentry","category-ambiente","category-desarrollo-social","category-noticias-manabi","category-obra-publica","category-plan-invernal","category-plan-invernal-plan-invernal","category-todas","category-vialidad"],"yoast_head":"<!-- This site is optimized with the Yoast SEO plugin v27.4 - https:\/\/yoast.com\/product\/yoast-seo-wordpress\/ -->\n<title>R\u00e1pida respuesta para la protecci\u00f3n del malec\u00f3n de Santa Marianita en Manta - Prefectura de Manab\u00ed<\/title>\n<meta name=\"robots\" content=\"index, follow, max-snippet:-1, max-image-preview:large, max-video-preview:-1\" \/>\n<link rel=\"canonical\" href=\"https:\/\/www.manabi.gob.ec\/index.php\/rapida-respuesta-para-la-proteccion-del-malecon-de-santa-marianita-en-manta\/\" \/>\n<meta property=\"og:locale\" content=\"es_ES\" \/>\n<meta property=\"og:type\" content=\"article\" \/>\n<meta property=\"og:title\" content=\"R\u00e1pida respuesta para la protecci\u00f3n del malec\u00f3n de Santa Marianita en Manta - Prefectura de Manab\u00ed\" \/>\n<meta property=\"og:description\" content=\"Hacemos frente a la temporada invernal con acciones de seguridad y protecci\u00f3n en el perfil costero de la parroquia Santa Marianita del cant\u00f3n Manta. Trabajamos en la colocaci\u00f3n y adecuaci\u00f3n de piedras escolleras, as\u00ed como la reconformaci\u00f3n con material de mejoramiento, a lo largo del malec\u00f3n. Gracias a la r\u00e1pida acci\u00f3n de la Prefectura de [&hellip;]\" \/>\n<meta property=\"og:url\" content=\"https:\/\/www.manabi.gob.ec\/index.php\/rapida-respuesta-para-la-proteccion-del-malecon-de-santa-marianita-en-manta\/\" \/>\n<meta property=\"og:site_name\" content=\"Prefectura de Manab\u00ed\" \/>\n<meta property=\"article:published_time\" content=\"2024-02-14T14:48:53+00:00\" \/>\n<meta property=\"article:modified_time\" content=\"2024-02-14T14:48:59+00:00\" \/>\n<meta property=\"og:image\" content=\"https:\/\/www.manabi.gob.ec\/wp-content\/uploads\/2024\/02\/WhatsApp-Image-2024-02-08-at-09.59.07.jpg\" \/>\n\t<meta property=\"og:image:width\" content=\"1498\" \/>\n\t<meta property=\"og:image:height\" content=\"1015\" \/>\n\t<meta property=\"og:image:type\" content=\"image\/jpeg\" \/>\n<meta name=\"author\" content=\"Lui Ochoa\" \/>\n<meta name=\"twitter:card\" content=\"summary_large_image\" \/>\n<meta name=\"twitter:label1\" content=\"Escrito por\" \/>\n\t<meta name=\"twitter:data1\" content=\"Lui Ochoa\" \/>\n\t<meta name=\"twitter:label2\" content=\"Tiempo de lectura\" \/>\n\t<meta name=\"twitter:data2\" content=\"2 minutos\" \/>\n<script type=\"application\/ld+json\" class=\"yoast-schema-graph\">{\"@context\":\"https:\\\/\\\/schema.org\",\"@graph\":[{\"@type\":\"Article\",\"@id\":\"https:\\\/\\\/www.manabi.gob.ec\\\/index.php\\\/rapida-respuesta-para-la-proteccion-del-malecon-de-santa-marianita-en-manta\\\/#article\",\"isPartOf\":{\"@id\":\"https:\\\/\\\/www.manabi.gob.ec\\\/index.php\\\/rapida-respuesta-para-la-proteccion-del-malecon-de-santa-marianita-en-manta\\\/\"},\"author\":{\"name\":\"Lui Ochoa\",\"@id\":\"https:\\\/\\\/www.manabi.gob.ec\\\/#\\\/schema\\\/person\\\/c4f117989332ad723a6ced5994aa7d7a\"},\"headline\":\"R\u00e1pida respuesta para la protecci\u00f3n del malec\u00f3n de Santa Marianita en Manta\",\"datePublished\":\"2024-02-14T14:48:53+00:00\",\"dateModified\":\"2024-02-14T14:48:59+00:00\",\"mainEntityOfPage\":{\"@id\":\"https:\\\/\\\/www.manabi.gob.ec\\\/index.php\\\/rapida-respuesta-para-la-proteccion-del-malecon-de-santa-marianita-en-manta\\\/\"},\"wordCount\":268,\"image\":{\"@id\":\"https:\\\/\\\/www.manabi.gob.ec\\\/index.php\\\/rapida-respuesta-para-la-proteccion-del-malecon-de-santa-marianita-en-manta\\\/#primaryimage\"},\"thumbnailUrl\":\"https:\\\/\\\/www.manabi.gob.ec\\\/wp-content\\\/uploads\\\/2024\\\/02\\\/WhatsApp-Image-2024-02-08-at-09.59.07.jpg\",\"articleSection\":[\"Ambiente\",\"Desarrollo Social\",\"Noticias\",\"Obra P\u00fablica\",\"Plan Invernal\",\"PLAN INVERNAL\",\"Todas\",\"Vialidad\"],\"inLanguage\":\"es\"},{\"@type\":\"WebPage\",\"@id\":\"https:\\\/\\\/www.manabi.gob.ec\\\/index.php\\\/rapida-respuesta-para-la-proteccion-del-malecon-de-santa-marianita-en-manta\\\/\",\"url\":\"https:\\\/\\\/www.manabi.gob.ec\\\/index.php\\\/rapida-respuesta-para-la-proteccion-del-malecon-de-santa-marianita-en-manta\\\/\",\"name\":\"R\u00e1pida respuesta para la protecci\u00f3n del malec\u00f3n de Santa Marianita en Manta - Prefectura de Manab\u00ed\",\"isPartOf\":{\"@id\":\"https:\\\/\\\/www.manabi.gob.ec\\\/#website\"},\"primaryImageOfPage\":{\"@id\":\"https:\\\/\\\/www.manabi.gob.ec\\\/index.php\\\/rapida-respuesta-para-la-proteccion-del-malecon-de-santa-marianita-en-manta\\\/#primaryimage\"},\"image\":{\"@id\":\"https:\\\/\\\/www.manabi.gob.ec\\\/index.php\\\/rapida-respuesta-para-la-proteccion-del-malecon-de-santa-marianita-en-manta\\\/#primaryimage\"},\"thumbnailUrl\":\"https:\\\/\\\/www.manabi.gob.ec\\\/wp-content\\\/uploads\\\/2024\\\/02\\\/WhatsApp-Image-2024-02-08-at-09.59.07.jpg\",\"datePublished\":\"2024-02-14T14:48:53+00:00\",\"dateModified\":\"2024-02-14T14:48:59+00:00\",\"author\":{\"@id\":\"https:\\\/\\\/www.manabi.gob.ec\\\/#\\\/schema\\\/person\\\/c4f117989332ad723a6ced5994aa7d7a\"},\"breadcrumb\":{\"@id\":\"https:\\\/\\\/www.manabi.gob.ec\\\/index.php\\\/rapida-respuesta-para-la-proteccion-del-malecon-de-santa-marianita-en-manta\\\/#breadcrumb\"},\"inLanguage\":\"es\",\"potentialAction\":[{\"@type\":\"ReadAction\",\"target\":[\"https:\\\/\\\/www.manabi.gob.ec\\\/index.php\\\/rapida-respuesta-para-la-proteccion-del-malecon-de-santa-marianita-en-manta\\\/\"]}]},{\"@type\":\"ImageObject\",\"inLanguage\":\"es\",\"@id\":\"https:\\\/\\\/www.manabi.gob.ec\\\/index.php\\\/rapida-respuesta-para-la-proteccion-del-malecon-de-santa-marianita-en-manta\\\/#primaryimage\",\"url\":\"https:\\\/\\\/www.manabi.gob.ec\\\/wp-content\\\/uploads\\\/2024\\\/02\\\/WhatsApp-Image-2024-02-08-at-09.59.07.jpg\",\"contentUrl\":\"https:\\\/\\\/www.manabi.gob.ec\\\/wp-content\\\/uploads\\\/2024\\\/02\\\/WhatsApp-Image-2024-02-08-at-09.59.07.jpg\",\"width\":1498,\"height\":1015},{\"@type\":\"BreadcrumbList\",\"@id\":\"https:\\\/\\\/www.manabi.gob.ec\\\/index.php\\\/rapida-respuesta-para-la-proteccion-del-malecon-de-santa-marianita-en-manta\\\/#breadcrumb\",\"itemListElement\":[{\"@type\":\"ListItem\",\"position\":1,\"name\":\"Portada\",\"item\":\"https:\\\/\\\/www.manabi.gob.ec\\\/\"},{\"@type\":\"ListItem\",\"position\":2,\"name\":\"R\u00e1pida respuesta para la protecci\u00f3n del malec\u00f3n de Santa Marianita en Manta\"}]},{\"@type\":\"WebSite\",\"@id\":\"https:\\\/\\\/www.manabi.gob.ec\\\/#website\",\"url\":\"https:\\\/\\\/www.manabi.gob.ec\\\/\",\"name\":\"Prefectura de Manab\u00ed\",\"description\":\"P\u00e1gina web de la prefectura\",\"potentialAction\":[{\"@type\":\"SearchAction\",\"target\":{\"@type\":\"EntryPoint\",\"urlTemplate\":\"https:\\\/\\\/www.manabi.gob.ec\\\/?s={search_term_string}\"},\"query-input\":{\"@type\":\"PropertyValueSpecification\",\"valueRequired\":true,\"valueName\":\"search_term_string\"}}],\"inLanguage\":\"es\"},{\"@type\":\"Person\",\"@id\":\"https:\\\/\\\/www.manabi.gob.ec\\\/#\\\/schema\\\/person\\\/c4f117989332ad723a6ced5994aa7d7a\",\"name\":\"Lui Ochoa\",\"image\":{\"@type\":\"ImageObject\",\"inLanguage\":\"es\",\"@id\":\"https:\\\/\\\/secure.gravatar.com\\\/avatar\\\/6e8017d0fe69dead8a95864d2eb6e1e1d8bf8e01194ba49cf7b897ff038126ba?s=96&d=mm&r=g\",\"url\":\"https:\\\/\\\/secure.gravatar.com\\\/avatar\\\/6e8017d0fe69dead8a95864d2eb6e1e1d8bf8e01194ba49cf7b897ff038126ba?s=96&d=mm&r=g\",\"contentUrl\":\"https:\\\/\\\/secure.gravatar.com\\\/avatar\\\/6e8017d0fe69dead8a95864d2eb6e1e1d8bf8e01194ba49cf7b897ff038126ba?s=96&d=mm&r=g\",\"caption\":\"Lui Ochoa\"},\"url\":\"https:\\\/\\\/www.manabi.gob.ec\\\/index.php\\\/author\\\/lochoa\\\/\"}]}<\/script>\n<!-- \/ Yoast SEO plugin. -->","yoast_head_json":{"title":"R\u00e1pida respuesta para la protecci\u00f3n del malec\u00f3n de Santa Marianita en Manta - Prefectura de Manab\u00ed","robots":{"index":"index","follow":"follow","max-snippet":"max-snippet:-1","max-image-preview":"max-image-preview:large","max-video-preview":"max-video-preview:-1"},"canonical":"https:\/\/www.manabi.gob.ec\/index.php\/rapida-respuesta-para-la-proteccion-del-malecon-de-santa-marianita-en-manta\/","og_locale":"es_ES","og_type":"article","og_title":"R\u00e1pida respuesta para la protecci\u00f3n del malec\u00f3n de Santa Marianita en Manta - Prefectura de Manab\u00ed","og_description":"Hacemos frente a la temporada invernal con acciones de seguridad y protecci\u00f3n en el perfil costero de la parroquia Santa Marianita del cant\u00f3n Manta. Trabajamos en la colocaci\u00f3n y adecuaci\u00f3n de piedras escolleras, as\u00ed como la reconformaci\u00f3n con material de mejoramiento, a lo largo del malec\u00f3n. Gracias a la r\u00e1pida acci\u00f3n de la Prefectura de [&hellip;]","og_url":"https:\/\/www.manabi.gob.ec\/index.php\/rapida-respuesta-para-la-proteccion-del-malecon-de-santa-marianita-en-manta\/","og_site_name":"Prefectura de Manab\u00ed","article_published_time":"2024-02-14T14:48:53+00:00","article_modified_time":"2024-02-14T14:48:59+00:00","og_image":[{"width":1498,"height":1015,"url":"https:\/\/www.manabi.gob.ec\/wp-content\/uploads\/2024\/02\/WhatsApp-Image-2024-02-08-at-09.59.07.jpg","type":"image\/jpeg"}],"author":"Lui Ochoa","twitter_card":"summary_large_image","twitter_misc":{"Escrito por":"Lui Ochoa","Tiempo de lectura":"2 minutos"},"schema":{"@context":"https:\/\/schema.org","@graph":[{"@type":"Article","@id":"https:\/\/www.manabi.gob.ec\/index.php\/rapida-respuesta-para-la-proteccion-del-malecon-de-santa-marianita-en-manta\/#article","isPartOf":{"@id":"https:\/\/www.manabi.gob.ec\/index.php\/rapida-respuesta-para-la-proteccion-del-malecon-de-santa-marianita-en-manta\/"},"author":{"name":"Lui Ochoa","@id":"https:\/\/www.manabi.gob.ec\/#\/schema\/person\/c4f117989332ad723a6ced5994aa7d7a"},"headline":"R\u00e1pida respuesta para la protecci\u00f3n del malec\u00f3n de Santa Marianita en Manta","datePublished":"2024-02-14T14:48:53+00:00","dateModified":"2024-02-14T14:48:59+00:00","mainEntityOfPage":{"@id":"https:\/\/www.manabi.gob.ec\/index.php\/rapida-respuesta-para-la-proteccion-del-malecon-de-santa-marianita-en-manta\/"},"wordCount":268,"image":{"@id":"https:\/\/www.manabi.gob.ec\/index.php\/rapida-respuesta-para-la-proteccion-del-malecon-de-santa-marianita-en-manta\/#primaryimage"},"thumbnailUrl":"https:\/\/www.manabi.gob.ec\/wp-content\/uploads\/2024\/02\/WhatsApp-Image-2024-02-08-at-09.59.07.jpg","articleSection":["Ambiente","Desarrollo Social","Noticias","Obra P\u00fablica","Plan Invernal","PLAN INVERNAL","Todas","Vialidad"],"inLanguage":"es"},{"@type":"WebPage","@id":"https:\/\/www.manabi.gob.ec\/index.php\/rapida-respuesta-para-la-proteccion-del-malecon-de-santa-marianita-en-manta\/","url":"https:\/\/www.manabi.gob.ec\/index.php\/rapida-respuesta-para-la-proteccion-del-malecon-de-santa-marianita-en-manta\/","name":"R\u00e1pida respuesta para la protecci\u00f3n del malec\u00f3n de Santa Marianita en Manta - Prefectura de Manab\u00ed","isPartOf":{"@id":"https:\/\/www.manabi.gob.ec\/#website"},"primaryImageOfPage":{"@id":"https:\/\/www.manabi.gob.ec\/index.php\/rapida-respuesta-para-la-proteccion-del-malecon-de-santa-marianita-en-manta\/#primaryimage"},"image":{"@id":"https:\/\/www.manabi.gob.ec\/index.php\/rapida-respuesta-para-la-proteccion-del-malecon-de-santa-marianita-en-manta\/#primaryimage"},"thumbnailUrl":"https:\/\/www.manabi.gob.ec\/wp-content\/uploads\/2024\/02\/WhatsApp-Image-2024-02-08-at-09.59.07.jpg","datePublished":"2024-02-14T14:48:53+00:00","dateModified":"2024-02-14T14:48:59+00:00","author":{"@id":"https:\/\/www.manabi.gob.ec\/#\/schema\/person\/c4f117989332ad723a6ced5994aa7d7a"},"breadcrumb":{"@id":"https:\/\/www.manabi.gob.ec\/index.php\/rapida-respuesta-para-la-proteccion-del-malecon-de-santa-marianita-en-manta\/#breadcrumb"},"inLanguage":"es","potentialAction":[{"@type":"ReadAction","target":["https:\/\/www.manabi.gob.ec\/index.php\/rapida-respuesta-para-la-proteccion-del-malecon-de-santa-marianita-en-manta\/"]}]},{"@type":"ImageObject","inLanguage":"es","@id":"https:\/\/www.manabi.gob.ec\/index.php\/rapida-respuesta-para-la-proteccion-del-malecon-de-santa-marianita-en-manta\/#primaryimage","url":"https:\/\/www.manabi.gob.ec\/wp-content\/uploads\/2024\/02\/WhatsApp-Image-2024-02-08-at-09.59.07.jpg","contentUrl":"https:\/\/www.manabi.gob.ec\/wp-content\/uploads\/2024\/02\/WhatsApp-Image-2024-02-08-at-09.59.07.jpg","width":1498,"height":1015},{"@type":"BreadcrumbList","@id":"https:\/\/www.manabi.gob.ec\/index.php\/rapida-respuesta-para-la-proteccion-del-malecon-de-santa-marianita-en-manta\/#breadcrumb","itemListElement":[{"@type":"ListItem","position":1,"name":"Portada","item":"https:\/\/www.manabi.gob.ec\/"},{"@type":"ListItem","position":2,"name":"R\u00e1pida respuesta para la protecci\u00f3n del malec\u00f3n de Santa Marianita en Manta"}]},{"@type":"WebSite","@id":"https:\/\/www.manabi.gob.ec\/#website","url":"https:\/\/www.manabi.gob.ec\/","name":"Prefectura de Manab\u00ed","description":"P\u00e1gina web de la prefectura","potentialAction":[{"@type":"SearchAction","target":{"@type":"EntryPoint","urlTemplate":"https:\/\/www.manabi.gob.ec\/?s={search_term_string}"},"query-input":{"@type":"PropertyValueSpecification","valueRequired":true,"valueName":"search_term_string"}}],"inLanguage":"es"},{"@type":"Person","@id":"https:\/\/www.manabi.gob.ec\/#\/schema\/person\/c4f117989332ad723a6ced5994aa7d7a","name":"Lui Ochoa","image":{"@type":"ImageObject","inLanguage":"es","@id":"https:\/\/secure.gravatar.com\/avatar\/6e8017d0fe69dead8a95864d2eb6e1e1d8bf8e01194ba49cf7b897ff038126ba?s=96&d=mm&r=g","url":"https:\/\/secure.gravatar.com\/avatar\/6e8017d0fe69dead8a95864d2eb6e1e1d8bf8e01194ba49cf7b897ff038126ba?s=96&d=mm&r=g","contentUrl":"https:\/\/secure.gravatar.com\/avatar\/6e8017d0fe69dead8a95864d2eb6e1e1d8bf8e01194ba49cf7b897ff038126ba?s=96&d=mm&r=g","caption":"Lui Ochoa"},"url":"https:\/\/www.manabi.gob.ec\/index.php\/author\/lochoa\/"}]}},"jetpack_featured_media_url":"https:\/\/www.manabi.gob.ec\/wp-content\/uploads\/2024\/02\/WhatsApp-Image-2024-02-08-at-09.59.07.jpg","_links":{"self":[{"href":"https:\/\/www.manabi.gob.ec\/index.php\/wp-json\/wp\/v2\/posts\/27200","targetHints":{"allow":["GET"]}}],"collection":[{"href":"https:\/\/www.manabi.gob.ec\/index.php\/wp-json\/wp\/v2\/posts"}],"about":[{"href":"https:\/\/www.manabi.gob.ec\/index.php\/wp-json\/wp\/v2\/types\/post"}],"author":[{"embeddable":true,"href":"https:\/\/www.manabi.gob.ec\/index.php\/wp-json\/wp\/v2\/users\/10"}],"replies":[{"embeddable":true,"href":"https:\/\/www.manabi.gob.ec\/index.php\/wp-json\/wp\/v2\/comments?post=27200"}],"version-history":[{"count":1,"href":"https:\/\/www.manabi.gob.ec\/index.php\/wp-json\/wp\/v2\/posts\/27200\/revisions"}],"predecessor-version":[{"id":27202,"href":"https:\/\/www.manabi.gob.ec\/index.php\/wp-json\/wp\/v2\/posts\/27200\/revisions\/27202"}],"wp:featuredmedia":[{"embeddable":true,"href":"https:\/\/www.manabi.gob.ec\/index.php\/wp-json\/wp\/v2\/media\/27201"}],"wp:attachment":[{"href":"https:\/\/www.manabi.gob.ec\/index.php\/wp-json\/wp\/v2\/media?parent=27200"}],"wp:term":[{"taxonomy":"category","embeddable":true,"href":"https:\/\/www.manabi.gob.ec\/index.php\/wp-json\/wp\/v2\/categories?post=27200"},{"taxonomy":"post_tag","embeddable":true,"href":"https:\/\/www.manabi.gob.ec\/index.php\/wp-json\/wp\/v2\/tags?post=27200"}],"curies":[{"name":"wp","href":"https:\/\/api.w.org\/{rel}","templated":true}]}}