{"id":27208,"date":"2024-02-14T14:59:57","date_gmt":"2024-02-14T14:59:57","guid":{"rendered":"https:\/\/www.manabi.gob.ec\/?p=27208"},"modified":"2024-02-14T15:00:04","modified_gmt":"2024-02-14T15:00:04","slug":"la-sala-de-monitoreo-de-emergencias-y-el-coe-institucional-de-la-prefectura-de-manabi-activados-ante-las-fuertes-lluvias","status":"publish","type":"post","link":"https:\/\/www.manabi.gob.ec\/index.php\/la-sala-de-monitoreo-de-emergencias-y-el-coe-institucional-de-la-prefectura-de-manabi-activados-ante-las-fuertes-lluvias\/","title":{"rendered":"La Sala de Monitoreo de Emergencias y el COE institucional de la Prefectura de Manab\u00ed activados ante las fuertes lluvias"},"content":{"rendered":"\n<p>Este viernes 9 de febrero, el prefecto de Manab\u00ed, Leonardo Orlando, en respuesta a las persistentes lluvias que han azotado a la provincia en las \u00faltimas horas, activ\u00f3 el COE Institucional y la sala de monitoreo de emergencia de la Prefectura, en coordinaci\u00f3n con el ECU 911, para ejecutar las acciones necesarias en las zonas afectadas, las cuales, seg\u00fan los reportes, se encuentran en la zona rural del cant\u00f3n Portoviejo.&nbsp;<br>\u00abNuestro dedicado equipo y personal t\u00e9cnico se encuentran en pleno funcionamiento, preparados para abordar cualquier eventualidad que pueda surgir debido a las condiciones clim\u00e1ticas actuales\u00bb, expres\u00f3 el prefecto Orlando.&nbsp;<br>La sala espejo, especializada en el monitoreo de inundaciones y situaciones de emergencia, est\u00e1 completamente equipada para garantizar una respuesta efectiva ante cualquier situaci\u00f3n que se presente.<br>\u00abPriorizando la seguridad y bienestar de nuestra comunidad, instamos a todos a estar atentos a las actualizaciones, informarse por canales oficiales y seguir las recomendaciones de las autoridades locales. Juntos, superaremos estos desaf\u00edos clim\u00e1ticos y nos mantendremos unidos ante cualquier adversidad que se presente\u201d, indic\u00f3 la autoridad provincial.<\/p>\n\n\n\n<p><\/p>\n","protected":false},"excerpt":{"rendered":"<p>Este viernes 9 de febrero, el prefecto de Manab\u00ed, Leonardo Orlando, en respuesta a las persistentes lluvias que han azotado a la provincia en las \u00faltimas horas, activ\u00f3 el COE Institucional y la sala de monitoreo de emergencia de la Prefectura, en coordinaci\u00f3n con el ECU 911, para ejecutar las acciones necesarias en las zonas [&hellip;]<\/p>\n","protected":false},"author":10,"featured_media":27209,"comment_status":"closed","ping_status":"closed","sticky":false,"template":"","format":"standard","meta":{"_joinchat":[],"footnotes":""},"categories":[150,142,92,339,340,91],"tags":[],"class_list":["post-27208","post","type-post","status-publish","format-standard","has-post-thumbnail","hentry","category-ambiente","category-desarrollo-social","category-noticias-manabi","category-plan-invernal","category-plan-invernal-plan-invernal","category-todas"],"yoast_head":"<!-- This site is optimized with the Yoast SEO plugin v27.4 - https:\/\/yoast.com\/product\/yoast-seo-wordpress\/ -->\n<title>La Sala de Monitoreo de Emergencias y el COE institucional de la Prefectura de Manab\u00ed activados ante las fuertes lluvias - Prefectura de Manab\u00ed<\/title>\n<meta name=\"robots\" content=\"index, follow, max-snippet:-1, max-image-preview:large, max-video-preview:-1\" \/>\n<link rel=\"canonical\" href=\"https:\/\/www.manabi.gob.ec\/index.php\/la-sala-de-monitoreo-de-emergencias-y-el-coe-institucional-de-la-prefectura-de-manabi-activados-ante-las-fuertes-lluvias\/\" \/>\n<meta property=\"og:locale\" content=\"es_ES\" \/>\n<meta property=\"og:type\" content=\"article\" \/>\n<meta property=\"og:title\" content=\"La Sala de Monitoreo de Emergencias y el COE institucional de la Prefectura de Manab\u00ed activados ante las fuertes lluvias - Prefectura de Manab\u00ed\" \/>\n<meta property=\"og:description\" content=\"Este viernes 9 de febrero, el prefecto de Manab\u00ed, Leonardo Orlando, en respuesta a las persistentes lluvias que han azotado a la provincia en las \u00faltimas horas, activ\u00f3 el COE Institucional y la sala de monitoreo de emergencia de la Prefectura, en coordinaci\u00f3n con el ECU 911, para ejecutar las acciones necesarias en las zonas [&hellip;]\" \/>\n<meta property=\"og:url\" content=\"https:\/\/www.manabi.gob.ec\/index.php\/la-sala-de-monitoreo-de-emergencias-y-el-coe-institucional-de-la-prefectura-de-manabi-activados-ante-las-fuertes-lluvias\/\" \/>\n<meta property=\"og:site_name\" content=\"Prefectura de Manab\u00ed\" \/>\n<meta property=\"article:published_time\" content=\"2024-02-14T14:59:57+00:00\" \/>\n<meta property=\"article:modified_time\" content=\"2024-02-14T15:00:04+00:00\" \/>\n<meta property=\"og:image\" content=\"https:\/\/www.manabi.gob.ec\/wp-content\/uploads\/2024\/02\/WhatsApp-Image-2024-02-09-at-10.35.47.jpeg\" \/>\n\t<meta property=\"og:image:width\" content=\"1024\" \/>\n\t<meta property=\"og:image:height\" content=\"682\" \/>\n\t<meta property=\"og:image:type\" content=\"image\/jpeg\" \/>\n<meta name=\"author\" content=\"Lui Ochoa\" \/>\n<meta name=\"twitter:card\" content=\"summary_large_image\" \/>\n<meta name=\"twitter:label1\" content=\"Escrito por\" \/>\n\t<meta name=\"twitter:data1\" content=\"Lui Ochoa\" \/>\n\t<meta name=\"twitter:label2\" content=\"Tiempo de lectura\" \/>\n\t<meta name=\"twitter:data2\" content=\"1 minuto\" \/>\n<script type=\"application\/ld+json\" class=\"yoast-schema-graph\">{\"@context\":\"https:\\\/\\\/schema.org\",\"@graph\":[{\"@type\":\"Article\",\"@id\":\"https:\\\/\\\/www.manabi.gob.ec\\\/index.php\\\/la-sala-de-monitoreo-de-emergencias-y-el-coe-institucional-de-la-prefectura-de-manabi-activados-ante-las-fuertes-lluvias\\\/#article\",\"isPartOf\":{\"@id\":\"https:\\\/\\\/www.manabi.gob.ec\\\/index.php\\\/la-sala-de-monitoreo-de-emergencias-y-el-coe-institucional-de-la-prefectura-de-manabi-activados-ante-las-fuertes-lluvias\\\/\"},\"author\":{\"name\":\"Lui Ochoa\",\"@id\":\"https:\\\/\\\/www.manabi.gob.ec\\\/#\\\/schema\\\/person\\\/c4f117989332ad723a6ced5994aa7d7a\"},\"headline\":\"La Sala de Monitoreo de Emergencias y el COE institucional de la Prefectura de Manab\u00ed activados ante las fuertes lluvias\",\"datePublished\":\"2024-02-14T14:59:57+00:00\",\"dateModified\":\"2024-02-14T15:00:04+00:00\",\"mainEntityOfPage\":{\"@id\":\"https:\\\/\\\/www.manabi.gob.ec\\\/index.php\\\/la-sala-de-monitoreo-de-emergencias-y-el-coe-institucional-de-la-prefectura-de-manabi-activados-ante-las-fuertes-lluvias\\\/\"},\"wordCount\":202,\"image\":{\"@id\":\"https:\\\/\\\/www.manabi.gob.ec\\\/index.php\\\/la-sala-de-monitoreo-de-emergencias-y-el-coe-institucional-de-la-prefectura-de-manabi-activados-ante-las-fuertes-lluvias\\\/#primaryimage\"},\"thumbnailUrl\":\"https:\\\/\\\/www.manabi.gob.ec\\\/wp-content\\\/uploads\\\/2024\\\/02\\\/WhatsApp-Image-2024-02-09-at-10.35.47.jpeg\",\"articleSection\":[\"Ambiente\",\"Desarrollo Social\",\"Noticias\",\"Plan Invernal\",\"PLAN INVERNAL\",\"Todas\"],\"inLanguage\":\"es\"},{\"@type\":\"WebPage\",\"@id\":\"https:\\\/\\\/www.manabi.gob.ec\\\/index.php\\\/la-sala-de-monitoreo-de-emergencias-y-el-coe-institucional-de-la-prefectura-de-manabi-activados-ante-las-fuertes-lluvias\\\/\",\"url\":\"https:\\\/\\\/www.manabi.gob.ec\\\/index.php\\\/la-sala-de-monitoreo-de-emergencias-y-el-coe-institucional-de-la-prefectura-de-manabi-activados-ante-las-fuertes-lluvias\\\/\",\"name\":\"La Sala de Monitoreo de Emergencias y el COE institucional de la Prefectura de Manab\u00ed activados ante las fuertes lluvias - Prefectura de Manab\u00ed\",\"isPartOf\":{\"@id\":\"https:\\\/\\\/www.manabi.gob.ec\\\/#website\"},\"primaryImageOfPage\":{\"@id\":\"https:\\\/\\\/www.manabi.gob.ec\\\/index.php\\\/la-sala-de-monitoreo-de-emergencias-y-el-coe-institucional-de-la-prefectura-de-manabi-activados-ante-las-fuertes-lluvias\\\/#primaryimage\"},\"image\":{\"@id\":\"https:\\\/\\\/www.manabi.gob.ec\\\/index.php\\\/la-sala-de-monitoreo-de-emergencias-y-el-coe-institucional-de-la-prefectura-de-manabi-activados-ante-las-fuertes-lluvias\\\/#primaryimage\"},\"thumbnailUrl\":\"https:\\\/\\\/www.manabi.gob.ec\\\/wp-content\\\/uploads\\\/2024\\\/02\\\/WhatsApp-Image-2024-02-09-at-10.35.47.jpeg\",\"datePublished\":\"2024-02-14T14:59:57+00:00\",\"dateModified\":\"2024-02-14T15:00:04+00:00\",\"author\":{\"@id\":\"https:\\\/\\\/www.manabi.gob.ec\\\/#\\\/schema\\\/person\\\/c4f117989332ad723a6ced5994aa7d7a\"},\"breadcrumb\":{\"@id\":\"https:\\\/\\\/www.manabi.gob.ec\\\/index.php\\\/la-sala-de-monitoreo-de-emergencias-y-el-coe-institucional-de-la-prefectura-de-manabi-activados-ante-las-fuertes-lluvias\\\/#breadcrumb\"},\"inLanguage\":\"es\",\"potentialAction\":[{\"@type\":\"ReadAction\",\"target\":[\"https:\\\/\\\/www.manabi.gob.ec\\\/index.php\\\/la-sala-de-monitoreo-de-emergencias-y-el-coe-institucional-de-la-prefectura-de-manabi-activados-ante-las-fuertes-lluvias\\\/\"]}]},{\"@type\":\"ImageObject\",\"inLanguage\":\"es\",\"@id\":\"https:\\\/\\\/www.manabi.gob.ec\\\/index.php\\\/la-sala-de-monitoreo-de-emergencias-y-el-coe-institucional-de-la-prefectura-de-manabi-activados-ante-las-fuertes-lluvias\\\/#primaryimage\",\"url\":\"https:\\\/\\\/www.manabi.gob.ec\\\/wp-content\\\/uploads\\\/2024\\\/02\\\/WhatsApp-Image-2024-02-09-at-10.35.47.jpeg\",\"contentUrl\":\"https:\\\/\\\/www.manabi.gob.ec\\\/wp-content\\\/uploads\\\/2024\\\/02\\\/WhatsApp-Image-2024-02-09-at-10.35.47.jpeg\",\"width\":1024,\"height\":682},{\"@type\":\"BreadcrumbList\",\"@id\":\"https:\\\/\\\/www.manabi.gob.ec\\\/index.php\\\/la-sala-de-monitoreo-de-emergencias-y-el-coe-institucional-de-la-prefectura-de-manabi-activados-ante-las-fuertes-lluvias\\\/#breadcrumb\",\"itemListElement\":[{\"@type\":\"ListItem\",\"position\":1,\"name\":\"Portada\",\"item\":\"https:\\\/\\\/www.manabi.gob.ec\\\/\"},{\"@type\":\"ListItem\",\"position\":2,\"name\":\"La Sala de Monitoreo de Emergencias y el COE institucional de la Prefectura de Manab\u00ed activados ante las fuertes lluvias\"}]},{\"@type\":\"WebSite\",\"@id\":\"https:\\\/\\\/www.manabi.gob.ec\\\/#website\",\"url\":\"https:\\\/\\\/www.manabi.gob.ec\\\/\",\"name\":\"Prefectura de Manab\u00ed\",\"description\":\"P\u00e1gina web de la prefectura\",\"potentialAction\":[{\"@type\":\"SearchAction\",\"target\":{\"@type\":\"EntryPoint\",\"urlTemplate\":\"https:\\\/\\\/www.manabi.gob.ec\\\/?s={search_term_string}\"},\"query-input\":{\"@type\":\"PropertyValueSpecification\",\"valueRequired\":true,\"valueName\":\"search_term_string\"}}],\"inLanguage\":\"es\"},{\"@type\":\"Person\",\"@id\":\"https:\\\/\\\/www.manabi.gob.ec\\\/#\\\/schema\\\/person\\\/c4f117989332ad723a6ced5994aa7d7a\",\"name\":\"Lui Ochoa\",\"image\":{\"@type\":\"ImageObject\",\"inLanguage\":\"es\",\"@id\":\"https:\\\/\\\/secure.gravatar.com\\\/avatar\\\/6e8017d0fe69dead8a95864d2eb6e1e1d8bf8e01194ba49cf7b897ff038126ba?s=96&d=mm&r=g\",\"url\":\"https:\\\/\\\/secure.gravatar.com\\\/avatar\\\/6e8017d0fe69dead8a95864d2eb6e1e1d8bf8e01194ba49cf7b897ff038126ba?s=96&d=mm&r=g\",\"contentUrl\":\"https:\\\/\\\/secure.gravatar.com\\\/avatar\\\/6e8017d0fe69dead8a95864d2eb6e1e1d8bf8e01194ba49cf7b897ff038126ba?s=96&d=mm&r=g\",\"caption\":\"Lui Ochoa\"},\"url\":\"https:\\\/\\\/www.manabi.gob.ec\\\/index.php\\\/author\\\/lochoa\\\/\"}]}<\/script>\n<!-- \/ Yoast SEO plugin. -->","yoast_head_json":{"title":"La Sala de Monitoreo de Emergencias y el COE institucional de la Prefectura de Manab\u00ed activados ante las fuertes lluvias - Prefectura de Manab\u00ed","robots":{"index":"index","follow":"follow","max-snippet":"max-snippet:-1","max-image-preview":"max-image-preview:large","max-video-preview":"max-video-preview:-1"},"canonical":"https:\/\/www.manabi.gob.ec\/index.php\/la-sala-de-monitoreo-de-emergencias-y-el-coe-institucional-de-la-prefectura-de-manabi-activados-ante-las-fuertes-lluvias\/","og_locale":"es_ES","og_type":"article","og_title":"La Sala de Monitoreo de Emergencias y el COE institucional de la Prefectura de Manab\u00ed activados ante las fuertes lluvias - Prefectura de Manab\u00ed","og_description":"Este viernes 9 de febrero, el prefecto de Manab\u00ed, Leonardo Orlando, en respuesta a las persistentes lluvias que han azotado a la provincia en las \u00faltimas horas, activ\u00f3 el COE Institucional y la sala de monitoreo de emergencia de la Prefectura, en coordinaci\u00f3n con el ECU 911, para ejecutar las acciones necesarias en las zonas [&hellip;]","og_url":"https:\/\/www.manabi.gob.ec\/index.php\/la-sala-de-monitoreo-de-emergencias-y-el-coe-institucional-de-la-prefectura-de-manabi-activados-ante-las-fuertes-lluvias\/","og_site_name":"Prefectura de Manab\u00ed","article_published_time":"2024-02-14T14:59:57+00:00","article_modified_time":"2024-02-14T15:00:04+00:00","og_image":[{"width":1024,"height":682,"url":"https:\/\/www.manabi.gob.ec\/wp-content\/uploads\/2024\/02\/WhatsApp-Image-2024-02-09-at-10.35.47.jpeg","type":"image\/jpeg"}],"author":"Lui Ochoa","twitter_card":"summary_large_image","twitter_misc":{"Escrito por":"Lui Ochoa","Tiempo de lectura":"1 minuto"},"schema":{"@context":"https:\/\/schema.org","@graph":[{"@type":"Article","@id":"https:\/\/www.manabi.gob.ec\/index.php\/la-sala-de-monitoreo-de-emergencias-y-el-coe-institucional-de-la-prefectura-de-manabi-activados-ante-las-fuertes-lluvias\/#article","isPartOf":{"@id":"https:\/\/www.manabi.gob.ec\/index.php\/la-sala-de-monitoreo-de-emergencias-y-el-coe-institucional-de-la-prefectura-de-manabi-activados-ante-las-fuertes-lluvias\/"},"author":{"name":"Lui Ochoa","@id":"https:\/\/www.manabi.gob.ec\/#\/schema\/person\/c4f117989332ad723a6ced5994aa7d7a"},"headline":"La Sala de Monitoreo de Emergencias y el COE institucional de la Prefectura de Manab\u00ed activados ante las fuertes lluvias","datePublished":"2024-02-14T14:59:57+00:00","dateModified":"2024-02-14T15:00:04+00:00","mainEntityOfPage":{"@id":"https:\/\/www.manabi.gob.ec\/index.php\/la-sala-de-monitoreo-de-emergencias-y-el-coe-institucional-de-la-prefectura-de-manabi-activados-ante-las-fuertes-lluvias\/"},"wordCount":202,"image":{"@id":"https:\/\/www.manabi.gob.ec\/index.php\/la-sala-de-monitoreo-de-emergencias-y-el-coe-institucional-de-la-prefectura-de-manabi-activados-ante-las-fuertes-lluvias\/#primaryimage"},"thumbnailUrl":"https:\/\/www.manabi.gob.ec\/wp-content\/uploads\/2024\/02\/WhatsApp-Image-2024-02-09-at-10.35.47.jpeg","articleSection":["Ambiente","Desarrollo Social","Noticias","Plan Invernal","PLAN INVERNAL","Todas"],"inLanguage":"es"},{"@type":"WebPage","@id":"https:\/\/www.manabi.gob.ec\/index.php\/la-sala-de-monitoreo-de-emergencias-y-el-coe-institucional-de-la-prefectura-de-manabi-activados-ante-las-fuertes-lluvias\/","url":"https:\/\/www.manabi.gob.ec\/index.php\/la-sala-de-monitoreo-de-emergencias-y-el-coe-institucional-de-la-prefectura-de-manabi-activados-ante-las-fuertes-lluvias\/","name":"La Sala de Monitoreo de Emergencias y el COE institucional de la Prefectura de Manab\u00ed activados ante las fuertes lluvias - Prefectura de Manab\u00ed","isPartOf":{"@id":"https:\/\/www.manabi.gob.ec\/#website"},"primaryImageOfPage":{"@id":"https:\/\/www.manabi.gob.ec\/index.php\/la-sala-de-monitoreo-de-emergencias-y-el-coe-institucional-de-la-prefectura-de-manabi-activados-ante-las-fuertes-lluvias\/#primaryimage"},"image":{"@id":"https:\/\/www.manabi.gob.ec\/index.php\/la-sala-de-monitoreo-de-emergencias-y-el-coe-institucional-de-la-prefectura-de-manabi-activados-ante-las-fuertes-lluvias\/#primaryimage"},"thumbnailUrl":"https:\/\/www.manabi.gob.ec\/wp-content\/uploads\/2024\/02\/WhatsApp-Image-2024-02-09-at-10.35.47.jpeg","datePublished":"2024-02-14T14:59:57+00:00","dateModified":"2024-02-14T15:00:04+00:00","author":{"@id":"https:\/\/www.manabi.gob.ec\/#\/schema\/person\/c4f117989332ad723a6ced5994aa7d7a"},"breadcrumb":{"@id":"https:\/\/www.manabi.gob.ec\/index.php\/la-sala-de-monitoreo-de-emergencias-y-el-coe-institucional-de-la-prefectura-de-manabi-activados-ante-las-fuertes-lluvias\/#breadcrumb"},"inLanguage":"es","potentialAction":[{"@type":"ReadAction","target":["https:\/\/www.manabi.gob.ec\/index.php\/la-sala-de-monitoreo-de-emergencias-y-el-coe-institucional-de-la-prefectura-de-manabi-activados-ante-las-fuertes-lluvias\/"]}]},{"@type":"ImageObject","inLanguage":"es","@id":"https:\/\/www.manabi.gob.ec\/index.php\/la-sala-de-monitoreo-de-emergencias-y-el-coe-institucional-de-la-prefectura-de-manabi-activados-ante-las-fuertes-lluvias\/#primaryimage","url":"https:\/\/www.manabi.gob.ec\/wp-content\/uploads\/2024\/02\/WhatsApp-Image-2024-02-09-at-10.35.47.jpeg","contentUrl":"https:\/\/www.manabi.gob.ec\/wp-content\/uploads\/2024\/02\/WhatsApp-Image-2024-02-09-at-10.35.47.jpeg","width":1024,"height":682},{"@type":"BreadcrumbList","@id":"https:\/\/www.manabi.gob.ec\/index.php\/la-sala-de-monitoreo-de-emergencias-y-el-coe-institucional-de-la-prefectura-de-manabi-activados-ante-las-fuertes-lluvias\/#breadcrumb","itemListElement":[{"@type":"ListItem","position":1,"name":"Portada","item":"https:\/\/www.manabi.gob.ec\/"},{"@type":"ListItem","position":2,"name":"La Sala de Monitoreo de Emergencias y el COE institucional de la Prefectura de Manab\u00ed activados ante las fuertes lluvias"}]},{"@type":"WebSite","@id":"https:\/\/www.manabi.gob.ec\/#website","url":"https:\/\/www.manabi.gob.ec\/","name":"Prefectura de Manab\u00ed","description":"P\u00e1gina web de la prefectura","potentialAction":[{"@type":"SearchAction","target":{"@type":"EntryPoint","urlTemplate":"https:\/\/www.manabi.gob.ec\/?s={search_term_string}"},"query-input":{"@type":"PropertyValueSpecification","valueRequired":true,"valueName":"search_term_string"}}],"inLanguage":"es"},{"@type":"Person","@id":"https:\/\/www.manabi.gob.ec\/#\/schema\/person\/c4f117989332ad723a6ced5994aa7d7a","name":"Lui Ochoa","image":{"@type":"ImageObject","inLanguage":"es","@id":"https:\/\/secure.gravatar.com\/avatar\/6e8017d0fe69dead8a95864d2eb6e1e1d8bf8e01194ba49cf7b897ff038126ba?s=96&d=mm&r=g","url":"https:\/\/secure.gravatar.com\/avatar\/6e8017d0fe69dead8a95864d2eb6e1e1d8bf8e01194ba49cf7b897ff038126ba?s=96&d=mm&r=g","contentUrl":"https:\/\/secure.gravatar.com\/avatar\/6e8017d0fe69dead8a95864d2eb6e1e1d8bf8e01194ba49cf7b897ff038126ba?s=96&d=mm&r=g","caption":"Lui Ochoa"},"url":"https:\/\/www.manabi.gob.ec\/index.php\/author\/lochoa\/"}]}},"jetpack_featured_media_url":"https:\/\/www.manabi.gob.ec\/wp-content\/uploads\/2024\/02\/WhatsApp-Image-2024-02-09-at-10.35.47.jpeg","_links":{"self":[{"href":"https:\/\/www.manabi.gob.ec\/index.php\/wp-json\/wp\/v2\/posts\/27208","targetHints":{"allow":["GET"]}}],"collection":[{"href":"https:\/\/www.manabi.gob.ec\/index.php\/wp-json\/wp\/v2\/posts"}],"about":[{"href":"https:\/\/www.manabi.gob.ec\/index.php\/wp-json\/wp\/v2\/types\/post"}],"author":[{"embeddable":true,"href":"https:\/\/www.manabi.gob.ec\/index.php\/wp-json\/wp\/v2\/users\/10"}],"replies":[{"embeddable":true,"href":"https:\/\/www.manabi.gob.ec\/index.php\/wp-json\/wp\/v2\/comments?post=27208"}],"version-history":[{"count":1,"href":"https:\/\/www.manabi.gob.ec\/index.php\/wp-json\/wp\/v2\/posts\/27208\/revisions"}],"predecessor-version":[{"id":27210,"href":"https:\/\/www.manabi.gob.ec\/index.php\/wp-json\/wp\/v2\/posts\/27208\/revisions\/27210"}],"wp:featuredmedia":[{"embeddable":true,"href":"https:\/\/www.manabi.gob.ec\/index.php\/wp-json\/wp\/v2\/media\/27209"}],"wp:attachment":[{"href":"https:\/\/www.manabi.gob.ec\/index.php\/wp-json\/wp\/v2\/media?parent=27208"}],"wp:term":[{"taxonomy":"category","embeddable":true,"href":"https:\/\/www.manabi.gob.ec\/index.php\/wp-json\/wp\/v2\/categories?post=27208"},{"taxonomy":"post_tag","embeddable":true,"href":"https:\/\/www.manabi.gob.ec\/index.php\/wp-json\/wp\/v2\/tags?post=27208"}],"curies":[{"name":"wp","href":"https:\/\/api.w.org\/{rel}","templated":true}]}}