{"id":27662,"date":"2024-04-25T20:36:55","date_gmt":"2024-04-25T20:36:55","guid":{"rendered":"https:\/\/www.manabi.gob.ec\/?p=27662"},"modified":"2024-04-25T20:37:01","modified_gmt":"2024-04-25T20:37:01","slug":"continuan-los-trabajos-emergentes-en-la-via-san-placido-pichincha","status":"publish","type":"post","link":"https:\/\/www.manabi.gob.ec\/index.php\/continuan-los-trabajos-emergentes-en-la-via-san-placido-pichincha\/","title":{"rendered":"Contin\u00faan los trabajos emergentes en la v\u00eda San Pl\u00e1cido-Pichincha"},"content":{"rendered":"\n<p>Los trabajos en la v\u00eda San Pl\u00e1cido &#8211; Pichincha contin\u00faan por administraci\u00f3n directa con un equipo de la Prefectura de Manab\u00ed, a trav\u00e9s de una acci\u00f3n coordinada con el Ministerio de Transporte y Obras P\u00fablicas (MTOP).<\/p>\n\n\n\n<p>Se trata de labores de reconformaci\u00f3n en tramos puntuales de la v\u00eda E30, este jueves 18 de abril se logr\u00f3 ejecutar trabajos desde el km 87 hasta el 90. El objetivo es mejorar las condiciones para el tr\u00e1nsito vehicular.<\/p>\n\n\n\n<p>Para estas tareas se cuenta con una motoniveladora, tanquero y un rodillo de propiedad de la Prefectura.<\/p>\n","protected":false},"excerpt":{"rendered":"<p>Los trabajos en la v\u00eda San Pl\u00e1cido &#8211; Pichincha contin\u00faan por administraci\u00f3n directa con un equipo de la Prefectura de Manab\u00ed, a trav\u00e9s de una acci\u00f3n coordinada con el Ministerio de Transporte y Obras P\u00fablicas (MTOP). Se trata de labores de reconformaci\u00f3n en tramos puntuales de la v\u00eda E30, este jueves 18 de abril se [&hellip;]<\/p>\n","protected":false},"author":10,"featured_media":27663,"comment_status":"closed","ping_status":"closed","sticky":false,"template":"","format":"standard","meta":{"_joinchat":[],"footnotes":""},"categories":[150,142,170,92,181,89],"tags":[],"class_list":["post-27662","post","type-post","status-publish","format-standard","has-post-thumbnail","hentry","category-ambiente","category-desarrollo-social","category-manabi-vial","category-noticias-manabi","category-obra-publica","category-riego-drenaje"],"yoast_head":"<!-- This site is optimized with the Yoast SEO plugin v27.4 - https:\/\/yoast.com\/product\/yoast-seo-wordpress\/ -->\n<title>Contin\u00faan los trabajos emergentes en la v\u00eda San Pl\u00e1cido-Pichincha - Prefectura de Manab\u00ed<\/title>\n<meta name=\"robots\" content=\"index, follow, max-snippet:-1, max-image-preview:large, max-video-preview:-1\" \/>\n<link rel=\"canonical\" href=\"https:\/\/www.manabi.gob.ec\/index.php\/continuan-los-trabajos-emergentes-en-la-via-san-placido-pichincha\/\" \/>\n<meta property=\"og:locale\" content=\"es_ES\" \/>\n<meta property=\"og:type\" content=\"article\" \/>\n<meta property=\"og:title\" content=\"Contin\u00faan los trabajos emergentes en la v\u00eda San Pl\u00e1cido-Pichincha - Prefectura de Manab\u00ed\" \/>\n<meta property=\"og:description\" content=\"Los trabajos en la v\u00eda San Pl\u00e1cido &#8211; Pichincha contin\u00faan por administraci\u00f3n directa con un equipo de la Prefectura de Manab\u00ed, a trav\u00e9s de una acci\u00f3n coordinada con el Ministerio de Transporte y Obras P\u00fablicas (MTOP). Se trata de labores de reconformaci\u00f3n en tramos puntuales de la v\u00eda E30, este jueves 18 de abril se [&hellip;]\" \/>\n<meta property=\"og:url\" content=\"https:\/\/www.manabi.gob.ec\/index.php\/continuan-los-trabajos-emergentes-en-la-via-san-placido-pichincha\/\" \/>\n<meta property=\"og:site_name\" content=\"Prefectura de Manab\u00ed\" \/>\n<meta property=\"article:published_time\" content=\"2024-04-25T20:36:55+00:00\" \/>\n<meta property=\"article:modified_time\" content=\"2024-04-25T20:37:01+00:00\" \/>\n<meta property=\"og:image\" content=\"https:\/\/www.manabi.gob.ec\/wp-content\/uploads\/2024\/04\/WhatsApp-Image-2024-04-18-at-1.07.24-PM.jpeg\" \/>\n\t<meta property=\"og:image:width\" content=\"1600\" \/>\n\t<meta property=\"og:image:height\" content=\"1200\" \/>\n\t<meta property=\"og:image:type\" content=\"image\/jpeg\" \/>\n<meta name=\"author\" content=\"Lui Ochoa\" \/>\n<meta name=\"twitter:card\" content=\"summary_large_image\" \/>\n<meta name=\"twitter:label1\" content=\"Escrito por\" \/>\n\t<meta name=\"twitter:data1\" content=\"Lui Ochoa\" \/>\n\t<meta name=\"twitter:label2\" content=\"Tiempo de lectura\" \/>\n\t<meta name=\"twitter:data2\" content=\"1 minuto\" \/>\n<script type=\"application\/ld+json\" class=\"yoast-schema-graph\">{\"@context\":\"https:\\\/\\\/schema.org\",\"@graph\":[{\"@type\":\"Article\",\"@id\":\"https:\\\/\\\/www.manabi.gob.ec\\\/index.php\\\/continuan-los-trabajos-emergentes-en-la-via-san-placido-pichincha\\\/#article\",\"isPartOf\":{\"@id\":\"https:\\\/\\\/www.manabi.gob.ec\\\/index.php\\\/continuan-los-trabajos-emergentes-en-la-via-san-placido-pichincha\\\/\"},\"author\":{\"name\":\"Lui Ochoa\",\"@id\":\"https:\\\/\\\/www.manabi.gob.ec\\\/#\\\/schema\\\/person\\\/c4f117989332ad723a6ced5994aa7d7a\"},\"headline\":\"Contin\u00faan los trabajos emergentes en la v\u00eda San Pl\u00e1cido-Pichincha\",\"datePublished\":\"2024-04-25T20:36:55+00:00\",\"dateModified\":\"2024-04-25T20:37:01+00:00\",\"mainEntityOfPage\":{\"@id\":\"https:\\\/\\\/www.manabi.gob.ec\\\/index.php\\\/continuan-los-trabajos-emergentes-en-la-via-san-placido-pichincha\\\/\"},\"wordCount\":111,\"image\":{\"@id\":\"https:\\\/\\\/www.manabi.gob.ec\\\/index.php\\\/continuan-los-trabajos-emergentes-en-la-via-san-placido-pichincha\\\/#primaryimage\"},\"thumbnailUrl\":\"https:\\\/\\\/www.manabi.gob.ec\\\/wp-content\\\/uploads\\\/2024\\\/04\\\/WhatsApp-Image-2024-04-18-at-1.07.24-PM.jpeg\",\"articleSection\":[\"Ambiente\",\"Desarrollo Social\",\"Manab\u00ed Vial\",\"Noticias\",\"Obra P\u00fablica\",\"Riego y drenaje\"],\"inLanguage\":\"es\"},{\"@type\":\"WebPage\",\"@id\":\"https:\\\/\\\/www.manabi.gob.ec\\\/index.php\\\/continuan-los-trabajos-emergentes-en-la-via-san-placido-pichincha\\\/\",\"url\":\"https:\\\/\\\/www.manabi.gob.ec\\\/index.php\\\/continuan-los-trabajos-emergentes-en-la-via-san-placido-pichincha\\\/\",\"name\":\"Contin\u00faan los trabajos emergentes en la v\u00eda San Pl\u00e1cido-Pichincha - Prefectura de Manab\u00ed\",\"isPartOf\":{\"@id\":\"https:\\\/\\\/www.manabi.gob.ec\\\/#website\"},\"primaryImageOfPage\":{\"@id\":\"https:\\\/\\\/www.manabi.gob.ec\\\/index.php\\\/continuan-los-trabajos-emergentes-en-la-via-san-placido-pichincha\\\/#primaryimage\"},\"image\":{\"@id\":\"https:\\\/\\\/www.manabi.gob.ec\\\/index.php\\\/continuan-los-trabajos-emergentes-en-la-via-san-placido-pichincha\\\/#primaryimage\"},\"thumbnailUrl\":\"https:\\\/\\\/www.manabi.gob.ec\\\/wp-content\\\/uploads\\\/2024\\\/04\\\/WhatsApp-Image-2024-04-18-at-1.07.24-PM.jpeg\",\"datePublished\":\"2024-04-25T20:36:55+00:00\",\"dateModified\":\"2024-04-25T20:37:01+00:00\",\"author\":{\"@id\":\"https:\\\/\\\/www.manabi.gob.ec\\\/#\\\/schema\\\/person\\\/c4f117989332ad723a6ced5994aa7d7a\"},\"breadcrumb\":{\"@id\":\"https:\\\/\\\/www.manabi.gob.ec\\\/index.php\\\/continuan-los-trabajos-emergentes-en-la-via-san-placido-pichincha\\\/#breadcrumb\"},\"inLanguage\":\"es\",\"potentialAction\":[{\"@type\":\"ReadAction\",\"target\":[\"https:\\\/\\\/www.manabi.gob.ec\\\/index.php\\\/continuan-los-trabajos-emergentes-en-la-via-san-placido-pichincha\\\/\"]}]},{\"@type\":\"ImageObject\",\"inLanguage\":\"es\",\"@id\":\"https:\\\/\\\/www.manabi.gob.ec\\\/index.php\\\/continuan-los-trabajos-emergentes-en-la-via-san-placido-pichincha\\\/#primaryimage\",\"url\":\"https:\\\/\\\/www.manabi.gob.ec\\\/wp-content\\\/uploads\\\/2024\\\/04\\\/WhatsApp-Image-2024-04-18-at-1.07.24-PM.jpeg\",\"contentUrl\":\"https:\\\/\\\/www.manabi.gob.ec\\\/wp-content\\\/uploads\\\/2024\\\/04\\\/WhatsApp-Image-2024-04-18-at-1.07.24-PM.jpeg\",\"width\":1600,\"height\":1200},{\"@type\":\"BreadcrumbList\",\"@id\":\"https:\\\/\\\/www.manabi.gob.ec\\\/index.php\\\/continuan-los-trabajos-emergentes-en-la-via-san-placido-pichincha\\\/#breadcrumb\",\"itemListElement\":[{\"@type\":\"ListItem\",\"position\":1,\"name\":\"Portada\",\"item\":\"https:\\\/\\\/www.manabi.gob.ec\\\/\"},{\"@type\":\"ListItem\",\"position\":2,\"name\":\"Contin\u00faan los trabajos emergentes en la v\u00eda San Pl\u00e1cido-Pichincha\"}]},{\"@type\":\"WebSite\",\"@id\":\"https:\\\/\\\/www.manabi.gob.ec\\\/#website\",\"url\":\"https:\\\/\\\/www.manabi.gob.ec\\\/\",\"name\":\"Prefectura de Manab\u00ed\",\"description\":\"P\u00e1gina web de la prefectura\",\"potentialAction\":[{\"@type\":\"SearchAction\",\"target\":{\"@type\":\"EntryPoint\",\"urlTemplate\":\"https:\\\/\\\/www.manabi.gob.ec\\\/?s={search_term_string}\"},\"query-input\":{\"@type\":\"PropertyValueSpecification\",\"valueRequired\":true,\"valueName\":\"search_term_string\"}}],\"inLanguage\":\"es\"},{\"@type\":\"Person\",\"@id\":\"https:\\\/\\\/www.manabi.gob.ec\\\/#\\\/schema\\\/person\\\/c4f117989332ad723a6ced5994aa7d7a\",\"name\":\"Lui Ochoa\",\"image\":{\"@type\":\"ImageObject\",\"inLanguage\":\"es\",\"@id\":\"https:\\\/\\\/secure.gravatar.com\\\/avatar\\\/6e8017d0fe69dead8a95864d2eb6e1e1d8bf8e01194ba49cf7b897ff038126ba?s=96&d=mm&r=g\",\"url\":\"https:\\\/\\\/secure.gravatar.com\\\/avatar\\\/6e8017d0fe69dead8a95864d2eb6e1e1d8bf8e01194ba49cf7b897ff038126ba?s=96&d=mm&r=g\",\"contentUrl\":\"https:\\\/\\\/secure.gravatar.com\\\/avatar\\\/6e8017d0fe69dead8a95864d2eb6e1e1d8bf8e01194ba49cf7b897ff038126ba?s=96&d=mm&r=g\",\"caption\":\"Lui Ochoa\"},\"url\":\"https:\\\/\\\/www.manabi.gob.ec\\\/index.php\\\/author\\\/lochoa\\\/\"}]}<\/script>\n<!-- \/ Yoast SEO plugin. -->","yoast_head_json":{"title":"Contin\u00faan los trabajos emergentes en la v\u00eda San Pl\u00e1cido-Pichincha - Prefectura de Manab\u00ed","robots":{"index":"index","follow":"follow","max-snippet":"max-snippet:-1","max-image-preview":"max-image-preview:large","max-video-preview":"max-video-preview:-1"},"canonical":"https:\/\/www.manabi.gob.ec\/index.php\/continuan-los-trabajos-emergentes-en-la-via-san-placido-pichincha\/","og_locale":"es_ES","og_type":"article","og_title":"Contin\u00faan los trabajos emergentes en la v\u00eda San Pl\u00e1cido-Pichincha - Prefectura de Manab\u00ed","og_description":"Los trabajos en la v\u00eda San Pl\u00e1cido &#8211; Pichincha contin\u00faan por administraci\u00f3n directa con un equipo de la Prefectura de Manab\u00ed, a trav\u00e9s de una acci\u00f3n coordinada con el Ministerio de Transporte y Obras P\u00fablicas (MTOP). Se trata de labores de reconformaci\u00f3n en tramos puntuales de la v\u00eda E30, este jueves 18 de abril se [&hellip;]","og_url":"https:\/\/www.manabi.gob.ec\/index.php\/continuan-los-trabajos-emergentes-en-la-via-san-placido-pichincha\/","og_site_name":"Prefectura de Manab\u00ed","article_published_time":"2024-04-25T20:36:55+00:00","article_modified_time":"2024-04-25T20:37:01+00:00","og_image":[{"width":1600,"height":1200,"url":"https:\/\/www.manabi.gob.ec\/wp-content\/uploads\/2024\/04\/WhatsApp-Image-2024-04-18-at-1.07.24-PM.jpeg","type":"image\/jpeg"}],"author":"Lui Ochoa","twitter_card":"summary_large_image","twitter_misc":{"Escrito por":"Lui Ochoa","Tiempo de lectura":"1 minuto"},"schema":{"@context":"https:\/\/schema.org","@graph":[{"@type":"Article","@id":"https:\/\/www.manabi.gob.ec\/index.php\/continuan-los-trabajos-emergentes-en-la-via-san-placido-pichincha\/#article","isPartOf":{"@id":"https:\/\/www.manabi.gob.ec\/index.php\/continuan-los-trabajos-emergentes-en-la-via-san-placido-pichincha\/"},"author":{"name":"Lui Ochoa","@id":"https:\/\/www.manabi.gob.ec\/#\/schema\/person\/c4f117989332ad723a6ced5994aa7d7a"},"headline":"Contin\u00faan los trabajos emergentes en la v\u00eda San Pl\u00e1cido-Pichincha","datePublished":"2024-04-25T20:36:55+00:00","dateModified":"2024-04-25T20:37:01+00:00","mainEntityOfPage":{"@id":"https:\/\/www.manabi.gob.ec\/index.php\/continuan-los-trabajos-emergentes-en-la-via-san-placido-pichincha\/"},"wordCount":111,"image":{"@id":"https:\/\/www.manabi.gob.ec\/index.php\/continuan-los-trabajos-emergentes-en-la-via-san-placido-pichincha\/#primaryimage"},"thumbnailUrl":"https:\/\/www.manabi.gob.ec\/wp-content\/uploads\/2024\/04\/WhatsApp-Image-2024-04-18-at-1.07.24-PM.jpeg","articleSection":["Ambiente","Desarrollo Social","Manab\u00ed Vial","Noticias","Obra P\u00fablica","Riego y drenaje"],"inLanguage":"es"},{"@type":"WebPage","@id":"https:\/\/www.manabi.gob.ec\/index.php\/continuan-los-trabajos-emergentes-en-la-via-san-placido-pichincha\/","url":"https:\/\/www.manabi.gob.ec\/index.php\/continuan-los-trabajos-emergentes-en-la-via-san-placido-pichincha\/","name":"Contin\u00faan los trabajos emergentes en la v\u00eda San Pl\u00e1cido-Pichincha - Prefectura de Manab\u00ed","isPartOf":{"@id":"https:\/\/www.manabi.gob.ec\/#website"},"primaryImageOfPage":{"@id":"https:\/\/www.manabi.gob.ec\/index.php\/continuan-los-trabajos-emergentes-en-la-via-san-placido-pichincha\/#primaryimage"},"image":{"@id":"https:\/\/www.manabi.gob.ec\/index.php\/continuan-los-trabajos-emergentes-en-la-via-san-placido-pichincha\/#primaryimage"},"thumbnailUrl":"https:\/\/www.manabi.gob.ec\/wp-content\/uploads\/2024\/04\/WhatsApp-Image-2024-04-18-at-1.07.24-PM.jpeg","datePublished":"2024-04-25T20:36:55+00:00","dateModified":"2024-04-25T20:37:01+00:00","author":{"@id":"https:\/\/www.manabi.gob.ec\/#\/schema\/person\/c4f117989332ad723a6ced5994aa7d7a"},"breadcrumb":{"@id":"https:\/\/www.manabi.gob.ec\/index.php\/continuan-los-trabajos-emergentes-en-la-via-san-placido-pichincha\/#breadcrumb"},"inLanguage":"es","potentialAction":[{"@type":"ReadAction","target":["https:\/\/www.manabi.gob.ec\/index.php\/continuan-los-trabajos-emergentes-en-la-via-san-placido-pichincha\/"]}]},{"@type":"ImageObject","inLanguage":"es","@id":"https:\/\/www.manabi.gob.ec\/index.php\/continuan-los-trabajos-emergentes-en-la-via-san-placido-pichincha\/#primaryimage","url":"https:\/\/www.manabi.gob.ec\/wp-content\/uploads\/2024\/04\/WhatsApp-Image-2024-04-18-at-1.07.24-PM.jpeg","contentUrl":"https:\/\/www.manabi.gob.ec\/wp-content\/uploads\/2024\/04\/WhatsApp-Image-2024-04-18-at-1.07.24-PM.jpeg","width":1600,"height":1200},{"@type":"BreadcrumbList","@id":"https:\/\/www.manabi.gob.ec\/index.php\/continuan-los-trabajos-emergentes-en-la-via-san-placido-pichincha\/#breadcrumb","itemListElement":[{"@type":"ListItem","position":1,"name":"Portada","item":"https:\/\/www.manabi.gob.ec\/"},{"@type":"ListItem","position":2,"name":"Contin\u00faan los trabajos emergentes en la v\u00eda San Pl\u00e1cido-Pichincha"}]},{"@type":"WebSite","@id":"https:\/\/www.manabi.gob.ec\/#website","url":"https:\/\/www.manabi.gob.ec\/","name":"Prefectura de Manab\u00ed","description":"P\u00e1gina web de la prefectura","potentialAction":[{"@type":"SearchAction","target":{"@type":"EntryPoint","urlTemplate":"https:\/\/www.manabi.gob.ec\/?s={search_term_string}"},"query-input":{"@type":"PropertyValueSpecification","valueRequired":true,"valueName":"search_term_string"}}],"inLanguage":"es"},{"@type":"Person","@id":"https:\/\/www.manabi.gob.ec\/#\/schema\/person\/c4f117989332ad723a6ced5994aa7d7a","name":"Lui Ochoa","image":{"@type":"ImageObject","inLanguage":"es","@id":"https:\/\/secure.gravatar.com\/avatar\/6e8017d0fe69dead8a95864d2eb6e1e1d8bf8e01194ba49cf7b897ff038126ba?s=96&d=mm&r=g","url":"https:\/\/secure.gravatar.com\/avatar\/6e8017d0fe69dead8a95864d2eb6e1e1d8bf8e01194ba49cf7b897ff038126ba?s=96&d=mm&r=g","contentUrl":"https:\/\/secure.gravatar.com\/avatar\/6e8017d0fe69dead8a95864d2eb6e1e1d8bf8e01194ba49cf7b897ff038126ba?s=96&d=mm&r=g","caption":"Lui Ochoa"},"url":"https:\/\/www.manabi.gob.ec\/index.php\/author\/lochoa\/"}]}},"jetpack_featured_media_url":"https:\/\/www.manabi.gob.ec\/wp-content\/uploads\/2024\/04\/WhatsApp-Image-2024-04-18-at-1.07.24-PM.jpeg","_links":{"self":[{"href":"https:\/\/www.manabi.gob.ec\/index.php\/wp-json\/wp\/v2\/posts\/27662","targetHints":{"allow":["GET"]}}],"collection":[{"href":"https:\/\/www.manabi.gob.ec\/index.php\/wp-json\/wp\/v2\/posts"}],"about":[{"href":"https:\/\/www.manabi.gob.ec\/index.php\/wp-json\/wp\/v2\/types\/post"}],"author":[{"embeddable":true,"href":"https:\/\/www.manabi.gob.ec\/index.php\/wp-json\/wp\/v2\/users\/10"}],"replies":[{"embeddable":true,"href":"https:\/\/www.manabi.gob.ec\/index.php\/wp-json\/wp\/v2\/comments?post=27662"}],"version-history":[{"count":1,"href":"https:\/\/www.manabi.gob.ec\/index.php\/wp-json\/wp\/v2\/posts\/27662\/revisions"}],"predecessor-version":[{"id":27664,"href":"https:\/\/www.manabi.gob.ec\/index.php\/wp-json\/wp\/v2\/posts\/27662\/revisions\/27664"}],"wp:featuredmedia":[{"embeddable":true,"href":"https:\/\/www.manabi.gob.ec\/index.php\/wp-json\/wp\/v2\/media\/27663"}],"wp:attachment":[{"href":"https:\/\/www.manabi.gob.ec\/index.php\/wp-json\/wp\/v2\/media?parent=27662"}],"wp:term":[{"taxonomy":"category","embeddable":true,"href":"https:\/\/www.manabi.gob.ec\/index.php\/wp-json\/wp\/v2\/categories?post=27662"},{"taxonomy":"post_tag","embeddable":true,"href":"https:\/\/www.manabi.gob.ec\/index.php\/wp-json\/wp\/v2\/tags?post=27662"}],"curies":[{"name":"wp","href":"https:\/\/api.w.org\/{rel}","templated":true}]}}