{"id":27669,"date":"2024-04-25T20:44:58","date_gmt":"2024-04-25T20:44:58","guid":{"rendered":"https:\/\/www.manabi.gob.ec\/?p=27669"},"modified":"2024-04-25T20:45:32","modified_gmt":"2024-04-25T20:45:32","slug":"prefectura-apoya-a-rescatistas-de-salvavidas-pedernales","status":"publish","type":"post","link":"https:\/\/www.manabi.gob.ec\/index.php\/prefectura-apoya-a-rescatistas-de-salvavidas-pedernales\/","title":{"rendered":"Prefectura apoya a rescatistas de \u00abSalvavidas Pedernales\u201d"},"content":{"rendered":"\n<p>La Prefectura de Manab\u00ed, a trav\u00e9s de Direcci\u00f3n de Turismo, entreg\u00f3 camisetas a los 50 miembros de la agrupaci\u00f3n \u00abSalvavidas Pedernales\u00bb quienes de forma voluntaria hacen labores de rescatistas en esa playa manabita.<\/p>\n\n\n\n<p>La agrupaci\u00f3n lleva desde 2014 trabajando en la prevenci\u00f3n y rescate de vidas en las playas de Pedernales, y desde ese tiempo no existen registro de ahogados en esta zona. \u00abPor eso Pedernales se la ha catalogado como la playa m\u00e1s segura de Manab\u00ed y el pa\u00eds\u201d, dijo Luis Zambrano, representante de este grupo voluntario.<\/p>\n\n\n\n<p>La actividad que desarrolla este grupo en Pedernales se publica en la p\u00e1gina oficial de la agrupaci\u00f3n, la que fue vista por la empresa espa\u00f1ola MARSAVE que les ha invitado a un curso de profesionalizaci\u00f3n a su pa\u00eds, por un tiempo de 6 meses.<\/p>\n\n\n\n<p>Representantes de la empresa espa\u00f1ola estuvieron en Pedernales, valorando el trabajo de este grupo, que cumplen una labor social y de ayuda a visitantes de las playas con una f\u00e9rrea voluntad, a pesar de no contar con los equipos necesarios para su trabajo. Fue esto lo que m\u00e1s les motiv\u00f3 a la empresa espa\u00f1ola a profesionalizar a este grupo.<\/p>\n\n\n\n<p>Se capacitar\u00e1n en Espa\u00f1a<\/p>\n\n\n\n<p>Son 23 de de este grupo de rescatistas que viajar\u00e1n a Mayorca- Espa\u00f1a, este 22 de abril, para participar en la capacitaci\u00f3n de rescate. La empresa espa\u00f1ola les cubre boletos de retorno adem\u00e1s de lo que representa la capacitaci\u00f3n, el boleto de ida y otros gastos se los cubren personas fil\u00e1ntropas del pa\u00eds.<\/p>\n\n\n\n<p>Luis Zambrano, representante de \u00abSalvavidadas Pedernales\u00bb, agradeci\u00f3 al Prefecto por apoyarlos con las camisetas de la agrupaci\u00f3n, que ser\u00e1n de identidad una vez que est\u00e9n en Espa\u00f1a.<\/p>\n","protected":false},"excerpt":{"rendered":"<p>La Prefectura de Manab\u00ed, a trav\u00e9s de Direcci\u00f3n de Turismo, entreg\u00f3 camisetas a los 50 miembros de la agrupaci\u00f3n \u00abSalvavidas Pedernales\u00bb quienes de forma voluntaria hacen labores de rescatistas en esa playa manabita. La agrupaci\u00f3n lleva desde 2014 trabajando en la prevenci\u00f3n y rescate de vidas en las playas de Pedernales, y desde ese tiempo [&hellip;]<\/p>\n","protected":false},"author":10,"featured_media":27670,"comment_status":"closed","ping_status":"closed","sticky":false,"template":"","format":"standard","meta":{"_joinchat":[],"footnotes":""},"categories":[150,343,142,92,137,91,81],"tags":[],"class_list":["post-27669","post","type-post","status-publish","format-standard","has-post-thumbnail","hentry","category-ambiente","category-bicentenario","category-desarrollo-social","category-noticias-manabi","category-pedernales","category-todas","category-turismo"],"yoast_head":"<!-- This site is optimized with the Yoast SEO plugin v27.4 - https:\/\/yoast.com\/product\/yoast-seo-wordpress\/ -->\n<title>Prefectura apoya a rescatistas de &quot;Salvavidas Pedernales\u201d - Prefectura de Manab\u00ed<\/title>\n<meta name=\"robots\" content=\"index, follow, max-snippet:-1, max-image-preview:large, max-video-preview:-1\" \/>\n<link rel=\"canonical\" href=\"https:\/\/www.manabi.gob.ec\/index.php\/prefectura-apoya-a-rescatistas-de-salvavidas-pedernales\/\" \/>\n<meta property=\"og:locale\" content=\"es_ES\" \/>\n<meta property=\"og:type\" content=\"article\" \/>\n<meta property=\"og:title\" content=\"Prefectura apoya a rescatistas de &quot;Salvavidas Pedernales\u201d - Prefectura de Manab\u00ed\" \/>\n<meta property=\"og:description\" content=\"La Prefectura de Manab\u00ed, a trav\u00e9s de Direcci\u00f3n de Turismo, entreg\u00f3 camisetas a los 50 miembros de la agrupaci\u00f3n \u00abSalvavidas Pedernales\u00bb quienes de forma voluntaria hacen labores de rescatistas en esa playa manabita. La agrupaci\u00f3n lleva desde 2014 trabajando en la prevenci\u00f3n y rescate de vidas en las playas de Pedernales, y desde ese tiempo [&hellip;]\" \/>\n<meta property=\"og:url\" content=\"https:\/\/www.manabi.gob.ec\/index.php\/prefectura-apoya-a-rescatistas-de-salvavidas-pedernales\/\" \/>\n<meta property=\"og:site_name\" content=\"Prefectura de Manab\u00ed\" \/>\n<meta property=\"article:published_time\" content=\"2024-04-25T20:44:58+00:00\" \/>\n<meta property=\"article:modified_time\" content=\"2024-04-25T20:45:32+00:00\" \/>\n<meta property=\"og:image\" content=\"https:\/\/www.manabi.gob.ec\/wp-content\/uploads\/2024\/04\/WhatsApp-Image-2024-04-19-at-12.42.35-PM.jpeg\" \/>\n\t<meta property=\"og:image:width\" content=\"1280\" \/>\n\t<meta property=\"og:image:height\" content=\"960\" \/>\n\t<meta property=\"og:image:type\" content=\"image\/jpeg\" \/>\n<meta name=\"author\" content=\"Lui Ochoa\" \/>\n<meta name=\"twitter:card\" content=\"summary_large_image\" \/>\n<meta name=\"twitter:label1\" content=\"Escrito por\" \/>\n\t<meta name=\"twitter:data1\" content=\"Lui Ochoa\" \/>\n\t<meta name=\"twitter:label2\" content=\"Tiempo de lectura\" \/>\n\t<meta name=\"twitter:data2\" content=\"2 minutos\" \/>\n<script type=\"application\/ld+json\" class=\"yoast-schema-graph\">{\"@context\":\"https:\\\/\\\/schema.org\",\"@graph\":[{\"@type\":\"Article\",\"@id\":\"https:\\\/\\\/www.manabi.gob.ec\\\/index.php\\\/prefectura-apoya-a-rescatistas-de-salvavidas-pedernales\\\/#article\",\"isPartOf\":{\"@id\":\"https:\\\/\\\/www.manabi.gob.ec\\\/index.php\\\/prefectura-apoya-a-rescatistas-de-salvavidas-pedernales\\\/\"},\"author\":{\"name\":\"Lui Ochoa\",\"@id\":\"https:\\\/\\\/www.manabi.gob.ec\\\/#\\\/schema\\\/person\\\/c4f117989332ad723a6ced5994aa7d7a\"},\"headline\":\"Prefectura apoya a rescatistas de \u00abSalvavidas Pedernales\u201d\",\"datePublished\":\"2024-04-25T20:44:58+00:00\",\"dateModified\":\"2024-04-25T20:45:32+00:00\",\"mainEntityOfPage\":{\"@id\":\"https:\\\/\\\/www.manabi.gob.ec\\\/index.php\\\/prefectura-apoya-a-rescatistas-de-salvavidas-pedernales\\\/\"},\"wordCount\":307,\"image\":{\"@id\":\"https:\\\/\\\/www.manabi.gob.ec\\\/index.php\\\/prefectura-apoya-a-rescatistas-de-salvavidas-pedernales\\\/#primaryimage\"},\"thumbnailUrl\":\"https:\\\/\\\/www.manabi.gob.ec\\\/wp-content\\\/uploads\\\/2024\\\/04\\\/WhatsApp-Image-2024-04-19-at-12.42.35-PM.jpeg\",\"articleSection\":[\"Ambiente\",\"bicentenario\",\"Desarrollo Social\",\"Noticias\",\"Pedernales\",\"Todas\",\"Turismo\"],\"inLanguage\":\"es\"},{\"@type\":\"WebPage\",\"@id\":\"https:\\\/\\\/www.manabi.gob.ec\\\/index.php\\\/prefectura-apoya-a-rescatistas-de-salvavidas-pedernales\\\/\",\"url\":\"https:\\\/\\\/www.manabi.gob.ec\\\/index.php\\\/prefectura-apoya-a-rescatistas-de-salvavidas-pedernales\\\/\",\"name\":\"Prefectura apoya a rescatistas de \\\"Salvavidas Pedernales\u201d - Prefectura de Manab\u00ed\",\"isPartOf\":{\"@id\":\"https:\\\/\\\/www.manabi.gob.ec\\\/#website\"},\"primaryImageOfPage\":{\"@id\":\"https:\\\/\\\/www.manabi.gob.ec\\\/index.php\\\/prefectura-apoya-a-rescatistas-de-salvavidas-pedernales\\\/#primaryimage\"},\"image\":{\"@id\":\"https:\\\/\\\/www.manabi.gob.ec\\\/index.php\\\/prefectura-apoya-a-rescatistas-de-salvavidas-pedernales\\\/#primaryimage\"},\"thumbnailUrl\":\"https:\\\/\\\/www.manabi.gob.ec\\\/wp-content\\\/uploads\\\/2024\\\/04\\\/WhatsApp-Image-2024-04-19-at-12.42.35-PM.jpeg\",\"datePublished\":\"2024-04-25T20:44:58+00:00\",\"dateModified\":\"2024-04-25T20:45:32+00:00\",\"author\":{\"@id\":\"https:\\\/\\\/www.manabi.gob.ec\\\/#\\\/schema\\\/person\\\/c4f117989332ad723a6ced5994aa7d7a\"},\"breadcrumb\":{\"@id\":\"https:\\\/\\\/www.manabi.gob.ec\\\/index.php\\\/prefectura-apoya-a-rescatistas-de-salvavidas-pedernales\\\/#breadcrumb\"},\"inLanguage\":\"es\",\"potentialAction\":[{\"@type\":\"ReadAction\",\"target\":[\"https:\\\/\\\/www.manabi.gob.ec\\\/index.php\\\/prefectura-apoya-a-rescatistas-de-salvavidas-pedernales\\\/\"]}]},{\"@type\":\"ImageObject\",\"inLanguage\":\"es\",\"@id\":\"https:\\\/\\\/www.manabi.gob.ec\\\/index.php\\\/prefectura-apoya-a-rescatistas-de-salvavidas-pedernales\\\/#primaryimage\",\"url\":\"https:\\\/\\\/www.manabi.gob.ec\\\/wp-content\\\/uploads\\\/2024\\\/04\\\/WhatsApp-Image-2024-04-19-at-12.42.35-PM.jpeg\",\"contentUrl\":\"https:\\\/\\\/www.manabi.gob.ec\\\/wp-content\\\/uploads\\\/2024\\\/04\\\/WhatsApp-Image-2024-04-19-at-12.42.35-PM.jpeg\",\"width\":1280,\"height\":960},{\"@type\":\"BreadcrumbList\",\"@id\":\"https:\\\/\\\/www.manabi.gob.ec\\\/index.php\\\/prefectura-apoya-a-rescatistas-de-salvavidas-pedernales\\\/#breadcrumb\",\"itemListElement\":[{\"@type\":\"ListItem\",\"position\":1,\"name\":\"Portada\",\"item\":\"https:\\\/\\\/www.manabi.gob.ec\\\/\"},{\"@type\":\"ListItem\",\"position\":2,\"name\":\"Prefectura apoya a rescatistas de \u00abSalvavidas Pedernales\u201d\"}]},{\"@type\":\"WebSite\",\"@id\":\"https:\\\/\\\/www.manabi.gob.ec\\\/#website\",\"url\":\"https:\\\/\\\/www.manabi.gob.ec\\\/\",\"name\":\"Prefectura de Manab\u00ed\",\"description\":\"P\u00e1gina web de la prefectura\",\"potentialAction\":[{\"@type\":\"SearchAction\",\"target\":{\"@type\":\"EntryPoint\",\"urlTemplate\":\"https:\\\/\\\/www.manabi.gob.ec\\\/?s={search_term_string}\"},\"query-input\":{\"@type\":\"PropertyValueSpecification\",\"valueRequired\":true,\"valueName\":\"search_term_string\"}}],\"inLanguage\":\"es\"},{\"@type\":\"Person\",\"@id\":\"https:\\\/\\\/www.manabi.gob.ec\\\/#\\\/schema\\\/person\\\/c4f117989332ad723a6ced5994aa7d7a\",\"name\":\"Lui Ochoa\",\"image\":{\"@type\":\"ImageObject\",\"inLanguage\":\"es\",\"@id\":\"https:\\\/\\\/secure.gravatar.com\\\/avatar\\\/6e8017d0fe69dead8a95864d2eb6e1e1d8bf8e01194ba49cf7b897ff038126ba?s=96&d=mm&r=g\",\"url\":\"https:\\\/\\\/secure.gravatar.com\\\/avatar\\\/6e8017d0fe69dead8a95864d2eb6e1e1d8bf8e01194ba49cf7b897ff038126ba?s=96&d=mm&r=g\",\"contentUrl\":\"https:\\\/\\\/secure.gravatar.com\\\/avatar\\\/6e8017d0fe69dead8a95864d2eb6e1e1d8bf8e01194ba49cf7b897ff038126ba?s=96&d=mm&r=g\",\"caption\":\"Lui Ochoa\"},\"url\":\"https:\\\/\\\/www.manabi.gob.ec\\\/index.php\\\/author\\\/lochoa\\\/\"}]}<\/script>\n<!-- \/ Yoast SEO plugin. -->","yoast_head_json":{"title":"Prefectura apoya a rescatistas de \"Salvavidas Pedernales\u201d - Prefectura de Manab\u00ed","robots":{"index":"index","follow":"follow","max-snippet":"max-snippet:-1","max-image-preview":"max-image-preview:large","max-video-preview":"max-video-preview:-1"},"canonical":"https:\/\/www.manabi.gob.ec\/index.php\/prefectura-apoya-a-rescatistas-de-salvavidas-pedernales\/","og_locale":"es_ES","og_type":"article","og_title":"Prefectura apoya a rescatistas de \"Salvavidas Pedernales\u201d - Prefectura de Manab\u00ed","og_description":"La Prefectura de Manab\u00ed, a trav\u00e9s de Direcci\u00f3n de Turismo, entreg\u00f3 camisetas a los 50 miembros de la agrupaci\u00f3n \u00abSalvavidas Pedernales\u00bb quienes de forma voluntaria hacen labores de rescatistas en esa playa manabita. La agrupaci\u00f3n lleva desde 2014 trabajando en la prevenci\u00f3n y rescate de vidas en las playas de Pedernales, y desde ese tiempo [&hellip;]","og_url":"https:\/\/www.manabi.gob.ec\/index.php\/prefectura-apoya-a-rescatistas-de-salvavidas-pedernales\/","og_site_name":"Prefectura de Manab\u00ed","article_published_time":"2024-04-25T20:44:58+00:00","article_modified_time":"2024-04-25T20:45:32+00:00","og_image":[{"width":1280,"height":960,"url":"https:\/\/www.manabi.gob.ec\/wp-content\/uploads\/2024\/04\/WhatsApp-Image-2024-04-19-at-12.42.35-PM.jpeg","type":"image\/jpeg"}],"author":"Lui Ochoa","twitter_card":"summary_large_image","twitter_misc":{"Escrito por":"Lui Ochoa","Tiempo de lectura":"2 minutos"},"schema":{"@context":"https:\/\/schema.org","@graph":[{"@type":"Article","@id":"https:\/\/www.manabi.gob.ec\/index.php\/prefectura-apoya-a-rescatistas-de-salvavidas-pedernales\/#article","isPartOf":{"@id":"https:\/\/www.manabi.gob.ec\/index.php\/prefectura-apoya-a-rescatistas-de-salvavidas-pedernales\/"},"author":{"name":"Lui Ochoa","@id":"https:\/\/www.manabi.gob.ec\/#\/schema\/person\/c4f117989332ad723a6ced5994aa7d7a"},"headline":"Prefectura apoya a rescatistas de \u00abSalvavidas Pedernales\u201d","datePublished":"2024-04-25T20:44:58+00:00","dateModified":"2024-04-25T20:45:32+00:00","mainEntityOfPage":{"@id":"https:\/\/www.manabi.gob.ec\/index.php\/prefectura-apoya-a-rescatistas-de-salvavidas-pedernales\/"},"wordCount":307,"image":{"@id":"https:\/\/www.manabi.gob.ec\/index.php\/prefectura-apoya-a-rescatistas-de-salvavidas-pedernales\/#primaryimage"},"thumbnailUrl":"https:\/\/www.manabi.gob.ec\/wp-content\/uploads\/2024\/04\/WhatsApp-Image-2024-04-19-at-12.42.35-PM.jpeg","articleSection":["Ambiente","bicentenario","Desarrollo Social","Noticias","Pedernales","Todas","Turismo"],"inLanguage":"es"},{"@type":"WebPage","@id":"https:\/\/www.manabi.gob.ec\/index.php\/prefectura-apoya-a-rescatistas-de-salvavidas-pedernales\/","url":"https:\/\/www.manabi.gob.ec\/index.php\/prefectura-apoya-a-rescatistas-de-salvavidas-pedernales\/","name":"Prefectura apoya a rescatistas de \"Salvavidas Pedernales\u201d - Prefectura de Manab\u00ed","isPartOf":{"@id":"https:\/\/www.manabi.gob.ec\/#website"},"primaryImageOfPage":{"@id":"https:\/\/www.manabi.gob.ec\/index.php\/prefectura-apoya-a-rescatistas-de-salvavidas-pedernales\/#primaryimage"},"image":{"@id":"https:\/\/www.manabi.gob.ec\/index.php\/prefectura-apoya-a-rescatistas-de-salvavidas-pedernales\/#primaryimage"},"thumbnailUrl":"https:\/\/www.manabi.gob.ec\/wp-content\/uploads\/2024\/04\/WhatsApp-Image-2024-04-19-at-12.42.35-PM.jpeg","datePublished":"2024-04-25T20:44:58+00:00","dateModified":"2024-04-25T20:45:32+00:00","author":{"@id":"https:\/\/www.manabi.gob.ec\/#\/schema\/person\/c4f117989332ad723a6ced5994aa7d7a"},"breadcrumb":{"@id":"https:\/\/www.manabi.gob.ec\/index.php\/prefectura-apoya-a-rescatistas-de-salvavidas-pedernales\/#breadcrumb"},"inLanguage":"es","potentialAction":[{"@type":"ReadAction","target":["https:\/\/www.manabi.gob.ec\/index.php\/prefectura-apoya-a-rescatistas-de-salvavidas-pedernales\/"]}]},{"@type":"ImageObject","inLanguage":"es","@id":"https:\/\/www.manabi.gob.ec\/index.php\/prefectura-apoya-a-rescatistas-de-salvavidas-pedernales\/#primaryimage","url":"https:\/\/www.manabi.gob.ec\/wp-content\/uploads\/2024\/04\/WhatsApp-Image-2024-04-19-at-12.42.35-PM.jpeg","contentUrl":"https:\/\/www.manabi.gob.ec\/wp-content\/uploads\/2024\/04\/WhatsApp-Image-2024-04-19-at-12.42.35-PM.jpeg","width":1280,"height":960},{"@type":"BreadcrumbList","@id":"https:\/\/www.manabi.gob.ec\/index.php\/prefectura-apoya-a-rescatistas-de-salvavidas-pedernales\/#breadcrumb","itemListElement":[{"@type":"ListItem","position":1,"name":"Portada","item":"https:\/\/www.manabi.gob.ec\/"},{"@type":"ListItem","position":2,"name":"Prefectura apoya a rescatistas de \u00abSalvavidas Pedernales\u201d"}]},{"@type":"WebSite","@id":"https:\/\/www.manabi.gob.ec\/#website","url":"https:\/\/www.manabi.gob.ec\/","name":"Prefectura de Manab\u00ed","description":"P\u00e1gina web de la prefectura","potentialAction":[{"@type":"SearchAction","target":{"@type":"EntryPoint","urlTemplate":"https:\/\/www.manabi.gob.ec\/?s={search_term_string}"},"query-input":{"@type":"PropertyValueSpecification","valueRequired":true,"valueName":"search_term_string"}}],"inLanguage":"es"},{"@type":"Person","@id":"https:\/\/www.manabi.gob.ec\/#\/schema\/person\/c4f117989332ad723a6ced5994aa7d7a","name":"Lui Ochoa","image":{"@type":"ImageObject","inLanguage":"es","@id":"https:\/\/secure.gravatar.com\/avatar\/6e8017d0fe69dead8a95864d2eb6e1e1d8bf8e01194ba49cf7b897ff038126ba?s=96&d=mm&r=g","url":"https:\/\/secure.gravatar.com\/avatar\/6e8017d0fe69dead8a95864d2eb6e1e1d8bf8e01194ba49cf7b897ff038126ba?s=96&d=mm&r=g","contentUrl":"https:\/\/secure.gravatar.com\/avatar\/6e8017d0fe69dead8a95864d2eb6e1e1d8bf8e01194ba49cf7b897ff038126ba?s=96&d=mm&r=g","caption":"Lui Ochoa"},"url":"https:\/\/www.manabi.gob.ec\/index.php\/author\/lochoa\/"}]}},"jetpack_featured_media_url":"https:\/\/www.manabi.gob.ec\/wp-content\/uploads\/2024\/04\/WhatsApp-Image-2024-04-19-at-12.42.35-PM.jpeg","_links":{"self":[{"href":"https:\/\/www.manabi.gob.ec\/index.php\/wp-json\/wp\/v2\/posts\/27669","targetHints":{"allow":["GET"]}}],"collection":[{"href":"https:\/\/www.manabi.gob.ec\/index.php\/wp-json\/wp\/v2\/posts"}],"about":[{"href":"https:\/\/www.manabi.gob.ec\/index.php\/wp-json\/wp\/v2\/types\/post"}],"author":[{"embeddable":true,"href":"https:\/\/www.manabi.gob.ec\/index.php\/wp-json\/wp\/v2\/users\/10"}],"replies":[{"embeddable":true,"href":"https:\/\/www.manabi.gob.ec\/index.php\/wp-json\/wp\/v2\/comments?post=27669"}],"version-history":[{"count":1,"href":"https:\/\/www.manabi.gob.ec\/index.php\/wp-json\/wp\/v2\/posts\/27669\/revisions"}],"predecessor-version":[{"id":27671,"href":"https:\/\/www.manabi.gob.ec\/index.php\/wp-json\/wp\/v2\/posts\/27669\/revisions\/27671"}],"wp:featuredmedia":[{"embeddable":true,"href":"https:\/\/www.manabi.gob.ec\/index.php\/wp-json\/wp\/v2\/media\/27670"}],"wp:attachment":[{"href":"https:\/\/www.manabi.gob.ec\/index.php\/wp-json\/wp\/v2\/media?parent=27669"}],"wp:term":[{"taxonomy":"category","embeddable":true,"href":"https:\/\/www.manabi.gob.ec\/index.php\/wp-json\/wp\/v2\/categories?post=27669"},{"taxonomy":"post_tag","embeddable":true,"href":"https:\/\/www.manabi.gob.ec\/index.php\/wp-json\/wp\/v2\/tags?post=27669"}],"curies":[{"name":"wp","href":"https:\/\/api.w.org\/{rel}","templated":true}]}}