{"id":27691,"date":"2024-04-25T21:03:18","date_gmt":"2024-04-25T21:03:18","guid":{"rendered":"https:\/\/www.manabi.gob.ec\/?p=27691"},"modified":"2024-04-25T21:03:24","modified_gmt":"2024-04-25T21:03:24","slug":"prefectura-de-manabi-ratifica-compromiso-para-proyecto-que-permitira-brindar-una-solucion-parcial-a-la-problematica-del-agua-de-los-cantones-bolivar-junin-sucre-san-vicente-y-tosagua-que-conforman","status":"publish","type":"post","link":"https:\/\/www.manabi.gob.ec\/index.php\/prefectura-de-manabi-ratifica-compromiso-para-proyecto-que-permitira-brindar-una-solucion-parcial-a-la-problematica-del-agua-de-los-cantones-bolivar-junin-sucre-san-vicente-y-tosagua-que-conforman\/","title":{"rendered":"Prefectura de Manab\u00ed ratifica compromiso para proyecto que permitir\u00e1 brindar una soluci\u00f3n parcial a la problem\u00e1tica del agua de los cantones Bol\u00edvar, Jun\u00edn, Sucre, San Vicente y Tosagua que conforman la Mancomunidad Centro Norte."},"content":{"rendered":"\n<p>La Prefectura de Manabi, a trav\u00e9s de un convenio de cooperaci\u00f3n interinstitucional con la Empresa P\u00fablica de Agua Potable de la Mancomunidad Centro Norte (EMMAP-EP) suscrito el 18 de agosto de 2023, se comprometi\u00f3 a aportar el 50% de la inversi\u00f3n total para el proyecto de \u201cInterconexi\u00f3n Ramal E Amarillos del Sistema de Riego Carrizal Chone hacia la Planta de Tratamiento de Agua Potable de la EMMAP-EP de los cantones Bol\u00edvar, Jun\u00edn, Sucre, San Vicente y Tosagua\u00bb.<\/p>\n\n\n\n<p>Este proyecto es de gran importancia debido a que establece un sistema de suministro de agua cruda para su tratamiento, el cual ser\u00e1 distribuido eficiente, eficaz y oportunamente a los usuarios de los cantones mancomunados.<br>Constituye una propuesta de soluci\u00f3n parcial para abordar la problem\u00e1tica del agua que aqueja a los cinco cantones, especialmente durante la temporada de lluvias, cuando los niveles de turbidez en el r\u00edo Carrizal impiden el proceso de potabilizaci\u00f3n.<\/p>\n\n\n\n<p>En tal sentido este lunes 22 de agosto, la prefectura de Manab\u00ed promovi\u00f3 una reuni\u00f3n con el Gerente de la Sucursal Zonal Manab\u00ed del Banco de Desarrollo del Ecuador, en la que participaron los Alcaldes de los cantones de Jun\u00edn y Sucre, la Vicealcaldesa del cant\u00f3n San Vicente, el Gerente de la EMMAP-EP y el Director Zonal Manab\u00ed del MAATE, a fin de socializar t\u00e9cnica y financieramente, el estudio y proyecto, como un paso fundamental para la concreci\u00f3n de esta trascendental obra; as\u00ed como tambi\u00e9n otros proyectos complementarios, que traer\u00e1n grandes beneficios a nuestros hermanos y hermanas de los cantones de la Mancomunidad.<\/p>\n","protected":false},"excerpt":{"rendered":"<p>La Prefectura de Manabi, a trav\u00e9s de un convenio de cooperaci\u00f3n interinstitucional con la Empresa P\u00fablica de Agua Potable de la Mancomunidad Centro Norte (EMMAP-EP) suscrito el 18 de agosto de 2023, se comprometi\u00f3 a aportar el 50% de la inversi\u00f3n total para el proyecto de \u201cInterconexi\u00f3n Ramal E Amarillos del Sistema de Riego Carrizal [&hellip;]<\/p>\n","protected":false},"author":10,"featured_media":27692,"comment_status":"closed","ping_status":"closed","sticky":false,"template":"","format":"standard","meta":{"_joinchat":[],"footnotes":""},"categories":[150,343,213,142,92,339,340,91,130],"tags":[],"class_list":["post-27691","post","type-post","status-publish","format-standard","has-post-thumbnail","hentry","category-ambiente","category-bicentenario","category-bolivar","category-desarrollo-social","category-noticias-manabi","category-plan-invernal","category-plan-invernal-plan-invernal","category-todas","category-tosagua"],"yoast_head":"<!-- This site is optimized with the Yoast SEO plugin v27.4 - https:\/\/yoast.com\/product\/yoast-seo-wordpress\/ -->\n<title>Prefectura de Manab\u00ed ratifica compromiso para proyecto que permitir\u00e1 brindar una soluci\u00f3n parcial a la problem\u00e1tica del agua de los cantones Bol\u00edvar, Jun\u00edn, Sucre, San Vicente y Tosagua que conforman la Mancomunidad Centro Norte. - Prefectura de Manab\u00ed<\/title>\n<meta name=\"robots\" content=\"index, follow, max-snippet:-1, max-image-preview:large, max-video-preview:-1\" \/>\n<link rel=\"canonical\" href=\"https:\/\/www.manabi.gob.ec\/index.php\/prefectura-de-manabi-ratifica-compromiso-para-proyecto-que-permitira-brindar-una-solucion-parcial-a-la-problematica-del-agua-de-los-cantones-bolivar-junin-sucre-san-vicente-y-tosagua-que-conforman\/\" \/>\n<meta property=\"og:locale\" content=\"es_ES\" \/>\n<meta property=\"og:type\" content=\"article\" \/>\n<meta property=\"og:title\" content=\"Prefectura de Manab\u00ed ratifica compromiso para proyecto que permitir\u00e1 brindar una soluci\u00f3n parcial a la problem\u00e1tica del agua de los cantones Bol\u00edvar, Jun\u00edn, Sucre, San Vicente y Tosagua que conforman la Mancomunidad Centro Norte. - Prefectura de Manab\u00ed\" \/>\n<meta property=\"og:description\" content=\"La Prefectura de Manabi, a trav\u00e9s de un convenio de cooperaci\u00f3n interinstitucional con la Empresa P\u00fablica de Agua Potable de la Mancomunidad Centro Norte (EMMAP-EP) suscrito el 18 de agosto de 2023, se comprometi\u00f3 a aportar el 50% de la inversi\u00f3n total para el proyecto de \u201cInterconexi\u00f3n Ramal E Amarillos del Sistema de Riego Carrizal [&hellip;]\" \/>\n<meta property=\"og:url\" content=\"https:\/\/www.manabi.gob.ec\/index.php\/prefectura-de-manabi-ratifica-compromiso-para-proyecto-que-permitira-brindar-una-solucion-parcial-a-la-problematica-del-agua-de-los-cantones-bolivar-junin-sucre-san-vicente-y-tosagua-que-conforman\/\" \/>\n<meta property=\"og:site_name\" content=\"Prefectura de Manab\u00ed\" \/>\n<meta property=\"article:published_time\" content=\"2024-04-25T21:03:18+00:00\" \/>\n<meta property=\"article:modified_time\" content=\"2024-04-25T21:03:24+00:00\" \/>\n<meta property=\"og:image\" content=\"https:\/\/www.manabi.gob.ec\/wp-content\/uploads\/2024\/04\/WhatsApp-Image-2024-04-24-at-12.19.09-PM.jpeg\" \/>\n\t<meta property=\"og:image:width\" content=\"1280\" \/>\n\t<meta property=\"og:image:height\" content=\"717\" \/>\n\t<meta property=\"og:image:type\" content=\"image\/jpeg\" \/>\n<meta name=\"author\" content=\"Lui Ochoa\" \/>\n<meta name=\"twitter:card\" content=\"summary_large_image\" \/>\n<meta name=\"twitter:label1\" content=\"Escrito por\" \/>\n\t<meta name=\"twitter:data1\" content=\"Lui Ochoa\" \/>\n\t<meta name=\"twitter:label2\" content=\"Tiempo de lectura\" \/>\n\t<meta name=\"twitter:data2\" content=\"2 minutos\" \/>\n<script type=\"application\/ld+json\" class=\"yoast-schema-graph\">{\"@context\":\"https:\\\/\\\/schema.org\",\"@graph\":[{\"@type\":\"Article\",\"@id\":\"https:\\\/\\\/www.manabi.gob.ec\\\/index.php\\\/prefectura-de-manabi-ratifica-compromiso-para-proyecto-que-permitira-brindar-una-solucion-parcial-a-la-problematica-del-agua-de-los-cantones-bolivar-junin-sucre-san-vicente-y-tosagua-que-conforman\\\/#article\",\"isPartOf\":{\"@id\":\"https:\\\/\\\/www.manabi.gob.ec\\\/index.php\\\/prefectura-de-manabi-ratifica-compromiso-para-proyecto-que-permitira-brindar-una-solucion-parcial-a-la-problematica-del-agua-de-los-cantones-bolivar-junin-sucre-san-vicente-y-tosagua-que-conforman\\\/\"},\"author\":{\"name\":\"Lui Ochoa\",\"@id\":\"https:\\\/\\\/www.manabi.gob.ec\\\/#\\\/schema\\\/person\\\/c4f117989332ad723a6ced5994aa7d7a\"},\"headline\":\"Prefectura de Manab\u00ed ratifica compromiso para proyecto que permitir\u00e1 brindar una soluci\u00f3n parcial a la problem\u00e1tica del agua de los cantones Bol\u00edvar, Jun\u00edn, Sucre, San Vicente y Tosagua que conforman la Mancomunidad Centro Norte.\",\"datePublished\":\"2024-04-25T21:03:18+00:00\",\"dateModified\":\"2024-04-25T21:03:24+00:00\",\"mainEntityOfPage\":{\"@id\":\"https:\\\/\\\/www.manabi.gob.ec\\\/index.php\\\/prefectura-de-manabi-ratifica-compromiso-para-proyecto-que-permitira-brindar-una-solucion-parcial-a-la-problematica-del-agua-de-los-cantones-bolivar-junin-sucre-san-vicente-y-tosagua-que-conforman\\\/\"},\"wordCount\":305,\"image\":{\"@id\":\"https:\\\/\\\/www.manabi.gob.ec\\\/index.php\\\/prefectura-de-manabi-ratifica-compromiso-para-proyecto-que-permitira-brindar-una-solucion-parcial-a-la-problematica-del-agua-de-los-cantones-bolivar-junin-sucre-san-vicente-y-tosagua-que-conforman\\\/#primaryimage\"},\"thumbnailUrl\":\"https:\\\/\\\/www.manabi.gob.ec\\\/wp-content\\\/uploads\\\/2024\\\/04\\\/WhatsApp-Image-2024-04-24-at-12.19.09-PM.jpeg\",\"articleSection\":[\"Ambiente\",\"bicentenario\",\"Bol\u00edvar\",\"Desarrollo Social\",\"Noticias\",\"Plan Invernal\",\"PLAN INVERNAL\",\"Todas\",\"Tosagua\"],\"inLanguage\":\"es\"},{\"@type\":\"WebPage\",\"@id\":\"https:\\\/\\\/www.manabi.gob.ec\\\/index.php\\\/prefectura-de-manabi-ratifica-compromiso-para-proyecto-que-permitira-brindar-una-solucion-parcial-a-la-problematica-del-agua-de-los-cantones-bolivar-junin-sucre-san-vicente-y-tosagua-que-conforman\\\/\",\"url\":\"https:\\\/\\\/www.manabi.gob.ec\\\/index.php\\\/prefectura-de-manabi-ratifica-compromiso-para-proyecto-que-permitira-brindar-una-solucion-parcial-a-la-problematica-del-agua-de-los-cantones-bolivar-junin-sucre-san-vicente-y-tosagua-que-conforman\\\/\",\"name\":\"Prefectura de Manab\u00ed ratifica compromiso para proyecto que permitir\u00e1 brindar una soluci\u00f3n parcial a la problem\u00e1tica del agua de los cantones Bol\u00edvar, Jun\u00edn, Sucre, San Vicente y Tosagua que conforman la Mancomunidad Centro Norte. - Prefectura de Manab\u00ed\",\"isPartOf\":{\"@id\":\"https:\\\/\\\/www.manabi.gob.ec\\\/#website\"},\"primaryImageOfPage\":{\"@id\":\"https:\\\/\\\/www.manabi.gob.ec\\\/index.php\\\/prefectura-de-manabi-ratifica-compromiso-para-proyecto-que-permitira-brindar-una-solucion-parcial-a-la-problematica-del-agua-de-los-cantones-bolivar-junin-sucre-san-vicente-y-tosagua-que-conforman\\\/#primaryimage\"},\"image\":{\"@id\":\"https:\\\/\\\/www.manabi.gob.ec\\\/index.php\\\/prefectura-de-manabi-ratifica-compromiso-para-proyecto-que-permitira-brindar-una-solucion-parcial-a-la-problematica-del-agua-de-los-cantones-bolivar-junin-sucre-san-vicente-y-tosagua-que-conforman\\\/#primaryimage\"},\"thumbnailUrl\":\"https:\\\/\\\/www.manabi.gob.ec\\\/wp-content\\\/uploads\\\/2024\\\/04\\\/WhatsApp-Image-2024-04-24-at-12.19.09-PM.jpeg\",\"datePublished\":\"2024-04-25T21:03:18+00:00\",\"dateModified\":\"2024-04-25T21:03:24+00:00\",\"author\":{\"@id\":\"https:\\\/\\\/www.manabi.gob.ec\\\/#\\\/schema\\\/person\\\/c4f117989332ad723a6ced5994aa7d7a\"},\"breadcrumb\":{\"@id\":\"https:\\\/\\\/www.manabi.gob.ec\\\/index.php\\\/prefectura-de-manabi-ratifica-compromiso-para-proyecto-que-permitira-brindar-una-solucion-parcial-a-la-problematica-del-agua-de-los-cantones-bolivar-junin-sucre-san-vicente-y-tosagua-que-conforman\\\/#breadcrumb\"},\"inLanguage\":\"es\",\"potentialAction\":[{\"@type\":\"ReadAction\",\"target\":[\"https:\\\/\\\/www.manabi.gob.ec\\\/index.php\\\/prefectura-de-manabi-ratifica-compromiso-para-proyecto-que-permitira-brindar-una-solucion-parcial-a-la-problematica-del-agua-de-los-cantones-bolivar-junin-sucre-san-vicente-y-tosagua-que-conforman\\\/\"]}]},{\"@type\":\"ImageObject\",\"inLanguage\":\"es\",\"@id\":\"https:\\\/\\\/www.manabi.gob.ec\\\/index.php\\\/prefectura-de-manabi-ratifica-compromiso-para-proyecto-que-permitira-brindar-una-solucion-parcial-a-la-problematica-del-agua-de-los-cantones-bolivar-junin-sucre-san-vicente-y-tosagua-que-conforman\\\/#primaryimage\",\"url\":\"https:\\\/\\\/www.manabi.gob.ec\\\/wp-content\\\/uploads\\\/2024\\\/04\\\/WhatsApp-Image-2024-04-24-at-12.19.09-PM.jpeg\",\"contentUrl\":\"https:\\\/\\\/www.manabi.gob.ec\\\/wp-content\\\/uploads\\\/2024\\\/04\\\/WhatsApp-Image-2024-04-24-at-12.19.09-PM.jpeg\",\"width\":1280,\"height\":717},{\"@type\":\"BreadcrumbList\",\"@id\":\"https:\\\/\\\/www.manabi.gob.ec\\\/index.php\\\/prefectura-de-manabi-ratifica-compromiso-para-proyecto-que-permitira-brindar-una-solucion-parcial-a-la-problematica-del-agua-de-los-cantones-bolivar-junin-sucre-san-vicente-y-tosagua-que-conforman\\\/#breadcrumb\",\"itemListElement\":[{\"@type\":\"ListItem\",\"position\":1,\"name\":\"Portada\",\"item\":\"https:\\\/\\\/www.manabi.gob.ec\\\/\"},{\"@type\":\"ListItem\",\"position\":2,\"name\":\"Prefectura de Manab\u00ed ratifica compromiso para proyecto que permitir\u00e1 brindar una soluci\u00f3n parcial a la problem\u00e1tica del agua de los cantones Bol\u00edvar, Jun\u00edn, Sucre, San Vicente y Tosagua que conforman la Mancomunidad Centro Norte.\"}]},{\"@type\":\"WebSite\",\"@id\":\"https:\\\/\\\/www.manabi.gob.ec\\\/#website\",\"url\":\"https:\\\/\\\/www.manabi.gob.ec\\\/\",\"name\":\"Prefectura de Manab\u00ed\",\"description\":\"P\u00e1gina web de la prefectura\",\"potentialAction\":[{\"@type\":\"SearchAction\",\"target\":{\"@type\":\"EntryPoint\",\"urlTemplate\":\"https:\\\/\\\/www.manabi.gob.ec\\\/?s={search_term_string}\"},\"query-input\":{\"@type\":\"PropertyValueSpecification\",\"valueRequired\":true,\"valueName\":\"search_term_string\"}}],\"inLanguage\":\"es\"},{\"@type\":\"Person\",\"@id\":\"https:\\\/\\\/www.manabi.gob.ec\\\/#\\\/schema\\\/person\\\/c4f117989332ad723a6ced5994aa7d7a\",\"name\":\"Lui Ochoa\",\"image\":{\"@type\":\"ImageObject\",\"inLanguage\":\"es\",\"@id\":\"https:\\\/\\\/secure.gravatar.com\\\/avatar\\\/6e8017d0fe69dead8a95864d2eb6e1e1d8bf8e01194ba49cf7b897ff038126ba?s=96&d=mm&r=g\",\"url\":\"https:\\\/\\\/secure.gravatar.com\\\/avatar\\\/6e8017d0fe69dead8a95864d2eb6e1e1d8bf8e01194ba49cf7b897ff038126ba?s=96&d=mm&r=g\",\"contentUrl\":\"https:\\\/\\\/secure.gravatar.com\\\/avatar\\\/6e8017d0fe69dead8a95864d2eb6e1e1d8bf8e01194ba49cf7b897ff038126ba?s=96&d=mm&r=g\",\"caption\":\"Lui Ochoa\"},\"url\":\"https:\\\/\\\/www.manabi.gob.ec\\\/index.php\\\/author\\\/lochoa\\\/\"}]}<\/script>\n<!-- \/ Yoast SEO plugin. -->","yoast_head_json":{"title":"Prefectura de Manab\u00ed ratifica compromiso para proyecto que permitir\u00e1 brindar una soluci\u00f3n parcial a la problem\u00e1tica del agua de los cantones Bol\u00edvar, Jun\u00edn, Sucre, San Vicente y Tosagua que conforman la Mancomunidad Centro Norte. - Prefectura de Manab\u00ed","robots":{"index":"index","follow":"follow","max-snippet":"max-snippet:-1","max-image-preview":"max-image-preview:large","max-video-preview":"max-video-preview:-1"},"canonical":"https:\/\/www.manabi.gob.ec\/index.php\/prefectura-de-manabi-ratifica-compromiso-para-proyecto-que-permitira-brindar-una-solucion-parcial-a-la-problematica-del-agua-de-los-cantones-bolivar-junin-sucre-san-vicente-y-tosagua-que-conforman\/","og_locale":"es_ES","og_type":"article","og_title":"Prefectura de Manab\u00ed ratifica compromiso para proyecto que permitir\u00e1 brindar una soluci\u00f3n parcial a la problem\u00e1tica del agua de los cantones Bol\u00edvar, Jun\u00edn, Sucre, San Vicente y Tosagua que conforman la Mancomunidad Centro Norte. - Prefectura de Manab\u00ed","og_description":"La Prefectura de Manabi, a trav\u00e9s de un convenio de cooperaci\u00f3n interinstitucional con la Empresa P\u00fablica de Agua Potable de la Mancomunidad Centro Norte (EMMAP-EP) suscrito el 18 de agosto de 2023, se comprometi\u00f3 a aportar el 50% de la inversi\u00f3n total para el proyecto de \u201cInterconexi\u00f3n Ramal E Amarillos del Sistema de Riego Carrizal [&hellip;]","og_url":"https:\/\/www.manabi.gob.ec\/index.php\/prefectura-de-manabi-ratifica-compromiso-para-proyecto-que-permitira-brindar-una-solucion-parcial-a-la-problematica-del-agua-de-los-cantones-bolivar-junin-sucre-san-vicente-y-tosagua-que-conforman\/","og_site_name":"Prefectura de Manab\u00ed","article_published_time":"2024-04-25T21:03:18+00:00","article_modified_time":"2024-04-25T21:03:24+00:00","og_image":[{"width":1280,"height":717,"url":"https:\/\/www.manabi.gob.ec\/wp-content\/uploads\/2024\/04\/WhatsApp-Image-2024-04-24-at-12.19.09-PM.jpeg","type":"image\/jpeg"}],"author":"Lui Ochoa","twitter_card":"summary_large_image","twitter_misc":{"Escrito por":"Lui Ochoa","Tiempo de lectura":"2 minutos"},"schema":{"@context":"https:\/\/schema.org","@graph":[{"@type":"Article","@id":"https:\/\/www.manabi.gob.ec\/index.php\/prefectura-de-manabi-ratifica-compromiso-para-proyecto-que-permitira-brindar-una-solucion-parcial-a-la-problematica-del-agua-de-los-cantones-bolivar-junin-sucre-san-vicente-y-tosagua-que-conforman\/#article","isPartOf":{"@id":"https:\/\/www.manabi.gob.ec\/index.php\/prefectura-de-manabi-ratifica-compromiso-para-proyecto-que-permitira-brindar-una-solucion-parcial-a-la-problematica-del-agua-de-los-cantones-bolivar-junin-sucre-san-vicente-y-tosagua-que-conforman\/"},"author":{"name":"Lui Ochoa","@id":"https:\/\/www.manabi.gob.ec\/#\/schema\/person\/c4f117989332ad723a6ced5994aa7d7a"},"headline":"Prefectura de Manab\u00ed ratifica compromiso para proyecto que permitir\u00e1 brindar una soluci\u00f3n parcial a la problem\u00e1tica del agua de los cantones Bol\u00edvar, Jun\u00edn, Sucre, San Vicente y Tosagua que conforman la Mancomunidad Centro Norte.","datePublished":"2024-04-25T21:03:18+00:00","dateModified":"2024-04-25T21:03:24+00:00","mainEntityOfPage":{"@id":"https:\/\/www.manabi.gob.ec\/index.php\/prefectura-de-manabi-ratifica-compromiso-para-proyecto-que-permitira-brindar-una-solucion-parcial-a-la-problematica-del-agua-de-los-cantones-bolivar-junin-sucre-san-vicente-y-tosagua-que-conforman\/"},"wordCount":305,"image":{"@id":"https:\/\/www.manabi.gob.ec\/index.php\/prefectura-de-manabi-ratifica-compromiso-para-proyecto-que-permitira-brindar-una-solucion-parcial-a-la-problematica-del-agua-de-los-cantones-bolivar-junin-sucre-san-vicente-y-tosagua-que-conforman\/#primaryimage"},"thumbnailUrl":"https:\/\/www.manabi.gob.ec\/wp-content\/uploads\/2024\/04\/WhatsApp-Image-2024-04-24-at-12.19.09-PM.jpeg","articleSection":["Ambiente","bicentenario","Bol\u00edvar","Desarrollo Social","Noticias","Plan Invernal","PLAN INVERNAL","Todas","Tosagua"],"inLanguage":"es"},{"@type":"WebPage","@id":"https:\/\/www.manabi.gob.ec\/index.php\/prefectura-de-manabi-ratifica-compromiso-para-proyecto-que-permitira-brindar-una-solucion-parcial-a-la-problematica-del-agua-de-los-cantones-bolivar-junin-sucre-san-vicente-y-tosagua-que-conforman\/","url":"https:\/\/www.manabi.gob.ec\/index.php\/prefectura-de-manabi-ratifica-compromiso-para-proyecto-que-permitira-brindar-una-solucion-parcial-a-la-problematica-del-agua-de-los-cantones-bolivar-junin-sucre-san-vicente-y-tosagua-que-conforman\/","name":"Prefectura de Manab\u00ed ratifica compromiso para proyecto que permitir\u00e1 brindar una soluci\u00f3n parcial a la problem\u00e1tica del agua de los cantones Bol\u00edvar, Jun\u00edn, Sucre, San Vicente y Tosagua que conforman la Mancomunidad Centro Norte. - Prefectura de Manab\u00ed","isPartOf":{"@id":"https:\/\/www.manabi.gob.ec\/#website"},"primaryImageOfPage":{"@id":"https:\/\/www.manabi.gob.ec\/index.php\/prefectura-de-manabi-ratifica-compromiso-para-proyecto-que-permitira-brindar-una-solucion-parcial-a-la-problematica-del-agua-de-los-cantones-bolivar-junin-sucre-san-vicente-y-tosagua-que-conforman\/#primaryimage"},"image":{"@id":"https:\/\/www.manabi.gob.ec\/index.php\/prefectura-de-manabi-ratifica-compromiso-para-proyecto-que-permitira-brindar-una-solucion-parcial-a-la-problematica-del-agua-de-los-cantones-bolivar-junin-sucre-san-vicente-y-tosagua-que-conforman\/#primaryimage"},"thumbnailUrl":"https:\/\/www.manabi.gob.ec\/wp-content\/uploads\/2024\/04\/WhatsApp-Image-2024-04-24-at-12.19.09-PM.jpeg","datePublished":"2024-04-25T21:03:18+00:00","dateModified":"2024-04-25T21:03:24+00:00","author":{"@id":"https:\/\/www.manabi.gob.ec\/#\/schema\/person\/c4f117989332ad723a6ced5994aa7d7a"},"breadcrumb":{"@id":"https:\/\/www.manabi.gob.ec\/index.php\/prefectura-de-manabi-ratifica-compromiso-para-proyecto-que-permitira-brindar-una-solucion-parcial-a-la-problematica-del-agua-de-los-cantones-bolivar-junin-sucre-san-vicente-y-tosagua-que-conforman\/#breadcrumb"},"inLanguage":"es","potentialAction":[{"@type":"ReadAction","target":["https:\/\/www.manabi.gob.ec\/index.php\/prefectura-de-manabi-ratifica-compromiso-para-proyecto-que-permitira-brindar-una-solucion-parcial-a-la-problematica-del-agua-de-los-cantones-bolivar-junin-sucre-san-vicente-y-tosagua-que-conforman\/"]}]},{"@type":"ImageObject","inLanguage":"es","@id":"https:\/\/www.manabi.gob.ec\/index.php\/prefectura-de-manabi-ratifica-compromiso-para-proyecto-que-permitira-brindar-una-solucion-parcial-a-la-problematica-del-agua-de-los-cantones-bolivar-junin-sucre-san-vicente-y-tosagua-que-conforman\/#primaryimage","url":"https:\/\/www.manabi.gob.ec\/wp-content\/uploads\/2024\/04\/WhatsApp-Image-2024-04-24-at-12.19.09-PM.jpeg","contentUrl":"https:\/\/www.manabi.gob.ec\/wp-content\/uploads\/2024\/04\/WhatsApp-Image-2024-04-24-at-12.19.09-PM.jpeg","width":1280,"height":717},{"@type":"BreadcrumbList","@id":"https:\/\/www.manabi.gob.ec\/index.php\/prefectura-de-manabi-ratifica-compromiso-para-proyecto-que-permitira-brindar-una-solucion-parcial-a-la-problematica-del-agua-de-los-cantones-bolivar-junin-sucre-san-vicente-y-tosagua-que-conforman\/#breadcrumb","itemListElement":[{"@type":"ListItem","position":1,"name":"Portada","item":"https:\/\/www.manabi.gob.ec\/"},{"@type":"ListItem","position":2,"name":"Prefectura de Manab\u00ed ratifica compromiso para proyecto que permitir\u00e1 brindar una soluci\u00f3n parcial a la problem\u00e1tica del agua de los cantones Bol\u00edvar, Jun\u00edn, Sucre, San Vicente y Tosagua que conforman la Mancomunidad Centro Norte."}]},{"@type":"WebSite","@id":"https:\/\/www.manabi.gob.ec\/#website","url":"https:\/\/www.manabi.gob.ec\/","name":"Prefectura de Manab\u00ed","description":"P\u00e1gina web de la prefectura","potentialAction":[{"@type":"SearchAction","target":{"@type":"EntryPoint","urlTemplate":"https:\/\/www.manabi.gob.ec\/?s={search_term_string}"},"query-input":{"@type":"PropertyValueSpecification","valueRequired":true,"valueName":"search_term_string"}}],"inLanguage":"es"},{"@type":"Person","@id":"https:\/\/www.manabi.gob.ec\/#\/schema\/person\/c4f117989332ad723a6ced5994aa7d7a","name":"Lui Ochoa","image":{"@type":"ImageObject","inLanguage":"es","@id":"https:\/\/secure.gravatar.com\/avatar\/6e8017d0fe69dead8a95864d2eb6e1e1d8bf8e01194ba49cf7b897ff038126ba?s=96&d=mm&r=g","url":"https:\/\/secure.gravatar.com\/avatar\/6e8017d0fe69dead8a95864d2eb6e1e1d8bf8e01194ba49cf7b897ff038126ba?s=96&d=mm&r=g","contentUrl":"https:\/\/secure.gravatar.com\/avatar\/6e8017d0fe69dead8a95864d2eb6e1e1d8bf8e01194ba49cf7b897ff038126ba?s=96&d=mm&r=g","caption":"Lui Ochoa"},"url":"https:\/\/www.manabi.gob.ec\/index.php\/author\/lochoa\/"}]}},"jetpack_featured_media_url":"https:\/\/www.manabi.gob.ec\/wp-content\/uploads\/2024\/04\/WhatsApp-Image-2024-04-24-at-12.19.09-PM.jpeg","_links":{"self":[{"href":"https:\/\/www.manabi.gob.ec\/index.php\/wp-json\/wp\/v2\/posts\/27691","targetHints":{"allow":["GET"]}}],"collection":[{"href":"https:\/\/www.manabi.gob.ec\/index.php\/wp-json\/wp\/v2\/posts"}],"about":[{"href":"https:\/\/www.manabi.gob.ec\/index.php\/wp-json\/wp\/v2\/types\/post"}],"author":[{"embeddable":true,"href":"https:\/\/www.manabi.gob.ec\/index.php\/wp-json\/wp\/v2\/users\/10"}],"replies":[{"embeddable":true,"href":"https:\/\/www.manabi.gob.ec\/index.php\/wp-json\/wp\/v2\/comments?post=27691"}],"version-history":[{"count":1,"href":"https:\/\/www.manabi.gob.ec\/index.php\/wp-json\/wp\/v2\/posts\/27691\/revisions"}],"predecessor-version":[{"id":27693,"href":"https:\/\/www.manabi.gob.ec\/index.php\/wp-json\/wp\/v2\/posts\/27691\/revisions\/27693"}],"wp:featuredmedia":[{"embeddable":true,"href":"https:\/\/www.manabi.gob.ec\/index.php\/wp-json\/wp\/v2\/media\/27692"}],"wp:attachment":[{"href":"https:\/\/www.manabi.gob.ec\/index.php\/wp-json\/wp\/v2\/media?parent=27691"}],"wp:term":[{"taxonomy":"category","embeddable":true,"href":"https:\/\/www.manabi.gob.ec\/index.php\/wp-json\/wp\/v2\/categories?post=27691"},{"taxonomy":"post_tag","embeddable":true,"href":"https:\/\/www.manabi.gob.ec\/index.php\/wp-json\/wp\/v2\/tags?post=27691"}],"curies":[{"name":"wp","href":"https:\/\/api.w.org\/{rel}","templated":true}]}}