{"id":27709,"date":"2024-04-25T21:16:00","date_gmt":"2024-04-25T21:16:00","guid":{"rendered":"https:\/\/www.manabi.gob.ec\/?p=27709"},"modified":"2024-04-25T21:16:05","modified_gmt":"2024-04-25T21:16:05","slug":"personal-tecnico-de-independiente-del-valle-comparte-sus-experiencias-y-saberes-con-el-equipo-de-entrenando-valores","status":"publish","type":"post","link":"https:\/\/www.manabi.gob.ec\/index.php\/personal-tecnico-de-independiente-del-valle-comparte-sus-experiencias-y-saberes-con-el-equipo-de-entrenando-valores\/","title":{"rendered":"Personal t\u00e9cnico de Independiente del Valle comparte sus experiencias y saberes con el equipo de Entrenando Valores"},"content":{"rendered":"\n<p>Este jueves, 25 de abril, se desarroll\u00f3 la primera capacitaci\u00f3n presencial del Club Deportivo Independiente del Valle (IDV) a los entrenadores, asistentes y supervisores del proyecto deportivo y recreativo Entrenando Valores, en el marco del convenio de cooperaci\u00f3n que mantiene la Prefectura de Manab\u00ed con IDV.<\/p>\n\n\n\n<p>La capacitaci\u00f3n estuvo a cargo de Andoni Bomb\u00edn, jefe de formativas de Independiente del Valle, quien estuvo acompa\u00f1ado del coordinador de preparaci\u00f3n f\u00edsica de dicho club, Javier Cadena; del gerente de escuelas y eventos, Roberto Castro; y del coordinador de scouting Manab\u00ed, Jos\u00e9 Luna.<\/p>\n\n\n\n<p>A esta capacitaci\u00f3n asistieron los 123 integrantes del equipo t\u00e9cnico de Entrenando Valores, y otros 100 entrenadores provenientes de las parroquias y comunidades donde funcionan las unidades deportivas que albergan a los 18.340 ni\u00f1os y ni\u00f1as beneficiarias de este proyecto.<\/p>\n\n\n\n<p>El prefecto, Leonardo Orlando, estuvo presente en el inicio de esta jornada de preparaci\u00f3n e intercambio de experiencias sobre aspectos deportivos, formativos, y sobre el trabajo que se ha venido desarrollando en conjunto.<\/p>\n\n\n\n<p>La capacitaci\u00f3n se llev\u00f3 a cabo en Manta, en el auditorio Horacio Hidrovo de la Universidad Laica Eloy Alfaro de Manab\u00ed.<\/p>\n","protected":false},"excerpt":{"rendered":"<p>Este jueves, 25 de abril, se desarroll\u00f3 la primera capacitaci\u00f3n presencial del Club Deportivo Independiente del Valle (IDV) a los entrenadores, asistentes y supervisores del proyecto deportivo y recreativo Entrenando Valores, en el marco del convenio de cooperaci\u00f3n que mantiene la Prefectura de Manab\u00ed con IDV. La capacitaci\u00f3n estuvo a cargo de Andoni Bomb\u00edn, jefe [&hellip;]<\/p>\n","protected":false},"author":10,"featured_media":27710,"comment_status":"closed","ping_status":"closed","sticky":false,"template":"","format":"standard","meta":{"_joinchat":[],"footnotes":""},"categories":[150,343,142,92,91],"tags":[],"class_list":["post-27709","post","type-post","status-publish","format-standard","has-post-thumbnail","hentry","category-ambiente","category-bicentenario","category-desarrollo-social","category-noticias-manabi","category-todas"],"yoast_head":"<!-- This site is optimized with the Yoast SEO plugin v27.4 - https:\/\/yoast.com\/product\/yoast-seo-wordpress\/ -->\n<title>Personal t\u00e9cnico de Independiente del Valle comparte sus experiencias y saberes con el equipo de Entrenando Valores - Prefectura de Manab\u00ed<\/title>\n<meta name=\"robots\" content=\"index, follow, max-snippet:-1, max-image-preview:large, max-video-preview:-1\" \/>\n<link rel=\"canonical\" href=\"https:\/\/www.manabi.gob.ec\/index.php\/personal-tecnico-de-independiente-del-valle-comparte-sus-experiencias-y-saberes-con-el-equipo-de-entrenando-valores\/\" \/>\n<meta property=\"og:locale\" content=\"es_ES\" \/>\n<meta property=\"og:type\" content=\"article\" \/>\n<meta property=\"og:title\" content=\"Personal t\u00e9cnico de Independiente del Valle comparte sus experiencias y saberes con el equipo de Entrenando Valores - Prefectura de Manab\u00ed\" \/>\n<meta property=\"og:description\" content=\"Este jueves, 25 de abril, se desarroll\u00f3 la primera capacitaci\u00f3n presencial del Club Deportivo Independiente del Valle (IDV) a los entrenadores, asistentes y supervisores del proyecto deportivo y recreativo Entrenando Valores, en el marco del convenio de cooperaci\u00f3n que mantiene la Prefectura de Manab\u00ed con IDV. La capacitaci\u00f3n estuvo a cargo de Andoni Bomb\u00edn, jefe [&hellip;]\" \/>\n<meta property=\"og:url\" content=\"https:\/\/www.manabi.gob.ec\/index.php\/personal-tecnico-de-independiente-del-valle-comparte-sus-experiencias-y-saberes-con-el-equipo-de-entrenando-valores\/\" \/>\n<meta property=\"og:site_name\" content=\"Prefectura de Manab\u00ed\" \/>\n<meta property=\"article:published_time\" content=\"2024-04-25T21:16:00+00:00\" \/>\n<meta property=\"article:modified_time\" content=\"2024-04-25T21:16:05+00:00\" \/>\n<meta property=\"og:image\" content=\"https:\/\/www.manabi.gob.ec\/wp-content\/uploads\/2024\/04\/WhatsApp-Image-2024-04-25-at-4.09.33-PM.jpeg\" \/>\n\t<meta property=\"og:image:width\" content=\"1600\" \/>\n\t<meta property=\"og:image:height\" content=\"1066\" \/>\n\t<meta property=\"og:image:type\" content=\"image\/jpeg\" \/>\n<meta name=\"author\" content=\"Lui Ochoa\" \/>\n<meta name=\"twitter:card\" content=\"summary_large_image\" \/>\n<meta name=\"twitter:label1\" content=\"Escrito por\" \/>\n\t<meta name=\"twitter:data1\" content=\"Lui Ochoa\" \/>\n\t<meta name=\"twitter:label2\" content=\"Tiempo de lectura\" \/>\n\t<meta name=\"twitter:data2\" content=\"2 minutos\" \/>\n<script type=\"application\/ld+json\" class=\"yoast-schema-graph\">{\"@context\":\"https:\\\/\\\/schema.org\",\"@graph\":[{\"@type\":\"Article\",\"@id\":\"https:\\\/\\\/www.manabi.gob.ec\\\/index.php\\\/personal-tecnico-de-independiente-del-valle-comparte-sus-experiencias-y-saberes-con-el-equipo-de-entrenando-valores\\\/#article\",\"isPartOf\":{\"@id\":\"https:\\\/\\\/www.manabi.gob.ec\\\/index.php\\\/personal-tecnico-de-independiente-del-valle-comparte-sus-experiencias-y-saberes-con-el-equipo-de-entrenando-valores\\\/\"},\"author\":{\"name\":\"Lui Ochoa\",\"@id\":\"https:\\\/\\\/www.manabi.gob.ec\\\/#\\\/schema\\\/person\\\/c4f117989332ad723a6ced5994aa7d7a\"},\"headline\":\"Personal t\u00e9cnico de Independiente del Valle comparte sus experiencias y saberes con el equipo de Entrenando Valores\",\"datePublished\":\"2024-04-25T21:16:00+00:00\",\"dateModified\":\"2024-04-25T21:16:05+00:00\",\"mainEntityOfPage\":{\"@id\":\"https:\\\/\\\/www.manabi.gob.ec\\\/index.php\\\/personal-tecnico-de-independiente-del-valle-comparte-sus-experiencias-y-saberes-con-el-equipo-de-entrenando-valores\\\/\"},\"wordCount\":211,\"image\":{\"@id\":\"https:\\\/\\\/www.manabi.gob.ec\\\/index.php\\\/personal-tecnico-de-independiente-del-valle-comparte-sus-experiencias-y-saberes-con-el-equipo-de-entrenando-valores\\\/#primaryimage\"},\"thumbnailUrl\":\"https:\\\/\\\/www.manabi.gob.ec\\\/wp-content\\\/uploads\\\/2024\\\/04\\\/WhatsApp-Image-2024-04-25-at-4.09.33-PM.jpeg\",\"articleSection\":[\"Ambiente\",\"bicentenario\",\"Desarrollo Social\",\"Noticias\",\"Todas\"],\"inLanguage\":\"es\"},{\"@type\":\"WebPage\",\"@id\":\"https:\\\/\\\/www.manabi.gob.ec\\\/index.php\\\/personal-tecnico-de-independiente-del-valle-comparte-sus-experiencias-y-saberes-con-el-equipo-de-entrenando-valores\\\/\",\"url\":\"https:\\\/\\\/www.manabi.gob.ec\\\/index.php\\\/personal-tecnico-de-independiente-del-valle-comparte-sus-experiencias-y-saberes-con-el-equipo-de-entrenando-valores\\\/\",\"name\":\"Personal t\u00e9cnico de Independiente del Valle comparte sus experiencias y saberes con el equipo de Entrenando Valores - Prefectura de Manab\u00ed\",\"isPartOf\":{\"@id\":\"https:\\\/\\\/www.manabi.gob.ec\\\/#website\"},\"primaryImageOfPage\":{\"@id\":\"https:\\\/\\\/www.manabi.gob.ec\\\/index.php\\\/personal-tecnico-de-independiente-del-valle-comparte-sus-experiencias-y-saberes-con-el-equipo-de-entrenando-valores\\\/#primaryimage\"},\"image\":{\"@id\":\"https:\\\/\\\/www.manabi.gob.ec\\\/index.php\\\/personal-tecnico-de-independiente-del-valle-comparte-sus-experiencias-y-saberes-con-el-equipo-de-entrenando-valores\\\/#primaryimage\"},\"thumbnailUrl\":\"https:\\\/\\\/www.manabi.gob.ec\\\/wp-content\\\/uploads\\\/2024\\\/04\\\/WhatsApp-Image-2024-04-25-at-4.09.33-PM.jpeg\",\"datePublished\":\"2024-04-25T21:16:00+00:00\",\"dateModified\":\"2024-04-25T21:16:05+00:00\",\"author\":{\"@id\":\"https:\\\/\\\/www.manabi.gob.ec\\\/#\\\/schema\\\/person\\\/c4f117989332ad723a6ced5994aa7d7a\"},\"breadcrumb\":{\"@id\":\"https:\\\/\\\/www.manabi.gob.ec\\\/index.php\\\/personal-tecnico-de-independiente-del-valle-comparte-sus-experiencias-y-saberes-con-el-equipo-de-entrenando-valores\\\/#breadcrumb\"},\"inLanguage\":\"es\",\"potentialAction\":[{\"@type\":\"ReadAction\",\"target\":[\"https:\\\/\\\/www.manabi.gob.ec\\\/index.php\\\/personal-tecnico-de-independiente-del-valle-comparte-sus-experiencias-y-saberes-con-el-equipo-de-entrenando-valores\\\/\"]}]},{\"@type\":\"ImageObject\",\"inLanguage\":\"es\",\"@id\":\"https:\\\/\\\/www.manabi.gob.ec\\\/index.php\\\/personal-tecnico-de-independiente-del-valle-comparte-sus-experiencias-y-saberes-con-el-equipo-de-entrenando-valores\\\/#primaryimage\",\"url\":\"https:\\\/\\\/www.manabi.gob.ec\\\/wp-content\\\/uploads\\\/2024\\\/04\\\/WhatsApp-Image-2024-04-25-at-4.09.33-PM.jpeg\",\"contentUrl\":\"https:\\\/\\\/www.manabi.gob.ec\\\/wp-content\\\/uploads\\\/2024\\\/04\\\/WhatsApp-Image-2024-04-25-at-4.09.33-PM.jpeg\",\"width\":1600,\"height\":1066},{\"@type\":\"BreadcrumbList\",\"@id\":\"https:\\\/\\\/www.manabi.gob.ec\\\/index.php\\\/personal-tecnico-de-independiente-del-valle-comparte-sus-experiencias-y-saberes-con-el-equipo-de-entrenando-valores\\\/#breadcrumb\",\"itemListElement\":[{\"@type\":\"ListItem\",\"position\":1,\"name\":\"Portada\",\"item\":\"https:\\\/\\\/www.manabi.gob.ec\\\/\"},{\"@type\":\"ListItem\",\"position\":2,\"name\":\"Personal t\u00e9cnico de Independiente del Valle comparte sus experiencias y saberes con el equipo de Entrenando Valores\"}]},{\"@type\":\"WebSite\",\"@id\":\"https:\\\/\\\/www.manabi.gob.ec\\\/#website\",\"url\":\"https:\\\/\\\/www.manabi.gob.ec\\\/\",\"name\":\"Prefectura de Manab\u00ed\",\"description\":\"P\u00e1gina web de la prefectura\",\"potentialAction\":[{\"@type\":\"SearchAction\",\"target\":{\"@type\":\"EntryPoint\",\"urlTemplate\":\"https:\\\/\\\/www.manabi.gob.ec\\\/?s={search_term_string}\"},\"query-input\":{\"@type\":\"PropertyValueSpecification\",\"valueRequired\":true,\"valueName\":\"search_term_string\"}}],\"inLanguage\":\"es\"},{\"@type\":\"Person\",\"@id\":\"https:\\\/\\\/www.manabi.gob.ec\\\/#\\\/schema\\\/person\\\/c4f117989332ad723a6ced5994aa7d7a\",\"name\":\"Lui Ochoa\",\"image\":{\"@type\":\"ImageObject\",\"inLanguage\":\"es\",\"@id\":\"https:\\\/\\\/secure.gravatar.com\\\/avatar\\\/6e8017d0fe69dead8a95864d2eb6e1e1d8bf8e01194ba49cf7b897ff038126ba?s=96&d=mm&r=g\",\"url\":\"https:\\\/\\\/secure.gravatar.com\\\/avatar\\\/6e8017d0fe69dead8a95864d2eb6e1e1d8bf8e01194ba49cf7b897ff038126ba?s=96&d=mm&r=g\",\"contentUrl\":\"https:\\\/\\\/secure.gravatar.com\\\/avatar\\\/6e8017d0fe69dead8a95864d2eb6e1e1d8bf8e01194ba49cf7b897ff038126ba?s=96&d=mm&r=g\",\"caption\":\"Lui Ochoa\"},\"url\":\"https:\\\/\\\/www.manabi.gob.ec\\\/index.php\\\/author\\\/lochoa\\\/\"}]}<\/script>\n<!-- \/ Yoast SEO plugin. -->","yoast_head_json":{"title":"Personal t\u00e9cnico de Independiente del Valle comparte sus experiencias y saberes con el equipo de Entrenando Valores - Prefectura de Manab\u00ed","robots":{"index":"index","follow":"follow","max-snippet":"max-snippet:-1","max-image-preview":"max-image-preview:large","max-video-preview":"max-video-preview:-1"},"canonical":"https:\/\/www.manabi.gob.ec\/index.php\/personal-tecnico-de-independiente-del-valle-comparte-sus-experiencias-y-saberes-con-el-equipo-de-entrenando-valores\/","og_locale":"es_ES","og_type":"article","og_title":"Personal t\u00e9cnico de Independiente del Valle comparte sus experiencias y saberes con el equipo de Entrenando Valores - Prefectura de Manab\u00ed","og_description":"Este jueves, 25 de abril, se desarroll\u00f3 la primera capacitaci\u00f3n presencial del Club Deportivo Independiente del Valle (IDV) a los entrenadores, asistentes y supervisores del proyecto deportivo y recreativo Entrenando Valores, en el marco del convenio de cooperaci\u00f3n que mantiene la Prefectura de Manab\u00ed con IDV. La capacitaci\u00f3n estuvo a cargo de Andoni Bomb\u00edn, jefe [&hellip;]","og_url":"https:\/\/www.manabi.gob.ec\/index.php\/personal-tecnico-de-independiente-del-valle-comparte-sus-experiencias-y-saberes-con-el-equipo-de-entrenando-valores\/","og_site_name":"Prefectura de Manab\u00ed","article_published_time":"2024-04-25T21:16:00+00:00","article_modified_time":"2024-04-25T21:16:05+00:00","og_image":[{"width":1600,"height":1066,"url":"https:\/\/www.manabi.gob.ec\/wp-content\/uploads\/2024\/04\/WhatsApp-Image-2024-04-25-at-4.09.33-PM.jpeg","type":"image\/jpeg"}],"author":"Lui Ochoa","twitter_card":"summary_large_image","twitter_misc":{"Escrito por":"Lui Ochoa","Tiempo de lectura":"2 minutos"},"schema":{"@context":"https:\/\/schema.org","@graph":[{"@type":"Article","@id":"https:\/\/www.manabi.gob.ec\/index.php\/personal-tecnico-de-independiente-del-valle-comparte-sus-experiencias-y-saberes-con-el-equipo-de-entrenando-valores\/#article","isPartOf":{"@id":"https:\/\/www.manabi.gob.ec\/index.php\/personal-tecnico-de-independiente-del-valle-comparte-sus-experiencias-y-saberes-con-el-equipo-de-entrenando-valores\/"},"author":{"name":"Lui Ochoa","@id":"https:\/\/www.manabi.gob.ec\/#\/schema\/person\/c4f117989332ad723a6ced5994aa7d7a"},"headline":"Personal t\u00e9cnico de Independiente del Valle comparte sus experiencias y saberes con el equipo de Entrenando Valores","datePublished":"2024-04-25T21:16:00+00:00","dateModified":"2024-04-25T21:16:05+00:00","mainEntityOfPage":{"@id":"https:\/\/www.manabi.gob.ec\/index.php\/personal-tecnico-de-independiente-del-valle-comparte-sus-experiencias-y-saberes-con-el-equipo-de-entrenando-valores\/"},"wordCount":211,"image":{"@id":"https:\/\/www.manabi.gob.ec\/index.php\/personal-tecnico-de-independiente-del-valle-comparte-sus-experiencias-y-saberes-con-el-equipo-de-entrenando-valores\/#primaryimage"},"thumbnailUrl":"https:\/\/www.manabi.gob.ec\/wp-content\/uploads\/2024\/04\/WhatsApp-Image-2024-04-25-at-4.09.33-PM.jpeg","articleSection":["Ambiente","bicentenario","Desarrollo Social","Noticias","Todas"],"inLanguage":"es"},{"@type":"WebPage","@id":"https:\/\/www.manabi.gob.ec\/index.php\/personal-tecnico-de-independiente-del-valle-comparte-sus-experiencias-y-saberes-con-el-equipo-de-entrenando-valores\/","url":"https:\/\/www.manabi.gob.ec\/index.php\/personal-tecnico-de-independiente-del-valle-comparte-sus-experiencias-y-saberes-con-el-equipo-de-entrenando-valores\/","name":"Personal t\u00e9cnico de Independiente del Valle comparte sus experiencias y saberes con el equipo de Entrenando Valores - Prefectura de Manab\u00ed","isPartOf":{"@id":"https:\/\/www.manabi.gob.ec\/#website"},"primaryImageOfPage":{"@id":"https:\/\/www.manabi.gob.ec\/index.php\/personal-tecnico-de-independiente-del-valle-comparte-sus-experiencias-y-saberes-con-el-equipo-de-entrenando-valores\/#primaryimage"},"image":{"@id":"https:\/\/www.manabi.gob.ec\/index.php\/personal-tecnico-de-independiente-del-valle-comparte-sus-experiencias-y-saberes-con-el-equipo-de-entrenando-valores\/#primaryimage"},"thumbnailUrl":"https:\/\/www.manabi.gob.ec\/wp-content\/uploads\/2024\/04\/WhatsApp-Image-2024-04-25-at-4.09.33-PM.jpeg","datePublished":"2024-04-25T21:16:00+00:00","dateModified":"2024-04-25T21:16:05+00:00","author":{"@id":"https:\/\/www.manabi.gob.ec\/#\/schema\/person\/c4f117989332ad723a6ced5994aa7d7a"},"breadcrumb":{"@id":"https:\/\/www.manabi.gob.ec\/index.php\/personal-tecnico-de-independiente-del-valle-comparte-sus-experiencias-y-saberes-con-el-equipo-de-entrenando-valores\/#breadcrumb"},"inLanguage":"es","potentialAction":[{"@type":"ReadAction","target":["https:\/\/www.manabi.gob.ec\/index.php\/personal-tecnico-de-independiente-del-valle-comparte-sus-experiencias-y-saberes-con-el-equipo-de-entrenando-valores\/"]}]},{"@type":"ImageObject","inLanguage":"es","@id":"https:\/\/www.manabi.gob.ec\/index.php\/personal-tecnico-de-independiente-del-valle-comparte-sus-experiencias-y-saberes-con-el-equipo-de-entrenando-valores\/#primaryimage","url":"https:\/\/www.manabi.gob.ec\/wp-content\/uploads\/2024\/04\/WhatsApp-Image-2024-04-25-at-4.09.33-PM.jpeg","contentUrl":"https:\/\/www.manabi.gob.ec\/wp-content\/uploads\/2024\/04\/WhatsApp-Image-2024-04-25-at-4.09.33-PM.jpeg","width":1600,"height":1066},{"@type":"BreadcrumbList","@id":"https:\/\/www.manabi.gob.ec\/index.php\/personal-tecnico-de-independiente-del-valle-comparte-sus-experiencias-y-saberes-con-el-equipo-de-entrenando-valores\/#breadcrumb","itemListElement":[{"@type":"ListItem","position":1,"name":"Portada","item":"https:\/\/www.manabi.gob.ec\/"},{"@type":"ListItem","position":2,"name":"Personal t\u00e9cnico de Independiente del Valle comparte sus experiencias y saberes con el equipo de Entrenando Valores"}]},{"@type":"WebSite","@id":"https:\/\/www.manabi.gob.ec\/#website","url":"https:\/\/www.manabi.gob.ec\/","name":"Prefectura de Manab\u00ed","description":"P\u00e1gina web de la prefectura","potentialAction":[{"@type":"SearchAction","target":{"@type":"EntryPoint","urlTemplate":"https:\/\/www.manabi.gob.ec\/?s={search_term_string}"},"query-input":{"@type":"PropertyValueSpecification","valueRequired":true,"valueName":"search_term_string"}}],"inLanguage":"es"},{"@type":"Person","@id":"https:\/\/www.manabi.gob.ec\/#\/schema\/person\/c4f117989332ad723a6ced5994aa7d7a","name":"Lui Ochoa","image":{"@type":"ImageObject","inLanguage":"es","@id":"https:\/\/secure.gravatar.com\/avatar\/6e8017d0fe69dead8a95864d2eb6e1e1d8bf8e01194ba49cf7b897ff038126ba?s=96&d=mm&r=g","url":"https:\/\/secure.gravatar.com\/avatar\/6e8017d0fe69dead8a95864d2eb6e1e1d8bf8e01194ba49cf7b897ff038126ba?s=96&d=mm&r=g","contentUrl":"https:\/\/secure.gravatar.com\/avatar\/6e8017d0fe69dead8a95864d2eb6e1e1d8bf8e01194ba49cf7b897ff038126ba?s=96&d=mm&r=g","caption":"Lui Ochoa"},"url":"https:\/\/www.manabi.gob.ec\/index.php\/author\/lochoa\/"}]}},"jetpack_featured_media_url":"https:\/\/www.manabi.gob.ec\/wp-content\/uploads\/2024\/04\/WhatsApp-Image-2024-04-25-at-4.09.33-PM.jpeg","_links":{"self":[{"href":"https:\/\/www.manabi.gob.ec\/index.php\/wp-json\/wp\/v2\/posts\/27709","targetHints":{"allow":["GET"]}}],"collection":[{"href":"https:\/\/www.manabi.gob.ec\/index.php\/wp-json\/wp\/v2\/posts"}],"about":[{"href":"https:\/\/www.manabi.gob.ec\/index.php\/wp-json\/wp\/v2\/types\/post"}],"author":[{"embeddable":true,"href":"https:\/\/www.manabi.gob.ec\/index.php\/wp-json\/wp\/v2\/users\/10"}],"replies":[{"embeddable":true,"href":"https:\/\/www.manabi.gob.ec\/index.php\/wp-json\/wp\/v2\/comments?post=27709"}],"version-history":[{"count":1,"href":"https:\/\/www.manabi.gob.ec\/index.php\/wp-json\/wp\/v2\/posts\/27709\/revisions"}],"predecessor-version":[{"id":27711,"href":"https:\/\/www.manabi.gob.ec\/index.php\/wp-json\/wp\/v2\/posts\/27709\/revisions\/27711"}],"wp:featuredmedia":[{"embeddable":true,"href":"https:\/\/www.manabi.gob.ec\/index.php\/wp-json\/wp\/v2\/media\/27710"}],"wp:attachment":[{"href":"https:\/\/www.manabi.gob.ec\/index.php\/wp-json\/wp\/v2\/media?parent=27709"}],"wp:term":[{"taxonomy":"category","embeddable":true,"href":"https:\/\/www.manabi.gob.ec\/index.php\/wp-json\/wp\/v2\/categories?post=27709"},{"taxonomy":"post_tag","embeddable":true,"href":"https:\/\/www.manabi.gob.ec\/index.php\/wp-json\/wp\/v2\/tags?post=27709"}],"curies":[{"name":"wp","href":"https:\/\/api.w.org\/{rel}","templated":true}]}}