{"id":27757,"date":"2024-05-02T17:38:58","date_gmt":"2024-05-02T17:38:58","guid":{"rendered":"https:\/\/www.manabi.gob.ec\/?p=27757"},"modified":"2024-05-02T17:39:04","modified_gmt":"2024-05-02T17:39:04","slug":"prefecto-de-manabi-destaca-politica-integral-para-proteccion-de-la-infancia-ante-asamblea-nacional","status":"publish","type":"post","link":"https:\/\/www.manabi.gob.ec\/index.php\/prefecto-de-manabi-destaca-politica-integral-para-proteccion-de-la-infancia-ante-asamblea-nacional\/","title":{"rendered":"Prefecto de Manab\u00ed destaca pol\u00edtica integral para protecci\u00f3n de la infancia ante Asamblea Nacional"},"content":{"rendered":"\n<p>Este mi\u00e9rcoles 1 de mayo, el Prefecto de Manab\u00ed particip\u00f3 en una comparecencia ante la Comisi\u00f3n Especializada Permanente de Protecci\u00f3n Integral a Ni\u00f1as, Ni\u00f1os y Adolescentes de la Asamblea Nacional.<\/p>\n\n\n\n<p>Durante su intervenci\u00f3n, present\u00f3 el Programa Operaci\u00f3n Justicia Social que ejecuta la Prefectura de Manab\u00ed, as\u00ed c\u00f3mo las pol\u00edticas p\u00fablicas que se han generado en beneficio de los grupos de atenci\u00f3n prioritaria y Mujeres Victimas de Violencia de g\u00e9nero y sus familias, en la Provincia de Manab\u00ed.<\/p>\n\n\n\n<p>Desde la DDEH existen proyectos enfocados en la atenci\u00f3n integral que garantizan los derechos de las ni\u00f1as, ni\u00f1os y adolescentes, trabajando en la construcci\u00f3n de un Diagn\u00f3stico para la construcci\u00f3n del Plan de la Ni\u00f1ez y adolescencia con Unicef y el Consejo Intergeneracional de la Igualdad.<\/p>\n\n\n\n<p>Iniciativa que resalta el compromiso del prefecto Leonardo Orlando, con la provincia en garantizar el bienestar y desarrollo de una Infancia plena y segura, y de derechos, promoviendo acciones concretas para su promoci\u00f3n, protecci\u00f3n y empoderamiento.<\/p>\n\n\n\n<p>La presentaci\u00f3n de la propuesta a la Comisi\u00f3n, marca un importante paso hacia la consolidaci\u00f3n de estrategias efectivas para el cuidado y la promoci\u00f3n de los derechos de las ni\u00f1as, ni\u00f1os y adolescentes en la Provincia.<\/p>\n","protected":false},"excerpt":{"rendered":"<p>Este mi\u00e9rcoles 1 de mayo, el Prefecto de Manab\u00ed particip\u00f3 en una comparecencia ante la Comisi\u00f3n Especializada Permanente de Protecci\u00f3n Integral a Ni\u00f1as, Ni\u00f1os y Adolescentes de la Asamblea Nacional. Durante su intervenci\u00f3n, present\u00f3 el Programa Operaci\u00f3n Justicia Social que ejecuta la Prefectura de Manab\u00ed, as\u00ed c\u00f3mo las pol\u00edticas p\u00fablicas que se han generado en [&hellip;]<\/p>\n","protected":false},"author":10,"featured_media":27758,"comment_status":"closed","ping_status":"closed","sticky":false,"template":"","format":"standard","meta":{"_joinchat":[],"footnotes":""},"categories":[150,142,92,91],"tags":[],"class_list":["post-27757","post","type-post","status-publish","format-standard","has-post-thumbnail","hentry","category-ambiente","category-desarrollo-social","category-noticias-manabi","category-todas"],"yoast_head":"<!-- This site is optimized with the Yoast SEO plugin v27.4 - https:\/\/yoast.com\/product\/yoast-seo-wordpress\/ -->\n<title>Prefecto de Manab\u00ed destaca pol\u00edtica integral para protecci\u00f3n de la infancia ante Asamblea Nacional - Prefectura de Manab\u00ed<\/title>\n<meta name=\"robots\" content=\"index, follow, max-snippet:-1, max-image-preview:large, max-video-preview:-1\" \/>\n<link rel=\"canonical\" href=\"https:\/\/www.manabi.gob.ec\/index.php\/prefecto-de-manabi-destaca-politica-integral-para-proteccion-de-la-infancia-ante-asamblea-nacional\/\" \/>\n<meta property=\"og:locale\" content=\"es_ES\" \/>\n<meta property=\"og:type\" content=\"article\" \/>\n<meta property=\"og:title\" content=\"Prefecto de Manab\u00ed destaca pol\u00edtica integral para protecci\u00f3n de la infancia ante Asamblea Nacional - Prefectura de Manab\u00ed\" \/>\n<meta property=\"og:description\" content=\"Este mi\u00e9rcoles 1 de mayo, el Prefecto de Manab\u00ed particip\u00f3 en una comparecencia ante la Comisi\u00f3n Especializada Permanente de Protecci\u00f3n Integral a Ni\u00f1as, Ni\u00f1os y Adolescentes de la Asamblea Nacional. Durante su intervenci\u00f3n, present\u00f3 el Programa Operaci\u00f3n Justicia Social que ejecuta la Prefectura de Manab\u00ed, as\u00ed c\u00f3mo las pol\u00edticas p\u00fablicas que se han generado en [&hellip;]\" \/>\n<meta property=\"og:url\" content=\"https:\/\/www.manabi.gob.ec\/index.php\/prefecto-de-manabi-destaca-politica-integral-para-proteccion-de-la-infancia-ante-asamblea-nacional\/\" \/>\n<meta property=\"og:site_name\" content=\"Prefectura de Manab\u00ed\" \/>\n<meta property=\"article:published_time\" content=\"2024-05-02T17:38:58+00:00\" \/>\n<meta property=\"article:modified_time\" content=\"2024-05-02T17:39:04+00:00\" \/>\n<meta property=\"og:image\" content=\"https:\/\/www.manabi.gob.ec\/wp-content\/uploads\/2024\/05\/WhatsApp-Image-2024-05-02-at-8.47.45-AM.jpeg\" \/>\n\t<meta property=\"og:image:width\" content=\"1600\" \/>\n\t<meta property=\"og:image:height\" content=\"1066\" \/>\n\t<meta property=\"og:image:type\" content=\"image\/jpeg\" \/>\n<meta name=\"author\" content=\"Lui Ochoa\" \/>\n<meta name=\"twitter:card\" content=\"summary_large_image\" \/>\n<meta name=\"twitter:label1\" content=\"Escrito por\" \/>\n\t<meta name=\"twitter:data1\" content=\"Lui Ochoa\" \/>\n\t<meta name=\"twitter:label2\" content=\"Tiempo de lectura\" \/>\n\t<meta name=\"twitter:data2\" content=\"2 minutos\" \/>\n<script type=\"application\/ld+json\" class=\"yoast-schema-graph\">{\"@context\":\"https:\\\/\\\/schema.org\",\"@graph\":[{\"@type\":\"Article\",\"@id\":\"https:\\\/\\\/www.manabi.gob.ec\\\/index.php\\\/prefecto-de-manabi-destaca-politica-integral-para-proteccion-de-la-infancia-ante-asamblea-nacional\\\/#article\",\"isPartOf\":{\"@id\":\"https:\\\/\\\/www.manabi.gob.ec\\\/index.php\\\/prefecto-de-manabi-destaca-politica-integral-para-proteccion-de-la-infancia-ante-asamblea-nacional\\\/\"},\"author\":{\"name\":\"Lui Ochoa\",\"@id\":\"https:\\\/\\\/www.manabi.gob.ec\\\/#\\\/schema\\\/person\\\/c4f117989332ad723a6ced5994aa7d7a\"},\"headline\":\"Prefecto de Manab\u00ed destaca pol\u00edtica integral para protecci\u00f3n de la infancia ante Asamblea Nacional\",\"datePublished\":\"2024-05-02T17:38:58+00:00\",\"dateModified\":\"2024-05-02T17:39:04+00:00\",\"mainEntityOfPage\":{\"@id\":\"https:\\\/\\\/www.manabi.gob.ec\\\/index.php\\\/prefecto-de-manabi-destaca-politica-integral-para-proteccion-de-la-infancia-ante-asamblea-nacional\\\/\"},\"wordCount\":237,\"image\":{\"@id\":\"https:\\\/\\\/www.manabi.gob.ec\\\/index.php\\\/prefecto-de-manabi-destaca-politica-integral-para-proteccion-de-la-infancia-ante-asamblea-nacional\\\/#primaryimage\"},\"thumbnailUrl\":\"https:\\\/\\\/www.manabi.gob.ec\\\/wp-content\\\/uploads\\\/2024\\\/05\\\/WhatsApp-Image-2024-05-02-at-8.47.45-AM.jpeg\",\"articleSection\":[\"Ambiente\",\"Desarrollo Social\",\"Noticias\",\"Todas\"],\"inLanguage\":\"es\"},{\"@type\":\"WebPage\",\"@id\":\"https:\\\/\\\/www.manabi.gob.ec\\\/index.php\\\/prefecto-de-manabi-destaca-politica-integral-para-proteccion-de-la-infancia-ante-asamblea-nacional\\\/\",\"url\":\"https:\\\/\\\/www.manabi.gob.ec\\\/index.php\\\/prefecto-de-manabi-destaca-politica-integral-para-proteccion-de-la-infancia-ante-asamblea-nacional\\\/\",\"name\":\"Prefecto de Manab\u00ed destaca pol\u00edtica integral para protecci\u00f3n de la infancia ante Asamblea Nacional - Prefectura de Manab\u00ed\",\"isPartOf\":{\"@id\":\"https:\\\/\\\/www.manabi.gob.ec\\\/#website\"},\"primaryImageOfPage\":{\"@id\":\"https:\\\/\\\/www.manabi.gob.ec\\\/index.php\\\/prefecto-de-manabi-destaca-politica-integral-para-proteccion-de-la-infancia-ante-asamblea-nacional\\\/#primaryimage\"},\"image\":{\"@id\":\"https:\\\/\\\/www.manabi.gob.ec\\\/index.php\\\/prefecto-de-manabi-destaca-politica-integral-para-proteccion-de-la-infancia-ante-asamblea-nacional\\\/#primaryimage\"},\"thumbnailUrl\":\"https:\\\/\\\/www.manabi.gob.ec\\\/wp-content\\\/uploads\\\/2024\\\/05\\\/WhatsApp-Image-2024-05-02-at-8.47.45-AM.jpeg\",\"datePublished\":\"2024-05-02T17:38:58+00:00\",\"dateModified\":\"2024-05-02T17:39:04+00:00\",\"author\":{\"@id\":\"https:\\\/\\\/www.manabi.gob.ec\\\/#\\\/schema\\\/person\\\/c4f117989332ad723a6ced5994aa7d7a\"},\"breadcrumb\":{\"@id\":\"https:\\\/\\\/www.manabi.gob.ec\\\/index.php\\\/prefecto-de-manabi-destaca-politica-integral-para-proteccion-de-la-infancia-ante-asamblea-nacional\\\/#breadcrumb\"},\"inLanguage\":\"es\",\"potentialAction\":[{\"@type\":\"ReadAction\",\"target\":[\"https:\\\/\\\/www.manabi.gob.ec\\\/index.php\\\/prefecto-de-manabi-destaca-politica-integral-para-proteccion-de-la-infancia-ante-asamblea-nacional\\\/\"]}]},{\"@type\":\"ImageObject\",\"inLanguage\":\"es\",\"@id\":\"https:\\\/\\\/www.manabi.gob.ec\\\/index.php\\\/prefecto-de-manabi-destaca-politica-integral-para-proteccion-de-la-infancia-ante-asamblea-nacional\\\/#primaryimage\",\"url\":\"https:\\\/\\\/www.manabi.gob.ec\\\/wp-content\\\/uploads\\\/2024\\\/05\\\/WhatsApp-Image-2024-05-02-at-8.47.45-AM.jpeg\",\"contentUrl\":\"https:\\\/\\\/www.manabi.gob.ec\\\/wp-content\\\/uploads\\\/2024\\\/05\\\/WhatsApp-Image-2024-05-02-at-8.47.45-AM.jpeg\",\"width\":1600,\"height\":1066},{\"@type\":\"BreadcrumbList\",\"@id\":\"https:\\\/\\\/www.manabi.gob.ec\\\/index.php\\\/prefecto-de-manabi-destaca-politica-integral-para-proteccion-de-la-infancia-ante-asamblea-nacional\\\/#breadcrumb\",\"itemListElement\":[{\"@type\":\"ListItem\",\"position\":1,\"name\":\"Portada\",\"item\":\"https:\\\/\\\/www.manabi.gob.ec\\\/\"},{\"@type\":\"ListItem\",\"position\":2,\"name\":\"Prefecto de Manab\u00ed destaca pol\u00edtica integral para protecci\u00f3n de la infancia ante Asamblea Nacional\"}]},{\"@type\":\"WebSite\",\"@id\":\"https:\\\/\\\/www.manabi.gob.ec\\\/#website\",\"url\":\"https:\\\/\\\/www.manabi.gob.ec\\\/\",\"name\":\"Prefectura de Manab\u00ed\",\"description\":\"P\u00e1gina web de la prefectura\",\"potentialAction\":[{\"@type\":\"SearchAction\",\"target\":{\"@type\":\"EntryPoint\",\"urlTemplate\":\"https:\\\/\\\/www.manabi.gob.ec\\\/?s={search_term_string}\"},\"query-input\":{\"@type\":\"PropertyValueSpecification\",\"valueRequired\":true,\"valueName\":\"search_term_string\"}}],\"inLanguage\":\"es\"},{\"@type\":\"Person\",\"@id\":\"https:\\\/\\\/www.manabi.gob.ec\\\/#\\\/schema\\\/person\\\/c4f117989332ad723a6ced5994aa7d7a\",\"name\":\"Lui Ochoa\",\"image\":{\"@type\":\"ImageObject\",\"inLanguage\":\"es\",\"@id\":\"https:\\\/\\\/secure.gravatar.com\\\/avatar\\\/6e8017d0fe69dead8a95864d2eb6e1e1d8bf8e01194ba49cf7b897ff038126ba?s=96&d=mm&r=g\",\"url\":\"https:\\\/\\\/secure.gravatar.com\\\/avatar\\\/6e8017d0fe69dead8a95864d2eb6e1e1d8bf8e01194ba49cf7b897ff038126ba?s=96&d=mm&r=g\",\"contentUrl\":\"https:\\\/\\\/secure.gravatar.com\\\/avatar\\\/6e8017d0fe69dead8a95864d2eb6e1e1d8bf8e01194ba49cf7b897ff038126ba?s=96&d=mm&r=g\",\"caption\":\"Lui Ochoa\"},\"url\":\"https:\\\/\\\/www.manabi.gob.ec\\\/index.php\\\/author\\\/lochoa\\\/\"}]}<\/script>\n<!-- \/ Yoast SEO plugin. -->","yoast_head_json":{"title":"Prefecto de Manab\u00ed destaca pol\u00edtica integral para protecci\u00f3n de la infancia ante Asamblea Nacional - Prefectura de Manab\u00ed","robots":{"index":"index","follow":"follow","max-snippet":"max-snippet:-1","max-image-preview":"max-image-preview:large","max-video-preview":"max-video-preview:-1"},"canonical":"https:\/\/www.manabi.gob.ec\/index.php\/prefecto-de-manabi-destaca-politica-integral-para-proteccion-de-la-infancia-ante-asamblea-nacional\/","og_locale":"es_ES","og_type":"article","og_title":"Prefecto de Manab\u00ed destaca pol\u00edtica integral para protecci\u00f3n de la infancia ante Asamblea Nacional - Prefectura de Manab\u00ed","og_description":"Este mi\u00e9rcoles 1 de mayo, el Prefecto de Manab\u00ed particip\u00f3 en una comparecencia ante la Comisi\u00f3n Especializada Permanente de Protecci\u00f3n Integral a Ni\u00f1as, Ni\u00f1os y Adolescentes de la Asamblea Nacional. Durante su intervenci\u00f3n, present\u00f3 el Programa Operaci\u00f3n Justicia Social que ejecuta la Prefectura de Manab\u00ed, as\u00ed c\u00f3mo las pol\u00edticas p\u00fablicas que se han generado en [&hellip;]","og_url":"https:\/\/www.manabi.gob.ec\/index.php\/prefecto-de-manabi-destaca-politica-integral-para-proteccion-de-la-infancia-ante-asamblea-nacional\/","og_site_name":"Prefectura de Manab\u00ed","article_published_time":"2024-05-02T17:38:58+00:00","article_modified_time":"2024-05-02T17:39:04+00:00","og_image":[{"width":1600,"height":1066,"url":"https:\/\/www.manabi.gob.ec\/wp-content\/uploads\/2024\/05\/WhatsApp-Image-2024-05-02-at-8.47.45-AM.jpeg","type":"image\/jpeg"}],"author":"Lui Ochoa","twitter_card":"summary_large_image","twitter_misc":{"Escrito por":"Lui Ochoa","Tiempo de lectura":"2 minutos"},"schema":{"@context":"https:\/\/schema.org","@graph":[{"@type":"Article","@id":"https:\/\/www.manabi.gob.ec\/index.php\/prefecto-de-manabi-destaca-politica-integral-para-proteccion-de-la-infancia-ante-asamblea-nacional\/#article","isPartOf":{"@id":"https:\/\/www.manabi.gob.ec\/index.php\/prefecto-de-manabi-destaca-politica-integral-para-proteccion-de-la-infancia-ante-asamblea-nacional\/"},"author":{"name":"Lui Ochoa","@id":"https:\/\/www.manabi.gob.ec\/#\/schema\/person\/c4f117989332ad723a6ced5994aa7d7a"},"headline":"Prefecto de Manab\u00ed destaca pol\u00edtica integral para protecci\u00f3n de la infancia ante Asamblea Nacional","datePublished":"2024-05-02T17:38:58+00:00","dateModified":"2024-05-02T17:39:04+00:00","mainEntityOfPage":{"@id":"https:\/\/www.manabi.gob.ec\/index.php\/prefecto-de-manabi-destaca-politica-integral-para-proteccion-de-la-infancia-ante-asamblea-nacional\/"},"wordCount":237,"image":{"@id":"https:\/\/www.manabi.gob.ec\/index.php\/prefecto-de-manabi-destaca-politica-integral-para-proteccion-de-la-infancia-ante-asamblea-nacional\/#primaryimage"},"thumbnailUrl":"https:\/\/www.manabi.gob.ec\/wp-content\/uploads\/2024\/05\/WhatsApp-Image-2024-05-02-at-8.47.45-AM.jpeg","articleSection":["Ambiente","Desarrollo Social","Noticias","Todas"],"inLanguage":"es"},{"@type":"WebPage","@id":"https:\/\/www.manabi.gob.ec\/index.php\/prefecto-de-manabi-destaca-politica-integral-para-proteccion-de-la-infancia-ante-asamblea-nacional\/","url":"https:\/\/www.manabi.gob.ec\/index.php\/prefecto-de-manabi-destaca-politica-integral-para-proteccion-de-la-infancia-ante-asamblea-nacional\/","name":"Prefecto de Manab\u00ed destaca pol\u00edtica integral para protecci\u00f3n de la infancia ante Asamblea Nacional - Prefectura de Manab\u00ed","isPartOf":{"@id":"https:\/\/www.manabi.gob.ec\/#website"},"primaryImageOfPage":{"@id":"https:\/\/www.manabi.gob.ec\/index.php\/prefecto-de-manabi-destaca-politica-integral-para-proteccion-de-la-infancia-ante-asamblea-nacional\/#primaryimage"},"image":{"@id":"https:\/\/www.manabi.gob.ec\/index.php\/prefecto-de-manabi-destaca-politica-integral-para-proteccion-de-la-infancia-ante-asamblea-nacional\/#primaryimage"},"thumbnailUrl":"https:\/\/www.manabi.gob.ec\/wp-content\/uploads\/2024\/05\/WhatsApp-Image-2024-05-02-at-8.47.45-AM.jpeg","datePublished":"2024-05-02T17:38:58+00:00","dateModified":"2024-05-02T17:39:04+00:00","author":{"@id":"https:\/\/www.manabi.gob.ec\/#\/schema\/person\/c4f117989332ad723a6ced5994aa7d7a"},"breadcrumb":{"@id":"https:\/\/www.manabi.gob.ec\/index.php\/prefecto-de-manabi-destaca-politica-integral-para-proteccion-de-la-infancia-ante-asamblea-nacional\/#breadcrumb"},"inLanguage":"es","potentialAction":[{"@type":"ReadAction","target":["https:\/\/www.manabi.gob.ec\/index.php\/prefecto-de-manabi-destaca-politica-integral-para-proteccion-de-la-infancia-ante-asamblea-nacional\/"]}]},{"@type":"ImageObject","inLanguage":"es","@id":"https:\/\/www.manabi.gob.ec\/index.php\/prefecto-de-manabi-destaca-politica-integral-para-proteccion-de-la-infancia-ante-asamblea-nacional\/#primaryimage","url":"https:\/\/www.manabi.gob.ec\/wp-content\/uploads\/2024\/05\/WhatsApp-Image-2024-05-02-at-8.47.45-AM.jpeg","contentUrl":"https:\/\/www.manabi.gob.ec\/wp-content\/uploads\/2024\/05\/WhatsApp-Image-2024-05-02-at-8.47.45-AM.jpeg","width":1600,"height":1066},{"@type":"BreadcrumbList","@id":"https:\/\/www.manabi.gob.ec\/index.php\/prefecto-de-manabi-destaca-politica-integral-para-proteccion-de-la-infancia-ante-asamblea-nacional\/#breadcrumb","itemListElement":[{"@type":"ListItem","position":1,"name":"Portada","item":"https:\/\/www.manabi.gob.ec\/"},{"@type":"ListItem","position":2,"name":"Prefecto de Manab\u00ed destaca pol\u00edtica integral para protecci\u00f3n de la infancia ante Asamblea Nacional"}]},{"@type":"WebSite","@id":"https:\/\/www.manabi.gob.ec\/#website","url":"https:\/\/www.manabi.gob.ec\/","name":"Prefectura de Manab\u00ed","description":"P\u00e1gina web de la prefectura","potentialAction":[{"@type":"SearchAction","target":{"@type":"EntryPoint","urlTemplate":"https:\/\/www.manabi.gob.ec\/?s={search_term_string}"},"query-input":{"@type":"PropertyValueSpecification","valueRequired":true,"valueName":"search_term_string"}}],"inLanguage":"es"},{"@type":"Person","@id":"https:\/\/www.manabi.gob.ec\/#\/schema\/person\/c4f117989332ad723a6ced5994aa7d7a","name":"Lui Ochoa","image":{"@type":"ImageObject","inLanguage":"es","@id":"https:\/\/secure.gravatar.com\/avatar\/6e8017d0fe69dead8a95864d2eb6e1e1d8bf8e01194ba49cf7b897ff038126ba?s=96&d=mm&r=g","url":"https:\/\/secure.gravatar.com\/avatar\/6e8017d0fe69dead8a95864d2eb6e1e1d8bf8e01194ba49cf7b897ff038126ba?s=96&d=mm&r=g","contentUrl":"https:\/\/secure.gravatar.com\/avatar\/6e8017d0fe69dead8a95864d2eb6e1e1d8bf8e01194ba49cf7b897ff038126ba?s=96&d=mm&r=g","caption":"Lui Ochoa"},"url":"https:\/\/www.manabi.gob.ec\/index.php\/author\/lochoa\/"}]}},"jetpack_featured_media_url":"https:\/\/www.manabi.gob.ec\/wp-content\/uploads\/2024\/05\/WhatsApp-Image-2024-05-02-at-8.47.45-AM.jpeg","_links":{"self":[{"href":"https:\/\/www.manabi.gob.ec\/index.php\/wp-json\/wp\/v2\/posts\/27757","targetHints":{"allow":["GET"]}}],"collection":[{"href":"https:\/\/www.manabi.gob.ec\/index.php\/wp-json\/wp\/v2\/posts"}],"about":[{"href":"https:\/\/www.manabi.gob.ec\/index.php\/wp-json\/wp\/v2\/types\/post"}],"author":[{"embeddable":true,"href":"https:\/\/www.manabi.gob.ec\/index.php\/wp-json\/wp\/v2\/users\/10"}],"replies":[{"embeddable":true,"href":"https:\/\/www.manabi.gob.ec\/index.php\/wp-json\/wp\/v2\/comments?post=27757"}],"version-history":[{"count":1,"href":"https:\/\/www.manabi.gob.ec\/index.php\/wp-json\/wp\/v2\/posts\/27757\/revisions"}],"predecessor-version":[{"id":27759,"href":"https:\/\/www.manabi.gob.ec\/index.php\/wp-json\/wp\/v2\/posts\/27757\/revisions\/27759"}],"wp:featuredmedia":[{"embeddable":true,"href":"https:\/\/www.manabi.gob.ec\/index.php\/wp-json\/wp\/v2\/media\/27758"}],"wp:attachment":[{"href":"https:\/\/www.manabi.gob.ec\/index.php\/wp-json\/wp\/v2\/media?parent=27757"}],"wp:term":[{"taxonomy":"category","embeddable":true,"href":"https:\/\/www.manabi.gob.ec\/index.php\/wp-json\/wp\/v2\/categories?post=27757"},{"taxonomy":"post_tag","embeddable":true,"href":"https:\/\/www.manabi.gob.ec\/index.php\/wp-json\/wp\/v2\/tags?post=27757"}],"curies":[{"name":"wp","href":"https:\/\/api.w.org\/{rel}","templated":true}]}}