{"id":27785,"date":"2024-05-08T16:27:53","date_gmt":"2024-05-08T16:27:53","guid":{"rendered":"https:\/\/www.manabi.gob.ec\/?p=27785"},"modified":"2024-05-08T16:27:58","modified_gmt":"2024-05-08T16:27:58","slug":"la-prefectura-trabaja-en-el-mantenimiento-a-la-via-lodana-sucre","status":"publish","type":"post","link":"https:\/\/www.manabi.gob.ec\/index.php\/la-prefectura-trabaja-en-el-mantenimiento-a-la-via-lodana-sucre\/","title":{"rendered":"La Prefectura trabaja en el mantenimiento a la v\u00eda Lodana-Sucre"},"content":{"rendered":"\n<p>Dos equipos de bacheo avanzan con el mantenimiento que est\u00e1 ejecutando la Prefectura de Manab\u00ed a lo largo de la v\u00eda Lodana-Sucre, de 13.5 kil\u00f3metros de longitud. Esta arteria es la principal v\u00eda de integraci\u00f3n entre los cantones Santa Ana y 24 de Mayo.<\/p>\n\n\n\n<p>Los trabajos incluyen bacheo mayor y menor. Los mismos iniciaron hace una semana y, seg\u00fan los t\u00e9cnicos a cargo de la obra, las labores concluir\u00e1n el pr\u00f3ximo viernes.<\/p>\n\n\n\n<p>Moradores y transportistas manifestaron estar contentos con esta intervenci\u00f3n de la Prefectura de Manab\u00ed, ya que se trata de una v\u00eda muy importante para la movilizaci\u00f3n de las personas, el comercio y otras actividades productivas de Santa Ana y 24 de Mayo.<\/p>\n\n\n\n<p>L\u00edmber \u00c1lava, conductor de un bus de transporte intercantonal, dijo que es muy importante lo que est\u00e1 haciendo la Prefectura \u201cya que esta es una arteria principal que conecta a dos cantones y la verdad que la situaci\u00f3n se estaba poniendo complicada por los baches\u201d.<\/p>\n\n\n\n<p>\u201cAhora, gracias al Prefecto que se acord\u00f3 de nosotros y se le est\u00e1 dando mantenimiento a esta v\u00eda. Es un alivio para nosotros como transportistas y para los usuarios mismos que se sienten m\u00e1s seguros\u201d, concluy\u00f3.<\/p>\n","protected":false},"excerpt":{"rendered":"<p>Dos equipos de bacheo avanzan con el mantenimiento que est\u00e1 ejecutando la Prefectura de Manab\u00ed a lo largo de la v\u00eda Lodana-Sucre, de 13.5 kil\u00f3metros de longitud. Esta arteria es la principal v\u00eda de integraci\u00f3n entre los cantones Santa Ana y 24 de Mayo. Los trabajos incluyen bacheo mayor y menor. Los mismos iniciaron hace [&hellip;]<\/p>\n","protected":false},"author":10,"featured_media":27786,"comment_status":"closed","ping_status":"closed","sticky":false,"template":"","format":"standard","meta":{"_joinchat":[],"footnotes":""},"categories":[138,142,170,92,91,127],"tags":[],"class_list":["post-27785","post","type-post","status-publish","format-standard","has-post-thumbnail","hentry","category-24-de-mayo","category-desarrollo-social","category-manabi-vial","category-noticias-manabi","category-todas","category-vialidad"],"yoast_head":"<!-- This site is optimized with the Yoast SEO plugin v27.4 - https:\/\/yoast.com\/product\/yoast-seo-wordpress\/ -->\n<title>La Prefectura trabaja en el mantenimiento a la v\u00eda Lodana-Sucre - Prefectura de Manab\u00ed<\/title>\n<meta name=\"robots\" content=\"index, follow, max-snippet:-1, max-image-preview:large, max-video-preview:-1\" \/>\n<link rel=\"canonical\" href=\"https:\/\/www.manabi.gob.ec\/index.php\/la-prefectura-trabaja-en-el-mantenimiento-a-la-via-lodana-sucre\/\" \/>\n<meta property=\"og:locale\" content=\"es_ES\" \/>\n<meta property=\"og:type\" content=\"article\" \/>\n<meta property=\"og:title\" content=\"La Prefectura trabaja en el mantenimiento a la v\u00eda Lodana-Sucre - Prefectura de Manab\u00ed\" \/>\n<meta property=\"og:description\" content=\"Dos equipos de bacheo avanzan con el mantenimiento que est\u00e1 ejecutando la Prefectura de Manab\u00ed a lo largo de la v\u00eda Lodana-Sucre, de 13.5 kil\u00f3metros de longitud. Esta arteria es la principal v\u00eda de integraci\u00f3n entre los cantones Santa Ana y 24 de Mayo. Los trabajos incluyen bacheo mayor y menor. Los mismos iniciaron hace [&hellip;]\" \/>\n<meta property=\"og:url\" content=\"https:\/\/www.manabi.gob.ec\/index.php\/la-prefectura-trabaja-en-el-mantenimiento-a-la-via-lodana-sucre\/\" \/>\n<meta property=\"og:site_name\" content=\"Prefectura de Manab\u00ed\" \/>\n<meta property=\"article:published_time\" content=\"2024-05-08T16:27:53+00:00\" \/>\n<meta property=\"article:modified_time\" content=\"2024-05-08T16:27:58+00:00\" \/>\n<meta property=\"og:image\" content=\"https:\/\/www.manabi.gob.ec\/wp-content\/uploads\/2024\/05\/WhatsApp-Image-2024-05-07-at-4.43.56-PM.jpeg\" \/>\n\t<meta property=\"og:image:width\" content=\"1280\" \/>\n\t<meta property=\"og:image:height\" content=\"1128\" \/>\n\t<meta property=\"og:image:type\" content=\"image\/jpeg\" \/>\n<meta name=\"author\" content=\"Lui Ochoa\" \/>\n<meta name=\"twitter:card\" content=\"summary_large_image\" \/>\n<meta name=\"twitter:label1\" content=\"Escrito por\" \/>\n\t<meta name=\"twitter:data1\" content=\"Lui Ochoa\" \/>\n\t<meta name=\"twitter:label2\" content=\"Tiempo de lectura\" \/>\n\t<meta name=\"twitter:data2\" content=\"2 minutos\" \/>\n<script type=\"application\/ld+json\" class=\"yoast-schema-graph\">{\"@context\":\"https:\\\/\\\/schema.org\",\"@graph\":[{\"@type\":\"Article\",\"@id\":\"https:\\\/\\\/www.manabi.gob.ec\\\/index.php\\\/la-prefectura-trabaja-en-el-mantenimiento-a-la-via-lodana-sucre\\\/#article\",\"isPartOf\":{\"@id\":\"https:\\\/\\\/www.manabi.gob.ec\\\/index.php\\\/la-prefectura-trabaja-en-el-mantenimiento-a-la-via-lodana-sucre\\\/\"},\"author\":{\"name\":\"Lui Ochoa\",\"@id\":\"https:\\\/\\\/www.manabi.gob.ec\\\/#\\\/schema\\\/person\\\/c4f117989332ad723a6ced5994aa7d7a\"},\"headline\":\"La Prefectura trabaja en el mantenimiento a la v\u00eda Lodana-Sucre\",\"datePublished\":\"2024-05-08T16:27:53+00:00\",\"dateModified\":\"2024-05-08T16:27:58+00:00\",\"mainEntityOfPage\":{\"@id\":\"https:\\\/\\\/www.manabi.gob.ec\\\/index.php\\\/la-prefectura-trabaja-en-el-mantenimiento-a-la-via-lodana-sucre\\\/\"},\"wordCount\":218,\"image\":{\"@id\":\"https:\\\/\\\/www.manabi.gob.ec\\\/index.php\\\/la-prefectura-trabaja-en-el-mantenimiento-a-la-via-lodana-sucre\\\/#primaryimage\"},\"thumbnailUrl\":\"https:\\\/\\\/www.manabi.gob.ec\\\/wp-content\\\/uploads\\\/2024\\\/05\\\/WhatsApp-Image-2024-05-07-at-4.43.56-PM.jpeg\",\"articleSection\":[\"24 de Mayo\",\"Desarrollo Social\",\"Manab\u00ed Vial\",\"Noticias\",\"Todas\",\"Vialidad\"],\"inLanguage\":\"es\"},{\"@type\":\"WebPage\",\"@id\":\"https:\\\/\\\/www.manabi.gob.ec\\\/index.php\\\/la-prefectura-trabaja-en-el-mantenimiento-a-la-via-lodana-sucre\\\/\",\"url\":\"https:\\\/\\\/www.manabi.gob.ec\\\/index.php\\\/la-prefectura-trabaja-en-el-mantenimiento-a-la-via-lodana-sucre\\\/\",\"name\":\"La Prefectura trabaja en el mantenimiento a la v\u00eda Lodana-Sucre - Prefectura de Manab\u00ed\",\"isPartOf\":{\"@id\":\"https:\\\/\\\/www.manabi.gob.ec\\\/#website\"},\"primaryImageOfPage\":{\"@id\":\"https:\\\/\\\/www.manabi.gob.ec\\\/index.php\\\/la-prefectura-trabaja-en-el-mantenimiento-a-la-via-lodana-sucre\\\/#primaryimage\"},\"image\":{\"@id\":\"https:\\\/\\\/www.manabi.gob.ec\\\/index.php\\\/la-prefectura-trabaja-en-el-mantenimiento-a-la-via-lodana-sucre\\\/#primaryimage\"},\"thumbnailUrl\":\"https:\\\/\\\/www.manabi.gob.ec\\\/wp-content\\\/uploads\\\/2024\\\/05\\\/WhatsApp-Image-2024-05-07-at-4.43.56-PM.jpeg\",\"datePublished\":\"2024-05-08T16:27:53+00:00\",\"dateModified\":\"2024-05-08T16:27:58+00:00\",\"author\":{\"@id\":\"https:\\\/\\\/www.manabi.gob.ec\\\/#\\\/schema\\\/person\\\/c4f117989332ad723a6ced5994aa7d7a\"},\"breadcrumb\":{\"@id\":\"https:\\\/\\\/www.manabi.gob.ec\\\/index.php\\\/la-prefectura-trabaja-en-el-mantenimiento-a-la-via-lodana-sucre\\\/#breadcrumb\"},\"inLanguage\":\"es\",\"potentialAction\":[{\"@type\":\"ReadAction\",\"target\":[\"https:\\\/\\\/www.manabi.gob.ec\\\/index.php\\\/la-prefectura-trabaja-en-el-mantenimiento-a-la-via-lodana-sucre\\\/\"]}]},{\"@type\":\"ImageObject\",\"inLanguage\":\"es\",\"@id\":\"https:\\\/\\\/www.manabi.gob.ec\\\/index.php\\\/la-prefectura-trabaja-en-el-mantenimiento-a-la-via-lodana-sucre\\\/#primaryimage\",\"url\":\"https:\\\/\\\/www.manabi.gob.ec\\\/wp-content\\\/uploads\\\/2024\\\/05\\\/WhatsApp-Image-2024-05-07-at-4.43.56-PM.jpeg\",\"contentUrl\":\"https:\\\/\\\/www.manabi.gob.ec\\\/wp-content\\\/uploads\\\/2024\\\/05\\\/WhatsApp-Image-2024-05-07-at-4.43.56-PM.jpeg\",\"width\":1280,\"height\":1128},{\"@type\":\"BreadcrumbList\",\"@id\":\"https:\\\/\\\/www.manabi.gob.ec\\\/index.php\\\/la-prefectura-trabaja-en-el-mantenimiento-a-la-via-lodana-sucre\\\/#breadcrumb\",\"itemListElement\":[{\"@type\":\"ListItem\",\"position\":1,\"name\":\"Portada\",\"item\":\"https:\\\/\\\/www.manabi.gob.ec\\\/\"},{\"@type\":\"ListItem\",\"position\":2,\"name\":\"La Prefectura trabaja en el mantenimiento a la v\u00eda Lodana-Sucre\"}]},{\"@type\":\"WebSite\",\"@id\":\"https:\\\/\\\/www.manabi.gob.ec\\\/#website\",\"url\":\"https:\\\/\\\/www.manabi.gob.ec\\\/\",\"name\":\"Prefectura de Manab\u00ed\",\"description\":\"P\u00e1gina web de la prefectura\",\"potentialAction\":[{\"@type\":\"SearchAction\",\"target\":{\"@type\":\"EntryPoint\",\"urlTemplate\":\"https:\\\/\\\/www.manabi.gob.ec\\\/?s={search_term_string}\"},\"query-input\":{\"@type\":\"PropertyValueSpecification\",\"valueRequired\":true,\"valueName\":\"search_term_string\"}}],\"inLanguage\":\"es\"},{\"@type\":\"Person\",\"@id\":\"https:\\\/\\\/www.manabi.gob.ec\\\/#\\\/schema\\\/person\\\/c4f117989332ad723a6ced5994aa7d7a\",\"name\":\"Lui Ochoa\",\"image\":{\"@type\":\"ImageObject\",\"inLanguage\":\"es\",\"@id\":\"https:\\\/\\\/secure.gravatar.com\\\/avatar\\\/6e8017d0fe69dead8a95864d2eb6e1e1d8bf8e01194ba49cf7b897ff038126ba?s=96&d=mm&r=g\",\"url\":\"https:\\\/\\\/secure.gravatar.com\\\/avatar\\\/6e8017d0fe69dead8a95864d2eb6e1e1d8bf8e01194ba49cf7b897ff038126ba?s=96&d=mm&r=g\",\"contentUrl\":\"https:\\\/\\\/secure.gravatar.com\\\/avatar\\\/6e8017d0fe69dead8a95864d2eb6e1e1d8bf8e01194ba49cf7b897ff038126ba?s=96&d=mm&r=g\",\"caption\":\"Lui Ochoa\"},\"url\":\"https:\\\/\\\/www.manabi.gob.ec\\\/index.php\\\/author\\\/lochoa\\\/\"}]}<\/script>\n<!-- \/ Yoast SEO plugin. -->","yoast_head_json":{"title":"La Prefectura trabaja en el mantenimiento a la v\u00eda Lodana-Sucre - Prefectura de Manab\u00ed","robots":{"index":"index","follow":"follow","max-snippet":"max-snippet:-1","max-image-preview":"max-image-preview:large","max-video-preview":"max-video-preview:-1"},"canonical":"https:\/\/www.manabi.gob.ec\/index.php\/la-prefectura-trabaja-en-el-mantenimiento-a-la-via-lodana-sucre\/","og_locale":"es_ES","og_type":"article","og_title":"La Prefectura trabaja en el mantenimiento a la v\u00eda Lodana-Sucre - Prefectura de Manab\u00ed","og_description":"Dos equipos de bacheo avanzan con el mantenimiento que est\u00e1 ejecutando la Prefectura de Manab\u00ed a lo largo de la v\u00eda Lodana-Sucre, de 13.5 kil\u00f3metros de longitud. Esta arteria es la principal v\u00eda de integraci\u00f3n entre los cantones Santa Ana y 24 de Mayo. Los trabajos incluyen bacheo mayor y menor. Los mismos iniciaron hace [&hellip;]","og_url":"https:\/\/www.manabi.gob.ec\/index.php\/la-prefectura-trabaja-en-el-mantenimiento-a-la-via-lodana-sucre\/","og_site_name":"Prefectura de Manab\u00ed","article_published_time":"2024-05-08T16:27:53+00:00","article_modified_time":"2024-05-08T16:27:58+00:00","og_image":[{"width":1280,"height":1128,"url":"https:\/\/www.manabi.gob.ec\/wp-content\/uploads\/2024\/05\/WhatsApp-Image-2024-05-07-at-4.43.56-PM.jpeg","type":"image\/jpeg"}],"author":"Lui Ochoa","twitter_card":"summary_large_image","twitter_misc":{"Escrito por":"Lui Ochoa","Tiempo de lectura":"2 minutos"},"schema":{"@context":"https:\/\/schema.org","@graph":[{"@type":"Article","@id":"https:\/\/www.manabi.gob.ec\/index.php\/la-prefectura-trabaja-en-el-mantenimiento-a-la-via-lodana-sucre\/#article","isPartOf":{"@id":"https:\/\/www.manabi.gob.ec\/index.php\/la-prefectura-trabaja-en-el-mantenimiento-a-la-via-lodana-sucre\/"},"author":{"name":"Lui Ochoa","@id":"https:\/\/www.manabi.gob.ec\/#\/schema\/person\/c4f117989332ad723a6ced5994aa7d7a"},"headline":"La Prefectura trabaja en el mantenimiento a la v\u00eda Lodana-Sucre","datePublished":"2024-05-08T16:27:53+00:00","dateModified":"2024-05-08T16:27:58+00:00","mainEntityOfPage":{"@id":"https:\/\/www.manabi.gob.ec\/index.php\/la-prefectura-trabaja-en-el-mantenimiento-a-la-via-lodana-sucre\/"},"wordCount":218,"image":{"@id":"https:\/\/www.manabi.gob.ec\/index.php\/la-prefectura-trabaja-en-el-mantenimiento-a-la-via-lodana-sucre\/#primaryimage"},"thumbnailUrl":"https:\/\/www.manabi.gob.ec\/wp-content\/uploads\/2024\/05\/WhatsApp-Image-2024-05-07-at-4.43.56-PM.jpeg","articleSection":["24 de Mayo","Desarrollo Social","Manab\u00ed Vial","Noticias","Todas","Vialidad"],"inLanguage":"es"},{"@type":"WebPage","@id":"https:\/\/www.manabi.gob.ec\/index.php\/la-prefectura-trabaja-en-el-mantenimiento-a-la-via-lodana-sucre\/","url":"https:\/\/www.manabi.gob.ec\/index.php\/la-prefectura-trabaja-en-el-mantenimiento-a-la-via-lodana-sucre\/","name":"La Prefectura trabaja en el mantenimiento a la v\u00eda Lodana-Sucre - Prefectura de Manab\u00ed","isPartOf":{"@id":"https:\/\/www.manabi.gob.ec\/#website"},"primaryImageOfPage":{"@id":"https:\/\/www.manabi.gob.ec\/index.php\/la-prefectura-trabaja-en-el-mantenimiento-a-la-via-lodana-sucre\/#primaryimage"},"image":{"@id":"https:\/\/www.manabi.gob.ec\/index.php\/la-prefectura-trabaja-en-el-mantenimiento-a-la-via-lodana-sucre\/#primaryimage"},"thumbnailUrl":"https:\/\/www.manabi.gob.ec\/wp-content\/uploads\/2024\/05\/WhatsApp-Image-2024-05-07-at-4.43.56-PM.jpeg","datePublished":"2024-05-08T16:27:53+00:00","dateModified":"2024-05-08T16:27:58+00:00","author":{"@id":"https:\/\/www.manabi.gob.ec\/#\/schema\/person\/c4f117989332ad723a6ced5994aa7d7a"},"breadcrumb":{"@id":"https:\/\/www.manabi.gob.ec\/index.php\/la-prefectura-trabaja-en-el-mantenimiento-a-la-via-lodana-sucre\/#breadcrumb"},"inLanguage":"es","potentialAction":[{"@type":"ReadAction","target":["https:\/\/www.manabi.gob.ec\/index.php\/la-prefectura-trabaja-en-el-mantenimiento-a-la-via-lodana-sucre\/"]}]},{"@type":"ImageObject","inLanguage":"es","@id":"https:\/\/www.manabi.gob.ec\/index.php\/la-prefectura-trabaja-en-el-mantenimiento-a-la-via-lodana-sucre\/#primaryimage","url":"https:\/\/www.manabi.gob.ec\/wp-content\/uploads\/2024\/05\/WhatsApp-Image-2024-05-07-at-4.43.56-PM.jpeg","contentUrl":"https:\/\/www.manabi.gob.ec\/wp-content\/uploads\/2024\/05\/WhatsApp-Image-2024-05-07-at-4.43.56-PM.jpeg","width":1280,"height":1128},{"@type":"BreadcrumbList","@id":"https:\/\/www.manabi.gob.ec\/index.php\/la-prefectura-trabaja-en-el-mantenimiento-a-la-via-lodana-sucre\/#breadcrumb","itemListElement":[{"@type":"ListItem","position":1,"name":"Portada","item":"https:\/\/www.manabi.gob.ec\/"},{"@type":"ListItem","position":2,"name":"La Prefectura trabaja en el mantenimiento a la v\u00eda Lodana-Sucre"}]},{"@type":"WebSite","@id":"https:\/\/www.manabi.gob.ec\/#website","url":"https:\/\/www.manabi.gob.ec\/","name":"Prefectura de Manab\u00ed","description":"P\u00e1gina web de la prefectura","potentialAction":[{"@type":"SearchAction","target":{"@type":"EntryPoint","urlTemplate":"https:\/\/www.manabi.gob.ec\/?s={search_term_string}"},"query-input":{"@type":"PropertyValueSpecification","valueRequired":true,"valueName":"search_term_string"}}],"inLanguage":"es"},{"@type":"Person","@id":"https:\/\/www.manabi.gob.ec\/#\/schema\/person\/c4f117989332ad723a6ced5994aa7d7a","name":"Lui Ochoa","image":{"@type":"ImageObject","inLanguage":"es","@id":"https:\/\/secure.gravatar.com\/avatar\/6e8017d0fe69dead8a95864d2eb6e1e1d8bf8e01194ba49cf7b897ff038126ba?s=96&d=mm&r=g","url":"https:\/\/secure.gravatar.com\/avatar\/6e8017d0fe69dead8a95864d2eb6e1e1d8bf8e01194ba49cf7b897ff038126ba?s=96&d=mm&r=g","contentUrl":"https:\/\/secure.gravatar.com\/avatar\/6e8017d0fe69dead8a95864d2eb6e1e1d8bf8e01194ba49cf7b897ff038126ba?s=96&d=mm&r=g","caption":"Lui Ochoa"},"url":"https:\/\/www.manabi.gob.ec\/index.php\/author\/lochoa\/"}]}},"jetpack_featured_media_url":"https:\/\/www.manabi.gob.ec\/wp-content\/uploads\/2024\/05\/WhatsApp-Image-2024-05-07-at-4.43.56-PM.jpeg","_links":{"self":[{"href":"https:\/\/www.manabi.gob.ec\/index.php\/wp-json\/wp\/v2\/posts\/27785","targetHints":{"allow":["GET"]}}],"collection":[{"href":"https:\/\/www.manabi.gob.ec\/index.php\/wp-json\/wp\/v2\/posts"}],"about":[{"href":"https:\/\/www.manabi.gob.ec\/index.php\/wp-json\/wp\/v2\/types\/post"}],"author":[{"embeddable":true,"href":"https:\/\/www.manabi.gob.ec\/index.php\/wp-json\/wp\/v2\/users\/10"}],"replies":[{"embeddable":true,"href":"https:\/\/www.manabi.gob.ec\/index.php\/wp-json\/wp\/v2\/comments?post=27785"}],"version-history":[{"count":1,"href":"https:\/\/www.manabi.gob.ec\/index.php\/wp-json\/wp\/v2\/posts\/27785\/revisions"}],"predecessor-version":[{"id":27787,"href":"https:\/\/www.manabi.gob.ec\/index.php\/wp-json\/wp\/v2\/posts\/27785\/revisions\/27787"}],"wp:featuredmedia":[{"embeddable":true,"href":"https:\/\/www.manabi.gob.ec\/index.php\/wp-json\/wp\/v2\/media\/27786"}],"wp:attachment":[{"href":"https:\/\/www.manabi.gob.ec\/index.php\/wp-json\/wp\/v2\/media?parent=27785"}],"wp:term":[{"taxonomy":"category","embeddable":true,"href":"https:\/\/www.manabi.gob.ec\/index.php\/wp-json\/wp\/v2\/categories?post=27785"},{"taxonomy":"post_tag","embeddable":true,"href":"https:\/\/www.manabi.gob.ec\/index.php\/wp-json\/wp\/v2\/tags?post=27785"}],"curies":[{"name":"wp","href":"https:\/\/api.w.org\/{rel}","templated":true}]}}