{"id":27891,"date":"2024-05-20T20:52:52","date_gmt":"2024-05-20T20:52:52","guid":{"rendered":"https:\/\/www.manabi.gob.ec\/?p=27891"},"modified":"2024-05-20T20:52:58","modified_gmt":"2024-05-20T20:52:58","slug":"nuestras-jornadas-medicas-llegaron-hasta-el-sitio-san-pablo-de-rio-de-oro-en-el-carmen","status":"publish","type":"post","link":"https:\/\/www.manabi.gob.ec\/index.php\/nuestras-jornadas-medicas-llegaron-hasta-el-sitio-san-pablo-de-rio-de-oro-en-el-carmen\/","title":{"rendered":"Nuestras jornadas m\u00e9dicas llegaron hasta el sitio San Pablo de R\u00edo de Oro en El Carmen"},"content":{"rendered":"\n<p>220 atenciones m\u00e9dicas gratuitas se realizaron a trav\u00e9s de una jornada de salud, realizada por la Prefectura de Manab\u00ed y en coordinaci\u00f3n con dirigentes locales, en el sitio San Pedro de Rio De Oro, del cant\u00f3n El Carmen, el pasado jueves 16 de mayo.<\/p>\n\n\n\n<p><br>Durante la jornada, se ofrecieron 86 consultas de medicina general, 75 de odontolog\u00eda, 35 valoraciones nutricionales y 33 consultas de optometr\u00eda. Adem\u00e1s, se entregaron lentes gratuitos a quienes los necesitaron, as\u00ed como suplementos nutricionales y medicamentos correspondientes.<\/p>\n\n\n\n<p><br>Hervo Loor, dirigente del sitio, expres\u00f3 su satisfacci\u00f3n por la atenci\u00f3n m\u00e9dica gratuita proporcionada por el personal profesional de la Prefectura de Manab\u00ed, destacando la importancia de la prevenci\u00f3n y atenci\u00f3n en salud para todos los habitantes de esta zona del norte <\/p>\n","protected":false},"excerpt":{"rendered":"<p>220 atenciones m\u00e9dicas gratuitas se realizaron a trav\u00e9s de una jornada de salud, realizada por la Prefectura de Manab\u00ed y en coordinaci\u00f3n con dirigentes locales, en el sitio San Pedro de Rio De Oro, del cant\u00f3n El Carmen, el pasado jueves 16 de mayo. Durante la jornada, se ofrecieron 86 consultas de medicina general, 75 [&hellip;]<\/p>\n","protected":false},"author":10,"featured_media":27892,"comment_status":"closed","ping_status":"closed","sticky":false,"template":"","format":"standard","meta":{"_joinchat":[],"footnotes":""},"categories":[150,142,183,92,91],"tags":[],"class_list":["post-27891","post","type-post","status-publish","format-standard","has-post-thumbnail","hentry","category-ambiente","category-desarrollo-social","category-el-carmen","category-noticias-manabi","category-todas"],"yoast_head":"<!-- This site is optimized with the Yoast SEO plugin v27.4 - https:\/\/yoast.com\/product\/yoast-seo-wordpress\/ -->\n<title>Nuestras jornadas m\u00e9dicas llegaron hasta el sitio San Pablo de R\u00edo de Oro en El Carmen - Prefectura de Manab\u00ed<\/title>\n<meta name=\"robots\" content=\"index, follow, max-snippet:-1, max-image-preview:large, max-video-preview:-1\" \/>\n<link rel=\"canonical\" href=\"https:\/\/www.manabi.gob.ec\/index.php\/nuestras-jornadas-medicas-llegaron-hasta-el-sitio-san-pablo-de-rio-de-oro-en-el-carmen\/\" \/>\n<meta property=\"og:locale\" content=\"es_ES\" \/>\n<meta property=\"og:type\" content=\"article\" \/>\n<meta property=\"og:title\" content=\"Nuestras jornadas m\u00e9dicas llegaron hasta el sitio San Pablo de R\u00edo de Oro en El Carmen - Prefectura de Manab\u00ed\" \/>\n<meta property=\"og:description\" content=\"220 atenciones m\u00e9dicas gratuitas se realizaron a trav\u00e9s de una jornada de salud, realizada por la Prefectura de Manab\u00ed y en coordinaci\u00f3n con dirigentes locales, en el sitio San Pedro de Rio De Oro, del cant\u00f3n El Carmen, el pasado jueves 16 de mayo. Durante la jornada, se ofrecieron 86 consultas de medicina general, 75 [&hellip;]\" \/>\n<meta property=\"og:url\" content=\"https:\/\/www.manabi.gob.ec\/index.php\/nuestras-jornadas-medicas-llegaron-hasta-el-sitio-san-pablo-de-rio-de-oro-en-el-carmen\/\" \/>\n<meta property=\"og:site_name\" content=\"Prefectura de Manab\u00ed\" \/>\n<meta property=\"article:published_time\" content=\"2024-05-20T20:52:52+00:00\" \/>\n<meta property=\"article:modified_time\" content=\"2024-05-20T20:52:58+00:00\" \/>\n<meta property=\"og:image\" content=\"https:\/\/www.manabi.gob.ec\/wp-content\/uploads\/2024\/05\/WhatsApp-Image-2024-05-20-at-2.28.47-PM.jpeg\" \/>\n\t<meta property=\"og:image:width\" content=\"1040\" \/>\n\t<meta property=\"og:image:height\" content=\"464\" \/>\n\t<meta property=\"og:image:type\" content=\"image\/jpeg\" \/>\n<meta name=\"author\" content=\"Lui Ochoa\" \/>\n<meta name=\"twitter:card\" content=\"summary_large_image\" \/>\n<meta name=\"twitter:label1\" content=\"Escrito por\" \/>\n\t<meta name=\"twitter:data1\" content=\"Lui Ochoa\" \/>\n\t<meta name=\"twitter:label2\" content=\"Tiempo de lectura\" \/>\n\t<meta name=\"twitter:data2\" content=\"1 minuto\" \/>\n<script type=\"application\/ld+json\" class=\"yoast-schema-graph\">{\"@context\":\"https:\\\/\\\/schema.org\",\"@graph\":[{\"@type\":\"Article\",\"@id\":\"https:\\\/\\\/www.manabi.gob.ec\\\/index.php\\\/nuestras-jornadas-medicas-llegaron-hasta-el-sitio-san-pablo-de-rio-de-oro-en-el-carmen\\\/#article\",\"isPartOf\":{\"@id\":\"https:\\\/\\\/www.manabi.gob.ec\\\/index.php\\\/nuestras-jornadas-medicas-llegaron-hasta-el-sitio-san-pablo-de-rio-de-oro-en-el-carmen\\\/\"},\"author\":{\"name\":\"Lui Ochoa\",\"@id\":\"https:\\\/\\\/www.manabi.gob.ec\\\/#\\\/schema\\\/person\\\/c4f117989332ad723a6ced5994aa7d7a\"},\"headline\":\"Nuestras jornadas m\u00e9dicas llegaron hasta el sitio San Pablo de R\u00edo de Oro en El Carmen\",\"datePublished\":\"2024-05-20T20:52:52+00:00\",\"dateModified\":\"2024-05-20T20:52:58+00:00\",\"mainEntityOfPage\":{\"@id\":\"https:\\\/\\\/www.manabi.gob.ec\\\/index.php\\\/nuestras-jornadas-medicas-llegaron-hasta-el-sitio-san-pablo-de-rio-de-oro-en-el-carmen\\\/\"},\"wordCount\":147,\"image\":{\"@id\":\"https:\\\/\\\/www.manabi.gob.ec\\\/index.php\\\/nuestras-jornadas-medicas-llegaron-hasta-el-sitio-san-pablo-de-rio-de-oro-en-el-carmen\\\/#primaryimage\"},\"thumbnailUrl\":\"https:\\\/\\\/www.manabi.gob.ec\\\/wp-content\\\/uploads\\\/2024\\\/05\\\/WhatsApp-Image-2024-05-20-at-2.28.47-PM.jpeg\",\"articleSection\":[\"Ambiente\",\"Desarrollo Social\",\"El Carmen\",\"Noticias\",\"Todas\"],\"inLanguage\":\"es\"},{\"@type\":\"WebPage\",\"@id\":\"https:\\\/\\\/www.manabi.gob.ec\\\/index.php\\\/nuestras-jornadas-medicas-llegaron-hasta-el-sitio-san-pablo-de-rio-de-oro-en-el-carmen\\\/\",\"url\":\"https:\\\/\\\/www.manabi.gob.ec\\\/index.php\\\/nuestras-jornadas-medicas-llegaron-hasta-el-sitio-san-pablo-de-rio-de-oro-en-el-carmen\\\/\",\"name\":\"Nuestras jornadas m\u00e9dicas llegaron hasta el sitio San Pablo de R\u00edo de Oro en El Carmen - Prefectura de Manab\u00ed\",\"isPartOf\":{\"@id\":\"https:\\\/\\\/www.manabi.gob.ec\\\/#website\"},\"primaryImageOfPage\":{\"@id\":\"https:\\\/\\\/www.manabi.gob.ec\\\/index.php\\\/nuestras-jornadas-medicas-llegaron-hasta-el-sitio-san-pablo-de-rio-de-oro-en-el-carmen\\\/#primaryimage\"},\"image\":{\"@id\":\"https:\\\/\\\/www.manabi.gob.ec\\\/index.php\\\/nuestras-jornadas-medicas-llegaron-hasta-el-sitio-san-pablo-de-rio-de-oro-en-el-carmen\\\/#primaryimage\"},\"thumbnailUrl\":\"https:\\\/\\\/www.manabi.gob.ec\\\/wp-content\\\/uploads\\\/2024\\\/05\\\/WhatsApp-Image-2024-05-20-at-2.28.47-PM.jpeg\",\"datePublished\":\"2024-05-20T20:52:52+00:00\",\"dateModified\":\"2024-05-20T20:52:58+00:00\",\"author\":{\"@id\":\"https:\\\/\\\/www.manabi.gob.ec\\\/#\\\/schema\\\/person\\\/c4f117989332ad723a6ced5994aa7d7a\"},\"breadcrumb\":{\"@id\":\"https:\\\/\\\/www.manabi.gob.ec\\\/index.php\\\/nuestras-jornadas-medicas-llegaron-hasta-el-sitio-san-pablo-de-rio-de-oro-en-el-carmen\\\/#breadcrumb\"},\"inLanguage\":\"es\",\"potentialAction\":[{\"@type\":\"ReadAction\",\"target\":[\"https:\\\/\\\/www.manabi.gob.ec\\\/index.php\\\/nuestras-jornadas-medicas-llegaron-hasta-el-sitio-san-pablo-de-rio-de-oro-en-el-carmen\\\/\"]}]},{\"@type\":\"ImageObject\",\"inLanguage\":\"es\",\"@id\":\"https:\\\/\\\/www.manabi.gob.ec\\\/index.php\\\/nuestras-jornadas-medicas-llegaron-hasta-el-sitio-san-pablo-de-rio-de-oro-en-el-carmen\\\/#primaryimage\",\"url\":\"https:\\\/\\\/www.manabi.gob.ec\\\/wp-content\\\/uploads\\\/2024\\\/05\\\/WhatsApp-Image-2024-05-20-at-2.28.47-PM.jpeg\",\"contentUrl\":\"https:\\\/\\\/www.manabi.gob.ec\\\/wp-content\\\/uploads\\\/2024\\\/05\\\/WhatsApp-Image-2024-05-20-at-2.28.47-PM.jpeg\",\"width\":1040,\"height\":464},{\"@type\":\"BreadcrumbList\",\"@id\":\"https:\\\/\\\/www.manabi.gob.ec\\\/index.php\\\/nuestras-jornadas-medicas-llegaron-hasta-el-sitio-san-pablo-de-rio-de-oro-en-el-carmen\\\/#breadcrumb\",\"itemListElement\":[{\"@type\":\"ListItem\",\"position\":1,\"name\":\"Portada\",\"item\":\"https:\\\/\\\/www.manabi.gob.ec\\\/\"},{\"@type\":\"ListItem\",\"position\":2,\"name\":\"Nuestras jornadas m\u00e9dicas llegaron hasta el sitio San Pablo de R\u00edo de Oro en El Carmen\"}]},{\"@type\":\"WebSite\",\"@id\":\"https:\\\/\\\/www.manabi.gob.ec\\\/#website\",\"url\":\"https:\\\/\\\/www.manabi.gob.ec\\\/\",\"name\":\"Prefectura de Manab\u00ed\",\"description\":\"P\u00e1gina web de la prefectura\",\"potentialAction\":[{\"@type\":\"SearchAction\",\"target\":{\"@type\":\"EntryPoint\",\"urlTemplate\":\"https:\\\/\\\/www.manabi.gob.ec\\\/?s={search_term_string}\"},\"query-input\":{\"@type\":\"PropertyValueSpecification\",\"valueRequired\":true,\"valueName\":\"search_term_string\"}}],\"inLanguage\":\"es\"},{\"@type\":\"Person\",\"@id\":\"https:\\\/\\\/www.manabi.gob.ec\\\/#\\\/schema\\\/person\\\/c4f117989332ad723a6ced5994aa7d7a\",\"name\":\"Lui Ochoa\",\"image\":{\"@type\":\"ImageObject\",\"inLanguage\":\"es\",\"@id\":\"https:\\\/\\\/secure.gravatar.com\\\/avatar\\\/6e8017d0fe69dead8a95864d2eb6e1e1d8bf8e01194ba49cf7b897ff038126ba?s=96&d=mm&r=g\",\"url\":\"https:\\\/\\\/secure.gravatar.com\\\/avatar\\\/6e8017d0fe69dead8a95864d2eb6e1e1d8bf8e01194ba49cf7b897ff038126ba?s=96&d=mm&r=g\",\"contentUrl\":\"https:\\\/\\\/secure.gravatar.com\\\/avatar\\\/6e8017d0fe69dead8a95864d2eb6e1e1d8bf8e01194ba49cf7b897ff038126ba?s=96&d=mm&r=g\",\"caption\":\"Lui Ochoa\"},\"url\":\"https:\\\/\\\/www.manabi.gob.ec\\\/index.php\\\/author\\\/lochoa\\\/\"}]}<\/script>\n<!-- \/ Yoast SEO plugin. -->","yoast_head_json":{"title":"Nuestras jornadas m\u00e9dicas llegaron hasta el sitio San Pablo de R\u00edo de Oro en El Carmen - Prefectura de Manab\u00ed","robots":{"index":"index","follow":"follow","max-snippet":"max-snippet:-1","max-image-preview":"max-image-preview:large","max-video-preview":"max-video-preview:-1"},"canonical":"https:\/\/www.manabi.gob.ec\/index.php\/nuestras-jornadas-medicas-llegaron-hasta-el-sitio-san-pablo-de-rio-de-oro-en-el-carmen\/","og_locale":"es_ES","og_type":"article","og_title":"Nuestras jornadas m\u00e9dicas llegaron hasta el sitio San Pablo de R\u00edo de Oro en El Carmen - Prefectura de Manab\u00ed","og_description":"220 atenciones m\u00e9dicas gratuitas se realizaron a trav\u00e9s de una jornada de salud, realizada por la Prefectura de Manab\u00ed y en coordinaci\u00f3n con dirigentes locales, en el sitio San Pedro de Rio De Oro, del cant\u00f3n El Carmen, el pasado jueves 16 de mayo. Durante la jornada, se ofrecieron 86 consultas de medicina general, 75 [&hellip;]","og_url":"https:\/\/www.manabi.gob.ec\/index.php\/nuestras-jornadas-medicas-llegaron-hasta-el-sitio-san-pablo-de-rio-de-oro-en-el-carmen\/","og_site_name":"Prefectura de Manab\u00ed","article_published_time":"2024-05-20T20:52:52+00:00","article_modified_time":"2024-05-20T20:52:58+00:00","og_image":[{"width":1040,"height":464,"url":"https:\/\/www.manabi.gob.ec\/wp-content\/uploads\/2024\/05\/WhatsApp-Image-2024-05-20-at-2.28.47-PM.jpeg","type":"image\/jpeg"}],"author":"Lui Ochoa","twitter_card":"summary_large_image","twitter_misc":{"Escrito por":"Lui Ochoa","Tiempo de lectura":"1 minuto"},"schema":{"@context":"https:\/\/schema.org","@graph":[{"@type":"Article","@id":"https:\/\/www.manabi.gob.ec\/index.php\/nuestras-jornadas-medicas-llegaron-hasta-el-sitio-san-pablo-de-rio-de-oro-en-el-carmen\/#article","isPartOf":{"@id":"https:\/\/www.manabi.gob.ec\/index.php\/nuestras-jornadas-medicas-llegaron-hasta-el-sitio-san-pablo-de-rio-de-oro-en-el-carmen\/"},"author":{"name":"Lui Ochoa","@id":"https:\/\/www.manabi.gob.ec\/#\/schema\/person\/c4f117989332ad723a6ced5994aa7d7a"},"headline":"Nuestras jornadas m\u00e9dicas llegaron hasta el sitio San Pablo de R\u00edo de Oro en El Carmen","datePublished":"2024-05-20T20:52:52+00:00","dateModified":"2024-05-20T20:52:58+00:00","mainEntityOfPage":{"@id":"https:\/\/www.manabi.gob.ec\/index.php\/nuestras-jornadas-medicas-llegaron-hasta-el-sitio-san-pablo-de-rio-de-oro-en-el-carmen\/"},"wordCount":147,"image":{"@id":"https:\/\/www.manabi.gob.ec\/index.php\/nuestras-jornadas-medicas-llegaron-hasta-el-sitio-san-pablo-de-rio-de-oro-en-el-carmen\/#primaryimage"},"thumbnailUrl":"https:\/\/www.manabi.gob.ec\/wp-content\/uploads\/2024\/05\/WhatsApp-Image-2024-05-20-at-2.28.47-PM.jpeg","articleSection":["Ambiente","Desarrollo Social","El Carmen","Noticias","Todas"],"inLanguage":"es"},{"@type":"WebPage","@id":"https:\/\/www.manabi.gob.ec\/index.php\/nuestras-jornadas-medicas-llegaron-hasta-el-sitio-san-pablo-de-rio-de-oro-en-el-carmen\/","url":"https:\/\/www.manabi.gob.ec\/index.php\/nuestras-jornadas-medicas-llegaron-hasta-el-sitio-san-pablo-de-rio-de-oro-en-el-carmen\/","name":"Nuestras jornadas m\u00e9dicas llegaron hasta el sitio San Pablo de R\u00edo de Oro en El Carmen - Prefectura de Manab\u00ed","isPartOf":{"@id":"https:\/\/www.manabi.gob.ec\/#website"},"primaryImageOfPage":{"@id":"https:\/\/www.manabi.gob.ec\/index.php\/nuestras-jornadas-medicas-llegaron-hasta-el-sitio-san-pablo-de-rio-de-oro-en-el-carmen\/#primaryimage"},"image":{"@id":"https:\/\/www.manabi.gob.ec\/index.php\/nuestras-jornadas-medicas-llegaron-hasta-el-sitio-san-pablo-de-rio-de-oro-en-el-carmen\/#primaryimage"},"thumbnailUrl":"https:\/\/www.manabi.gob.ec\/wp-content\/uploads\/2024\/05\/WhatsApp-Image-2024-05-20-at-2.28.47-PM.jpeg","datePublished":"2024-05-20T20:52:52+00:00","dateModified":"2024-05-20T20:52:58+00:00","author":{"@id":"https:\/\/www.manabi.gob.ec\/#\/schema\/person\/c4f117989332ad723a6ced5994aa7d7a"},"breadcrumb":{"@id":"https:\/\/www.manabi.gob.ec\/index.php\/nuestras-jornadas-medicas-llegaron-hasta-el-sitio-san-pablo-de-rio-de-oro-en-el-carmen\/#breadcrumb"},"inLanguage":"es","potentialAction":[{"@type":"ReadAction","target":["https:\/\/www.manabi.gob.ec\/index.php\/nuestras-jornadas-medicas-llegaron-hasta-el-sitio-san-pablo-de-rio-de-oro-en-el-carmen\/"]}]},{"@type":"ImageObject","inLanguage":"es","@id":"https:\/\/www.manabi.gob.ec\/index.php\/nuestras-jornadas-medicas-llegaron-hasta-el-sitio-san-pablo-de-rio-de-oro-en-el-carmen\/#primaryimage","url":"https:\/\/www.manabi.gob.ec\/wp-content\/uploads\/2024\/05\/WhatsApp-Image-2024-05-20-at-2.28.47-PM.jpeg","contentUrl":"https:\/\/www.manabi.gob.ec\/wp-content\/uploads\/2024\/05\/WhatsApp-Image-2024-05-20-at-2.28.47-PM.jpeg","width":1040,"height":464},{"@type":"BreadcrumbList","@id":"https:\/\/www.manabi.gob.ec\/index.php\/nuestras-jornadas-medicas-llegaron-hasta-el-sitio-san-pablo-de-rio-de-oro-en-el-carmen\/#breadcrumb","itemListElement":[{"@type":"ListItem","position":1,"name":"Portada","item":"https:\/\/www.manabi.gob.ec\/"},{"@type":"ListItem","position":2,"name":"Nuestras jornadas m\u00e9dicas llegaron hasta el sitio San Pablo de R\u00edo de Oro en El Carmen"}]},{"@type":"WebSite","@id":"https:\/\/www.manabi.gob.ec\/#website","url":"https:\/\/www.manabi.gob.ec\/","name":"Prefectura de Manab\u00ed","description":"P\u00e1gina web de la prefectura","potentialAction":[{"@type":"SearchAction","target":{"@type":"EntryPoint","urlTemplate":"https:\/\/www.manabi.gob.ec\/?s={search_term_string}"},"query-input":{"@type":"PropertyValueSpecification","valueRequired":true,"valueName":"search_term_string"}}],"inLanguage":"es"},{"@type":"Person","@id":"https:\/\/www.manabi.gob.ec\/#\/schema\/person\/c4f117989332ad723a6ced5994aa7d7a","name":"Lui Ochoa","image":{"@type":"ImageObject","inLanguage":"es","@id":"https:\/\/secure.gravatar.com\/avatar\/6e8017d0fe69dead8a95864d2eb6e1e1d8bf8e01194ba49cf7b897ff038126ba?s=96&d=mm&r=g","url":"https:\/\/secure.gravatar.com\/avatar\/6e8017d0fe69dead8a95864d2eb6e1e1d8bf8e01194ba49cf7b897ff038126ba?s=96&d=mm&r=g","contentUrl":"https:\/\/secure.gravatar.com\/avatar\/6e8017d0fe69dead8a95864d2eb6e1e1d8bf8e01194ba49cf7b897ff038126ba?s=96&d=mm&r=g","caption":"Lui Ochoa"},"url":"https:\/\/www.manabi.gob.ec\/index.php\/author\/lochoa\/"}]}},"jetpack_featured_media_url":"https:\/\/www.manabi.gob.ec\/wp-content\/uploads\/2024\/05\/WhatsApp-Image-2024-05-20-at-2.28.47-PM.jpeg","_links":{"self":[{"href":"https:\/\/www.manabi.gob.ec\/index.php\/wp-json\/wp\/v2\/posts\/27891","targetHints":{"allow":["GET"]}}],"collection":[{"href":"https:\/\/www.manabi.gob.ec\/index.php\/wp-json\/wp\/v2\/posts"}],"about":[{"href":"https:\/\/www.manabi.gob.ec\/index.php\/wp-json\/wp\/v2\/types\/post"}],"author":[{"embeddable":true,"href":"https:\/\/www.manabi.gob.ec\/index.php\/wp-json\/wp\/v2\/users\/10"}],"replies":[{"embeddable":true,"href":"https:\/\/www.manabi.gob.ec\/index.php\/wp-json\/wp\/v2\/comments?post=27891"}],"version-history":[{"count":1,"href":"https:\/\/www.manabi.gob.ec\/index.php\/wp-json\/wp\/v2\/posts\/27891\/revisions"}],"predecessor-version":[{"id":27893,"href":"https:\/\/www.manabi.gob.ec\/index.php\/wp-json\/wp\/v2\/posts\/27891\/revisions\/27893"}],"wp:featuredmedia":[{"embeddable":true,"href":"https:\/\/www.manabi.gob.ec\/index.php\/wp-json\/wp\/v2\/media\/27892"}],"wp:attachment":[{"href":"https:\/\/www.manabi.gob.ec\/index.php\/wp-json\/wp\/v2\/media?parent=27891"}],"wp:term":[{"taxonomy":"category","embeddable":true,"href":"https:\/\/www.manabi.gob.ec\/index.php\/wp-json\/wp\/v2\/categories?post=27891"},{"taxonomy":"post_tag","embeddable":true,"href":"https:\/\/www.manabi.gob.ec\/index.php\/wp-json\/wp\/v2\/tags?post=27891"}],"curies":[{"name":"wp","href":"https:\/\/api.w.org\/{rel}","templated":true}]}}