{"id":27930,"date":"2024-05-27T17:21:34","date_gmt":"2024-05-27T17:21:34","guid":{"rendered":"https:\/\/www.manabi.gob.ec\/?p=27930"},"modified":"2024-05-27T17:21:41","modified_gmt":"2024-05-27T17:21:41","slug":"prefecto-superviso-trabajos-de-construccion-y-reconformacion-de-muros-en-la-greda","status":"publish","type":"post","link":"https:\/\/www.manabi.gob.ec\/index.php\/prefecto-superviso-trabajos-de-construccion-y-reconformacion-de-muros-en-la-greda\/","title":{"rendered":"Prefecto supervis\u00f3 trabajos de construcci\u00f3n y reconformaci\u00f3n\u00a0\u00a0de muros en La Greda\u00a0\u00a0"},"content":{"rendered":"\n<p>El prefecto de Manab\u00ed, Leonardo Orlando, supervis\u00f3 este mi\u00e9rcoles 22 de mayo,&nbsp;&nbsp;los trabajos de reconformaci\u00f3n de muros ejecutados por la Prefectura, en el sitio La Greda de la parroquia San Antonio del cant\u00f3n Chone. Se&nbsp;&nbsp;beneficia m\u00e1s de 50 familias dedicadas al cultivo de ciclo largo y corto de La Greta y otras comunidades.<\/p>\n\n\n\n<p>Los trabajos incluyeron limpieza, desazolve y reconformaci\u00f3n de muros de protecci\u00f3n,&nbsp;&nbsp;los cuales fueron afectados por&nbsp;&nbsp;la crecida del r\u00edo Chone, el pasado 21 de febrero de este a\u00f1o.&nbsp;&nbsp;<\/p>\n\n\n\n<p>\u201cQuienes conformamos el sitio La Greda estamos muy agradecidos con el se\u00f1or prefecto, porque si no hubiese mandado la maquinaria no podr\u00edamos cultivar nada. Aqu\u00ed el antiguo muro se desbarat\u00f3 completamente, y ahora tenemos un muro nuevo, que nos brinda protecci\u00f3n\u201d, expres\u00f3 Jos\u00e9 Luis V\u00e9lez, morador del sitio La Greda.<\/p>\n\n\n\n<p>\u201cEstos trabajos iniciaron el 5 de marzo y culminaron el 10 de mayo, este fue uno de los sectores m\u00e1s afectado por la inundaci\u00f3n del pasado 21 de febrero de este a\u00f1o, porque la creciente del r\u00edo rompi\u00f3 los muros. Esta zona se prioriz\u00f3 como una de mayor riesgo en San Antonio, aqu\u00ed se han&nbsp;&nbsp;reformado y construido&nbsp;&nbsp;&nbsp;muros con una&nbsp;&nbsp;altura que se aproxima a los tres metros, para evitar que los cultivos,&nbsp;&nbsp;viviendas y&nbsp;&nbsp;la ganader\u00eda sean afectados\u201d, expres\u00f3 el prefecto Orlando.<\/p>\n","protected":false},"excerpt":{"rendered":"<p>El prefecto de Manab\u00ed, Leonardo Orlando, supervis\u00f3 este mi\u00e9rcoles 22 de mayo,&nbsp;&nbsp;los trabajos de reconformaci\u00f3n de muros ejecutados por la Prefectura, en el sitio La Greda de la parroquia San Antonio del cant\u00f3n Chone. Se&nbsp;&nbsp;beneficia m\u00e1s de 50 familias dedicadas al cultivo de ciclo largo y corto de La Greta y otras comunidades. Los trabajos [&hellip;]<\/p>\n","protected":false},"author":10,"featured_media":27931,"comment_status":"closed","ping_status":"closed","sticky":false,"template":"","format":"standard","meta":{"_joinchat":[],"footnotes":""},"categories":[150,142,92,181,340,91],"tags":[],"class_list":["post-27930","post","type-post","status-publish","format-standard","has-post-thumbnail","hentry","category-ambiente","category-desarrollo-social","category-noticias-manabi","category-obra-publica","category-plan-invernal-plan-invernal","category-todas"],"yoast_head":"<!-- This site is optimized with the Yoast SEO plugin v27.4 - https:\/\/yoast.com\/product\/yoast-seo-wordpress\/ -->\n<title>Prefecto supervis\u00f3 trabajos de construcci\u00f3n y reconformaci\u00f3n\u00a0\u00a0de muros en La Greda\u00a0\u00a0 - Prefectura de Manab\u00ed<\/title>\n<meta name=\"robots\" content=\"index, follow, max-snippet:-1, max-image-preview:large, max-video-preview:-1\" \/>\n<link rel=\"canonical\" href=\"https:\/\/www.manabi.gob.ec\/index.php\/prefecto-superviso-trabajos-de-construccion-y-reconformacion-de-muros-en-la-greda\/\" \/>\n<meta property=\"og:locale\" content=\"es_ES\" \/>\n<meta property=\"og:type\" content=\"article\" \/>\n<meta property=\"og:title\" content=\"Prefecto supervis\u00f3 trabajos de construcci\u00f3n y reconformaci\u00f3n\u00a0\u00a0de muros en La Greda\u00a0\u00a0 - Prefectura de Manab\u00ed\" \/>\n<meta property=\"og:description\" content=\"El prefecto de Manab\u00ed, Leonardo Orlando, supervis\u00f3 este mi\u00e9rcoles 22 de mayo,&nbsp;&nbsp;los trabajos de reconformaci\u00f3n de muros ejecutados por la Prefectura, en el sitio La Greda de la parroquia San Antonio del cant\u00f3n Chone. Se&nbsp;&nbsp;beneficia m\u00e1s de 50 familias dedicadas al cultivo de ciclo largo y corto de La Greta y otras comunidades. Los trabajos [&hellip;]\" \/>\n<meta property=\"og:url\" content=\"https:\/\/www.manabi.gob.ec\/index.php\/prefecto-superviso-trabajos-de-construccion-y-reconformacion-de-muros-en-la-greda\/\" \/>\n<meta property=\"og:site_name\" content=\"Prefectura de Manab\u00ed\" \/>\n<meta property=\"article:published_time\" content=\"2024-05-27T17:21:34+00:00\" \/>\n<meta property=\"article:modified_time\" content=\"2024-05-27T17:21:41+00:00\" \/>\n<meta property=\"og:image\" content=\"https:\/\/www.manabi.gob.ec\/wp-content\/uploads\/2024\/05\/IMG_1976-scaled.jpeg\" \/>\n\t<meta property=\"og:image:width\" content=\"2560\" \/>\n\t<meta property=\"og:image:height\" content=\"1707\" \/>\n\t<meta property=\"og:image:type\" content=\"image\/jpeg\" \/>\n<meta name=\"author\" content=\"Lui Ochoa\" \/>\n<meta name=\"twitter:card\" content=\"summary_large_image\" \/>\n<meta name=\"twitter:label1\" content=\"Escrito por\" \/>\n\t<meta name=\"twitter:data1\" content=\"Lui Ochoa\" \/>\n\t<meta name=\"twitter:label2\" content=\"Tiempo de lectura\" \/>\n\t<meta name=\"twitter:data2\" content=\"2 minutos\" \/>\n<script type=\"application\/ld+json\" class=\"yoast-schema-graph\">{\"@context\":\"https:\\\/\\\/schema.org\",\"@graph\":[{\"@type\":\"Article\",\"@id\":\"https:\\\/\\\/www.manabi.gob.ec\\\/index.php\\\/prefecto-superviso-trabajos-de-construccion-y-reconformacion-de-muros-en-la-greda\\\/#article\",\"isPartOf\":{\"@id\":\"https:\\\/\\\/www.manabi.gob.ec\\\/index.php\\\/prefecto-superviso-trabajos-de-construccion-y-reconformacion-de-muros-en-la-greda\\\/\"},\"author\":{\"name\":\"Lui Ochoa\",\"@id\":\"https:\\\/\\\/www.manabi.gob.ec\\\/#\\\/schema\\\/person\\\/c4f117989332ad723a6ced5994aa7d7a\"},\"headline\":\"Prefecto supervis\u00f3 trabajos de construcci\u00f3n y reconformaci\u00f3n\u00a0\u00a0de muros en La Greda\u00a0\u00a0\",\"datePublished\":\"2024-05-27T17:21:34+00:00\",\"dateModified\":\"2024-05-27T17:21:41+00:00\",\"mainEntityOfPage\":{\"@id\":\"https:\\\/\\\/www.manabi.gob.ec\\\/index.php\\\/prefecto-superviso-trabajos-de-construccion-y-reconformacion-de-muros-en-la-greda\\\/\"},\"wordCount\":264,\"image\":{\"@id\":\"https:\\\/\\\/www.manabi.gob.ec\\\/index.php\\\/prefecto-superviso-trabajos-de-construccion-y-reconformacion-de-muros-en-la-greda\\\/#primaryimage\"},\"thumbnailUrl\":\"https:\\\/\\\/www.manabi.gob.ec\\\/wp-content\\\/uploads\\\/2024\\\/05\\\/IMG_1976-scaled.jpeg\",\"articleSection\":[\"Ambiente\",\"Desarrollo Social\",\"Noticias\",\"Obra P\u00fablica\",\"PLAN INVERNAL\",\"Todas\"],\"inLanguage\":\"es\"},{\"@type\":\"WebPage\",\"@id\":\"https:\\\/\\\/www.manabi.gob.ec\\\/index.php\\\/prefecto-superviso-trabajos-de-construccion-y-reconformacion-de-muros-en-la-greda\\\/\",\"url\":\"https:\\\/\\\/www.manabi.gob.ec\\\/index.php\\\/prefecto-superviso-trabajos-de-construccion-y-reconformacion-de-muros-en-la-greda\\\/\",\"name\":\"Prefecto supervis\u00f3 trabajos de construcci\u00f3n y reconformaci\u00f3n\u00a0\u00a0de muros en La Greda\u00a0\u00a0 - Prefectura de Manab\u00ed\",\"isPartOf\":{\"@id\":\"https:\\\/\\\/www.manabi.gob.ec\\\/#website\"},\"primaryImageOfPage\":{\"@id\":\"https:\\\/\\\/www.manabi.gob.ec\\\/index.php\\\/prefecto-superviso-trabajos-de-construccion-y-reconformacion-de-muros-en-la-greda\\\/#primaryimage\"},\"image\":{\"@id\":\"https:\\\/\\\/www.manabi.gob.ec\\\/index.php\\\/prefecto-superviso-trabajos-de-construccion-y-reconformacion-de-muros-en-la-greda\\\/#primaryimage\"},\"thumbnailUrl\":\"https:\\\/\\\/www.manabi.gob.ec\\\/wp-content\\\/uploads\\\/2024\\\/05\\\/IMG_1976-scaled.jpeg\",\"datePublished\":\"2024-05-27T17:21:34+00:00\",\"dateModified\":\"2024-05-27T17:21:41+00:00\",\"author\":{\"@id\":\"https:\\\/\\\/www.manabi.gob.ec\\\/#\\\/schema\\\/person\\\/c4f117989332ad723a6ced5994aa7d7a\"},\"breadcrumb\":{\"@id\":\"https:\\\/\\\/www.manabi.gob.ec\\\/index.php\\\/prefecto-superviso-trabajos-de-construccion-y-reconformacion-de-muros-en-la-greda\\\/#breadcrumb\"},\"inLanguage\":\"es\",\"potentialAction\":[{\"@type\":\"ReadAction\",\"target\":[\"https:\\\/\\\/www.manabi.gob.ec\\\/index.php\\\/prefecto-superviso-trabajos-de-construccion-y-reconformacion-de-muros-en-la-greda\\\/\"]}]},{\"@type\":\"ImageObject\",\"inLanguage\":\"es\",\"@id\":\"https:\\\/\\\/www.manabi.gob.ec\\\/index.php\\\/prefecto-superviso-trabajos-de-construccion-y-reconformacion-de-muros-en-la-greda\\\/#primaryimage\",\"url\":\"https:\\\/\\\/www.manabi.gob.ec\\\/wp-content\\\/uploads\\\/2024\\\/05\\\/IMG_1976-scaled.jpeg\",\"contentUrl\":\"https:\\\/\\\/www.manabi.gob.ec\\\/wp-content\\\/uploads\\\/2024\\\/05\\\/IMG_1976-scaled.jpeg\",\"width\":2560,\"height\":1707},{\"@type\":\"BreadcrumbList\",\"@id\":\"https:\\\/\\\/www.manabi.gob.ec\\\/index.php\\\/prefecto-superviso-trabajos-de-construccion-y-reconformacion-de-muros-en-la-greda\\\/#breadcrumb\",\"itemListElement\":[{\"@type\":\"ListItem\",\"position\":1,\"name\":\"Portada\",\"item\":\"https:\\\/\\\/www.manabi.gob.ec\\\/\"},{\"@type\":\"ListItem\",\"position\":2,\"name\":\"Prefecto supervis\u00f3 trabajos de construcci\u00f3n y reconformaci\u00f3n\u00a0\u00a0de muros en La Greda\u00a0\u00a0\"}]},{\"@type\":\"WebSite\",\"@id\":\"https:\\\/\\\/www.manabi.gob.ec\\\/#website\",\"url\":\"https:\\\/\\\/www.manabi.gob.ec\\\/\",\"name\":\"Prefectura de Manab\u00ed\",\"description\":\"P\u00e1gina web de la prefectura\",\"potentialAction\":[{\"@type\":\"SearchAction\",\"target\":{\"@type\":\"EntryPoint\",\"urlTemplate\":\"https:\\\/\\\/www.manabi.gob.ec\\\/?s={search_term_string}\"},\"query-input\":{\"@type\":\"PropertyValueSpecification\",\"valueRequired\":true,\"valueName\":\"search_term_string\"}}],\"inLanguage\":\"es\"},{\"@type\":\"Person\",\"@id\":\"https:\\\/\\\/www.manabi.gob.ec\\\/#\\\/schema\\\/person\\\/c4f117989332ad723a6ced5994aa7d7a\",\"name\":\"Lui Ochoa\",\"image\":{\"@type\":\"ImageObject\",\"inLanguage\":\"es\",\"@id\":\"https:\\\/\\\/secure.gravatar.com\\\/avatar\\\/6e8017d0fe69dead8a95864d2eb6e1e1d8bf8e01194ba49cf7b897ff038126ba?s=96&d=mm&r=g\",\"url\":\"https:\\\/\\\/secure.gravatar.com\\\/avatar\\\/6e8017d0fe69dead8a95864d2eb6e1e1d8bf8e01194ba49cf7b897ff038126ba?s=96&d=mm&r=g\",\"contentUrl\":\"https:\\\/\\\/secure.gravatar.com\\\/avatar\\\/6e8017d0fe69dead8a95864d2eb6e1e1d8bf8e01194ba49cf7b897ff038126ba?s=96&d=mm&r=g\",\"caption\":\"Lui Ochoa\"},\"url\":\"https:\\\/\\\/www.manabi.gob.ec\\\/index.php\\\/author\\\/lochoa\\\/\"}]}<\/script>\n<!-- \/ Yoast SEO plugin. -->","yoast_head_json":{"title":"Prefecto supervis\u00f3 trabajos de construcci\u00f3n y reconformaci\u00f3n\u00a0\u00a0de muros en La Greda\u00a0\u00a0 - Prefectura de Manab\u00ed","robots":{"index":"index","follow":"follow","max-snippet":"max-snippet:-1","max-image-preview":"max-image-preview:large","max-video-preview":"max-video-preview:-1"},"canonical":"https:\/\/www.manabi.gob.ec\/index.php\/prefecto-superviso-trabajos-de-construccion-y-reconformacion-de-muros-en-la-greda\/","og_locale":"es_ES","og_type":"article","og_title":"Prefecto supervis\u00f3 trabajos de construcci\u00f3n y reconformaci\u00f3n\u00a0\u00a0de muros en La Greda\u00a0\u00a0 - Prefectura de Manab\u00ed","og_description":"El prefecto de Manab\u00ed, Leonardo Orlando, supervis\u00f3 este mi\u00e9rcoles 22 de mayo,&nbsp;&nbsp;los trabajos de reconformaci\u00f3n de muros ejecutados por la Prefectura, en el sitio La Greda de la parroquia San Antonio del cant\u00f3n Chone. Se&nbsp;&nbsp;beneficia m\u00e1s de 50 familias dedicadas al cultivo de ciclo largo y corto de La Greta y otras comunidades. Los trabajos [&hellip;]","og_url":"https:\/\/www.manabi.gob.ec\/index.php\/prefecto-superviso-trabajos-de-construccion-y-reconformacion-de-muros-en-la-greda\/","og_site_name":"Prefectura de Manab\u00ed","article_published_time":"2024-05-27T17:21:34+00:00","article_modified_time":"2024-05-27T17:21:41+00:00","og_image":[{"width":2560,"height":1707,"url":"https:\/\/www.manabi.gob.ec\/wp-content\/uploads\/2024\/05\/IMG_1976-scaled.jpeg","type":"image\/jpeg"}],"author":"Lui Ochoa","twitter_card":"summary_large_image","twitter_misc":{"Escrito por":"Lui Ochoa","Tiempo de lectura":"2 minutos"},"schema":{"@context":"https:\/\/schema.org","@graph":[{"@type":"Article","@id":"https:\/\/www.manabi.gob.ec\/index.php\/prefecto-superviso-trabajos-de-construccion-y-reconformacion-de-muros-en-la-greda\/#article","isPartOf":{"@id":"https:\/\/www.manabi.gob.ec\/index.php\/prefecto-superviso-trabajos-de-construccion-y-reconformacion-de-muros-en-la-greda\/"},"author":{"name":"Lui Ochoa","@id":"https:\/\/www.manabi.gob.ec\/#\/schema\/person\/c4f117989332ad723a6ced5994aa7d7a"},"headline":"Prefecto supervis\u00f3 trabajos de construcci\u00f3n y reconformaci\u00f3n\u00a0\u00a0de muros en La Greda\u00a0\u00a0","datePublished":"2024-05-27T17:21:34+00:00","dateModified":"2024-05-27T17:21:41+00:00","mainEntityOfPage":{"@id":"https:\/\/www.manabi.gob.ec\/index.php\/prefecto-superviso-trabajos-de-construccion-y-reconformacion-de-muros-en-la-greda\/"},"wordCount":264,"image":{"@id":"https:\/\/www.manabi.gob.ec\/index.php\/prefecto-superviso-trabajos-de-construccion-y-reconformacion-de-muros-en-la-greda\/#primaryimage"},"thumbnailUrl":"https:\/\/www.manabi.gob.ec\/wp-content\/uploads\/2024\/05\/IMG_1976-scaled.jpeg","articleSection":["Ambiente","Desarrollo Social","Noticias","Obra P\u00fablica","PLAN INVERNAL","Todas"],"inLanguage":"es"},{"@type":"WebPage","@id":"https:\/\/www.manabi.gob.ec\/index.php\/prefecto-superviso-trabajos-de-construccion-y-reconformacion-de-muros-en-la-greda\/","url":"https:\/\/www.manabi.gob.ec\/index.php\/prefecto-superviso-trabajos-de-construccion-y-reconformacion-de-muros-en-la-greda\/","name":"Prefecto supervis\u00f3 trabajos de construcci\u00f3n y reconformaci\u00f3n\u00a0\u00a0de muros en La Greda\u00a0\u00a0 - Prefectura de Manab\u00ed","isPartOf":{"@id":"https:\/\/www.manabi.gob.ec\/#website"},"primaryImageOfPage":{"@id":"https:\/\/www.manabi.gob.ec\/index.php\/prefecto-superviso-trabajos-de-construccion-y-reconformacion-de-muros-en-la-greda\/#primaryimage"},"image":{"@id":"https:\/\/www.manabi.gob.ec\/index.php\/prefecto-superviso-trabajos-de-construccion-y-reconformacion-de-muros-en-la-greda\/#primaryimage"},"thumbnailUrl":"https:\/\/www.manabi.gob.ec\/wp-content\/uploads\/2024\/05\/IMG_1976-scaled.jpeg","datePublished":"2024-05-27T17:21:34+00:00","dateModified":"2024-05-27T17:21:41+00:00","author":{"@id":"https:\/\/www.manabi.gob.ec\/#\/schema\/person\/c4f117989332ad723a6ced5994aa7d7a"},"breadcrumb":{"@id":"https:\/\/www.manabi.gob.ec\/index.php\/prefecto-superviso-trabajos-de-construccion-y-reconformacion-de-muros-en-la-greda\/#breadcrumb"},"inLanguage":"es","potentialAction":[{"@type":"ReadAction","target":["https:\/\/www.manabi.gob.ec\/index.php\/prefecto-superviso-trabajos-de-construccion-y-reconformacion-de-muros-en-la-greda\/"]}]},{"@type":"ImageObject","inLanguage":"es","@id":"https:\/\/www.manabi.gob.ec\/index.php\/prefecto-superviso-trabajos-de-construccion-y-reconformacion-de-muros-en-la-greda\/#primaryimage","url":"https:\/\/www.manabi.gob.ec\/wp-content\/uploads\/2024\/05\/IMG_1976-scaled.jpeg","contentUrl":"https:\/\/www.manabi.gob.ec\/wp-content\/uploads\/2024\/05\/IMG_1976-scaled.jpeg","width":2560,"height":1707},{"@type":"BreadcrumbList","@id":"https:\/\/www.manabi.gob.ec\/index.php\/prefecto-superviso-trabajos-de-construccion-y-reconformacion-de-muros-en-la-greda\/#breadcrumb","itemListElement":[{"@type":"ListItem","position":1,"name":"Portada","item":"https:\/\/www.manabi.gob.ec\/"},{"@type":"ListItem","position":2,"name":"Prefecto supervis\u00f3 trabajos de construcci\u00f3n y reconformaci\u00f3n\u00a0\u00a0de muros en La Greda\u00a0\u00a0"}]},{"@type":"WebSite","@id":"https:\/\/www.manabi.gob.ec\/#website","url":"https:\/\/www.manabi.gob.ec\/","name":"Prefectura de Manab\u00ed","description":"P\u00e1gina web de la prefectura","potentialAction":[{"@type":"SearchAction","target":{"@type":"EntryPoint","urlTemplate":"https:\/\/www.manabi.gob.ec\/?s={search_term_string}"},"query-input":{"@type":"PropertyValueSpecification","valueRequired":true,"valueName":"search_term_string"}}],"inLanguage":"es"},{"@type":"Person","@id":"https:\/\/www.manabi.gob.ec\/#\/schema\/person\/c4f117989332ad723a6ced5994aa7d7a","name":"Lui Ochoa","image":{"@type":"ImageObject","inLanguage":"es","@id":"https:\/\/secure.gravatar.com\/avatar\/6e8017d0fe69dead8a95864d2eb6e1e1d8bf8e01194ba49cf7b897ff038126ba?s=96&d=mm&r=g","url":"https:\/\/secure.gravatar.com\/avatar\/6e8017d0fe69dead8a95864d2eb6e1e1d8bf8e01194ba49cf7b897ff038126ba?s=96&d=mm&r=g","contentUrl":"https:\/\/secure.gravatar.com\/avatar\/6e8017d0fe69dead8a95864d2eb6e1e1d8bf8e01194ba49cf7b897ff038126ba?s=96&d=mm&r=g","caption":"Lui Ochoa"},"url":"https:\/\/www.manabi.gob.ec\/index.php\/author\/lochoa\/"}]}},"jetpack_featured_media_url":"https:\/\/www.manabi.gob.ec\/wp-content\/uploads\/2024\/05\/IMG_1976-scaled.jpeg","_links":{"self":[{"href":"https:\/\/www.manabi.gob.ec\/index.php\/wp-json\/wp\/v2\/posts\/27930","targetHints":{"allow":["GET"]}}],"collection":[{"href":"https:\/\/www.manabi.gob.ec\/index.php\/wp-json\/wp\/v2\/posts"}],"about":[{"href":"https:\/\/www.manabi.gob.ec\/index.php\/wp-json\/wp\/v2\/types\/post"}],"author":[{"embeddable":true,"href":"https:\/\/www.manabi.gob.ec\/index.php\/wp-json\/wp\/v2\/users\/10"}],"replies":[{"embeddable":true,"href":"https:\/\/www.manabi.gob.ec\/index.php\/wp-json\/wp\/v2\/comments?post=27930"}],"version-history":[{"count":1,"href":"https:\/\/www.manabi.gob.ec\/index.php\/wp-json\/wp\/v2\/posts\/27930\/revisions"}],"predecessor-version":[{"id":27932,"href":"https:\/\/www.manabi.gob.ec\/index.php\/wp-json\/wp\/v2\/posts\/27930\/revisions\/27932"}],"wp:featuredmedia":[{"embeddable":true,"href":"https:\/\/www.manabi.gob.ec\/index.php\/wp-json\/wp\/v2\/media\/27931"}],"wp:attachment":[{"href":"https:\/\/www.manabi.gob.ec\/index.php\/wp-json\/wp\/v2\/media?parent=27930"}],"wp:term":[{"taxonomy":"category","embeddable":true,"href":"https:\/\/www.manabi.gob.ec\/index.php\/wp-json\/wp\/v2\/categories?post=27930"},{"taxonomy":"post_tag","embeddable":true,"href":"https:\/\/www.manabi.gob.ec\/index.php\/wp-json\/wp\/v2\/tags?post=27930"}],"curies":[{"name":"wp","href":"https:\/\/api.w.org\/{rel}","templated":true}]}}