{"id":27933,"date":"2024-05-27T17:27:49","date_gmt":"2024-05-27T17:27:49","guid":{"rendered":"https:\/\/www.manabi.gob.ec\/?p=27933"},"modified":"2024-05-27T17:27:56","modified_gmt":"2024-05-27T17:27:56","slug":"menores-victimas-de-violencia","status":"publish","type":"post","link":"https:\/\/www.manabi.gob.ec\/index.php\/menores-victimas-de-violencia\/","title":{"rendered":"Alianzas estrat\u00e9gicas para implementar Centro de Acogimiento Emergente\u00a0\u00a0de menores en Manab\u00ed"},"content":{"rendered":"\n<p><br>El prefecto Leonardo Orlando, se reuni\u00f3 con representantes de&nbsp;&nbsp;ACNUR y la Fundaci\u00f3n Santa Marta, a fin de establecer alianzas de cooperaci\u00f3n interinstitucional con&nbsp;&nbsp;la Prefectura de Manab\u00ed, para implementar un centro de acogimiento emergente, transitorio&nbsp;&nbsp;a menores v\u00edctimas de violencia para la provincia.&nbsp;<\/p>\n\n\n\n<p>&nbsp;Las casas de acogidas son dise\u00f1adas dentro de&nbsp;&nbsp;est\u00e1ndares t\u00e9cnicos y de calidad, con&nbsp;&nbsp;&nbsp;enfoque de derechos humanos, g\u00e9nero, interseccionalidad, movilidad humana,&nbsp;&nbsp;en la que participa la sociedad civil (Fundaci\u00f3n Santa Marta) y se cuenta con la cooperaci\u00f3n internacional (ACNUR) y el acompa\u00f1amiento del MIES.&nbsp;<\/p>\n\n\n\n<p>Adem\u00e1s&nbsp;&nbsp;&nbsp;generan procesos de cooperaci\u00f3n para el desarrollo en mecanismos de protecci\u00f3n especial, a trav\u00e9s de la acogida y gesti\u00f3n de casos de menores v\u00edctimas de violencia.<\/p>\n\n\n\n<p>Este centro, que atender\u00e1 en Portoviejo,&nbsp;&nbsp;se convertir\u00e1 en un espacio seguro para los menores v\u00edctimas de violencia, para que puedan salir de forma inicial del lugar en donde ocurra el evento violento o vulneraci\u00f3n de sus derechos,&nbsp;&nbsp;para su protecci\u00f3n, cuidado y atenci\u00f3n integral mientras se trabaja en la restituci\u00f3n y reparaci\u00f3n de los derechos que promuevan el desarrollo de nuevos proyectos de vida.<\/p>\n","protected":false},"excerpt":{"rendered":"<p>El prefecto Leonardo Orlando, se reuni\u00f3 con representantes de&nbsp;&nbsp;ACNUR y la Fundaci\u00f3n Santa Marta, a fin de establecer alianzas de cooperaci\u00f3n interinstitucional con&nbsp;&nbsp;la Prefectura de Manab\u00ed, para implementar un centro de acogimiento emergente, transitorio&nbsp;&nbsp;a menores v\u00edctimas de violencia para la provincia.&nbsp; &nbsp;Las casas de acogidas son dise\u00f1adas dentro de&nbsp;&nbsp;est\u00e1ndares t\u00e9cnicos y de calidad, con&nbsp;&nbsp;&nbsp;enfoque de [&hellip;]<\/p>\n","protected":false},"author":10,"featured_media":27934,"comment_status":"closed","ping_status":"closed","sticky":false,"template":"","format":"standard","meta":{"_joinchat":[],"footnotes":""},"categories":[150,142,224,92,160,91,223],"tags":[],"class_list":["post-27933","post","type-post","status-publish","format-standard","has-post-thumbnail","hentry","category-ambiente","category-desarrollo-social","category-mujeres","category-noticias-manabi","category-sucre","category-todas","category-violencia-de-genero"],"yoast_head":"<!-- This site is optimized with the Yoast SEO plugin v27.4 - https:\/\/yoast.com\/product\/yoast-seo-wordpress\/ -->\n<title>Alianzas estrat\u00e9gicas para implementar Centro de Acogimiento Emergente\u00a0\u00a0de menores en Manab\u00ed - Prefectura de Manab\u00ed<\/title>\n<meta name=\"description\" content=\"El prefecto Leonardo Orlando, se reuni\u00f3 con representantes de ACNUR y la Fundaci\u00f3n Santa Marta, a fin de establecer alianzas de cooperaci\u00f3n interinstitucional con la Prefectura de Manab\u00ed, para implementar un centro de acogimiento emergente, transitorio a menores v\u00edctimas de violencia para la provincia. Las casas de acogidas son dise\u00f1adas dentro de est\u00e1ndares t\u00e9cnicos y de calidad, con enfoque de derechos humanos, g\u00e9nero, interseccionalidad, movilidad humana, en la que participa la sociedad civil (Fundaci\u00f3n Santa Marta) y se cuenta con la cooperaci\u00f3n internacional (ACNUR) y el acompa\u00f1amiento del MIES. Adem\u00e1s generan procesos de cooperaci\u00f3n para el desarrollo en mecanismos de protecci\u00f3n especial, a trav\u00e9s de la acogida y gesti\u00f3n de casos de menores v\u00edctimas de violencia.Este centro, que atender\u00e1 en Portoviejo, se convertir\u00e1 en un espacio seguro para los menores v\u00edctimas de violencia, para que puedan salir de forma inicial del lugar en donde ocurra el evento violento o vulneraci\u00f3n de sus derechos, para su protecci\u00f3n, cuidado y atenci\u00f3n integral mientras se trabaja en la restituci\u00f3n y reparaci\u00f3n de los derechos que promuevan el desarrollo de nuevos proyectos de vida.\" \/>\n<meta name=\"robots\" content=\"index, follow, max-snippet:-1, max-image-preview:large, max-video-preview:-1\" \/>\n<link rel=\"canonical\" href=\"https:\/\/www.manabi.gob.ec\/index.php\/menores-victimas-de-violencia\/\" \/>\n<meta property=\"og:locale\" content=\"es_ES\" \/>\n<meta property=\"og:type\" content=\"article\" \/>\n<meta property=\"og:title\" content=\"Alianzas estrat\u00e9gicas para implementar Centro de Acogimiento Emergente\u00a0\u00a0de menores en Manab\u00ed - Prefectura de Manab\u00ed\" \/>\n<meta property=\"og:description\" content=\"El prefecto Leonardo Orlando, se reuni\u00f3 con representantes de ACNUR y la Fundaci\u00f3n Santa Marta, a fin de establecer alianzas de cooperaci\u00f3n interinstitucional con la Prefectura de Manab\u00ed, para implementar un centro de acogimiento emergente, transitorio a menores v\u00edctimas de violencia para la provincia. Las casas de acogidas son dise\u00f1adas dentro de est\u00e1ndares t\u00e9cnicos y de calidad, con enfoque de derechos humanos, g\u00e9nero, interseccionalidad, movilidad humana, en la que participa la sociedad civil (Fundaci\u00f3n Santa Marta) y se cuenta con la cooperaci\u00f3n internacional (ACNUR) y el acompa\u00f1amiento del MIES. Adem\u00e1s generan procesos de cooperaci\u00f3n para el desarrollo en mecanismos de protecci\u00f3n especial, a trav\u00e9s de la acogida y gesti\u00f3n de casos de menores v\u00edctimas de violencia.Este centro, que atender\u00e1 en Portoviejo, se convertir\u00e1 en un espacio seguro para los menores v\u00edctimas de violencia, para que puedan salir de forma inicial del lugar en donde ocurra el evento violento o vulneraci\u00f3n de sus derechos, para su protecci\u00f3n, cuidado y atenci\u00f3n integral mientras se trabaja en la restituci\u00f3n y reparaci\u00f3n de los derechos que promuevan el desarrollo de nuevos proyectos de vida.\" \/>\n<meta property=\"og:url\" content=\"https:\/\/www.manabi.gob.ec\/index.php\/menores-victimas-de-violencia\/\" \/>\n<meta property=\"og:site_name\" content=\"Prefectura de Manab\u00ed\" \/>\n<meta property=\"article:published_time\" content=\"2024-05-27T17:27:49+00:00\" \/>\n<meta property=\"article:modified_time\" content=\"2024-05-27T17:27:56+00:00\" \/>\n<meta property=\"og:image\" content=\"https:\/\/www.manabi.gob.ec\/wp-content\/uploads\/2024\/05\/IMG_1978.jpeg\" \/>\n\t<meta property=\"og:image:width\" content=\"1600\" \/>\n\t<meta property=\"og:image:height\" content=\"1066\" \/>\n\t<meta property=\"og:image:type\" content=\"image\/jpeg\" \/>\n<meta name=\"author\" content=\"Lui Ochoa\" \/>\n<meta name=\"twitter:card\" content=\"summary_large_image\" \/>\n<meta name=\"twitter:label1\" content=\"Escrito por\" \/>\n\t<meta name=\"twitter:data1\" content=\"Lui Ochoa\" \/>\n\t<meta name=\"twitter:label2\" content=\"Tiempo de lectura\" \/>\n\t<meta name=\"twitter:data2\" content=\"2 minutos\" \/>\n<script type=\"application\/ld+json\" class=\"yoast-schema-graph\">{\"@context\":\"https:\\\/\\\/schema.org\",\"@graph\":[{\"@type\":\"Article\",\"@id\":\"https:\\\/\\\/www.manabi.gob.ec\\\/index.php\\\/menores-victimas-de-violencia\\\/#article\",\"isPartOf\":{\"@id\":\"https:\\\/\\\/www.manabi.gob.ec\\\/index.php\\\/menores-victimas-de-violencia\\\/\"},\"author\":{\"name\":\"Lui Ochoa\",\"@id\":\"https:\\\/\\\/www.manabi.gob.ec\\\/#\\\/schema\\\/person\\\/c4f117989332ad723a6ced5994aa7d7a\"},\"headline\":\"Alianzas estrat\u00e9gicas para implementar Centro de Acogimiento Emergente\u00a0\u00a0de menores en Manab\u00ed\",\"datePublished\":\"2024-05-27T17:27:49+00:00\",\"dateModified\":\"2024-05-27T17:27:56+00:00\",\"mainEntityOfPage\":{\"@id\":\"https:\\\/\\\/www.manabi.gob.ec\\\/index.php\\\/menores-victimas-de-violencia\\\/\"},\"wordCount\":239,\"image\":{\"@id\":\"https:\\\/\\\/www.manabi.gob.ec\\\/index.php\\\/menores-victimas-de-violencia\\\/#primaryimage\"},\"thumbnailUrl\":\"https:\\\/\\\/www.manabi.gob.ec\\\/wp-content\\\/uploads\\\/2024\\\/05\\\/IMG_1978.jpeg\",\"articleSection\":[\"Ambiente\",\"Desarrollo Social\",\"Mujeres\",\"Noticias\",\"Sucre\",\"Todas\",\"Violencia de G\u00e9nero\"],\"inLanguage\":\"es\"},{\"@type\":\"WebPage\",\"@id\":\"https:\\\/\\\/www.manabi.gob.ec\\\/index.php\\\/menores-victimas-de-violencia\\\/\",\"url\":\"https:\\\/\\\/www.manabi.gob.ec\\\/index.php\\\/menores-victimas-de-violencia\\\/\",\"name\":\"Alianzas estrat\u00e9gicas para implementar Centro de Acogimiento Emergente\u00a0\u00a0de menores en Manab\u00ed - Prefectura de Manab\u00ed\",\"isPartOf\":{\"@id\":\"https:\\\/\\\/www.manabi.gob.ec\\\/#website\"},\"primaryImageOfPage\":{\"@id\":\"https:\\\/\\\/www.manabi.gob.ec\\\/index.php\\\/menores-victimas-de-violencia\\\/#primaryimage\"},\"image\":{\"@id\":\"https:\\\/\\\/www.manabi.gob.ec\\\/index.php\\\/menores-victimas-de-violencia\\\/#primaryimage\"},\"thumbnailUrl\":\"https:\\\/\\\/www.manabi.gob.ec\\\/wp-content\\\/uploads\\\/2024\\\/05\\\/IMG_1978.jpeg\",\"datePublished\":\"2024-05-27T17:27:49+00:00\",\"dateModified\":\"2024-05-27T17:27:56+00:00\",\"author\":{\"@id\":\"https:\\\/\\\/www.manabi.gob.ec\\\/#\\\/schema\\\/person\\\/c4f117989332ad723a6ced5994aa7d7a\"},\"description\":\"El prefecto Leonardo Orlando, se reuni\u00f3 con representantes de ACNUR y la Fundaci\u00f3n Santa Marta, a fin de establecer alianzas de cooperaci\u00f3n interinstitucional con la Prefectura de Manab\u00ed, para implementar un centro de acogimiento emergente, transitorio a menores v\u00edctimas de violencia para la provincia. Las casas de acogidas son dise\u00f1adas dentro de est\u00e1ndares t\u00e9cnicos y de calidad, con enfoque de derechos humanos, g\u00e9nero, interseccionalidad, movilidad humana, en la que participa la sociedad civil (Fundaci\u00f3n Santa Marta) y se cuenta con la cooperaci\u00f3n internacional (ACNUR) y el acompa\u00f1amiento del MIES. Adem\u00e1s generan procesos de cooperaci\u00f3n para el desarrollo en mecanismos de protecci\u00f3n especial, a trav\u00e9s de la acogida y gesti\u00f3n de casos de menores v\u00edctimas de violencia.Este centro, que atender\u00e1 en Portoviejo, se convertir\u00e1 en un espacio seguro para los menores v\u00edctimas de violencia, para que puedan salir de forma inicial del lugar en donde ocurra el evento violento o vulneraci\u00f3n de sus derechos, para su protecci\u00f3n, cuidado y atenci\u00f3n integral mientras se trabaja en la restituci\u00f3n y reparaci\u00f3n de los derechos que promuevan el desarrollo de nuevos proyectos de vida.\",\"breadcrumb\":{\"@id\":\"https:\\\/\\\/www.manabi.gob.ec\\\/index.php\\\/menores-victimas-de-violencia\\\/#breadcrumb\"},\"inLanguage\":\"es\",\"potentialAction\":[{\"@type\":\"ReadAction\",\"target\":[\"https:\\\/\\\/www.manabi.gob.ec\\\/index.php\\\/menores-victimas-de-violencia\\\/\"]}]},{\"@type\":\"ImageObject\",\"inLanguage\":\"es\",\"@id\":\"https:\\\/\\\/www.manabi.gob.ec\\\/index.php\\\/menores-victimas-de-violencia\\\/#primaryimage\",\"url\":\"https:\\\/\\\/www.manabi.gob.ec\\\/wp-content\\\/uploads\\\/2024\\\/05\\\/IMG_1978.jpeg\",\"contentUrl\":\"https:\\\/\\\/www.manabi.gob.ec\\\/wp-content\\\/uploads\\\/2024\\\/05\\\/IMG_1978.jpeg\",\"width\":1600,\"height\":1066},{\"@type\":\"BreadcrumbList\",\"@id\":\"https:\\\/\\\/www.manabi.gob.ec\\\/index.php\\\/menores-victimas-de-violencia\\\/#breadcrumb\",\"itemListElement\":[{\"@type\":\"ListItem\",\"position\":1,\"name\":\"Portada\",\"item\":\"https:\\\/\\\/www.manabi.gob.ec\\\/\"},{\"@type\":\"ListItem\",\"position\":2,\"name\":\"Alianzas estrat\u00e9gicas para implementar Centro de Acogimiento Emergente\u00a0\u00a0de menores en Manab\u00ed\"}]},{\"@type\":\"WebSite\",\"@id\":\"https:\\\/\\\/www.manabi.gob.ec\\\/#website\",\"url\":\"https:\\\/\\\/www.manabi.gob.ec\\\/\",\"name\":\"Prefectura de Manab\u00ed\",\"description\":\"P\u00e1gina web de la prefectura\",\"potentialAction\":[{\"@type\":\"SearchAction\",\"target\":{\"@type\":\"EntryPoint\",\"urlTemplate\":\"https:\\\/\\\/www.manabi.gob.ec\\\/?s={search_term_string}\"},\"query-input\":{\"@type\":\"PropertyValueSpecification\",\"valueRequired\":true,\"valueName\":\"search_term_string\"}}],\"inLanguage\":\"es\"},{\"@type\":\"Person\",\"@id\":\"https:\\\/\\\/www.manabi.gob.ec\\\/#\\\/schema\\\/person\\\/c4f117989332ad723a6ced5994aa7d7a\",\"name\":\"Lui Ochoa\",\"image\":{\"@type\":\"ImageObject\",\"inLanguage\":\"es\",\"@id\":\"https:\\\/\\\/secure.gravatar.com\\\/avatar\\\/6e8017d0fe69dead8a95864d2eb6e1e1d8bf8e01194ba49cf7b897ff038126ba?s=96&d=mm&r=g\",\"url\":\"https:\\\/\\\/secure.gravatar.com\\\/avatar\\\/6e8017d0fe69dead8a95864d2eb6e1e1d8bf8e01194ba49cf7b897ff038126ba?s=96&d=mm&r=g\",\"contentUrl\":\"https:\\\/\\\/secure.gravatar.com\\\/avatar\\\/6e8017d0fe69dead8a95864d2eb6e1e1d8bf8e01194ba49cf7b897ff038126ba?s=96&d=mm&r=g\",\"caption\":\"Lui Ochoa\"},\"url\":\"https:\\\/\\\/www.manabi.gob.ec\\\/index.php\\\/author\\\/lochoa\\\/\"}]}<\/script>\n<!-- \/ Yoast SEO plugin. -->","yoast_head_json":{"title":"Alianzas estrat\u00e9gicas para implementar Centro de Acogimiento Emergente\u00a0\u00a0de menores en Manab\u00ed - Prefectura de Manab\u00ed","description":"El prefecto Leonardo Orlando, se reuni\u00f3 con representantes de ACNUR y la Fundaci\u00f3n Santa Marta, a fin de establecer alianzas de cooperaci\u00f3n interinstitucional con la Prefectura de Manab\u00ed, para implementar un centro de acogimiento emergente, transitorio a menores v\u00edctimas de violencia para la provincia. Las casas de acogidas son dise\u00f1adas dentro de est\u00e1ndares t\u00e9cnicos y de calidad, con enfoque de derechos humanos, g\u00e9nero, interseccionalidad, movilidad humana, en la que participa la sociedad civil (Fundaci\u00f3n Santa Marta) y se cuenta con la cooperaci\u00f3n internacional (ACNUR) y el acompa\u00f1amiento del MIES. Adem\u00e1s generan procesos de cooperaci\u00f3n para el desarrollo en mecanismos de protecci\u00f3n especial, a trav\u00e9s de la acogida y gesti\u00f3n de casos de menores v\u00edctimas de violencia.Este centro, que atender\u00e1 en Portoviejo, se convertir\u00e1 en un espacio seguro para los menores v\u00edctimas de violencia, para que puedan salir de forma inicial del lugar en donde ocurra el evento violento o vulneraci\u00f3n de sus derechos, para su protecci\u00f3n, cuidado y atenci\u00f3n integral mientras se trabaja en la restituci\u00f3n y reparaci\u00f3n de los derechos que promuevan el desarrollo de nuevos proyectos de vida.","robots":{"index":"index","follow":"follow","max-snippet":"max-snippet:-1","max-image-preview":"max-image-preview:large","max-video-preview":"max-video-preview:-1"},"canonical":"https:\/\/www.manabi.gob.ec\/index.php\/menores-victimas-de-violencia\/","og_locale":"es_ES","og_type":"article","og_title":"Alianzas estrat\u00e9gicas para implementar Centro de Acogimiento Emergente\u00a0\u00a0de menores en Manab\u00ed - Prefectura de Manab\u00ed","og_description":"El prefecto Leonardo Orlando, se reuni\u00f3 con representantes de ACNUR y la Fundaci\u00f3n Santa Marta, a fin de establecer alianzas de cooperaci\u00f3n interinstitucional con la Prefectura de Manab\u00ed, para implementar un centro de acogimiento emergente, transitorio a menores v\u00edctimas de violencia para la provincia. Las casas de acogidas son dise\u00f1adas dentro de est\u00e1ndares t\u00e9cnicos y de calidad, con enfoque de derechos humanos, g\u00e9nero, interseccionalidad, movilidad humana, en la que participa la sociedad civil (Fundaci\u00f3n Santa Marta) y se cuenta con la cooperaci\u00f3n internacional (ACNUR) y el acompa\u00f1amiento del MIES. Adem\u00e1s generan procesos de cooperaci\u00f3n para el desarrollo en mecanismos de protecci\u00f3n especial, a trav\u00e9s de la acogida y gesti\u00f3n de casos de menores v\u00edctimas de violencia.Este centro, que atender\u00e1 en Portoviejo, se convertir\u00e1 en un espacio seguro para los menores v\u00edctimas de violencia, para que puedan salir de forma inicial del lugar en donde ocurra el evento violento o vulneraci\u00f3n de sus derechos, para su protecci\u00f3n, cuidado y atenci\u00f3n integral mientras se trabaja en la restituci\u00f3n y reparaci\u00f3n de los derechos que promuevan el desarrollo de nuevos proyectos de vida.","og_url":"https:\/\/www.manabi.gob.ec\/index.php\/menores-victimas-de-violencia\/","og_site_name":"Prefectura de Manab\u00ed","article_published_time":"2024-05-27T17:27:49+00:00","article_modified_time":"2024-05-27T17:27:56+00:00","og_image":[{"width":1600,"height":1066,"url":"https:\/\/www.manabi.gob.ec\/wp-content\/uploads\/2024\/05\/IMG_1978.jpeg","type":"image\/jpeg"}],"author":"Lui Ochoa","twitter_card":"summary_large_image","twitter_misc":{"Escrito por":"Lui Ochoa","Tiempo de lectura":"2 minutos"},"schema":{"@context":"https:\/\/schema.org","@graph":[{"@type":"Article","@id":"https:\/\/www.manabi.gob.ec\/index.php\/menores-victimas-de-violencia\/#article","isPartOf":{"@id":"https:\/\/www.manabi.gob.ec\/index.php\/menores-victimas-de-violencia\/"},"author":{"name":"Lui Ochoa","@id":"https:\/\/www.manabi.gob.ec\/#\/schema\/person\/c4f117989332ad723a6ced5994aa7d7a"},"headline":"Alianzas estrat\u00e9gicas para implementar Centro de Acogimiento Emergente\u00a0\u00a0de menores en Manab\u00ed","datePublished":"2024-05-27T17:27:49+00:00","dateModified":"2024-05-27T17:27:56+00:00","mainEntityOfPage":{"@id":"https:\/\/www.manabi.gob.ec\/index.php\/menores-victimas-de-violencia\/"},"wordCount":239,"image":{"@id":"https:\/\/www.manabi.gob.ec\/index.php\/menores-victimas-de-violencia\/#primaryimage"},"thumbnailUrl":"https:\/\/www.manabi.gob.ec\/wp-content\/uploads\/2024\/05\/IMG_1978.jpeg","articleSection":["Ambiente","Desarrollo Social","Mujeres","Noticias","Sucre","Todas","Violencia de G\u00e9nero"],"inLanguage":"es"},{"@type":"WebPage","@id":"https:\/\/www.manabi.gob.ec\/index.php\/menores-victimas-de-violencia\/","url":"https:\/\/www.manabi.gob.ec\/index.php\/menores-victimas-de-violencia\/","name":"Alianzas estrat\u00e9gicas para implementar Centro de Acogimiento Emergente\u00a0\u00a0de menores en Manab\u00ed - Prefectura de Manab\u00ed","isPartOf":{"@id":"https:\/\/www.manabi.gob.ec\/#website"},"primaryImageOfPage":{"@id":"https:\/\/www.manabi.gob.ec\/index.php\/menores-victimas-de-violencia\/#primaryimage"},"image":{"@id":"https:\/\/www.manabi.gob.ec\/index.php\/menores-victimas-de-violencia\/#primaryimage"},"thumbnailUrl":"https:\/\/www.manabi.gob.ec\/wp-content\/uploads\/2024\/05\/IMG_1978.jpeg","datePublished":"2024-05-27T17:27:49+00:00","dateModified":"2024-05-27T17:27:56+00:00","author":{"@id":"https:\/\/www.manabi.gob.ec\/#\/schema\/person\/c4f117989332ad723a6ced5994aa7d7a"},"description":"El prefecto Leonardo Orlando, se reuni\u00f3 con representantes de ACNUR y la Fundaci\u00f3n Santa Marta, a fin de establecer alianzas de cooperaci\u00f3n interinstitucional con la Prefectura de Manab\u00ed, para implementar un centro de acogimiento emergente, transitorio a menores v\u00edctimas de violencia para la provincia. Las casas de acogidas son dise\u00f1adas dentro de est\u00e1ndares t\u00e9cnicos y de calidad, con enfoque de derechos humanos, g\u00e9nero, interseccionalidad, movilidad humana, en la que participa la sociedad civil (Fundaci\u00f3n Santa Marta) y se cuenta con la cooperaci\u00f3n internacional (ACNUR) y el acompa\u00f1amiento del MIES. Adem\u00e1s generan procesos de cooperaci\u00f3n para el desarrollo en mecanismos de protecci\u00f3n especial, a trav\u00e9s de la acogida y gesti\u00f3n de casos de menores v\u00edctimas de violencia.Este centro, que atender\u00e1 en Portoviejo, se convertir\u00e1 en un espacio seguro para los menores v\u00edctimas de violencia, para que puedan salir de forma inicial del lugar en donde ocurra el evento violento o vulneraci\u00f3n de sus derechos, para su protecci\u00f3n, cuidado y atenci\u00f3n integral mientras se trabaja en la restituci\u00f3n y reparaci\u00f3n de los derechos que promuevan el desarrollo de nuevos proyectos de vida.","breadcrumb":{"@id":"https:\/\/www.manabi.gob.ec\/index.php\/menores-victimas-de-violencia\/#breadcrumb"},"inLanguage":"es","potentialAction":[{"@type":"ReadAction","target":["https:\/\/www.manabi.gob.ec\/index.php\/menores-victimas-de-violencia\/"]}]},{"@type":"ImageObject","inLanguage":"es","@id":"https:\/\/www.manabi.gob.ec\/index.php\/menores-victimas-de-violencia\/#primaryimage","url":"https:\/\/www.manabi.gob.ec\/wp-content\/uploads\/2024\/05\/IMG_1978.jpeg","contentUrl":"https:\/\/www.manabi.gob.ec\/wp-content\/uploads\/2024\/05\/IMG_1978.jpeg","width":1600,"height":1066},{"@type":"BreadcrumbList","@id":"https:\/\/www.manabi.gob.ec\/index.php\/menores-victimas-de-violencia\/#breadcrumb","itemListElement":[{"@type":"ListItem","position":1,"name":"Portada","item":"https:\/\/www.manabi.gob.ec\/"},{"@type":"ListItem","position":2,"name":"Alianzas estrat\u00e9gicas para implementar Centro de Acogimiento Emergente\u00a0\u00a0de menores en Manab\u00ed"}]},{"@type":"WebSite","@id":"https:\/\/www.manabi.gob.ec\/#website","url":"https:\/\/www.manabi.gob.ec\/","name":"Prefectura de Manab\u00ed","description":"P\u00e1gina web de la prefectura","potentialAction":[{"@type":"SearchAction","target":{"@type":"EntryPoint","urlTemplate":"https:\/\/www.manabi.gob.ec\/?s={search_term_string}"},"query-input":{"@type":"PropertyValueSpecification","valueRequired":true,"valueName":"search_term_string"}}],"inLanguage":"es"},{"@type":"Person","@id":"https:\/\/www.manabi.gob.ec\/#\/schema\/person\/c4f117989332ad723a6ced5994aa7d7a","name":"Lui Ochoa","image":{"@type":"ImageObject","inLanguage":"es","@id":"https:\/\/secure.gravatar.com\/avatar\/6e8017d0fe69dead8a95864d2eb6e1e1d8bf8e01194ba49cf7b897ff038126ba?s=96&d=mm&r=g","url":"https:\/\/secure.gravatar.com\/avatar\/6e8017d0fe69dead8a95864d2eb6e1e1d8bf8e01194ba49cf7b897ff038126ba?s=96&d=mm&r=g","contentUrl":"https:\/\/secure.gravatar.com\/avatar\/6e8017d0fe69dead8a95864d2eb6e1e1d8bf8e01194ba49cf7b897ff038126ba?s=96&d=mm&r=g","caption":"Lui Ochoa"},"url":"https:\/\/www.manabi.gob.ec\/index.php\/author\/lochoa\/"}]}},"jetpack_featured_media_url":"https:\/\/www.manabi.gob.ec\/wp-content\/uploads\/2024\/05\/IMG_1978.jpeg","_links":{"self":[{"href":"https:\/\/www.manabi.gob.ec\/index.php\/wp-json\/wp\/v2\/posts\/27933","targetHints":{"allow":["GET"]}}],"collection":[{"href":"https:\/\/www.manabi.gob.ec\/index.php\/wp-json\/wp\/v2\/posts"}],"about":[{"href":"https:\/\/www.manabi.gob.ec\/index.php\/wp-json\/wp\/v2\/types\/post"}],"author":[{"embeddable":true,"href":"https:\/\/www.manabi.gob.ec\/index.php\/wp-json\/wp\/v2\/users\/10"}],"replies":[{"embeddable":true,"href":"https:\/\/www.manabi.gob.ec\/index.php\/wp-json\/wp\/v2\/comments?post=27933"}],"version-history":[{"count":1,"href":"https:\/\/www.manabi.gob.ec\/index.php\/wp-json\/wp\/v2\/posts\/27933\/revisions"}],"predecessor-version":[{"id":27935,"href":"https:\/\/www.manabi.gob.ec\/index.php\/wp-json\/wp\/v2\/posts\/27933\/revisions\/27935"}],"wp:featuredmedia":[{"embeddable":true,"href":"https:\/\/www.manabi.gob.ec\/index.php\/wp-json\/wp\/v2\/media\/27934"}],"wp:attachment":[{"href":"https:\/\/www.manabi.gob.ec\/index.php\/wp-json\/wp\/v2\/media?parent=27933"}],"wp:term":[{"taxonomy":"category","embeddable":true,"href":"https:\/\/www.manabi.gob.ec\/index.php\/wp-json\/wp\/v2\/categories?post=27933"},{"taxonomy":"post_tag","embeddable":true,"href":"https:\/\/www.manabi.gob.ec\/index.php\/wp-json\/wp\/v2\/tags?post=27933"}],"curies":[{"name":"wp","href":"https:\/\/api.w.org\/{rel}","templated":true}]}}