{"id":28007,"date":"2024-05-30T16:49:55","date_gmt":"2024-05-30T16:49:55","guid":{"rendered":"https:\/\/www.manabi.gob.ec\/?p=28007"},"modified":"2024-05-30T21:42:37","modified_gmt":"2024-05-30T21:42:37","slug":"corporacion-provincial-respalda-decreto-ejecutivo-de-estado-de-excepcion-en-manabi","status":"publish","type":"post","link":"https:\/\/www.manabi.gob.ec\/index.php\/corporacion-provincial-respalda-decreto-ejecutivo-de-estado-de-excepcion-en-manabi\/","title":{"rendered":"Consejo Provincial conoci\u00f3 proyecto de postulaci\u00f3n de Manab\u00ed como Regi\u00f3n Gastron\u00f3mica"},"content":{"rendered":"\n<p>El Prefecto de Manab\u00ed, Leonardo Orlando, socializ\u00f3 a la Corporaci\u00f3n Provincial, en sesi\u00f3n ordinaria de mayo, la postulaci\u00f3n de Manab\u00ed como Regi\u00f3n Gastron\u00f3mica Mundial para el 2026, e invit\u00f3 a los consejeros y consejeras a participar como aliados estrat\u00e9gicos en este trascendental proyecto que busca posesionar a la provincia como un destino tur\u00edstico-gastron\u00f3mico.<\/p>\n\n\n\n<p><br>El Prefecto indic\u00f3 que el lanzamiento de la postulaci\u00f3n de Manab\u00ed como Regi\u00f3n Gastron\u00f3mica Mundial-2026, se har\u00e1 en junio ante el Instituto Gastron\u00f3mico, Cultura, Arte y Turismo (IGCAT), por el Comit\u00e9 Promotor que lo integra: La Prefectura, Fundaci\u00f3n Fuegos y la Universidad T\u00e9cnica, como parte de la Agenda del Bicentenario de la provincia.<br>Lo que queremos es consolidarnos como un destino tur\u00edstico, sustentado en nuestra exquisita y milenaria gastronom\u00eda\u00bb, dijo el Prefecto, y que la iniciativa surgi\u00f3 a finales del 2023.<\/p>\n\n\n\n<p><br>En la sesi\u00f3n, que se desarroll\u00f3 v\u00eda zoom, tambi\u00e9n se aprob\u00f3 la Resoluci\u00f3n Legislativa para \u00abPromover la conmemoraci\u00f3n de las fechas 17 de mayo, 28 de junio y 27 de noviembre como reconocimiento de la lucha de las personas LGBTIQ+, en el marco de la pol\u00edtica p\u00fablica para el fomento y defensa de sus derechos, incentivando su participaci\u00f3n activa e inclusi\u00f3n con equidad en la provincia de Manab\u00ed\u201d.<\/p>\n\n\n\n<p>Otro de los temas analizados fue la inseguridad de la provincia, ante lo cual un\u00e1nimemente los miembros de la Corporaci\u00f3n dijeron respaldar la decisi\u00f3n del Gobierno de declarar el estado de excepci\u00f3n en la provincia. \u00abLa inseguridad es un tema que nos compete a todos. Lo que queremos es paz y tranquilidad social\u00bb, indic\u00f3 el prefecto, Leonardo Orlando.<\/p>\n","protected":false},"excerpt":{"rendered":"<p>El Prefecto de Manab\u00ed, Leonardo Orlando, socializ\u00f3 a la Corporaci\u00f3n Provincial, en sesi\u00f3n ordinaria de mayo, la postulaci\u00f3n de Manab\u00ed como Regi\u00f3n Gastron\u00f3mica Mundial para el 2026, e invit\u00f3 a los consejeros y consejeras a participar como aliados estrat\u00e9gicos en este trascendental proyecto que busca posesionar a la provincia como un destino tur\u00edstico-gastron\u00f3mico. El Prefecto [&hellip;]<\/p>\n","protected":false},"author":10,"featured_media":28008,"comment_status":"closed","ping_status":"closed","sticky":false,"template":"","format":"standard","meta":{"_joinchat":[],"footnotes":""},"categories":[150,142,92,91],"tags":[],"class_list":["post-28007","post","type-post","status-publish","format-standard","has-post-thumbnail","hentry","category-ambiente","category-desarrollo-social","category-noticias-manabi","category-todas"],"yoast_head":"<!-- This site is optimized with the Yoast SEO plugin v27.4 - https:\/\/yoast.com\/product\/yoast-seo-wordpress\/ -->\n<title>Consejo Provincial conoci\u00f3 proyecto de postulaci\u00f3n de Manab\u00ed como Regi\u00f3n Gastron\u00f3mica - Prefectura de Manab\u00ed<\/title>\n<meta name=\"robots\" content=\"index, follow, max-snippet:-1, max-image-preview:large, max-video-preview:-1\" \/>\n<link rel=\"canonical\" href=\"https:\/\/www.manabi.gob.ec\/index.php\/corporacion-provincial-respalda-decreto-ejecutivo-de-estado-de-excepcion-en-manabi\/\" \/>\n<meta property=\"og:locale\" content=\"es_ES\" \/>\n<meta property=\"og:type\" content=\"article\" \/>\n<meta property=\"og:title\" content=\"Consejo Provincial conoci\u00f3 proyecto de postulaci\u00f3n de Manab\u00ed como Regi\u00f3n Gastron\u00f3mica - Prefectura de Manab\u00ed\" \/>\n<meta property=\"og:description\" content=\"El Prefecto de Manab\u00ed, Leonardo Orlando, socializ\u00f3 a la Corporaci\u00f3n Provincial, en sesi\u00f3n ordinaria de mayo, la postulaci\u00f3n de Manab\u00ed como Regi\u00f3n Gastron\u00f3mica Mundial para el 2026, e invit\u00f3 a los consejeros y consejeras a participar como aliados estrat\u00e9gicos en este trascendental proyecto que busca posesionar a la provincia como un destino tur\u00edstico-gastron\u00f3mico. El Prefecto [&hellip;]\" \/>\n<meta property=\"og:url\" content=\"https:\/\/www.manabi.gob.ec\/index.php\/corporacion-provincial-respalda-decreto-ejecutivo-de-estado-de-excepcion-en-manabi\/\" \/>\n<meta property=\"og:site_name\" content=\"Prefectura de Manab\u00ed\" \/>\n<meta property=\"article:published_time\" content=\"2024-05-30T16:49:55+00:00\" \/>\n<meta property=\"article:modified_time\" content=\"2024-05-30T21:42:37+00:00\" \/>\n<meta property=\"og:image\" content=\"https:\/\/www.manabi.gob.ec\/wp-content\/uploads\/2024\/05\/WhatsApp-Image-2024-05-30-at-11.26.35-AM.jpeg\" \/>\n\t<meta property=\"og:image:width\" content=\"1296\" \/>\n\t<meta property=\"og:image:height\" content=\"864\" \/>\n\t<meta property=\"og:image:type\" content=\"image\/jpeg\" \/>\n<meta name=\"author\" content=\"Lui Ochoa\" \/>\n<meta name=\"twitter:card\" content=\"summary_large_image\" \/>\n<meta name=\"twitter:label1\" content=\"Escrito por\" \/>\n\t<meta name=\"twitter:data1\" content=\"Lui Ochoa\" \/>\n\t<meta name=\"twitter:label2\" content=\"Tiempo de lectura\" \/>\n\t<meta name=\"twitter:data2\" content=\"2 minutos\" \/>\n<script type=\"application\/ld+json\" class=\"yoast-schema-graph\">{\"@context\":\"https:\\\/\\\/schema.org\",\"@graph\":[{\"@type\":\"Article\",\"@id\":\"https:\\\/\\\/www.manabi.gob.ec\\\/index.php\\\/corporacion-provincial-respalda-decreto-ejecutivo-de-estado-de-excepcion-en-manabi\\\/#article\",\"isPartOf\":{\"@id\":\"https:\\\/\\\/www.manabi.gob.ec\\\/index.php\\\/corporacion-provincial-respalda-decreto-ejecutivo-de-estado-de-excepcion-en-manabi\\\/\"},\"author\":{\"name\":\"Lui Ochoa\",\"@id\":\"https:\\\/\\\/www.manabi.gob.ec\\\/#\\\/schema\\\/person\\\/c4f117989332ad723a6ced5994aa7d7a\"},\"headline\":\"Consejo Provincial conoci\u00f3 proyecto de postulaci\u00f3n de Manab\u00ed como Regi\u00f3n Gastron\u00f3mica\",\"datePublished\":\"2024-05-30T16:49:55+00:00\",\"dateModified\":\"2024-05-30T21:42:37+00:00\",\"mainEntityOfPage\":{\"@id\":\"https:\\\/\\\/www.manabi.gob.ec\\\/index.php\\\/corporacion-provincial-respalda-decreto-ejecutivo-de-estado-de-excepcion-en-manabi\\\/\"},\"wordCount\":298,\"image\":{\"@id\":\"https:\\\/\\\/www.manabi.gob.ec\\\/index.php\\\/corporacion-provincial-respalda-decreto-ejecutivo-de-estado-de-excepcion-en-manabi\\\/#primaryimage\"},\"thumbnailUrl\":\"https:\\\/\\\/www.manabi.gob.ec\\\/wp-content\\\/uploads\\\/2024\\\/05\\\/WhatsApp-Image-2024-05-30-at-11.26.35-AM.jpeg\",\"articleSection\":[\"Ambiente\",\"Desarrollo Social\",\"Noticias\",\"Todas\"],\"inLanguage\":\"es\"},{\"@type\":\"WebPage\",\"@id\":\"https:\\\/\\\/www.manabi.gob.ec\\\/index.php\\\/corporacion-provincial-respalda-decreto-ejecutivo-de-estado-de-excepcion-en-manabi\\\/\",\"url\":\"https:\\\/\\\/www.manabi.gob.ec\\\/index.php\\\/corporacion-provincial-respalda-decreto-ejecutivo-de-estado-de-excepcion-en-manabi\\\/\",\"name\":\"Consejo Provincial conoci\u00f3 proyecto de postulaci\u00f3n de Manab\u00ed como Regi\u00f3n Gastron\u00f3mica - Prefectura de Manab\u00ed\",\"isPartOf\":{\"@id\":\"https:\\\/\\\/www.manabi.gob.ec\\\/#website\"},\"primaryImageOfPage\":{\"@id\":\"https:\\\/\\\/www.manabi.gob.ec\\\/index.php\\\/corporacion-provincial-respalda-decreto-ejecutivo-de-estado-de-excepcion-en-manabi\\\/#primaryimage\"},\"image\":{\"@id\":\"https:\\\/\\\/www.manabi.gob.ec\\\/index.php\\\/corporacion-provincial-respalda-decreto-ejecutivo-de-estado-de-excepcion-en-manabi\\\/#primaryimage\"},\"thumbnailUrl\":\"https:\\\/\\\/www.manabi.gob.ec\\\/wp-content\\\/uploads\\\/2024\\\/05\\\/WhatsApp-Image-2024-05-30-at-11.26.35-AM.jpeg\",\"datePublished\":\"2024-05-30T16:49:55+00:00\",\"dateModified\":\"2024-05-30T21:42:37+00:00\",\"author\":{\"@id\":\"https:\\\/\\\/www.manabi.gob.ec\\\/#\\\/schema\\\/person\\\/c4f117989332ad723a6ced5994aa7d7a\"},\"breadcrumb\":{\"@id\":\"https:\\\/\\\/www.manabi.gob.ec\\\/index.php\\\/corporacion-provincial-respalda-decreto-ejecutivo-de-estado-de-excepcion-en-manabi\\\/#breadcrumb\"},\"inLanguage\":\"es\",\"potentialAction\":[{\"@type\":\"ReadAction\",\"target\":[\"https:\\\/\\\/www.manabi.gob.ec\\\/index.php\\\/corporacion-provincial-respalda-decreto-ejecutivo-de-estado-de-excepcion-en-manabi\\\/\"]}]},{\"@type\":\"ImageObject\",\"inLanguage\":\"es\",\"@id\":\"https:\\\/\\\/www.manabi.gob.ec\\\/index.php\\\/corporacion-provincial-respalda-decreto-ejecutivo-de-estado-de-excepcion-en-manabi\\\/#primaryimage\",\"url\":\"https:\\\/\\\/www.manabi.gob.ec\\\/wp-content\\\/uploads\\\/2024\\\/05\\\/WhatsApp-Image-2024-05-30-at-11.26.35-AM.jpeg\",\"contentUrl\":\"https:\\\/\\\/www.manabi.gob.ec\\\/wp-content\\\/uploads\\\/2024\\\/05\\\/WhatsApp-Image-2024-05-30-at-11.26.35-AM.jpeg\",\"width\":1296,\"height\":864},{\"@type\":\"BreadcrumbList\",\"@id\":\"https:\\\/\\\/www.manabi.gob.ec\\\/index.php\\\/corporacion-provincial-respalda-decreto-ejecutivo-de-estado-de-excepcion-en-manabi\\\/#breadcrumb\",\"itemListElement\":[{\"@type\":\"ListItem\",\"position\":1,\"name\":\"Portada\",\"item\":\"https:\\\/\\\/www.manabi.gob.ec\\\/\"},{\"@type\":\"ListItem\",\"position\":2,\"name\":\"Consejo Provincial conoci\u00f3 proyecto de postulaci\u00f3n de Manab\u00ed como Regi\u00f3n Gastron\u00f3mica\"}]},{\"@type\":\"WebSite\",\"@id\":\"https:\\\/\\\/www.manabi.gob.ec\\\/#website\",\"url\":\"https:\\\/\\\/www.manabi.gob.ec\\\/\",\"name\":\"Prefectura de Manab\u00ed\",\"description\":\"P\u00e1gina web de la prefectura\",\"potentialAction\":[{\"@type\":\"SearchAction\",\"target\":{\"@type\":\"EntryPoint\",\"urlTemplate\":\"https:\\\/\\\/www.manabi.gob.ec\\\/?s={search_term_string}\"},\"query-input\":{\"@type\":\"PropertyValueSpecification\",\"valueRequired\":true,\"valueName\":\"search_term_string\"}}],\"inLanguage\":\"es\"},{\"@type\":\"Person\",\"@id\":\"https:\\\/\\\/www.manabi.gob.ec\\\/#\\\/schema\\\/person\\\/c4f117989332ad723a6ced5994aa7d7a\",\"name\":\"Lui Ochoa\",\"image\":{\"@type\":\"ImageObject\",\"inLanguage\":\"es\",\"@id\":\"https:\\\/\\\/secure.gravatar.com\\\/avatar\\\/6e8017d0fe69dead8a95864d2eb6e1e1d8bf8e01194ba49cf7b897ff038126ba?s=96&d=mm&r=g\",\"url\":\"https:\\\/\\\/secure.gravatar.com\\\/avatar\\\/6e8017d0fe69dead8a95864d2eb6e1e1d8bf8e01194ba49cf7b897ff038126ba?s=96&d=mm&r=g\",\"contentUrl\":\"https:\\\/\\\/secure.gravatar.com\\\/avatar\\\/6e8017d0fe69dead8a95864d2eb6e1e1d8bf8e01194ba49cf7b897ff038126ba?s=96&d=mm&r=g\",\"caption\":\"Lui Ochoa\"},\"url\":\"https:\\\/\\\/www.manabi.gob.ec\\\/index.php\\\/author\\\/lochoa\\\/\"}]}<\/script>\n<!-- \/ Yoast SEO plugin. -->","yoast_head_json":{"title":"Consejo Provincial conoci\u00f3 proyecto de postulaci\u00f3n de Manab\u00ed como Regi\u00f3n Gastron\u00f3mica - Prefectura de Manab\u00ed","robots":{"index":"index","follow":"follow","max-snippet":"max-snippet:-1","max-image-preview":"max-image-preview:large","max-video-preview":"max-video-preview:-1"},"canonical":"https:\/\/www.manabi.gob.ec\/index.php\/corporacion-provincial-respalda-decreto-ejecutivo-de-estado-de-excepcion-en-manabi\/","og_locale":"es_ES","og_type":"article","og_title":"Consejo Provincial conoci\u00f3 proyecto de postulaci\u00f3n de Manab\u00ed como Regi\u00f3n Gastron\u00f3mica - Prefectura de Manab\u00ed","og_description":"El Prefecto de Manab\u00ed, Leonardo Orlando, socializ\u00f3 a la Corporaci\u00f3n Provincial, en sesi\u00f3n ordinaria de mayo, la postulaci\u00f3n de Manab\u00ed como Regi\u00f3n Gastron\u00f3mica Mundial para el 2026, e invit\u00f3 a los consejeros y consejeras a participar como aliados estrat\u00e9gicos en este trascendental proyecto que busca posesionar a la provincia como un destino tur\u00edstico-gastron\u00f3mico. El Prefecto [&hellip;]","og_url":"https:\/\/www.manabi.gob.ec\/index.php\/corporacion-provincial-respalda-decreto-ejecutivo-de-estado-de-excepcion-en-manabi\/","og_site_name":"Prefectura de Manab\u00ed","article_published_time":"2024-05-30T16:49:55+00:00","article_modified_time":"2024-05-30T21:42:37+00:00","og_image":[{"width":1296,"height":864,"url":"https:\/\/www.manabi.gob.ec\/wp-content\/uploads\/2024\/05\/WhatsApp-Image-2024-05-30-at-11.26.35-AM.jpeg","type":"image\/jpeg"}],"author":"Lui Ochoa","twitter_card":"summary_large_image","twitter_misc":{"Escrito por":"Lui Ochoa","Tiempo de lectura":"2 minutos"},"schema":{"@context":"https:\/\/schema.org","@graph":[{"@type":"Article","@id":"https:\/\/www.manabi.gob.ec\/index.php\/corporacion-provincial-respalda-decreto-ejecutivo-de-estado-de-excepcion-en-manabi\/#article","isPartOf":{"@id":"https:\/\/www.manabi.gob.ec\/index.php\/corporacion-provincial-respalda-decreto-ejecutivo-de-estado-de-excepcion-en-manabi\/"},"author":{"name":"Lui Ochoa","@id":"https:\/\/www.manabi.gob.ec\/#\/schema\/person\/c4f117989332ad723a6ced5994aa7d7a"},"headline":"Consejo Provincial conoci\u00f3 proyecto de postulaci\u00f3n de Manab\u00ed como Regi\u00f3n Gastron\u00f3mica","datePublished":"2024-05-30T16:49:55+00:00","dateModified":"2024-05-30T21:42:37+00:00","mainEntityOfPage":{"@id":"https:\/\/www.manabi.gob.ec\/index.php\/corporacion-provincial-respalda-decreto-ejecutivo-de-estado-de-excepcion-en-manabi\/"},"wordCount":298,"image":{"@id":"https:\/\/www.manabi.gob.ec\/index.php\/corporacion-provincial-respalda-decreto-ejecutivo-de-estado-de-excepcion-en-manabi\/#primaryimage"},"thumbnailUrl":"https:\/\/www.manabi.gob.ec\/wp-content\/uploads\/2024\/05\/WhatsApp-Image-2024-05-30-at-11.26.35-AM.jpeg","articleSection":["Ambiente","Desarrollo Social","Noticias","Todas"],"inLanguage":"es"},{"@type":"WebPage","@id":"https:\/\/www.manabi.gob.ec\/index.php\/corporacion-provincial-respalda-decreto-ejecutivo-de-estado-de-excepcion-en-manabi\/","url":"https:\/\/www.manabi.gob.ec\/index.php\/corporacion-provincial-respalda-decreto-ejecutivo-de-estado-de-excepcion-en-manabi\/","name":"Consejo Provincial conoci\u00f3 proyecto de postulaci\u00f3n de Manab\u00ed como Regi\u00f3n Gastron\u00f3mica - Prefectura de Manab\u00ed","isPartOf":{"@id":"https:\/\/www.manabi.gob.ec\/#website"},"primaryImageOfPage":{"@id":"https:\/\/www.manabi.gob.ec\/index.php\/corporacion-provincial-respalda-decreto-ejecutivo-de-estado-de-excepcion-en-manabi\/#primaryimage"},"image":{"@id":"https:\/\/www.manabi.gob.ec\/index.php\/corporacion-provincial-respalda-decreto-ejecutivo-de-estado-de-excepcion-en-manabi\/#primaryimage"},"thumbnailUrl":"https:\/\/www.manabi.gob.ec\/wp-content\/uploads\/2024\/05\/WhatsApp-Image-2024-05-30-at-11.26.35-AM.jpeg","datePublished":"2024-05-30T16:49:55+00:00","dateModified":"2024-05-30T21:42:37+00:00","author":{"@id":"https:\/\/www.manabi.gob.ec\/#\/schema\/person\/c4f117989332ad723a6ced5994aa7d7a"},"breadcrumb":{"@id":"https:\/\/www.manabi.gob.ec\/index.php\/corporacion-provincial-respalda-decreto-ejecutivo-de-estado-de-excepcion-en-manabi\/#breadcrumb"},"inLanguage":"es","potentialAction":[{"@type":"ReadAction","target":["https:\/\/www.manabi.gob.ec\/index.php\/corporacion-provincial-respalda-decreto-ejecutivo-de-estado-de-excepcion-en-manabi\/"]}]},{"@type":"ImageObject","inLanguage":"es","@id":"https:\/\/www.manabi.gob.ec\/index.php\/corporacion-provincial-respalda-decreto-ejecutivo-de-estado-de-excepcion-en-manabi\/#primaryimage","url":"https:\/\/www.manabi.gob.ec\/wp-content\/uploads\/2024\/05\/WhatsApp-Image-2024-05-30-at-11.26.35-AM.jpeg","contentUrl":"https:\/\/www.manabi.gob.ec\/wp-content\/uploads\/2024\/05\/WhatsApp-Image-2024-05-30-at-11.26.35-AM.jpeg","width":1296,"height":864},{"@type":"BreadcrumbList","@id":"https:\/\/www.manabi.gob.ec\/index.php\/corporacion-provincial-respalda-decreto-ejecutivo-de-estado-de-excepcion-en-manabi\/#breadcrumb","itemListElement":[{"@type":"ListItem","position":1,"name":"Portada","item":"https:\/\/www.manabi.gob.ec\/"},{"@type":"ListItem","position":2,"name":"Consejo Provincial conoci\u00f3 proyecto de postulaci\u00f3n de Manab\u00ed como Regi\u00f3n Gastron\u00f3mica"}]},{"@type":"WebSite","@id":"https:\/\/www.manabi.gob.ec\/#website","url":"https:\/\/www.manabi.gob.ec\/","name":"Prefectura de Manab\u00ed","description":"P\u00e1gina web de la prefectura","potentialAction":[{"@type":"SearchAction","target":{"@type":"EntryPoint","urlTemplate":"https:\/\/www.manabi.gob.ec\/?s={search_term_string}"},"query-input":{"@type":"PropertyValueSpecification","valueRequired":true,"valueName":"search_term_string"}}],"inLanguage":"es"},{"@type":"Person","@id":"https:\/\/www.manabi.gob.ec\/#\/schema\/person\/c4f117989332ad723a6ced5994aa7d7a","name":"Lui Ochoa","image":{"@type":"ImageObject","inLanguage":"es","@id":"https:\/\/secure.gravatar.com\/avatar\/6e8017d0fe69dead8a95864d2eb6e1e1d8bf8e01194ba49cf7b897ff038126ba?s=96&d=mm&r=g","url":"https:\/\/secure.gravatar.com\/avatar\/6e8017d0fe69dead8a95864d2eb6e1e1d8bf8e01194ba49cf7b897ff038126ba?s=96&d=mm&r=g","contentUrl":"https:\/\/secure.gravatar.com\/avatar\/6e8017d0fe69dead8a95864d2eb6e1e1d8bf8e01194ba49cf7b897ff038126ba?s=96&d=mm&r=g","caption":"Lui Ochoa"},"url":"https:\/\/www.manabi.gob.ec\/index.php\/author\/lochoa\/"}]}},"jetpack_featured_media_url":"https:\/\/www.manabi.gob.ec\/wp-content\/uploads\/2024\/05\/WhatsApp-Image-2024-05-30-at-11.26.35-AM.jpeg","_links":{"self":[{"href":"https:\/\/www.manabi.gob.ec\/index.php\/wp-json\/wp\/v2\/posts\/28007","targetHints":{"allow":["GET"]}}],"collection":[{"href":"https:\/\/www.manabi.gob.ec\/index.php\/wp-json\/wp\/v2\/posts"}],"about":[{"href":"https:\/\/www.manabi.gob.ec\/index.php\/wp-json\/wp\/v2\/types\/post"}],"author":[{"embeddable":true,"href":"https:\/\/www.manabi.gob.ec\/index.php\/wp-json\/wp\/v2\/users\/10"}],"replies":[{"embeddable":true,"href":"https:\/\/www.manabi.gob.ec\/index.php\/wp-json\/wp\/v2\/comments?post=28007"}],"version-history":[{"count":3,"href":"https:\/\/www.manabi.gob.ec\/index.php\/wp-json\/wp\/v2\/posts\/28007\/revisions"}],"predecessor-version":[{"id":28016,"href":"https:\/\/www.manabi.gob.ec\/index.php\/wp-json\/wp\/v2\/posts\/28007\/revisions\/28016"}],"wp:featuredmedia":[{"embeddable":true,"href":"https:\/\/www.manabi.gob.ec\/index.php\/wp-json\/wp\/v2\/media\/28008"}],"wp:attachment":[{"href":"https:\/\/www.manabi.gob.ec\/index.php\/wp-json\/wp\/v2\/media?parent=28007"}],"wp:term":[{"taxonomy":"category","embeddable":true,"href":"https:\/\/www.manabi.gob.ec\/index.php\/wp-json\/wp\/v2\/categories?post=28007"},{"taxonomy":"post_tag","embeddable":true,"href":"https:\/\/www.manabi.gob.ec\/index.php\/wp-json\/wp\/v2\/tags?post=28007"}],"curies":[{"name":"wp","href":"https:\/\/api.w.org\/{rel}","templated":true}]}}