{"id":28010,"date":"2024-05-30T16:54:24","date_gmt":"2024-05-30T16:54:24","guid":{"rendered":"https:\/\/www.manabi.gob.ec\/?p=28010"},"modified":"2024-05-30T16:54:30","modified_gmt":"2024-05-30T16:54:30","slug":"prefectura-realiza-desazolve-del-rio-jama-en-parroquia-eloy-alfaro-de-chone","status":"publish","type":"post","link":"https:\/\/www.manabi.gob.ec\/index.php\/prefectura-realiza-desazolve-del-rio-jama-en-parroquia-eloy-alfaro-de-chone\/","title":{"rendered":"Prefectura realiza desazolve del r\u00edo Jama en parroquia Eloy Alfaro de Chone"},"content":{"rendered":"\n<p>Como parte del Plan Anual de Prevenci\u00f3n de Inundaciones de la Prefectura de Manab\u00ed, la Direcci\u00f3n de Riego y Recursos H\u00eddricos de la instituci\u00f3n trabaja en la limpieza, desazolve, y reconformaci\u00f3n de muro sobre el r\u00edo Jama, al paso de este afluente por la cabecera parroquial de Eloy Alfaro, en el cant\u00f3n Chone.<\/p>\n\n\n\n<p>Estas labores se ejecutan en un tramo de aproximadamente 150 metros lineales, en el sector donde la Prefectura est\u00e1 construyendo un puente carrozable de hormig\u00f3n armado con vigas de metal, de 50 metros de longitud.<\/p>\n\n\n\n<p>Para esta intervenci\u00f3n, se ha movilizado al lugar dos excavadoras: una de brazo largo y una brazo corto, de propiedad de la instituci\u00f3n provincial, las que est\u00e1n trabajando desde el lunes 27 de mayo.<\/p>\n\n\n\n<p>\u201cEstos trabajos son muy importantes para tratar de mitigar y prevenir cualquier tipo de afectaci\u00f3n por inundaci\u00f3n; la comunidad est\u00e1 muy contenta\u201d, expres\u00f3 Frank Mac\u00edas, t\u00e9cnico de la Prefectura de Manab\u00ed.<\/p>\n\n\n\n<p>Tambi\u00e9n se ha realizado limpieza en el acceso a la captaci\u00f3n de agua para el abastecimiento de l\u00edquido vital a la cabecera parroquial de Eloy Alfaro.<\/p>\n","protected":false},"excerpt":{"rendered":"<p>Como parte del Plan Anual de Prevenci\u00f3n de Inundaciones de la Prefectura de Manab\u00ed, la Direcci\u00f3n de Riego y Recursos H\u00eddricos de la instituci\u00f3n trabaja en la limpieza, desazolve, y reconformaci\u00f3n de muro sobre el r\u00edo Jama, al paso de este afluente por la cabecera parroquial de Eloy Alfaro, en el cant\u00f3n Chone. Estas labores [&hellip;]<\/p>\n","protected":false},"author":10,"featured_media":28011,"comment_status":"closed","ping_status":"closed","sticky":false,"template":"","format":"standard","meta":{"_joinchat":[],"footnotes":""},"categories":[150,141,142,175,92,181,339,340,89,91],"tags":[],"class_list":["post-28010","post","type-post","status-publish","format-standard","has-post-thumbnail","hentry","category-ambiente","category-chone","category-desarrollo-social","category-jama","category-noticias-manabi","category-obra-publica","category-plan-invernal","category-plan-invernal-plan-invernal","category-riego-drenaje","category-todas"],"yoast_head":"<!-- This site is optimized with the Yoast SEO plugin v27.4 - https:\/\/yoast.com\/product\/yoast-seo-wordpress\/ -->\n<title>Prefectura realiza desazolve del r\u00edo Jama en parroquia Eloy Alfaro de Chone - Prefectura de Manab\u00ed<\/title>\n<meta name=\"robots\" content=\"index, follow, max-snippet:-1, max-image-preview:large, max-video-preview:-1\" \/>\n<link rel=\"canonical\" href=\"https:\/\/www.manabi.gob.ec\/index.php\/prefectura-realiza-desazolve-del-rio-jama-en-parroquia-eloy-alfaro-de-chone\/\" \/>\n<meta property=\"og:locale\" content=\"es_ES\" \/>\n<meta property=\"og:type\" content=\"article\" \/>\n<meta property=\"og:title\" content=\"Prefectura realiza desazolve del r\u00edo Jama en parroquia Eloy Alfaro de Chone - Prefectura de Manab\u00ed\" \/>\n<meta property=\"og:description\" content=\"Como parte del Plan Anual de Prevenci\u00f3n de Inundaciones de la Prefectura de Manab\u00ed, la Direcci\u00f3n de Riego y Recursos H\u00eddricos de la instituci\u00f3n trabaja en la limpieza, desazolve, y reconformaci\u00f3n de muro sobre el r\u00edo Jama, al paso de este afluente por la cabecera parroquial de Eloy Alfaro, en el cant\u00f3n Chone. Estas labores [&hellip;]\" \/>\n<meta property=\"og:url\" content=\"https:\/\/www.manabi.gob.ec\/index.php\/prefectura-realiza-desazolve-del-rio-jama-en-parroquia-eloy-alfaro-de-chone\/\" \/>\n<meta property=\"og:site_name\" content=\"Prefectura de Manab\u00ed\" \/>\n<meta property=\"article:published_time\" content=\"2024-05-30T16:54:24+00:00\" \/>\n<meta property=\"article:modified_time\" content=\"2024-05-30T16:54:30+00:00\" \/>\n<meta property=\"og:image\" content=\"https:\/\/www.manabi.gob.ec\/wp-content\/uploads\/2024\/05\/WhatsApp-Image-2024-05-30-at-11.32.59-AM.jpg\" \/>\n\t<meta property=\"og:image:width\" content=\"1048\" \/>\n\t<meta property=\"og:image:height\" content=\"786\" \/>\n\t<meta property=\"og:image:type\" content=\"image\/jpeg\" \/>\n<meta name=\"author\" content=\"Lui Ochoa\" \/>\n<meta name=\"twitter:card\" content=\"summary_large_image\" \/>\n<meta name=\"twitter:label1\" content=\"Escrito por\" \/>\n\t<meta name=\"twitter:data1\" content=\"Lui Ochoa\" \/>\n\t<meta name=\"twitter:label2\" content=\"Tiempo de lectura\" \/>\n\t<meta name=\"twitter:data2\" content=\"2 minutos\" \/>\n<script type=\"application\/ld+json\" class=\"yoast-schema-graph\">{\"@context\":\"https:\\\/\\\/schema.org\",\"@graph\":[{\"@type\":\"Article\",\"@id\":\"https:\\\/\\\/www.manabi.gob.ec\\\/index.php\\\/prefectura-realiza-desazolve-del-rio-jama-en-parroquia-eloy-alfaro-de-chone\\\/#article\",\"isPartOf\":{\"@id\":\"https:\\\/\\\/www.manabi.gob.ec\\\/index.php\\\/prefectura-realiza-desazolve-del-rio-jama-en-parroquia-eloy-alfaro-de-chone\\\/\"},\"author\":{\"name\":\"Lui Ochoa\",\"@id\":\"https:\\\/\\\/www.manabi.gob.ec\\\/#\\\/schema\\\/person\\\/c4f117989332ad723a6ced5994aa7d7a\"},\"headline\":\"Prefectura realiza desazolve del r\u00edo Jama en parroquia Eloy Alfaro de Chone\",\"datePublished\":\"2024-05-30T16:54:24+00:00\",\"dateModified\":\"2024-05-30T16:54:30+00:00\",\"mainEntityOfPage\":{\"@id\":\"https:\\\/\\\/www.manabi.gob.ec\\\/index.php\\\/prefectura-realiza-desazolve-del-rio-jama-en-parroquia-eloy-alfaro-de-chone\\\/\"},\"wordCount\":207,\"image\":{\"@id\":\"https:\\\/\\\/www.manabi.gob.ec\\\/index.php\\\/prefectura-realiza-desazolve-del-rio-jama-en-parroquia-eloy-alfaro-de-chone\\\/#primaryimage\"},\"thumbnailUrl\":\"https:\\\/\\\/www.manabi.gob.ec\\\/wp-content\\\/uploads\\\/2024\\\/05\\\/WhatsApp-Image-2024-05-30-at-11.32.59-AM.jpg\",\"articleSection\":[\"Ambiente\",\"Chone\",\"Desarrollo Social\",\"Jama\",\"Noticias\",\"Obra P\u00fablica\",\"Plan Invernal\",\"PLAN INVERNAL\",\"Riego y drenaje\",\"Todas\"],\"inLanguage\":\"es\"},{\"@type\":\"WebPage\",\"@id\":\"https:\\\/\\\/www.manabi.gob.ec\\\/index.php\\\/prefectura-realiza-desazolve-del-rio-jama-en-parroquia-eloy-alfaro-de-chone\\\/\",\"url\":\"https:\\\/\\\/www.manabi.gob.ec\\\/index.php\\\/prefectura-realiza-desazolve-del-rio-jama-en-parroquia-eloy-alfaro-de-chone\\\/\",\"name\":\"Prefectura realiza desazolve del r\u00edo Jama en parroquia Eloy Alfaro de Chone - Prefectura de Manab\u00ed\",\"isPartOf\":{\"@id\":\"https:\\\/\\\/www.manabi.gob.ec\\\/#website\"},\"primaryImageOfPage\":{\"@id\":\"https:\\\/\\\/www.manabi.gob.ec\\\/index.php\\\/prefectura-realiza-desazolve-del-rio-jama-en-parroquia-eloy-alfaro-de-chone\\\/#primaryimage\"},\"image\":{\"@id\":\"https:\\\/\\\/www.manabi.gob.ec\\\/index.php\\\/prefectura-realiza-desazolve-del-rio-jama-en-parroquia-eloy-alfaro-de-chone\\\/#primaryimage\"},\"thumbnailUrl\":\"https:\\\/\\\/www.manabi.gob.ec\\\/wp-content\\\/uploads\\\/2024\\\/05\\\/WhatsApp-Image-2024-05-30-at-11.32.59-AM.jpg\",\"datePublished\":\"2024-05-30T16:54:24+00:00\",\"dateModified\":\"2024-05-30T16:54:30+00:00\",\"author\":{\"@id\":\"https:\\\/\\\/www.manabi.gob.ec\\\/#\\\/schema\\\/person\\\/c4f117989332ad723a6ced5994aa7d7a\"},\"breadcrumb\":{\"@id\":\"https:\\\/\\\/www.manabi.gob.ec\\\/index.php\\\/prefectura-realiza-desazolve-del-rio-jama-en-parroquia-eloy-alfaro-de-chone\\\/#breadcrumb\"},\"inLanguage\":\"es\",\"potentialAction\":[{\"@type\":\"ReadAction\",\"target\":[\"https:\\\/\\\/www.manabi.gob.ec\\\/index.php\\\/prefectura-realiza-desazolve-del-rio-jama-en-parroquia-eloy-alfaro-de-chone\\\/\"]}]},{\"@type\":\"ImageObject\",\"inLanguage\":\"es\",\"@id\":\"https:\\\/\\\/www.manabi.gob.ec\\\/index.php\\\/prefectura-realiza-desazolve-del-rio-jama-en-parroquia-eloy-alfaro-de-chone\\\/#primaryimage\",\"url\":\"https:\\\/\\\/www.manabi.gob.ec\\\/wp-content\\\/uploads\\\/2024\\\/05\\\/WhatsApp-Image-2024-05-30-at-11.32.59-AM.jpg\",\"contentUrl\":\"https:\\\/\\\/www.manabi.gob.ec\\\/wp-content\\\/uploads\\\/2024\\\/05\\\/WhatsApp-Image-2024-05-30-at-11.32.59-AM.jpg\",\"width\":1048,\"height\":786},{\"@type\":\"BreadcrumbList\",\"@id\":\"https:\\\/\\\/www.manabi.gob.ec\\\/index.php\\\/prefectura-realiza-desazolve-del-rio-jama-en-parroquia-eloy-alfaro-de-chone\\\/#breadcrumb\",\"itemListElement\":[{\"@type\":\"ListItem\",\"position\":1,\"name\":\"Portada\",\"item\":\"https:\\\/\\\/www.manabi.gob.ec\\\/\"},{\"@type\":\"ListItem\",\"position\":2,\"name\":\"Prefectura realiza desazolve del r\u00edo Jama en parroquia Eloy Alfaro de Chone\"}]},{\"@type\":\"WebSite\",\"@id\":\"https:\\\/\\\/www.manabi.gob.ec\\\/#website\",\"url\":\"https:\\\/\\\/www.manabi.gob.ec\\\/\",\"name\":\"Prefectura de Manab\u00ed\",\"description\":\"P\u00e1gina web de la prefectura\",\"potentialAction\":[{\"@type\":\"SearchAction\",\"target\":{\"@type\":\"EntryPoint\",\"urlTemplate\":\"https:\\\/\\\/www.manabi.gob.ec\\\/?s={search_term_string}\"},\"query-input\":{\"@type\":\"PropertyValueSpecification\",\"valueRequired\":true,\"valueName\":\"search_term_string\"}}],\"inLanguage\":\"es\"},{\"@type\":\"Person\",\"@id\":\"https:\\\/\\\/www.manabi.gob.ec\\\/#\\\/schema\\\/person\\\/c4f117989332ad723a6ced5994aa7d7a\",\"name\":\"Lui Ochoa\",\"image\":{\"@type\":\"ImageObject\",\"inLanguage\":\"es\",\"@id\":\"https:\\\/\\\/secure.gravatar.com\\\/avatar\\\/6e8017d0fe69dead8a95864d2eb6e1e1d8bf8e01194ba49cf7b897ff038126ba?s=96&d=mm&r=g\",\"url\":\"https:\\\/\\\/secure.gravatar.com\\\/avatar\\\/6e8017d0fe69dead8a95864d2eb6e1e1d8bf8e01194ba49cf7b897ff038126ba?s=96&d=mm&r=g\",\"contentUrl\":\"https:\\\/\\\/secure.gravatar.com\\\/avatar\\\/6e8017d0fe69dead8a95864d2eb6e1e1d8bf8e01194ba49cf7b897ff038126ba?s=96&d=mm&r=g\",\"caption\":\"Lui Ochoa\"},\"url\":\"https:\\\/\\\/www.manabi.gob.ec\\\/index.php\\\/author\\\/lochoa\\\/\"}]}<\/script>\n<!-- \/ Yoast SEO plugin. -->","yoast_head_json":{"title":"Prefectura realiza desazolve del r\u00edo Jama en parroquia Eloy Alfaro de Chone - Prefectura de Manab\u00ed","robots":{"index":"index","follow":"follow","max-snippet":"max-snippet:-1","max-image-preview":"max-image-preview:large","max-video-preview":"max-video-preview:-1"},"canonical":"https:\/\/www.manabi.gob.ec\/index.php\/prefectura-realiza-desazolve-del-rio-jama-en-parroquia-eloy-alfaro-de-chone\/","og_locale":"es_ES","og_type":"article","og_title":"Prefectura realiza desazolve del r\u00edo Jama en parroquia Eloy Alfaro de Chone - Prefectura de Manab\u00ed","og_description":"Como parte del Plan Anual de Prevenci\u00f3n de Inundaciones de la Prefectura de Manab\u00ed, la Direcci\u00f3n de Riego y Recursos H\u00eddricos de la instituci\u00f3n trabaja en la limpieza, desazolve, y reconformaci\u00f3n de muro sobre el r\u00edo Jama, al paso de este afluente por la cabecera parroquial de Eloy Alfaro, en el cant\u00f3n Chone. Estas labores [&hellip;]","og_url":"https:\/\/www.manabi.gob.ec\/index.php\/prefectura-realiza-desazolve-del-rio-jama-en-parroquia-eloy-alfaro-de-chone\/","og_site_name":"Prefectura de Manab\u00ed","article_published_time":"2024-05-30T16:54:24+00:00","article_modified_time":"2024-05-30T16:54:30+00:00","og_image":[{"width":1048,"height":786,"url":"https:\/\/www.manabi.gob.ec\/wp-content\/uploads\/2024\/05\/WhatsApp-Image-2024-05-30-at-11.32.59-AM.jpg","type":"image\/jpeg"}],"author":"Lui Ochoa","twitter_card":"summary_large_image","twitter_misc":{"Escrito por":"Lui Ochoa","Tiempo de lectura":"2 minutos"},"schema":{"@context":"https:\/\/schema.org","@graph":[{"@type":"Article","@id":"https:\/\/www.manabi.gob.ec\/index.php\/prefectura-realiza-desazolve-del-rio-jama-en-parroquia-eloy-alfaro-de-chone\/#article","isPartOf":{"@id":"https:\/\/www.manabi.gob.ec\/index.php\/prefectura-realiza-desazolve-del-rio-jama-en-parroquia-eloy-alfaro-de-chone\/"},"author":{"name":"Lui Ochoa","@id":"https:\/\/www.manabi.gob.ec\/#\/schema\/person\/c4f117989332ad723a6ced5994aa7d7a"},"headline":"Prefectura realiza desazolve del r\u00edo Jama en parroquia Eloy Alfaro de Chone","datePublished":"2024-05-30T16:54:24+00:00","dateModified":"2024-05-30T16:54:30+00:00","mainEntityOfPage":{"@id":"https:\/\/www.manabi.gob.ec\/index.php\/prefectura-realiza-desazolve-del-rio-jama-en-parroquia-eloy-alfaro-de-chone\/"},"wordCount":207,"image":{"@id":"https:\/\/www.manabi.gob.ec\/index.php\/prefectura-realiza-desazolve-del-rio-jama-en-parroquia-eloy-alfaro-de-chone\/#primaryimage"},"thumbnailUrl":"https:\/\/www.manabi.gob.ec\/wp-content\/uploads\/2024\/05\/WhatsApp-Image-2024-05-30-at-11.32.59-AM.jpg","articleSection":["Ambiente","Chone","Desarrollo Social","Jama","Noticias","Obra P\u00fablica","Plan Invernal","PLAN INVERNAL","Riego y drenaje","Todas"],"inLanguage":"es"},{"@type":"WebPage","@id":"https:\/\/www.manabi.gob.ec\/index.php\/prefectura-realiza-desazolve-del-rio-jama-en-parroquia-eloy-alfaro-de-chone\/","url":"https:\/\/www.manabi.gob.ec\/index.php\/prefectura-realiza-desazolve-del-rio-jama-en-parroquia-eloy-alfaro-de-chone\/","name":"Prefectura realiza desazolve del r\u00edo Jama en parroquia Eloy Alfaro de Chone - Prefectura de Manab\u00ed","isPartOf":{"@id":"https:\/\/www.manabi.gob.ec\/#website"},"primaryImageOfPage":{"@id":"https:\/\/www.manabi.gob.ec\/index.php\/prefectura-realiza-desazolve-del-rio-jama-en-parroquia-eloy-alfaro-de-chone\/#primaryimage"},"image":{"@id":"https:\/\/www.manabi.gob.ec\/index.php\/prefectura-realiza-desazolve-del-rio-jama-en-parroquia-eloy-alfaro-de-chone\/#primaryimage"},"thumbnailUrl":"https:\/\/www.manabi.gob.ec\/wp-content\/uploads\/2024\/05\/WhatsApp-Image-2024-05-30-at-11.32.59-AM.jpg","datePublished":"2024-05-30T16:54:24+00:00","dateModified":"2024-05-30T16:54:30+00:00","author":{"@id":"https:\/\/www.manabi.gob.ec\/#\/schema\/person\/c4f117989332ad723a6ced5994aa7d7a"},"breadcrumb":{"@id":"https:\/\/www.manabi.gob.ec\/index.php\/prefectura-realiza-desazolve-del-rio-jama-en-parroquia-eloy-alfaro-de-chone\/#breadcrumb"},"inLanguage":"es","potentialAction":[{"@type":"ReadAction","target":["https:\/\/www.manabi.gob.ec\/index.php\/prefectura-realiza-desazolve-del-rio-jama-en-parroquia-eloy-alfaro-de-chone\/"]}]},{"@type":"ImageObject","inLanguage":"es","@id":"https:\/\/www.manabi.gob.ec\/index.php\/prefectura-realiza-desazolve-del-rio-jama-en-parroquia-eloy-alfaro-de-chone\/#primaryimage","url":"https:\/\/www.manabi.gob.ec\/wp-content\/uploads\/2024\/05\/WhatsApp-Image-2024-05-30-at-11.32.59-AM.jpg","contentUrl":"https:\/\/www.manabi.gob.ec\/wp-content\/uploads\/2024\/05\/WhatsApp-Image-2024-05-30-at-11.32.59-AM.jpg","width":1048,"height":786},{"@type":"BreadcrumbList","@id":"https:\/\/www.manabi.gob.ec\/index.php\/prefectura-realiza-desazolve-del-rio-jama-en-parroquia-eloy-alfaro-de-chone\/#breadcrumb","itemListElement":[{"@type":"ListItem","position":1,"name":"Portada","item":"https:\/\/www.manabi.gob.ec\/"},{"@type":"ListItem","position":2,"name":"Prefectura realiza desazolve del r\u00edo Jama en parroquia Eloy Alfaro de Chone"}]},{"@type":"WebSite","@id":"https:\/\/www.manabi.gob.ec\/#website","url":"https:\/\/www.manabi.gob.ec\/","name":"Prefectura de Manab\u00ed","description":"P\u00e1gina web de la prefectura","potentialAction":[{"@type":"SearchAction","target":{"@type":"EntryPoint","urlTemplate":"https:\/\/www.manabi.gob.ec\/?s={search_term_string}"},"query-input":{"@type":"PropertyValueSpecification","valueRequired":true,"valueName":"search_term_string"}}],"inLanguage":"es"},{"@type":"Person","@id":"https:\/\/www.manabi.gob.ec\/#\/schema\/person\/c4f117989332ad723a6ced5994aa7d7a","name":"Lui Ochoa","image":{"@type":"ImageObject","inLanguage":"es","@id":"https:\/\/secure.gravatar.com\/avatar\/6e8017d0fe69dead8a95864d2eb6e1e1d8bf8e01194ba49cf7b897ff038126ba?s=96&d=mm&r=g","url":"https:\/\/secure.gravatar.com\/avatar\/6e8017d0fe69dead8a95864d2eb6e1e1d8bf8e01194ba49cf7b897ff038126ba?s=96&d=mm&r=g","contentUrl":"https:\/\/secure.gravatar.com\/avatar\/6e8017d0fe69dead8a95864d2eb6e1e1d8bf8e01194ba49cf7b897ff038126ba?s=96&d=mm&r=g","caption":"Lui Ochoa"},"url":"https:\/\/www.manabi.gob.ec\/index.php\/author\/lochoa\/"}]}},"jetpack_featured_media_url":"https:\/\/www.manabi.gob.ec\/wp-content\/uploads\/2024\/05\/WhatsApp-Image-2024-05-30-at-11.32.59-AM.jpg","_links":{"self":[{"href":"https:\/\/www.manabi.gob.ec\/index.php\/wp-json\/wp\/v2\/posts\/28010","targetHints":{"allow":["GET"]}}],"collection":[{"href":"https:\/\/www.manabi.gob.ec\/index.php\/wp-json\/wp\/v2\/posts"}],"about":[{"href":"https:\/\/www.manabi.gob.ec\/index.php\/wp-json\/wp\/v2\/types\/post"}],"author":[{"embeddable":true,"href":"https:\/\/www.manabi.gob.ec\/index.php\/wp-json\/wp\/v2\/users\/10"}],"replies":[{"embeddable":true,"href":"https:\/\/www.manabi.gob.ec\/index.php\/wp-json\/wp\/v2\/comments?post=28010"}],"version-history":[{"count":1,"href":"https:\/\/www.manabi.gob.ec\/index.php\/wp-json\/wp\/v2\/posts\/28010\/revisions"}],"predecessor-version":[{"id":28012,"href":"https:\/\/www.manabi.gob.ec\/index.php\/wp-json\/wp\/v2\/posts\/28010\/revisions\/28012"}],"wp:featuredmedia":[{"embeddable":true,"href":"https:\/\/www.manabi.gob.ec\/index.php\/wp-json\/wp\/v2\/media\/28011"}],"wp:attachment":[{"href":"https:\/\/www.manabi.gob.ec\/index.php\/wp-json\/wp\/v2\/media?parent=28010"}],"wp:term":[{"taxonomy":"category","embeddable":true,"href":"https:\/\/www.manabi.gob.ec\/index.php\/wp-json\/wp\/v2\/categories?post=28010"},{"taxonomy":"post_tag","embeddable":true,"href":"https:\/\/www.manabi.gob.ec\/index.php\/wp-json\/wp\/v2\/tags?post=28010"}],"curies":[{"name":"wp","href":"https:\/\/api.w.org\/{rel}","templated":true}]}}