{"id":28017,"date":"2024-05-31T13:37:06","date_gmt":"2024-05-31T13:37:06","guid":{"rendered":"https:\/\/www.manabi.gob.ec\/?p=28017"},"modified":"2024-05-31T13:37:15","modified_gmt":"2024-05-31T13:37:15","slug":"el-prefecto-de-manabi-participo-en-foro-internacional-organizado-por-la-uclg","status":"publish","type":"post","link":"https:\/\/www.manabi.gob.ec\/index.php\/el-prefecto-de-manabi-participo-en-foro-internacional-organizado-por-la-uclg\/","title":{"rendered":"El Prefecto de Manab\u00ed particip\u00f3 en foro internacional organizado por la UCLG"},"content":{"rendered":"\n<p>El prefecto, Leonardo Orlando, particip\u00f3 de manera virtual en un foro internacional organizado por el Consejo Pol\u00edtico del Consorcio de Ciudades y Gobiernos Locales Unidos (UCLG), una organizaci\u00f3n con sede en Barcelona, Espa\u00f1a, que agrupa a m\u00e1s de 120.000 gobiernos subnacionales (regionales, provinciales, departamentales, cantonales y municipales).<\/p>\n\n\n\n<p>\u00abEl derecho a la ciudad: reclamar los bienes comunes\u00bb fue el tema central de este evento al que organizadores y participantes consideraron como un ejercicio de aprendizaje entre pares.<\/p>\n\n\n\n<p>En ese contexto, el Prefecto destac\u00f3 en su intervenci\u00f3n las siguientes acciones impulsadas desde el Gobierno Provincial de Manab\u00ed:<\/p>\n\n\n\n<ul class=\"wp-block-list\">\n<li>Participaci\u00f3n ciudadana y espacios p\u00fablicos<\/li>\n\n\n\n<li>Acceso equitativo a los servicios b\u00e1sicos<\/li>\n\n\n\n<li>Desarrollo sostenible y medio ambiente<\/li>\n\n\n\n<li>Inclusi\u00f3n de grupos vulnerables<\/li>\n\n\n\n<li>Cultura y patrimonio como bienes comunes<\/li>\n<\/ul>\n\n\n\n<p>Adem\u00e1s, resalt\u00f3 que en la actualizaci\u00f3n del Plan de Desarrollo y Ordenamiento Territorial 2023-2027 se ratifica la alineaci\u00f3n a los 17 Objetivos de Desarrollo Sostenible de la ONU, el compromiso con la Agenda Global 2030, y dijo \u201cponer en el centro de todas nuestras pol\u00edticas p\u00fablicas primero las personas, el planeta, la paz, la prosperidad y los pactos y alianzas; las 5P y los 17 ODS\u201d.<\/p>\n\n\n\n<p>\u201cMientras m\u00e1s convergencia, m\u00e1s cooperaci\u00f3n descentralizada, mientras m\u00e1s acuerdos y pactos por el cumplimiento de la Agenda Global 2030, m\u00e1s beneficios habr\u00e1 para nuestro territorio y nuestra gente\u201d, expres\u00f3 Leonardo Orlando.<\/p>\n","protected":false},"excerpt":{"rendered":"<p>El prefecto, Leonardo Orlando, particip\u00f3 de manera virtual en un foro internacional organizado por el Consejo Pol\u00edtico del Consorcio de Ciudades y Gobiernos Locales Unidos (UCLG), una organizaci\u00f3n con sede en Barcelona, Espa\u00f1a, que agrupa a m\u00e1s de 120.000 gobiernos subnacionales (regionales, provinciales, departamentales, cantonales y municipales). \u00abEl derecho a la ciudad: reclamar los bienes [&hellip;]<\/p>\n","protected":false},"author":10,"featured_media":28018,"comment_status":"closed","ping_status":"closed","sticky":false,"template":"","format":"standard","meta":{"_joinchat":[],"footnotes":""},"categories":[150,142,92,91],"tags":[],"class_list":["post-28017","post","type-post","status-publish","format-standard","has-post-thumbnail","hentry","category-ambiente","category-desarrollo-social","category-noticias-manabi","category-todas"],"yoast_head":"<!-- This site is optimized with the Yoast SEO plugin v27.4 - https:\/\/yoast.com\/product\/yoast-seo-wordpress\/ -->\n<title>El Prefecto de Manab\u00ed particip\u00f3 en foro internacional organizado por la UCLG - Prefectura de Manab\u00ed<\/title>\n<meta name=\"robots\" content=\"index, follow, max-snippet:-1, max-image-preview:large, max-video-preview:-1\" \/>\n<link rel=\"canonical\" href=\"https:\/\/www.manabi.gob.ec\/index.php\/el-prefecto-de-manabi-participo-en-foro-internacional-organizado-por-la-uclg\/\" \/>\n<meta property=\"og:locale\" content=\"es_ES\" \/>\n<meta property=\"og:type\" content=\"article\" \/>\n<meta property=\"og:title\" content=\"El Prefecto de Manab\u00ed particip\u00f3 en foro internacional organizado por la UCLG - Prefectura de Manab\u00ed\" \/>\n<meta property=\"og:description\" content=\"El prefecto, Leonardo Orlando, particip\u00f3 de manera virtual en un foro internacional organizado por el Consejo Pol\u00edtico del Consorcio de Ciudades y Gobiernos Locales Unidos (UCLG), una organizaci\u00f3n con sede en Barcelona, Espa\u00f1a, que agrupa a m\u00e1s de 120.000 gobiernos subnacionales (regionales, provinciales, departamentales, cantonales y municipales). \u00abEl derecho a la ciudad: reclamar los bienes [&hellip;]\" \/>\n<meta property=\"og:url\" content=\"https:\/\/www.manabi.gob.ec\/index.php\/el-prefecto-de-manabi-participo-en-foro-internacional-organizado-por-la-uclg\/\" \/>\n<meta property=\"og:site_name\" content=\"Prefectura de Manab\u00ed\" \/>\n<meta property=\"article:published_time\" content=\"2024-05-31T13:37:06+00:00\" \/>\n<meta property=\"article:modified_time\" content=\"2024-05-31T13:37:15+00:00\" \/>\n<meta property=\"og:image\" content=\"https:\/\/www.manabi.gob.ec\/wp-content\/uploads\/2024\/05\/WhatsApp-Image-2024-05-31-at-8.33.20-AM.jpeg\" \/>\n\t<meta property=\"og:image:width\" content=\"1600\" \/>\n\t<meta property=\"og:image:height\" content=\"1200\" \/>\n\t<meta property=\"og:image:type\" content=\"image\/jpeg\" \/>\n<meta name=\"author\" content=\"Lui Ochoa\" \/>\n<meta name=\"twitter:card\" content=\"summary_large_image\" \/>\n<meta name=\"twitter:label1\" content=\"Escrito por\" \/>\n\t<meta name=\"twitter:data1\" content=\"Lui Ochoa\" \/>\n\t<meta name=\"twitter:label2\" content=\"Tiempo de lectura\" \/>\n\t<meta name=\"twitter:data2\" content=\"2 minutos\" \/>\n<script type=\"application\/ld+json\" class=\"yoast-schema-graph\">{\"@context\":\"https:\\\/\\\/schema.org\",\"@graph\":[{\"@type\":\"Article\",\"@id\":\"https:\\\/\\\/www.manabi.gob.ec\\\/index.php\\\/el-prefecto-de-manabi-participo-en-foro-internacional-organizado-por-la-uclg\\\/#article\",\"isPartOf\":{\"@id\":\"https:\\\/\\\/www.manabi.gob.ec\\\/index.php\\\/el-prefecto-de-manabi-participo-en-foro-internacional-organizado-por-la-uclg\\\/\"},\"author\":{\"name\":\"Lui Ochoa\",\"@id\":\"https:\\\/\\\/www.manabi.gob.ec\\\/#\\\/schema\\\/person\\\/c4f117989332ad723a6ced5994aa7d7a\"},\"headline\":\"El Prefecto de Manab\u00ed particip\u00f3 en foro internacional organizado por la UCLG\",\"datePublished\":\"2024-05-31T13:37:06+00:00\",\"dateModified\":\"2024-05-31T13:37:15+00:00\",\"mainEntityOfPage\":{\"@id\":\"https:\\\/\\\/www.manabi.gob.ec\\\/index.php\\\/el-prefecto-de-manabi-participo-en-foro-internacional-organizado-por-la-uclg\\\/\"},\"wordCount\":244,\"image\":{\"@id\":\"https:\\\/\\\/www.manabi.gob.ec\\\/index.php\\\/el-prefecto-de-manabi-participo-en-foro-internacional-organizado-por-la-uclg\\\/#primaryimage\"},\"thumbnailUrl\":\"https:\\\/\\\/www.manabi.gob.ec\\\/wp-content\\\/uploads\\\/2024\\\/05\\\/WhatsApp-Image-2024-05-31-at-8.33.20-AM.jpeg\",\"articleSection\":[\"Ambiente\",\"Desarrollo Social\",\"Noticias\",\"Todas\"],\"inLanguage\":\"es\"},{\"@type\":\"WebPage\",\"@id\":\"https:\\\/\\\/www.manabi.gob.ec\\\/index.php\\\/el-prefecto-de-manabi-participo-en-foro-internacional-organizado-por-la-uclg\\\/\",\"url\":\"https:\\\/\\\/www.manabi.gob.ec\\\/index.php\\\/el-prefecto-de-manabi-participo-en-foro-internacional-organizado-por-la-uclg\\\/\",\"name\":\"El Prefecto de Manab\u00ed particip\u00f3 en foro internacional organizado por la UCLG - Prefectura de Manab\u00ed\",\"isPartOf\":{\"@id\":\"https:\\\/\\\/www.manabi.gob.ec\\\/#website\"},\"primaryImageOfPage\":{\"@id\":\"https:\\\/\\\/www.manabi.gob.ec\\\/index.php\\\/el-prefecto-de-manabi-participo-en-foro-internacional-organizado-por-la-uclg\\\/#primaryimage\"},\"image\":{\"@id\":\"https:\\\/\\\/www.manabi.gob.ec\\\/index.php\\\/el-prefecto-de-manabi-participo-en-foro-internacional-organizado-por-la-uclg\\\/#primaryimage\"},\"thumbnailUrl\":\"https:\\\/\\\/www.manabi.gob.ec\\\/wp-content\\\/uploads\\\/2024\\\/05\\\/WhatsApp-Image-2024-05-31-at-8.33.20-AM.jpeg\",\"datePublished\":\"2024-05-31T13:37:06+00:00\",\"dateModified\":\"2024-05-31T13:37:15+00:00\",\"author\":{\"@id\":\"https:\\\/\\\/www.manabi.gob.ec\\\/#\\\/schema\\\/person\\\/c4f117989332ad723a6ced5994aa7d7a\"},\"breadcrumb\":{\"@id\":\"https:\\\/\\\/www.manabi.gob.ec\\\/index.php\\\/el-prefecto-de-manabi-participo-en-foro-internacional-organizado-por-la-uclg\\\/#breadcrumb\"},\"inLanguage\":\"es\",\"potentialAction\":[{\"@type\":\"ReadAction\",\"target\":[\"https:\\\/\\\/www.manabi.gob.ec\\\/index.php\\\/el-prefecto-de-manabi-participo-en-foro-internacional-organizado-por-la-uclg\\\/\"]}]},{\"@type\":\"ImageObject\",\"inLanguage\":\"es\",\"@id\":\"https:\\\/\\\/www.manabi.gob.ec\\\/index.php\\\/el-prefecto-de-manabi-participo-en-foro-internacional-organizado-por-la-uclg\\\/#primaryimage\",\"url\":\"https:\\\/\\\/www.manabi.gob.ec\\\/wp-content\\\/uploads\\\/2024\\\/05\\\/WhatsApp-Image-2024-05-31-at-8.33.20-AM.jpeg\",\"contentUrl\":\"https:\\\/\\\/www.manabi.gob.ec\\\/wp-content\\\/uploads\\\/2024\\\/05\\\/WhatsApp-Image-2024-05-31-at-8.33.20-AM.jpeg\",\"width\":1600,\"height\":1200},{\"@type\":\"BreadcrumbList\",\"@id\":\"https:\\\/\\\/www.manabi.gob.ec\\\/index.php\\\/el-prefecto-de-manabi-participo-en-foro-internacional-organizado-por-la-uclg\\\/#breadcrumb\",\"itemListElement\":[{\"@type\":\"ListItem\",\"position\":1,\"name\":\"Portada\",\"item\":\"https:\\\/\\\/www.manabi.gob.ec\\\/\"},{\"@type\":\"ListItem\",\"position\":2,\"name\":\"El Prefecto de Manab\u00ed particip\u00f3 en foro internacional organizado por la UCLG\"}]},{\"@type\":\"WebSite\",\"@id\":\"https:\\\/\\\/www.manabi.gob.ec\\\/#website\",\"url\":\"https:\\\/\\\/www.manabi.gob.ec\\\/\",\"name\":\"Prefectura de Manab\u00ed\",\"description\":\"P\u00e1gina web de la prefectura\",\"potentialAction\":[{\"@type\":\"SearchAction\",\"target\":{\"@type\":\"EntryPoint\",\"urlTemplate\":\"https:\\\/\\\/www.manabi.gob.ec\\\/?s={search_term_string}\"},\"query-input\":{\"@type\":\"PropertyValueSpecification\",\"valueRequired\":true,\"valueName\":\"search_term_string\"}}],\"inLanguage\":\"es\"},{\"@type\":\"Person\",\"@id\":\"https:\\\/\\\/www.manabi.gob.ec\\\/#\\\/schema\\\/person\\\/c4f117989332ad723a6ced5994aa7d7a\",\"name\":\"Lui Ochoa\",\"image\":{\"@type\":\"ImageObject\",\"inLanguage\":\"es\",\"@id\":\"https:\\\/\\\/secure.gravatar.com\\\/avatar\\\/6e8017d0fe69dead8a95864d2eb6e1e1d8bf8e01194ba49cf7b897ff038126ba?s=96&d=mm&r=g\",\"url\":\"https:\\\/\\\/secure.gravatar.com\\\/avatar\\\/6e8017d0fe69dead8a95864d2eb6e1e1d8bf8e01194ba49cf7b897ff038126ba?s=96&d=mm&r=g\",\"contentUrl\":\"https:\\\/\\\/secure.gravatar.com\\\/avatar\\\/6e8017d0fe69dead8a95864d2eb6e1e1d8bf8e01194ba49cf7b897ff038126ba?s=96&d=mm&r=g\",\"caption\":\"Lui Ochoa\"},\"url\":\"https:\\\/\\\/www.manabi.gob.ec\\\/index.php\\\/author\\\/lochoa\\\/\"}]}<\/script>\n<!-- \/ Yoast SEO plugin. -->","yoast_head_json":{"title":"El Prefecto de Manab\u00ed particip\u00f3 en foro internacional organizado por la UCLG - Prefectura de Manab\u00ed","robots":{"index":"index","follow":"follow","max-snippet":"max-snippet:-1","max-image-preview":"max-image-preview:large","max-video-preview":"max-video-preview:-1"},"canonical":"https:\/\/www.manabi.gob.ec\/index.php\/el-prefecto-de-manabi-participo-en-foro-internacional-organizado-por-la-uclg\/","og_locale":"es_ES","og_type":"article","og_title":"El Prefecto de Manab\u00ed particip\u00f3 en foro internacional organizado por la UCLG - Prefectura de Manab\u00ed","og_description":"El prefecto, Leonardo Orlando, particip\u00f3 de manera virtual en un foro internacional organizado por el Consejo Pol\u00edtico del Consorcio de Ciudades y Gobiernos Locales Unidos (UCLG), una organizaci\u00f3n con sede en Barcelona, Espa\u00f1a, que agrupa a m\u00e1s de 120.000 gobiernos subnacionales (regionales, provinciales, departamentales, cantonales y municipales). \u00abEl derecho a la ciudad: reclamar los bienes [&hellip;]","og_url":"https:\/\/www.manabi.gob.ec\/index.php\/el-prefecto-de-manabi-participo-en-foro-internacional-organizado-por-la-uclg\/","og_site_name":"Prefectura de Manab\u00ed","article_published_time":"2024-05-31T13:37:06+00:00","article_modified_time":"2024-05-31T13:37:15+00:00","og_image":[{"width":1600,"height":1200,"url":"https:\/\/www.manabi.gob.ec\/wp-content\/uploads\/2024\/05\/WhatsApp-Image-2024-05-31-at-8.33.20-AM.jpeg","type":"image\/jpeg"}],"author":"Lui Ochoa","twitter_card":"summary_large_image","twitter_misc":{"Escrito por":"Lui Ochoa","Tiempo de lectura":"2 minutos"},"schema":{"@context":"https:\/\/schema.org","@graph":[{"@type":"Article","@id":"https:\/\/www.manabi.gob.ec\/index.php\/el-prefecto-de-manabi-participo-en-foro-internacional-organizado-por-la-uclg\/#article","isPartOf":{"@id":"https:\/\/www.manabi.gob.ec\/index.php\/el-prefecto-de-manabi-participo-en-foro-internacional-organizado-por-la-uclg\/"},"author":{"name":"Lui Ochoa","@id":"https:\/\/www.manabi.gob.ec\/#\/schema\/person\/c4f117989332ad723a6ced5994aa7d7a"},"headline":"El Prefecto de Manab\u00ed particip\u00f3 en foro internacional organizado por la UCLG","datePublished":"2024-05-31T13:37:06+00:00","dateModified":"2024-05-31T13:37:15+00:00","mainEntityOfPage":{"@id":"https:\/\/www.manabi.gob.ec\/index.php\/el-prefecto-de-manabi-participo-en-foro-internacional-organizado-por-la-uclg\/"},"wordCount":244,"image":{"@id":"https:\/\/www.manabi.gob.ec\/index.php\/el-prefecto-de-manabi-participo-en-foro-internacional-organizado-por-la-uclg\/#primaryimage"},"thumbnailUrl":"https:\/\/www.manabi.gob.ec\/wp-content\/uploads\/2024\/05\/WhatsApp-Image-2024-05-31-at-8.33.20-AM.jpeg","articleSection":["Ambiente","Desarrollo Social","Noticias","Todas"],"inLanguage":"es"},{"@type":"WebPage","@id":"https:\/\/www.manabi.gob.ec\/index.php\/el-prefecto-de-manabi-participo-en-foro-internacional-organizado-por-la-uclg\/","url":"https:\/\/www.manabi.gob.ec\/index.php\/el-prefecto-de-manabi-participo-en-foro-internacional-organizado-por-la-uclg\/","name":"El Prefecto de Manab\u00ed particip\u00f3 en foro internacional organizado por la UCLG - Prefectura de Manab\u00ed","isPartOf":{"@id":"https:\/\/www.manabi.gob.ec\/#website"},"primaryImageOfPage":{"@id":"https:\/\/www.manabi.gob.ec\/index.php\/el-prefecto-de-manabi-participo-en-foro-internacional-organizado-por-la-uclg\/#primaryimage"},"image":{"@id":"https:\/\/www.manabi.gob.ec\/index.php\/el-prefecto-de-manabi-participo-en-foro-internacional-organizado-por-la-uclg\/#primaryimage"},"thumbnailUrl":"https:\/\/www.manabi.gob.ec\/wp-content\/uploads\/2024\/05\/WhatsApp-Image-2024-05-31-at-8.33.20-AM.jpeg","datePublished":"2024-05-31T13:37:06+00:00","dateModified":"2024-05-31T13:37:15+00:00","author":{"@id":"https:\/\/www.manabi.gob.ec\/#\/schema\/person\/c4f117989332ad723a6ced5994aa7d7a"},"breadcrumb":{"@id":"https:\/\/www.manabi.gob.ec\/index.php\/el-prefecto-de-manabi-participo-en-foro-internacional-organizado-por-la-uclg\/#breadcrumb"},"inLanguage":"es","potentialAction":[{"@type":"ReadAction","target":["https:\/\/www.manabi.gob.ec\/index.php\/el-prefecto-de-manabi-participo-en-foro-internacional-organizado-por-la-uclg\/"]}]},{"@type":"ImageObject","inLanguage":"es","@id":"https:\/\/www.manabi.gob.ec\/index.php\/el-prefecto-de-manabi-participo-en-foro-internacional-organizado-por-la-uclg\/#primaryimage","url":"https:\/\/www.manabi.gob.ec\/wp-content\/uploads\/2024\/05\/WhatsApp-Image-2024-05-31-at-8.33.20-AM.jpeg","contentUrl":"https:\/\/www.manabi.gob.ec\/wp-content\/uploads\/2024\/05\/WhatsApp-Image-2024-05-31-at-8.33.20-AM.jpeg","width":1600,"height":1200},{"@type":"BreadcrumbList","@id":"https:\/\/www.manabi.gob.ec\/index.php\/el-prefecto-de-manabi-participo-en-foro-internacional-organizado-por-la-uclg\/#breadcrumb","itemListElement":[{"@type":"ListItem","position":1,"name":"Portada","item":"https:\/\/www.manabi.gob.ec\/"},{"@type":"ListItem","position":2,"name":"El Prefecto de Manab\u00ed particip\u00f3 en foro internacional organizado por la UCLG"}]},{"@type":"WebSite","@id":"https:\/\/www.manabi.gob.ec\/#website","url":"https:\/\/www.manabi.gob.ec\/","name":"Prefectura de Manab\u00ed","description":"P\u00e1gina web de la prefectura","potentialAction":[{"@type":"SearchAction","target":{"@type":"EntryPoint","urlTemplate":"https:\/\/www.manabi.gob.ec\/?s={search_term_string}"},"query-input":{"@type":"PropertyValueSpecification","valueRequired":true,"valueName":"search_term_string"}}],"inLanguage":"es"},{"@type":"Person","@id":"https:\/\/www.manabi.gob.ec\/#\/schema\/person\/c4f117989332ad723a6ced5994aa7d7a","name":"Lui Ochoa","image":{"@type":"ImageObject","inLanguage":"es","@id":"https:\/\/secure.gravatar.com\/avatar\/6e8017d0fe69dead8a95864d2eb6e1e1d8bf8e01194ba49cf7b897ff038126ba?s=96&d=mm&r=g","url":"https:\/\/secure.gravatar.com\/avatar\/6e8017d0fe69dead8a95864d2eb6e1e1d8bf8e01194ba49cf7b897ff038126ba?s=96&d=mm&r=g","contentUrl":"https:\/\/secure.gravatar.com\/avatar\/6e8017d0fe69dead8a95864d2eb6e1e1d8bf8e01194ba49cf7b897ff038126ba?s=96&d=mm&r=g","caption":"Lui Ochoa"},"url":"https:\/\/www.manabi.gob.ec\/index.php\/author\/lochoa\/"}]}},"jetpack_featured_media_url":"https:\/\/www.manabi.gob.ec\/wp-content\/uploads\/2024\/05\/WhatsApp-Image-2024-05-31-at-8.33.20-AM.jpeg","_links":{"self":[{"href":"https:\/\/www.manabi.gob.ec\/index.php\/wp-json\/wp\/v2\/posts\/28017","targetHints":{"allow":["GET"]}}],"collection":[{"href":"https:\/\/www.manabi.gob.ec\/index.php\/wp-json\/wp\/v2\/posts"}],"about":[{"href":"https:\/\/www.manabi.gob.ec\/index.php\/wp-json\/wp\/v2\/types\/post"}],"author":[{"embeddable":true,"href":"https:\/\/www.manabi.gob.ec\/index.php\/wp-json\/wp\/v2\/users\/10"}],"replies":[{"embeddable":true,"href":"https:\/\/www.manabi.gob.ec\/index.php\/wp-json\/wp\/v2\/comments?post=28017"}],"version-history":[{"count":1,"href":"https:\/\/www.manabi.gob.ec\/index.php\/wp-json\/wp\/v2\/posts\/28017\/revisions"}],"predecessor-version":[{"id":28019,"href":"https:\/\/www.manabi.gob.ec\/index.php\/wp-json\/wp\/v2\/posts\/28017\/revisions\/28019"}],"wp:featuredmedia":[{"embeddable":true,"href":"https:\/\/www.manabi.gob.ec\/index.php\/wp-json\/wp\/v2\/media\/28018"}],"wp:attachment":[{"href":"https:\/\/www.manabi.gob.ec\/index.php\/wp-json\/wp\/v2\/media?parent=28017"}],"wp:term":[{"taxonomy":"category","embeddable":true,"href":"https:\/\/www.manabi.gob.ec\/index.php\/wp-json\/wp\/v2\/categories?post=28017"},{"taxonomy":"post_tag","embeddable":true,"href":"https:\/\/www.manabi.gob.ec\/index.php\/wp-json\/wp\/v2\/tags?post=28017"}],"curies":[{"name":"wp","href":"https:\/\/api.w.org\/{rel}","templated":true}]}}