{"id":28047,"date":"2024-06-06T16:21:49","date_gmt":"2024-06-06T16:21:49","guid":{"rendered":"https:\/\/www.manabi.gob.ec\/?p=28047"},"modified":"2024-06-06T16:21:55","modified_gmt":"2024-06-06T16:21:55","slug":"manabi-celebro-su-identidad-cholo-montuvia","status":"publish","type":"post","link":"https:\/\/www.manabi.gob.ec\/index.php\/manabi-celebro-su-identidad-cholo-montuvia\/","title":{"rendered":"Manab\u00ed celebr\u00f3 su identidad Cholo-Montuvia"},"content":{"rendered":"\n<p>Con un evento art\u00edstico- cultural, Manab\u00ed celebr\u00f3 el segundo aniversario de la declaratoria de provincia con Identidad Cholo-Montuvia, distinci\u00f3n que fue aprobada por la Corporaci\u00f3n Provincial el 30 de mayo de 2022, que estableci\u00f3 desarrollar un acto conmemorativo cada 5 de junio para resaltar la cultura e historia chola y montuvia.<\/p>\n\n\n\n<p>Est\u00e1 celebraci\u00f3n fue parte de la agenda del Manabitismo y del Bicentenario de Manab\u00ed, aniversario de vida pol\u00edtica provincial que se cumple este 25 de junio.<\/p>\n\n\n\n<p>La actividad se desarroll\u00f3 en la Universidad San Gregorio de Portoviejo, instituci\u00f3n que realiz\u00f3 un valioso aporte al proyecto de investigaci\u00f3n que culmin\u00f3 en el reconocimiento y declaratoria de la Identidad Cholo-Montuvia de la provincia.<\/p>\n\n\n\n<p>La rese\u00f1a, de Manab\u00ed con Identidad de Cholo-Montuvia, estuvo a cargo de Daniel Valdiviezo, docente de la carrera de Comunicaci\u00f3n de la USGP y Director de San Gregorio radio, quien destac\u00f3 el orgullo manabita. Es a partir del estudio realizado en la Universidad San Gregorio de Portoviejo que se explican las bases hist\u00f3ricas sobre las que descansa la identidad cultural de Manab\u00ed, dentro de un territorio determinado y en un espacio geogr\u00e1fico semejante entre las poblaciones existentes, dijo..<\/p>\n\n\n\n<p>El prefecto, Leonardo Orlando, destac\u00f3 la importancia de este reconocimiento como un hito en la preservaci\u00f3n y promoci\u00f3n de la identidad cultural de Manab\u00ed.<\/p>\n\n\n\n<p>\u201cSomos un pueblo de cholos y montuvios, que durante 200 a\u00f1os hemos forjado nuestra historia, nuestra identidad y nuestra grandeza; dando siempre lo mejor de nosotros, luchando por nuestro desarrollo, entregando siempre el coraz\u00f3n y el alma\u201d, expres\u00f3 el prefecto Orlando<\/p>\n\n\n\n<p>\u201cHoy, es un d\u00eda de muchas connotaciones hist\u00f3ricas, pol\u00edticas, sociales y culturales para Manab\u00ed. Somos cuna de la revoluci\u00f3n y de las luchas colectivas por la justicia, la equidad, la igualdad, la inclusi\u00f3n y los derechos\u201d agreg\u00f3 el Prefecto, quien revalid\u00f3 el compromiso continuo de la administraci\u00f3n provincial con la valorizaci\u00f3n de las ra\u00edces y costumbres de Manab\u00ed para mantenerlas vivas.<\/p>\n\n\n\n<p>Durante el evento se presentaron diversas manifestaciones art\u00edsticas y culturales que resaltaron la rica herencia ancestral y tradiciones de la provincia.<\/p>\n\n\n\n<p>Este evento organizado por la Prefectura de Manab\u00ed y la Universidad San Gregorio de Portoviejo, cont\u00f3 con la presencia de autoridades locales y ciudadan\u00eda en general.<\/p>\n","protected":false},"excerpt":{"rendered":"<p>Con un evento art\u00edstico- cultural, Manab\u00ed celebr\u00f3 el segundo aniversario de la declaratoria de provincia con Identidad Cholo-Montuvia, distinci\u00f3n que fue aprobada por la Corporaci\u00f3n Provincial el 30 de mayo de 2022, que estableci\u00f3 desarrollar un acto conmemorativo cada 5 de junio para resaltar la cultura e historia chola y montuvia. Est\u00e1 celebraci\u00f3n fue parte [&hellip;]<\/p>\n","protected":false},"author":10,"featured_media":28048,"comment_status":"closed","ping_status":"closed","sticky":false,"template":"","format":"standard","meta":{"_joinchat":[],"footnotes":""},"categories":[150,142,92,91],"tags":[],"class_list":["post-28047","post","type-post","status-publish","format-standard","has-post-thumbnail","hentry","category-ambiente","category-desarrollo-social","category-noticias-manabi","category-todas"],"yoast_head":"<!-- This site is optimized with the Yoast SEO plugin v27.4 - https:\/\/yoast.com\/product\/yoast-seo-wordpress\/ -->\n<title>Manab\u00ed celebr\u00f3 su identidad Cholo-Montuvia - Prefectura de Manab\u00ed<\/title>\n<meta name=\"description\" content=\"Con un evento art\u00edstico- cultural, Manab\u00ed celebr\u00f3 el segundo aniversario de la declaratoria de provincia con Identidad Cholo-Montuvia, distinci\u00f3n que fue aprobada por la Corporaci\u00f3n Provincial el 30 de mayo de 2022, que estableci\u00f3 desarrollar un acto conmemorativo cada 5 de junio para resaltar la cultura e historia chola y montuvia.Est\u00e1 celebraci\u00f3n fue parte de la agenda del Manabitismo y del Bicentenario de Manab\u00ed, aniversario de vida pol\u00edtica provincial que se cumple este 25 de junio. La actividad se desarroll\u00f3 en la Universidad San Gregorio de Portoviejo, instituci\u00f3n que realiz\u00f3 un valioso aporte al proyecto de investigaci\u00f3n que culmin\u00f3 en el reconocimiento y declaratoria de la Identidad Cholo-Montuvia de la provincia. La rese\u00f1a, de Manab\u00ed con Identidad de Cholo-Montuvia, estuvo a cargo de Daniel Valdiviezo, docente de la carrera de Comunicaci\u00f3n de la USGP y Director de San Gregorio radio, quien destac\u00f3 el orgullo manabita. Es a partir del estudio realizado en la Universidad San Gregorio de Portoviejo que se explican las bases hist\u00f3ricas sobre las que descansa la identidad cultural de Manab\u00ed, dentro de un territorio determinado y en un espacio geogr\u00e1fico semejante entre las poblaciones existentes, dijo..El prefecto, Leonardo Orlando, destac\u00f3 la importancia de este reconocimiento como un hito en la preservaci\u00f3n y promoci\u00f3n de la identidad cultural de Manab\u00ed. \u201cSomos un pueblo de cholos y montuvios, que durante 200 a\u00f1os hemos forjado nuestra historia, nuestra identidad y nuestra grandeza; dando siempre lo mejor de nosotros, luchando por nuestro desarrollo, entregando siempre el coraz\u00f3n y el alma\u201d, expres\u00f3 el prefecto Orlando \u201cHoy, es un d\u00eda de muchas connotaciones hist\u00f3ricas, pol\u00edticas, sociales y culturales para Manab\u00ed. Somos cuna de la revoluci\u00f3n y de las luchas colectivas por la justicia, la equidad, la igualdad, la inclusi\u00f3n y los derechos\u201d agreg\u00f3 el Prefecto, quien revalid\u00f3 el compromiso continuo de la administraci\u00f3n provincial con la valorizaci\u00f3n de las ra\u00edces y costumbres de Manab\u00ed para mantenerlas vivas. Durante el evento se presentaron diversas manifestaciones art\u00edsticas y culturales que resaltaron la rica herencia ancestral y tradiciones de la provincia.Este evento organizado por la Prefectura de Manab\u00ed y la Universidad San Gregorio de Portoviejo, cont\u00f3 con la presencia de autoridades locales y ciudadan\u00eda en general.\" \/>\n<meta name=\"robots\" content=\"index, follow, max-snippet:-1, max-image-preview:large, max-video-preview:-1\" \/>\n<link rel=\"canonical\" href=\"https:\/\/www.manabi.gob.ec\/index.php\/manabi-celebro-su-identidad-cholo-montuvia\/\" \/>\n<meta property=\"og:locale\" content=\"es_ES\" \/>\n<meta property=\"og:type\" content=\"article\" \/>\n<meta property=\"og:title\" content=\"Manab\u00ed celebr\u00f3 su identidad Cholo-Montuvia - Prefectura de Manab\u00ed\" \/>\n<meta property=\"og:description\" content=\"Con un evento art\u00edstico- cultural, Manab\u00ed celebr\u00f3 el segundo aniversario de la declaratoria de provincia con Identidad Cholo-Montuvia, distinci\u00f3n que fue aprobada por la Corporaci\u00f3n Provincial el 30 de mayo de 2022, que estableci\u00f3 desarrollar un acto conmemorativo cada 5 de junio para resaltar la cultura e historia chola y montuvia.Est\u00e1 celebraci\u00f3n fue parte de la agenda del Manabitismo y del Bicentenario de Manab\u00ed, aniversario de vida pol\u00edtica provincial que se cumple este 25 de junio. La actividad se desarroll\u00f3 en la Universidad San Gregorio de Portoviejo, instituci\u00f3n que realiz\u00f3 un valioso aporte al proyecto de investigaci\u00f3n que culmin\u00f3 en el reconocimiento y declaratoria de la Identidad Cholo-Montuvia de la provincia. La rese\u00f1a, de Manab\u00ed con Identidad de Cholo-Montuvia, estuvo a cargo de Daniel Valdiviezo, docente de la carrera de Comunicaci\u00f3n de la USGP y Director de San Gregorio radio, quien destac\u00f3 el orgullo manabita. Es a partir del estudio realizado en la Universidad San Gregorio de Portoviejo que se explican las bases hist\u00f3ricas sobre las que descansa la identidad cultural de Manab\u00ed, dentro de un territorio determinado y en un espacio geogr\u00e1fico semejante entre las poblaciones existentes, dijo..El prefecto, Leonardo Orlando, destac\u00f3 la importancia de este reconocimiento como un hito en la preservaci\u00f3n y promoci\u00f3n de la identidad cultural de Manab\u00ed. \u201cSomos un pueblo de cholos y montuvios, que durante 200 a\u00f1os hemos forjado nuestra historia, nuestra identidad y nuestra grandeza; dando siempre lo mejor de nosotros, luchando por nuestro desarrollo, entregando siempre el coraz\u00f3n y el alma\u201d, expres\u00f3 el prefecto Orlando \u201cHoy, es un d\u00eda de muchas connotaciones hist\u00f3ricas, pol\u00edticas, sociales y culturales para Manab\u00ed. Somos cuna de la revoluci\u00f3n y de las luchas colectivas por la justicia, la equidad, la igualdad, la inclusi\u00f3n y los derechos\u201d agreg\u00f3 el Prefecto, quien revalid\u00f3 el compromiso continuo de la administraci\u00f3n provincial con la valorizaci\u00f3n de las ra\u00edces y costumbres de Manab\u00ed para mantenerlas vivas. Durante el evento se presentaron diversas manifestaciones art\u00edsticas y culturales que resaltaron la rica herencia ancestral y tradiciones de la provincia.Este evento organizado por la Prefectura de Manab\u00ed y la Universidad San Gregorio de Portoviejo, cont\u00f3 con la presencia de autoridades locales y ciudadan\u00eda en general.\" \/>\n<meta property=\"og:url\" content=\"https:\/\/www.manabi.gob.ec\/index.php\/manabi-celebro-su-identidad-cholo-montuvia\/\" \/>\n<meta property=\"og:site_name\" content=\"Prefectura de Manab\u00ed\" \/>\n<meta property=\"article:published_time\" content=\"2024-06-06T16:21:49+00:00\" \/>\n<meta property=\"article:modified_time\" content=\"2024-06-06T16:21:55+00:00\" \/>\n<meta property=\"og:image\" content=\"https:\/\/www.manabi.gob.ec\/wp-content\/uploads\/2024\/06\/WhatsApp-Image-2024-06-06-at-11.17.43-AM-1.jpeg\" \/>\n\t<meta property=\"og:image:width\" content=\"1600\" \/>\n\t<meta property=\"og:image:height\" content=\"1066\" \/>\n\t<meta property=\"og:image:type\" content=\"image\/jpeg\" \/>\n<meta name=\"author\" content=\"Lui Ochoa\" \/>\n<meta name=\"twitter:card\" content=\"summary_large_image\" \/>\n<meta name=\"twitter:label1\" content=\"Escrito por\" \/>\n\t<meta name=\"twitter:data1\" content=\"Lui Ochoa\" \/>\n\t<meta name=\"twitter:label2\" content=\"Tiempo de lectura\" \/>\n\t<meta name=\"twitter:data2\" content=\"2 minutos\" \/>\n<script type=\"application\/ld+json\" class=\"yoast-schema-graph\">{\"@context\":\"https:\\\/\\\/schema.org\",\"@graph\":[{\"@type\":\"Article\",\"@id\":\"https:\\\/\\\/www.manabi.gob.ec\\\/index.php\\\/manabi-celebro-su-identidad-cholo-montuvia\\\/#article\",\"isPartOf\":{\"@id\":\"https:\\\/\\\/www.manabi.gob.ec\\\/index.php\\\/manabi-celebro-su-identidad-cholo-montuvia\\\/\"},\"author\":{\"name\":\"Lui Ochoa\",\"@id\":\"https:\\\/\\\/www.manabi.gob.ec\\\/#\\\/schema\\\/person\\\/c4f117989332ad723a6ced5994aa7d7a\"},\"headline\":\"Manab\u00ed celebr\u00f3 su identidad Cholo-Montuvia\",\"datePublished\":\"2024-06-06T16:21:49+00:00\",\"dateModified\":\"2024-06-06T16:21:55+00:00\",\"mainEntityOfPage\":{\"@id\":\"https:\\\/\\\/www.manabi.gob.ec\\\/index.php\\\/manabi-celebro-su-identidad-cholo-montuvia\\\/\"},\"wordCount\":388,\"image\":{\"@id\":\"https:\\\/\\\/www.manabi.gob.ec\\\/index.php\\\/manabi-celebro-su-identidad-cholo-montuvia\\\/#primaryimage\"},\"thumbnailUrl\":\"https:\\\/\\\/www.manabi.gob.ec\\\/wp-content\\\/uploads\\\/2024\\\/06\\\/WhatsApp-Image-2024-06-06-at-11.17.43-AM-1.jpeg\",\"articleSection\":[\"Ambiente\",\"Desarrollo Social\",\"Noticias\",\"Todas\"],\"inLanguage\":\"es\"},{\"@type\":\"WebPage\",\"@id\":\"https:\\\/\\\/www.manabi.gob.ec\\\/index.php\\\/manabi-celebro-su-identidad-cholo-montuvia\\\/\",\"url\":\"https:\\\/\\\/www.manabi.gob.ec\\\/index.php\\\/manabi-celebro-su-identidad-cholo-montuvia\\\/\",\"name\":\"Manab\u00ed celebr\u00f3 su identidad Cholo-Montuvia - Prefectura de Manab\u00ed\",\"isPartOf\":{\"@id\":\"https:\\\/\\\/www.manabi.gob.ec\\\/#website\"},\"primaryImageOfPage\":{\"@id\":\"https:\\\/\\\/www.manabi.gob.ec\\\/index.php\\\/manabi-celebro-su-identidad-cholo-montuvia\\\/#primaryimage\"},\"image\":{\"@id\":\"https:\\\/\\\/www.manabi.gob.ec\\\/index.php\\\/manabi-celebro-su-identidad-cholo-montuvia\\\/#primaryimage\"},\"thumbnailUrl\":\"https:\\\/\\\/www.manabi.gob.ec\\\/wp-content\\\/uploads\\\/2024\\\/06\\\/WhatsApp-Image-2024-06-06-at-11.17.43-AM-1.jpeg\",\"datePublished\":\"2024-06-06T16:21:49+00:00\",\"dateModified\":\"2024-06-06T16:21:55+00:00\",\"author\":{\"@id\":\"https:\\\/\\\/www.manabi.gob.ec\\\/#\\\/schema\\\/person\\\/c4f117989332ad723a6ced5994aa7d7a\"},\"description\":\"Con un evento art\u00edstico- cultural, Manab\u00ed celebr\u00f3 el segundo aniversario de la declaratoria de provincia con Identidad Cholo-Montuvia, distinci\u00f3n que fue aprobada por la Corporaci\u00f3n Provincial el 30 de mayo de 2022, que estableci\u00f3 desarrollar un acto conmemorativo cada 5 de junio para resaltar la cultura e historia chola y montuvia.Est\u00e1 celebraci\u00f3n fue parte de la agenda del Manabitismo y del Bicentenario de Manab\u00ed, aniversario de vida pol\u00edtica provincial que se cumple este 25 de junio. La actividad se desarroll\u00f3 en la Universidad San Gregorio de Portoviejo, instituci\u00f3n que realiz\u00f3 un valioso aporte al proyecto de investigaci\u00f3n que culmin\u00f3 en el reconocimiento y declaratoria de la Identidad Cholo-Montuvia de la provincia. La rese\u00f1a, de Manab\u00ed con Identidad de Cholo-Montuvia, estuvo a cargo de Daniel Valdiviezo, docente de la carrera de Comunicaci\u00f3n de la USGP y Director de San Gregorio radio, quien destac\u00f3 el orgullo manabita. Es a partir del estudio realizado en la Universidad San Gregorio de Portoviejo que se explican las bases hist\u00f3ricas sobre las que descansa la identidad cultural de Manab\u00ed, dentro de un territorio determinado y en un espacio geogr\u00e1fico semejante entre las poblaciones existentes, dijo..El prefecto, Leonardo Orlando, destac\u00f3 la importancia de este reconocimiento como un hito en la preservaci\u00f3n y promoci\u00f3n de la identidad cultural de Manab\u00ed. \u201cSomos un pueblo de cholos y montuvios, que durante 200 a\u00f1os hemos forjado nuestra historia, nuestra identidad y nuestra grandeza; dando siempre lo mejor de nosotros, luchando por nuestro desarrollo, entregando siempre el coraz\u00f3n y el alma\u201d, expres\u00f3 el prefecto Orlando \u201cHoy, es un d\u00eda de muchas connotaciones hist\u00f3ricas, pol\u00edticas, sociales y culturales para Manab\u00ed. Somos cuna de la revoluci\u00f3n y de las luchas colectivas por la justicia, la equidad, la igualdad, la inclusi\u00f3n y los derechos\u201d agreg\u00f3 el Prefecto, quien revalid\u00f3 el compromiso continuo de la administraci\u00f3n provincial con la valorizaci\u00f3n de las ra\u00edces y costumbres de Manab\u00ed para mantenerlas vivas. Durante el evento se presentaron diversas manifestaciones art\u00edsticas y culturales que resaltaron la rica herencia ancestral y tradiciones de la provincia.Este evento organizado por la Prefectura de Manab\u00ed y la Universidad San Gregorio de Portoviejo, cont\u00f3 con la presencia de autoridades locales y ciudadan\u00eda en general.\",\"breadcrumb\":{\"@id\":\"https:\\\/\\\/www.manabi.gob.ec\\\/index.php\\\/manabi-celebro-su-identidad-cholo-montuvia\\\/#breadcrumb\"},\"inLanguage\":\"es\",\"potentialAction\":[{\"@type\":\"ReadAction\",\"target\":[\"https:\\\/\\\/www.manabi.gob.ec\\\/index.php\\\/manabi-celebro-su-identidad-cholo-montuvia\\\/\"]}]},{\"@type\":\"ImageObject\",\"inLanguage\":\"es\",\"@id\":\"https:\\\/\\\/www.manabi.gob.ec\\\/index.php\\\/manabi-celebro-su-identidad-cholo-montuvia\\\/#primaryimage\",\"url\":\"https:\\\/\\\/www.manabi.gob.ec\\\/wp-content\\\/uploads\\\/2024\\\/06\\\/WhatsApp-Image-2024-06-06-at-11.17.43-AM-1.jpeg\",\"contentUrl\":\"https:\\\/\\\/www.manabi.gob.ec\\\/wp-content\\\/uploads\\\/2024\\\/06\\\/WhatsApp-Image-2024-06-06-at-11.17.43-AM-1.jpeg\",\"width\":1600,\"height\":1066},{\"@type\":\"BreadcrumbList\",\"@id\":\"https:\\\/\\\/www.manabi.gob.ec\\\/index.php\\\/manabi-celebro-su-identidad-cholo-montuvia\\\/#breadcrumb\",\"itemListElement\":[{\"@type\":\"ListItem\",\"position\":1,\"name\":\"Portada\",\"item\":\"https:\\\/\\\/www.manabi.gob.ec\\\/\"},{\"@type\":\"ListItem\",\"position\":2,\"name\":\"Manab\u00ed celebr\u00f3 su identidad Cholo-Montuvia\"}]},{\"@type\":\"WebSite\",\"@id\":\"https:\\\/\\\/www.manabi.gob.ec\\\/#website\",\"url\":\"https:\\\/\\\/www.manabi.gob.ec\\\/\",\"name\":\"Prefectura de Manab\u00ed\",\"description\":\"P\u00e1gina web de la prefectura\",\"potentialAction\":[{\"@type\":\"SearchAction\",\"target\":{\"@type\":\"EntryPoint\",\"urlTemplate\":\"https:\\\/\\\/www.manabi.gob.ec\\\/?s={search_term_string}\"},\"query-input\":{\"@type\":\"PropertyValueSpecification\",\"valueRequired\":true,\"valueName\":\"search_term_string\"}}],\"inLanguage\":\"es\"},{\"@type\":\"Person\",\"@id\":\"https:\\\/\\\/www.manabi.gob.ec\\\/#\\\/schema\\\/person\\\/c4f117989332ad723a6ced5994aa7d7a\",\"name\":\"Lui Ochoa\",\"image\":{\"@type\":\"ImageObject\",\"inLanguage\":\"es\",\"@id\":\"https:\\\/\\\/secure.gravatar.com\\\/avatar\\\/6e8017d0fe69dead8a95864d2eb6e1e1d8bf8e01194ba49cf7b897ff038126ba?s=96&d=mm&r=g\",\"url\":\"https:\\\/\\\/secure.gravatar.com\\\/avatar\\\/6e8017d0fe69dead8a95864d2eb6e1e1d8bf8e01194ba49cf7b897ff038126ba?s=96&d=mm&r=g\",\"contentUrl\":\"https:\\\/\\\/secure.gravatar.com\\\/avatar\\\/6e8017d0fe69dead8a95864d2eb6e1e1d8bf8e01194ba49cf7b897ff038126ba?s=96&d=mm&r=g\",\"caption\":\"Lui Ochoa\"},\"url\":\"https:\\\/\\\/www.manabi.gob.ec\\\/index.php\\\/author\\\/lochoa\\\/\"}]}<\/script>\n<!-- \/ Yoast SEO plugin. -->","yoast_head_json":{"title":"Manab\u00ed celebr\u00f3 su identidad Cholo-Montuvia - Prefectura de Manab\u00ed","description":"Con un evento art\u00edstico- cultural, Manab\u00ed celebr\u00f3 el segundo aniversario de la declaratoria de provincia con Identidad Cholo-Montuvia, distinci\u00f3n que fue aprobada por la Corporaci\u00f3n Provincial el 30 de mayo de 2022, que estableci\u00f3 desarrollar un acto conmemorativo cada 5 de junio para resaltar la cultura e historia chola y montuvia.Est\u00e1 celebraci\u00f3n fue parte de la agenda del Manabitismo y del Bicentenario de Manab\u00ed, aniversario de vida pol\u00edtica provincial que se cumple este 25 de junio. La actividad se desarroll\u00f3 en la Universidad San Gregorio de Portoviejo, instituci\u00f3n que realiz\u00f3 un valioso aporte al proyecto de investigaci\u00f3n que culmin\u00f3 en el reconocimiento y declaratoria de la Identidad Cholo-Montuvia de la provincia. La rese\u00f1a, de Manab\u00ed con Identidad de Cholo-Montuvia, estuvo a cargo de Daniel Valdiviezo, docente de la carrera de Comunicaci\u00f3n de la USGP y Director de San Gregorio radio, quien destac\u00f3 el orgullo manabita. Es a partir del estudio realizado en la Universidad San Gregorio de Portoviejo que se explican las bases hist\u00f3ricas sobre las que descansa la identidad cultural de Manab\u00ed, dentro de un territorio determinado y en un espacio geogr\u00e1fico semejante entre las poblaciones existentes, dijo..El prefecto, Leonardo Orlando, destac\u00f3 la importancia de este reconocimiento como un hito en la preservaci\u00f3n y promoci\u00f3n de la identidad cultural de Manab\u00ed. \u201cSomos un pueblo de cholos y montuvios, que durante 200 a\u00f1os hemos forjado nuestra historia, nuestra identidad y nuestra grandeza; dando siempre lo mejor de nosotros, luchando por nuestro desarrollo, entregando siempre el coraz\u00f3n y el alma\u201d, expres\u00f3 el prefecto Orlando \u201cHoy, es un d\u00eda de muchas connotaciones hist\u00f3ricas, pol\u00edticas, sociales y culturales para Manab\u00ed. Somos cuna de la revoluci\u00f3n y de las luchas colectivas por la justicia, la equidad, la igualdad, la inclusi\u00f3n y los derechos\u201d agreg\u00f3 el Prefecto, quien revalid\u00f3 el compromiso continuo de la administraci\u00f3n provincial con la valorizaci\u00f3n de las ra\u00edces y costumbres de Manab\u00ed para mantenerlas vivas. Durante el evento se presentaron diversas manifestaciones art\u00edsticas y culturales que resaltaron la rica herencia ancestral y tradiciones de la provincia.Este evento organizado por la Prefectura de Manab\u00ed y la Universidad San Gregorio de Portoviejo, cont\u00f3 con la presencia de autoridades locales y ciudadan\u00eda en general.","robots":{"index":"index","follow":"follow","max-snippet":"max-snippet:-1","max-image-preview":"max-image-preview:large","max-video-preview":"max-video-preview:-1"},"canonical":"https:\/\/www.manabi.gob.ec\/index.php\/manabi-celebro-su-identidad-cholo-montuvia\/","og_locale":"es_ES","og_type":"article","og_title":"Manab\u00ed celebr\u00f3 su identidad Cholo-Montuvia - Prefectura de Manab\u00ed","og_description":"Con un evento art\u00edstico- cultural, Manab\u00ed celebr\u00f3 el segundo aniversario de la declaratoria de provincia con Identidad Cholo-Montuvia, distinci\u00f3n que fue aprobada por la Corporaci\u00f3n Provincial el 30 de mayo de 2022, que estableci\u00f3 desarrollar un acto conmemorativo cada 5 de junio para resaltar la cultura e historia chola y montuvia.Est\u00e1 celebraci\u00f3n fue parte de la agenda del Manabitismo y del Bicentenario de Manab\u00ed, aniversario de vida pol\u00edtica provincial que se cumple este 25 de junio. La actividad se desarroll\u00f3 en la Universidad San Gregorio de Portoviejo, instituci\u00f3n que realiz\u00f3 un valioso aporte al proyecto de investigaci\u00f3n que culmin\u00f3 en el reconocimiento y declaratoria de la Identidad Cholo-Montuvia de la provincia. La rese\u00f1a, de Manab\u00ed con Identidad de Cholo-Montuvia, estuvo a cargo de Daniel Valdiviezo, docente de la carrera de Comunicaci\u00f3n de la USGP y Director de San Gregorio radio, quien destac\u00f3 el orgullo manabita. Es a partir del estudio realizado en la Universidad San Gregorio de Portoviejo que se explican las bases hist\u00f3ricas sobre las que descansa la identidad cultural de Manab\u00ed, dentro de un territorio determinado y en un espacio geogr\u00e1fico semejante entre las poblaciones existentes, dijo..El prefecto, Leonardo Orlando, destac\u00f3 la importancia de este reconocimiento como un hito en la preservaci\u00f3n y promoci\u00f3n de la identidad cultural de Manab\u00ed. \u201cSomos un pueblo de cholos y montuvios, que durante 200 a\u00f1os hemos forjado nuestra historia, nuestra identidad y nuestra grandeza; dando siempre lo mejor de nosotros, luchando por nuestro desarrollo, entregando siempre el coraz\u00f3n y el alma\u201d, expres\u00f3 el prefecto Orlando \u201cHoy, es un d\u00eda de muchas connotaciones hist\u00f3ricas, pol\u00edticas, sociales y culturales para Manab\u00ed. Somos cuna de la revoluci\u00f3n y de las luchas colectivas por la justicia, la equidad, la igualdad, la inclusi\u00f3n y los derechos\u201d agreg\u00f3 el Prefecto, quien revalid\u00f3 el compromiso continuo de la administraci\u00f3n provincial con la valorizaci\u00f3n de las ra\u00edces y costumbres de Manab\u00ed para mantenerlas vivas. Durante el evento se presentaron diversas manifestaciones art\u00edsticas y culturales que resaltaron la rica herencia ancestral y tradiciones de la provincia.Este evento organizado por la Prefectura de Manab\u00ed y la Universidad San Gregorio de Portoviejo, cont\u00f3 con la presencia de autoridades locales y ciudadan\u00eda en general.","og_url":"https:\/\/www.manabi.gob.ec\/index.php\/manabi-celebro-su-identidad-cholo-montuvia\/","og_site_name":"Prefectura de Manab\u00ed","article_published_time":"2024-06-06T16:21:49+00:00","article_modified_time":"2024-06-06T16:21:55+00:00","og_image":[{"width":1600,"height":1066,"url":"https:\/\/www.manabi.gob.ec\/wp-content\/uploads\/2024\/06\/WhatsApp-Image-2024-06-06-at-11.17.43-AM-1.jpeg","type":"image\/jpeg"}],"author":"Lui Ochoa","twitter_card":"summary_large_image","twitter_misc":{"Escrito por":"Lui Ochoa","Tiempo de lectura":"2 minutos"},"schema":{"@context":"https:\/\/schema.org","@graph":[{"@type":"Article","@id":"https:\/\/www.manabi.gob.ec\/index.php\/manabi-celebro-su-identidad-cholo-montuvia\/#article","isPartOf":{"@id":"https:\/\/www.manabi.gob.ec\/index.php\/manabi-celebro-su-identidad-cholo-montuvia\/"},"author":{"name":"Lui Ochoa","@id":"https:\/\/www.manabi.gob.ec\/#\/schema\/person\/c4f117989332ad723a6ced5994aa7d7a"},"headline":"Manab\u00ed celebr\u00f3 su identidad Cholo-Montuvia","datePublished":"2024-06-06T16:21:49+00:00","dateModified":"2024-06-06T16:21:55+00:00","mainEntityOfPage":{"@id":"https:\/\/www.manabi.gob.ec\/index.php\/manabi-celebro-su-identidad-cholo-montuvia\/"},"wordCount":388,"image":{"@id":"https:\/\/www.manabi.gob.ec\/index.php\/manabi-celebro-su-identidad-cholo-montuvia\/#primaryimage"},"thumbnailUrl":"https:\/\/www.manabi.gob.ec\/wp-content\/uploads\/2024\/06\/WhatsApp-Image-2024-06-06-at-11.17.43-AM-1.jpeg","articleSection":["Ambiente","Desarrollo Social","Noticias","Todas"],"inLanguage":"es"},{"@type":"WebPage","@id":"https:\/\/www.manabi.gob.ec\/index.php\/manabi-celebro-su-identidad-cholo-montuvia\/","url":"https:\/\/www.manabi.gob.ec\/index.php\/manabi-celebro-su-identidad-cholo-montuvia\/","name":"Manab\u00ed celebr\u00f3 su identidad Cholo-Montuvia - Prefectura de Manab\u00ed","isPartOf":{"@id":"https:\/\/www.manabi.gob.ec\/#website"},"primaryImageOfPage":{"@id":"https:\/\/www.manabi.gob.ec\/index.php\/manabi-celebro-su-identidad-cholo-montuvia\/#primaryimage"},"image":{"@id":"https:\/\/www.manabi.gob.ec\/index.php\/manabi-celebro-su-identidad-cholo-montuvia\/#primaryimage"},"thumbnailUrl":"https:\/\/www.manabi.gob.ec\/wp-content\/uploads\/2024\/06\/WhatsApp-Image-2024-06-06-at-11.17.43-AM-1.jpeg","datePublished":"2024-06-06T16:21:49+00:00","dateModified":"2024-06-06T16:21:55+00:00","author":{"@id":"https:\/\/www.manabi.gob.ec\/#\/schema\/person\/c4f117989332ad723a6ced5994aa7d7a"},"description":"Con un evento art\u00edstico- cultural, Manab\u00ed celebr\u00f3 el segundo aniversario de la declaratoria de provincia con Identidad Cholo-Montuvia, distinci\u00f3n que fue aprobada por la Corporaci\u00f3n Provincial el 30 de mayo de 2022, que estableci\u00f3 desarrollar un acto conmemorativo cada 5 de junio para resaltar la cultura e historia chola y montuvia.Est\u00e1 celebraci\u00f3n fue parte de la agenda del Manabitismo y del Bicentenario de Manab\u00ed, aniversario de vida pol\u00edtica provincial que se cumple este 25 de junio. La actividad se desarroll\u00f3 en la Universidad San Gregorio de Portoviejo, instituci\u00f3n que realiz\u00f3 un valioso aporte al proyecto de investigaci\u00f3n que culmin\u00f3 en el reconocimiento y declaratoria de la Identidad Cholo-Montuvia de la provincia. La rese\u00f1a, de Manab\u00ed con Identidad de Cholo-Montuvia, estuvo a cargo de Daniel Valdiviezo, docente de la carrera de Comunicaci\u00f3n de la USGP y Director de San Gregorio radio, quien destac\u00f3 el orgullo manabita. Es a partir del estudio realizado en la Universidad San Gregorio de Portoviejo que se explican las bases hist\u00f3ricas sobre las que descansa la identidad cultural de Manab\u00ed, dentro de un territorio determinado y en un espacio geogr\u00e1fico semejante entre las poblaciones existentes, dijo..El prefecto, Leonardo Orlando, destac\u00f3 la importancia de este reconocimiento como un hito en la preservaci\u00f3n y promoci\u00f3n de la identidad cultural de Manab\u00ed. \u201cSomos un pueblo de cholos y montuvios, que durante 200 a\u00f1os hemos forjado nuestra historia, nuestra identidad y nuestra grandeza; dando siempre lo mejor de nosotros, luchando por nuestro desarrollo, entregando siempre el coraz\u00f3n y el alma\u201d, expres\u00f3 el prefecto Orlando \u201cHoy, es un d\u00eda de muchas connotaciones hist\u00f3ricas, pol\u00edticas, sociales y culturales para Manab\u00ed. Somos cuna de la revoluci\u00f3n y de las luchas colectivas por la justicia, la equidad, la igualdad, la inclusi\u00f3n y los derechos\u201d agreg\u00f3 el Prefecto, quien revalid\u00f3 el compromiso continuo de la administraci\u00f3n provincial con la valorizaci\u00f3n de las ra\u00edces y costumbres de Manab\u00ed para mantenerlas vivas. Durante el evento se presentaron diversas manifestaciones art\u00edsticas y culturales que resaltaron la rica herencia ancestral y tradiciones de la provincia.Este evento organizado por la Prefectura de Manab\u00ed y la Universidad San Gregorio de Portoviejo, cont\u00f3 con la presencia de autoridades locales y ciudadan\u00eda en general.","breadcrumb":{"@id":"https:\/\/www.manabi.gob.ec\/index.php\/manabi-celebro-su-identidad-cholo-montuvia\/#breadcrumb"},"inLanguage":"es","potentialAction":[{"@type":"ReadAction","target":["https:\/\/www.manabi.gob.ec\/index.php\/manabi-celebro-su-identidad-cholo-montuvia\/"]}]},{"@type":"ImageObject","inLanguage":"es","@id":"https:\/\/www.manabi.gob.ec\/index.php\/manabi-celebro-su-identidad-cholo-montuvia\/#primaryimage","url":"https:\/\/www.manabi.gob.ec\/wp-content\/uploads\/2024\/06\/WhatsApp-Image-2024-06-06-at-11.17.43-AM-1.jpeg","contentUrl":"https:\/\/www.manabi.gob.ec\/wp-content\/uploads\/2024\/06\/WhatsApp-Image-2024-06-06-at-11.17.43-AM-1.jpeg","width":1600,"height":1066},{"@type":"BreadcrumbList","@id":"https:\/\/www.manabi.gob.ec\/index.php\/manabi-celebro-su-identidad-cholo-montuvia\/#breadcrumb","itemListElement":[{"@type":"ListItem","position":1,"name":"Portada","item":"https:\/\/www.manabi.gob.ec\/"},{"@type":"ListItem","position":2,"name":"Manab\u00ed celebr\u00f3 su identidad Cholo-Montuvia"}]},{"@type":"WebSite","@id":"https:\/\/www.manabi.gob.ec\/#website","url":"https:\/\/www.manabi.gob.ec\/","name":"Prefectura de Manab\u00ed","description":"P\u00e1gina web de la prefectura","potentialAction":[{"@type":"SearchAction","target":{"@type":"EntryPoint","urlTemplate":"https:\/\/www.manabi.gob.ec\/?s={search_term_string}"},"query-input":{"@type":"PropertyValueSpecification","valueRequired":true,"valueName":"search_term_string"}}],"inLanguage":"es"},{"@type":"Person","@id":"https:\/\/www.manabi.gob.ec\/#\/schema\/person\/c4f117989332ad723a6ced5994aa7d7a","name":"Lui Ochoa","image":{"@type":"ImageObject","inLanguage":"es","@id":"https:\/\/secure.gravatar.com\/avatar\/6e8017d0fe69dead8a95864d2eb6e1e1d8bf8e01194ba49cf7b897ff038126ba?s=96&d=mm&r=g","url":"https:\/\/secure.gravatar.com\/avatar\/6e8017d0fe69dead8a95864d2eb6e1e1d8bf8e01194ba49cf7b897ff038126ba?s=96&d=mm&r=g","contentUrl":"https:\/\/secure.gravatar.com\/avatar\/6e8017d0fe69dead8a95864d2eb6e1e1d8bf8e01194ba49cf7b897ff038126ba?s=96&d=mm&r=g","caption":"Lui Ochoa"},"url":"https:\/\/www.manabi.gob.ec\/index.php\/author\/lochoa\/"}]}},"jetpack_featured_media_url":"https:\/\/www.manabi.gob.ec\/wp-content\/uploads\/2024\/06\/WhatsApp-Image-2024-06-06-at-11.17.43-AM-1.jpeg","_links":{"self":[{"href":"https:\/\/www.manabi.gob.ec\/index.php\/wp-json\/wp\/v2\/posts\/28047","targetHints":{"allow":["GET"]}}],"collection":[{"href":"https:\/\/www.manabi.gob.ec\/index.php\/wp-json\/wp\/v2\/posts"}],"about":[{"href":"https:\/\/www.manabi.gob.ec\/index.php\/wp-json\/wp\/v2\/types\/post"}],"author":[{"embeddable":true,"href":"https:\/\/www.manabi.gob.ec\/index.php\/wp-json\/wp\/v2\/users\/10"}],"replies":[{"embeddable":true,"href":"https:\/\/www.manabi.gob.ec\/index.php\/wp-json\/wp\/v2\/comments?post=28047"}],"version-history":[{"count":1,"href":"https:\/\/www.manabi.gob.ec\/index.php\/wp-json\/wp\/v2\/posts\/28047\/revisions"}],"predecessor-version":[{"id":28049,"href":"https:\/\/www.manabi.gob.ec\/index.php\/wp-json\/wp\/v2\/posts\/28047\/revisions\/28049"}],"wp:featuredmedia":[{"embeddable":true,"href":"https:\/\/www.manabi.gob.ec\/index.php\/wp-json\/wp\/v2\/media\/28048"}],"wp:attachment":[{"href":"https:\/\/www.manabi.gob.ec\/index.php\/wp-json\/wp\/v2\/media?parent=28047"}],"wp:term":[{"taxonomy":"category","embeddable":true,"href":"https:\/\/www.manabi.gob.ec\/index.php\/wp-json\/wp\/v2\/categories?post=28047"},{"taxonomy":"post_tag","embeddable":true,"href":"https:\/\/www.manabi.gob.ec\/index.php\/wp-json\/wp\/v2\/tags?post=28047"}],"curies":[{"name":"wp","href":"https:\/\/api.w.org\/{rel}","templated":true}]}}