{"id":28064,"date":"2024-06-09T02:31:46","date_gmt":"2024-06-09T02:31:46","guid":{"rendered":"https:\/\/www.manabi.gob.ec\/index.php\/mas-obras-para-la-parroquia-eloy-alfaro-de-chone-en-su-aniversario-105-de-creacion\/"},"modified":"2024-06-09T02:31:46","modified_gmt":"2024-06-09T02:31:46","slug":"mas-obras-para-la-parroquia-eloy-alfaro-de-chone-en-su-aniversario-105-de-creacion","status":"publish","type":"post","link":"https:\/\/www.manabi.gob.ec\/index.php\/mas-obras-para-la-parroquia-eloy-alfaro-de-chone-en-su-aniversario-105-de-creacion\/","title":{"rendered":"M\u00e1s obras para la parroquia Eloy Alfaro de Chone en su aniversario 105 de creaci\u00f3n"},"content":{"rendered":"\n<p>El prefecto, Leonardo Orlando, comparti\u00f3 con los habitantes y autoridades de la parroquia rural Eloy Alfaro la sesi\u00f3n solemne en homenaje al aniversario 105 de vida pol\u00edtica de este territorio del cant\u00f3n Chone.<\/p>\n\n\n\n<p>En ese marco, realiz\u00f3 la entrega de kits de implementos ap\u00edcolas, a la Asociaci\u00f3n de Producci\u00f3n Ap\u00edcola las Piedras de Eloy Alfaro (ASOPROAPIELAL), como parte del proyecto \u201cImplementaci\u00f3n de buenas pr\u00e1cticas de producci\u00f3n ap\u00edcola en organizaciones agropecuarias de la provincia de Manab\u00ed\u201d, el cual tiene 278 beneficiarios.<\/p>\n\n\n\n<p>En su intervenci\u00f3n resalt\u00f3 2 obras viales que fueron priorizadas por la administraci\u00f3n provincial: el puente sobre el r\u00edo Jama, que ser\u00e1 entregado en las pr\u00f3ximas semanas, con una inversi\u00f3n de $700.000; y la construcci\u00f3n de la v\u00eda Eloy Alfaro-Las Piedras, cuyas labores se han intensificado, una vez superada la etapa invernal, cuya inversi\u00f3n es de 1.8 millones de d\u00f3lares.<\/p>\n\n\n\n<p>Adem\u00e1s, inform\u00f3 que se tiene planificado rehabilitar la v\u00eda Sesme-Eloy Alfaro; y dar mantenimiento a las v\u00edas Y de Cucuy, Cucuy-Boyac\u00e1, y Cucuy hasta San Isidro; obras que van a fortalecer la integraci\u00f3n de la cabecera parroquial de Eloy Alfaro con sus comunidades y con otras parroquias del cant\u00f3n Chone, como Convento, y con San Isidro, del cant\u00f3n Sucre.<\/p>\n\n\n\n<p>El Prefecto tambi\u00e9n destac\u00f3 la implementaci\u00f3n del proyecto Entrenando Valores, con 3 unidades en la parroquia Eloy Alfaro; y el Centro de rehabilitaci\u00f3n f\u00edsica, que incluir\u00e1 servicios itinerantes para beneficio de los grupos de atenci\u00f3n prioritaria.<\/p>\n","protected":false},"excerpt":{"rendered":"<p>El prefecto, Leonardo Orlando, comparti\u00f3 con los habitantes y autoridades de la parroquia rural Eloy Alfaro la sesi\u00f3n solemne en homenaje al aniversario 105 de vida pol\u00edtica de este territorio del cant\u00f3n Chone. En ese marco, realiz\u00f3 la entrega de kits de implementos ap\u00edcolas, a la Asociaci\u00f3n de Producci\u00f3n Ap\u00edcola las Piedras de Eloy Alfaro [&hellip;]<\/p>\n","protected":false},"author":10,"featured_media":28063,"comment_status":"","ping_status":"","sticky":false,"template":"","format":"standard","meta":{"_joinchat":[],"footnotes":""},"categories":[150,141,142,92,91],"tags":[],"class_list":["post-28064","post","type-post","status-publish","format-standard","has-post-thumbnail","hentry","category-ambiente","category-chone","category-desarrollo-social","category-noticias-manabi","category-todas"],"yoast_head":"<!-- This site is optimized with the Yoast SEO plugin v27.4 - https:\/\/yoast.com\/product\/yoast-seo-wordpress\/ -->\n<title>M\u00e1s obras para la parroquia Eloy Alfaro de Chone en su aniversario 105 de creaci\u00f3n - Prefectura de Manab\u00ed<\/title>\n<meta name=\"robots\" content=\"index, follow, max-snippet:-1, max-image-preview:large, max-video-preview:-1\" \/>\n<link rel=\"canonical\" href=\"https:\/\/www.manabi.gob.ec\/index.php\/mas-obras-para-la-parroquia-eloy-alfaro-de-chone-en-su-aniversario-105-de-creacion\/\" \/>\n<meta property=\"og:locale\" content=\"es_ES\" \/>\n<meta property=\"og:type\" content=\"article\" \/>\n<meta property=\"og:title\" content=\"M\u00e1s obras para la parroquia Eloy Alfaro de Chone en su aniversario 105 de creaci\u00f3n - Prefectura de Manab\u00ed\" \/>\n<meta property=\"og:description\" content=\"El prefecto, Leonardo Orlando, comparti\u00f3 con los habitantes y autoridades de la parroquia rural Eloy Alfaro la sesi\u00f3n solemne en homenaje al aniversario 105 de vida pol\u00edtica de este territorio del cant\u00f3n Chone. En ese marco, realiz\u00f3 la entrega de kits de implementos ap\u00edcolas, a la Asociaci\u00f3n de Producci\u00f3n Ap\u00edcola las Piedras de Eloy Alfaro [&hellip;]\" \/>\n<meta property=\"og:url\" content=\"https:\/\/www.manabi.gob.ec\/index.php\/mas-obras-para-la-parroquia-eloy-alfaro-de-chone-en-su-aniversario-105-de-creacion\/\" \/>\n<meta property=\"og:site_name\" content=\"Prefectura de Manab\u00ed\" \/>\n<meta property=\"article:published_time\" content=\"2024-06-09T02:31:46+00:00\" \/>\n<meta property=\"og:image\" content=\"https:\/\/www.manabi.gob.ec\/wp-content\/uploads\/2024\/06\/a459d8fb-b201-47c6-b8c2-01e93a9ce9ec-1.jpg\" \/>\n\t<meta property=\"og:image:width\" content=\"1600\" \/>\n\t<meta property=\"og:image:height\" content=\"957\" \/>\n\t<meta property=\"og:image:type\" content=\"image\/jpeg\" \/>\n<meta name=\"author\" content=\"Lui Ochoa\" \/>\n<meta name=\"twitter:card\" content=\"summary_large_image\" \/>\n<meta name=\"twitter:label1\" content=\"Escrito por\" \/>\n\t<meta name=\"twitter:data1\" content=\"Lui Ochoa\" \/>\n\t<meta name=\"twitter:label2\" content=\"Tiempo de lectura\" \/>\n\t<meta name=\"twitter:data2\" content=\"1 minuto\" \/>\n<script type=\"application\/ld+json\" class=\"yoast-schema-graph\">{\"@context\":\"https:\\\/\\\/schema.org\",\"@graph\":[{\"@type\":\"Article\",\"@id\":\"https:\\\/\\\/www.manabi.gob.ec\\\/index.php\\\/mas-obras-para-la-parroquia-eloy-alfaro-de-chone-en-su-aniversario-105-de-creacion\\\/#article\",\"isPartOf\":{\"@id\":\"https:\\\/\\\/www.manabi.gob.ec\\\/index.php\\\/mas-obras-para-la-parroquia-eloy-alfaro-de-chone-en-su-aniversario-105-de-creacion\\\/\"},\"author\":{\"name\":\"Lui Ochoa\",\"@id\":\"https:\\\/\\\/www.manabi.gob.ec\\\/#\\\/schema\\\/person\\\/c4f117989332ad723a6ced5994aa7d7a\"},\"headline\":\"M\u00e1s obras para la parroquia Eloy Alfaro de Chone en su aniversario 105 de creaci\u00f3n\",\"datePublished\":\"2024-06-09T02:31:46+00:00\",\"mainEntityOfPage\":{\"@id\":\"https:\\\/\\\/www.manabi.gob.ec\\\/index.php\\\/mas-obras-para-la-parroquia-eloy-alfaro-de-chone-en-su-aniversario-105-de-creacion\\\/\"},\"wordCount\":276,\"image\":{\"@id\":\"https:\\\/\\\/www.manabi.gob.ec\\\/index.php\\\/mas-obras-para-la-parroquia-eloy-alfaro-de-chone-en-su-aniversario-105-de-creacion\\\/#primaryimage\"},\"thumbnailUrl\":\"https:\\\/\\\/www.manabi.gob.ec\\\/wp-content\\\/uploads\\\/2024\\\/06\\\/a459d8fb-b201-47c6-b8c2-01e93a9ce9ec-1.jpg\",\"articleSection\":[\"Ambiente\",\"Chone\",\"Desarrollo Social\",\"Noticias\",\"Todas\"],\"inLanguage\":\"es\"},{\"@type\":\"WebPage\",\"@id\":\"https:\\\/\\\/www.manabi.gob.ec\\\/index.php\\\/mas-obras-para-la-parroquia-eloy-alfaro-de-chone-en-su-aniversario-105-de-creacion\\\/\",\"url\":\"https:\\\/\\\/www.manabi.gob.ec\\\/index.php\\\/mas-obras-para-la-parroquia-eloy-alfaro-de-chone-en-su-aniversario-105-de-creacion\\\/\",\"name\":\"M\u00e1s obras para la parroquia Eloy Alfaro de Chone en su aniversario 105 de creaci\u00f3n - Prefectura de Manab\u00ed\",\"isPartOf\":{\"@id\":\"https:\\\/\\\/www.manabi.gob.ec\\\/#website\"},\"primaryImageOfPage\":{\"@id\":\"https:\\\/\\\/www.manabi.gob.ec\\\/index.php\\\/mas-obras-para-la-parroquia-eloy-alfaro-de-chone-en-su-aniversario-105-de-creacion\\\/#primaryimage\"},\"image\":{\"@id\":\"https:\\\/\\\/www.manabi.gob.ec\\\/index.php\\\/mas-obras-para-la-parroquia-eloy-alfaro-de-chone-en-su-aniversario-105-de-creacion\\\/#primaryimage\"},\"thumbnailUrl\":\"https:\\\/\\\/www.manabi.gob.ec\\\/wp-content\\\/uploads\\\/2024\\\/06\\\/a459d8fb-b201-47c6-b8c2-01e93a9ce9ec-1.jpg\",\"datePublished\":\"2024-06-09T02:31:46+00:00\",\"author\":{\"@id\":\"https:\\\/\\\/www.manabi.gob.ec\\\/#\\\/schema\\\/person\\\/c4f117989332ad723a6ced5994aa7d7a\"},\"breadcrumb\":{\"@id\":\"https:\\\/\\\/www.manabi.gob.ec\\\/index.php\\\/mas-obras-para-la-parroquia-eloy-alfaro-de-chone-en-su-aniversario-105-de-creacion\\\/#breadcrumb\"},\"inLanguage\":\"es\",\"potentialAction\":[{\"@type\":\"ReadAction\",\"target\":[\"https:\\\/\\\/www.manabi.gob.ec\\\/index.php\\\/mas-obras-para-la-parroquia-eloy-alfaro-de-chone-en-su-aniversario-105-de-creacion\\\/\"]}]},{\"@type\":\"ImageObject\",\"inLanguage\":\"es\",\"@id\":\"https:\\\/\\\/www.manabi.gob.ec\\\/index.php\\\/mas-obras-para-la-parroquia-eloy-alfaro-de-chone-en-su-aniversario-105-de-creacion\\\/#primaryimage\",\"url\":\"https:\\\/\\\/www.manabi.gob.ec\\\/wp-content\\\/uploads\\\/2024\\\/06\\\/a459d8fb-b201-47c6-b8c2-01e93a9ce9ec-1.jpg\",\"contentUrl\":\"https:\\\/\\\/www.manabi.gob.ec\\\/wp-content\\\/uploads\\\/2024\\\/06\\\/a459d8fb-b201-47c6-b8c2-01e93a9ce9ec-1.jpg\",\"width\":1600,\"height\":957},{\"@type\":\"BreadcrumbList\",\"@id\":\"https:\\\/\\\/www.manabi.gob.ec\\\/index.php\\\/mas-obras-para-la-parroquia-eloy-alfaro-de-chone-en-su-aniversario-105-de-creacion\\\/#breadcrumb\",\"itemListElement\":[{\"@type\":\"ListItem\",\"position\":1,\"name\":\"Portada\",\"item\":\"https:\\\/\\\/www.manabi.gob.ec\\\/\"},{\"@type\":\"ListItem\",\"position\":2,\"name\":\"M\u00e1s obras para la parroquia Eloy Alfaro de Chone en su aniversario 105 de creaci\u00f3n\"}]},{\"@type\":\"WebSite\",\"@id\":\"https:\\\/\\\/www.manabi.gob.ec\\\/#website\",\"url\":\"https:\\\/\\\/www.manabi.gob.ec\\\/\",\"name\":\"Prefectura de Manab\u00ed\",\"description\":\"P\u00e1gina web de la prefectura\",\"potentialAction\":[{\"@type\":\"SearchAction\",\"target\":{\"@type\":\"EntryPoint\",\"urlTemplate\":\"https:\\\/\\\/www.manabi.gob.ec\\\/?s={search_term_string}\"},\"query-input\":{\"@type\":\"PropertyValueSpecification\",\"valueRequired\":true,\"valueName\":\"search_term_string\"}}],\"inLanguage\":\"es\"},{\"@type\":\"Person\",\"@id\":\"https:\\\/\\\/www.manabi.gob.ec\\\/#\\\/schema\\\/person\\\/c4f117989332ad723a6ced5994aa7d7a\",\"name\":\"Lui Ochoa\",\"image\":{\"@type\":\"ImageObject\",\"inLanguage\":\"es\",\"@id\":\"https:\\\/\\\/secure.gravatar.com\\\/avatar\\\/6e8017d0fe69dead8a95864d2eb6e1e1d8bf8e01194ba49cf7b897ff038126ba?s=96&d=mm&r=g\",\"url\":\"https:\\\/\\\/secure.gravatar.com\\\/avatar\\\/6e8017d0fe69dead8a95864d2eb6e1e1d8bf8e01194ba49cf7b897ff038126ba?s=96&d=mm&r=g\",\"contentUrl\":\"https:\\\/\\\/secure.gravatar.com\\\/avatar\\\/6e8017d0fe69dead8a95864d2eb6e1e1d8bf8e01194ba49cf7b897ff038126ba?s=96&d=mm&r=g\",\"caption\":\"Lui Ochoa\"},\"url\":\"https:\\\/\\\/www.manabi.gob.ec\\\/index.php\\\/author\\\/lochoa\\\/\"}]}<\/script>\n<!-- \/ Yoast SEO plugin. -->","yoast_head_json":{"title":"M\u00e1s obras para la parroquia Eloy Alfaro de Chone en su aniversario 105 de creaci\u00f3n - Prefectura de Manab\u00ed","robots":{"index":"index","follow":"follow","max-snippet":"max-snippet:-1","max-image-preview":"max-image-preview:large","max-video-preview":"max-video-preview:-1"},"canonical":"https:\/\/www.manabi.gob.ec\/index.php\/mas-obras-para-la-parroquia-eloy-alfaro-de-chone-en-su-aniversario-105-de-creacion\/","og_locale":"es_ES","og_type":"article","og_title":"M\u00e1s obras para la parroquia Eloy Alfaro de Chone en su aniversario 105 de creaci\u00f3n - Prefectura de Manab\u00ed","og_description":"El prefecto, Leonardo Orlando, comparti\u00f3 con los habitantes y autoridades de la parroquia rural Eloy Alfaro la sesi\u00f3n solemne en homenaje al aniversario 105 de vida pol\u00edtica de este territorio del cant\u00f3n Chone. En ese marco, realiz\u00f3 la entrega de kits de implementos ap\u00edcolas, a la Asociaci\u00f3n de Producci\u00f3n Ap\u00edcola las Piedras de Eloy Alfaro [&hellip;]","og_url":"https:\/\/www.manabi.gob.ec\/index.php\/mas-obras-para-la-parroquia-eloy-alfaro-de-chone-en-su-aniversario-105-de-creacion\/","og_site_name":"Prefectura de Manab\u00ed","article_published_time":"2024-06-09T02:31:46+00:00","og_image":[{"width":1600,"height":957,"url":"https:\/\/www.manabi.gob.ec\/wp-content\/uploads\/2024\/06\/a459d8fb-b201-47c6-b8c2-01e93a9ce9ec-1.jpg","type":"image\/jpeg"}],"author":"Lui Ochoa","twitter_card":"summary_large_image","twitter_misc":{"Escrito por":"Lui Ochoa","Tiempo de lectura":"1 minuto"},"schema":{"@context":"https:\/\/schema.org","@graph":[{"@type":"Article","@id":"https:\/\/www.manabi.gob.ec\/index.php\/mas-obras-para-la-parroquia-eloy-alfaro-de-chone-en-su-aniversario-105-de-creacion\/#article","isPartOf":{"@id":"https:\/\/www.manabi.gob.ec\/index.php\/mas-obras-para-la-parroquia-eloy-alfaro-de-chone-en-su-aniversario-105-de-creacion\/"},"author":{"name":"Lui Ochoa","@id":"https:\/\/www.manabi.gob.ec\/#\/schema\/person\/c4f117989332ad723a6ced5994aa7d7a"},"headline":"M\u00e1s obras para la parroquia Eloy Alfaro de Chone en su aniversario 105 de creaci\u00f3n","datePublished":"2024-06-09T02:31:46+00:00","mainEntityOfPage":{"@id":"https:\/\/www.manabi.gob.ec\/index.php\/mas-obras-para-la-parroquia-eloy-alfaro-de-chone-en-su-aniversario-105-de-creacion\/"},"wordCount":276,"image":{"@id":"https:\/\/www.manabi.gob.ec\/index.php\/mas-obras-para-la-parroquia-eloy-alfaro-de-chone-en-su-aniversario-105-de-creacion\/#primaryimage"},"thumbnailUrl":"https:\/\/www.manabi.gob.ec\/wp-content\/uploads\/2024\/06\/a459d8fb-b201-47c6-b8c2-01e93a9ce9ec-1.jpg","articleSection":["Ambiente","Chone","Desarrollo Social","Noticias","Todas"],"inLanguage":"es"},{"@type":"WebPage","@id":"https:\/\/www.manabi.gob.ec\/index.php\/mas-obras-para-la-parroquia-eloy-alfaro-de-chone-en-su-aniversario-105-de-creacion\/","url":"https:\/\/www.manabi.gob.ec\/index.php\/mas-obras-para-la-parroquia-eloy-alfaro-de-chone-en-su-aniversario-105-de-creacion\/","name":"M\u00e1s obras para la parroquia Eloy Alfaro de Chone en su aniversario 105 de creaci\u00f3n - Prefectura de Manab\u00ed","isPartOf":{"@id":"https:\/\/www.manabi.gob.ec\/#website"},"primaryImageOfPage":{"@id":"https:\/\/www.manabi.gob.ec\/index.php\/mas-obras-para-la-parroquia-eloy-alfaro-de-chone-en-su-aniversario-105-de-creacion\/#primaryimage"},"image":{"@id":"https:\/\/www.manabi.gob.ec\/index.php\/mas-obras-para-la-parroquia-eloy-alfaro-de-chone-en-su-aniversario-105-de-creacion\/#primaryimage"},"thumbnailUrl":"https:\/\/www.manabi.gob.ec\/wp-content\/uploads\/2024\/06\/a459d8fb-b201-47c6-b8c2-01e93a9ce9ec-1.jpg","datePublished":"2024-06-09T02:31:46+00:00","author":{"@id":"https:\/\/www.manabi.gob.ec\/#\/schema\/person\/c4f117989332ad723a6ced5994aa7d7a"},"breadcrumb":{"@id":"https:\/\/www.manabi.gob.ec\/index.php\/mas-obras-para-la-parroquia-eloy-alfaro-de-chone-en-su-aniversario-105-de-creacion\/#breadcrumb"},"inLanguage":"es","potentialAction":[{"@type":"ReadAction","target":["https:\/\/www.manabi.gob.ec\/index.php\/mas-obras-para-la-parroquia-eloy-alfaro-de-chone-en-su-aniversario-105-de-creacion\/"]}]},{"@type":"ImageObject","inLanguage":"es","@id":"https:\/\/www.manabi.gob.ec\/index.php\/mas-obras-para-la-parroquia-eloy-alfaro-de-chone-en-su-aniversario-105-de-creacion\/#primaryimage","url":"https:\/\/www.manabi.gob.ec\/wp-content\/uploads\/2024\/06\/a459d8fb-b201-47c6-b8c2-01e93a9ce9ec-1.jpg","contentUrl":"https:\/\/www.manabi.gob.ec\/wp-content\/uploads\/2024\/06\/a459d8fb-b201-47c6-b8c2-01e93a9ce9ec-1.jpg","width":1600,"height":957},{"@type":"BreadcrumbList","@id":"https:\/\/www.manabi.gob.ec\/index.php\/mas-obras-para-la-parroquia-eloy-alfaro-de-chone-en-su-aniversario-105-de-creacion\/#breadcrumb","itemListElement":[{"@type":"ListItem","position":1,"name":"Portada","item":"https:\/\/www.manabi.gob.ec\/"},{"@type":"ListItem","position":2,"name":"M\u00e1s obras para la parroquia Eloy Alfaro de Chone en su aniversario 105 de creaci\u00f3n"}]},{"@type":"WebSite","@id":"https:\/\/www.manabi.gob.ec\/#website","url":"https:\/\/www.manabi.gob.ec\/","name":"Prefectura de Manab\u00ed","description":"P\u00e1gina web de la prefectura","potentialAction":[{"@type":"SearchAction","target":{"@type":"EntryPoint","urlTemplate":"https:\/\/www.manabi.gob.ec\/?s={search_term_string}"},"query-input":{"@type":"PropertyValueSpecification","valueRequired":true,"valueName":"search_term_string"}}],"inLanguage":"es"},{"@type":"Person","@id":"https:\/\/www.manabi.gob.ec\/#\/schema\/person\/c4f117989332ad723a6ced5994aa7d7a","name":"Lui Ochoa","image":{"@type":"ImageObject","inLanguage":"es","@id":"https:\/\/secure.gravatar.com\/avatar\/6e8017d0fe69dead8a95864d2eb6e1e1d8bf8e01194ba49cf7b897ff038126ba?s=96&d=mm&r=g","url":"https:\/\/secure.gravatar.com\/avatar\/6e8017d0fe69dead8a95864d2eb6e1e1d8bf8e01194ba49cf7b897ff038126ba?s=96&d=mm&r=g","contentUrl":"https:\/\/secure.gravatar.com\/avatar\/6e8017d0fe69dead8a95864d2eb6e1e1d8bf8e01194ba49cf7b897ff038126ba?s=96&d=mm&r=g","caption":"Lui Ochoa"},"url":"https:\/\/www.manabi.gob.ec\/index.php\/author\/lochoa\/"}]}},"jetpack_featured_media_url":"https:\/\/www.manabi.gob.ec\/wp-content\/uploads\/2024\/06\/a459d8fb-b201-47c6-b8c2-01e93a9ce9ec-1.jpg","_links":{"self":[{"href":"https:\/\/www.manabi.gob.ec\/index.php\/wp-json\/wp\/v2\/posts\/28064","targetHints":{"allow":["GET"]}}],"collection":[{"href":"https:\/\/www.manabi.gob.ec\/index.php\/wp-json\/wp\/v2\/posts"}],"about":[{"href":"https:\/\/www.manabi.gob.ec\/index.php\/wp-json\/wp\/v2\/types\/post"}],"author":[{"embeddable":true,"href":"https:\/\/www.manabi.gob.ec\/index.php\/wp-json\/wp\/v2\/users\/10"}],"replies":[{"embeddable":true,"href":"https:\/\/www.manabi.gob.ec\/index.php\/wp-json\/wp\/v2\/comments?post=28064"}],"version-history":[{"count":0,"href":"https:\/\/www.manabi.gob.ec\/index.php\/wp-json\/wp\/v2\/posts\/28064\/revisions"}],"wp:featuredmedia":[{"embeddable":true,"href":"https:\/\/www.manabi.gob.ec\/index.php\/wp-json\/wp\/v2\/media\/28063"}],"wp:attachment":[{"href":"https:\/\/www.manabi.gob.ec\/index.php\/wp-json\/wp\/v2\/media?parent=28064"}],"wp:term":[{"taxonomy":"category","embeddable":true,"href":"https:\/\/www.manabi.gob.ec\/index.php\/wp-json\/wp\/v2\/categories?post=28064"},{"taxonomy":"post_tag","embeddable":true,"href":"https:\/\/www.manabi.gob.ec\/index.php\/wp-json\/wp\/v2\/tags?post=28064"}],"curies":[{"name":"wp","href":"https:\/\/api.w.org\/{rel}","templated":true}]}}