{"id":28107,"date":"2024-06-13T18:50:47","date_gmt":"2024-06-13T18:50:47","guid":{"rendered":"https:\/\/www.manabi.gob.ec\/index.php\/viceprefecta-de-manabi-visito-la-comunidad-san-jose-de-las-penas\/"},"modified":"2024-06-13T18:50:47","modified_gmt":"2024-06-13T18:50:47","slug":"viceprefecta-de-manabi-visito-la-comunidad-san-jose-de-las-penas","status":"publish","type":"post","link":"https:\/\/www.manabi.gob.ec\/index.php\/viceprefecta-de-manabi-visito-la-comunidad-san-jose-de-las-penas\/","title":{"rendered":"Viceprefecta de Manab\u00ed visit\u00f3 la comunidad San Jos\u00e9 de Las Pe\u00f1as"},"content":{"rendered":"\n<p>Como parte de las actividades en territorio, la viceprefecta de Manab\u00ed, Kelly Buenaventura, visit\u00f3 la comunidad San Jos\u00e9 de Las Pe\u00f1as, de la parroquia Sosote del cant\u00f3n #Rocafuerte, donde comparti\u00f3 con los ni\u00f1os, ni\u00f1as y adolescentes del programa \u201cEntrenando Valores\u201d\u26bd\ufe0f<\/p>\n\n\n\n<p>\u2705En Sosote participan 150 ni\u00f1os, ni\u00f1as y adolescentes en esta Unidad deportiva, proyecto emblem\u00e1tico que la Prefectura de Manab\u00ed, liderada por el prefecto Leonardo Orlando, desarrolla en toda la provincia.<\/p>\n\n\n\n<p>\u26bd\ufe0f\u201cJunto a nuestro prefecto, Leonardo Orlando, llegamos con este proyecto a toda la provincia. Este rinc\u00f3n de Manab\u00ed es un sector productivo donde existe el talento para el deporte\u201d enfatiz\u00f3 Kelly Buenaventura Moreira.<\/p>\n\n\n\n<p>\u2705Adonis Lucas, uno de los ni\u00f1os que participa en \u201cEntrenando Valores\u201d dio la bienvenida a la Viceprefecta, qui\u00e9n agradeci\u00f3 a la Prefectura por este programa y resalt\u00f3 el convenio con el club Independiente Del Valle, que lo ven como una gran oportunidad para ellos.<\/p>\n\n\n\n<p>\u2705\u201cNuestros hijos est\u00e1n motivados al participar en este proyecto, esto parte de un gran sue\u00f1o\u201d, mencion\u00f3 Fernando Cobe\u00f1a padre de familia.<\/p>\n\n\n\n<p>\u2705\u201cEs bonito tener ese apoyo de la Prefectura, con esta unidad deportiva, que es una oportunidad para cristalizar sue\u00f1os de los ni\u00f1os, ni\u00f1as y adolescentes de la provincial\u201d expres\u00f3 Karen Vera entrenadora.<\/p>\n\n\n\n<p>#SomosManab\u00ed<\/p>\n\n\n\n<p>#SomosBicentenario<\/p>\n","protected":false},"excerpt":{"rendered":"<p>Como parte de las actividades en territorio, la viceprefecta de Manab\u00ed, Kelly Buenaventura, visit\u00f3 la comunidad San Jos\u00e9 de Las Pe\u00f1as, de la parroquia Sosote del cant\u00f3n #Rocafuerte, donde comparti\u00f3 con los ni\u00f1os, ni\u00f1as y adolescentes del programa \u201cEntrenando Valores\u201d\u26bd\ufe0f \u2705En Sosote participan 150 ni\u00f1os, ni\u00f1as y adolescentes en esta Unidad deportiva, proyecto emblem\u00e1tico que [&hellip;]<\/p>\n","protected":false},"author":10,"featured_media":28106,"comment_status":"","ping_status":"","sticky":false,"template":"","format":"standard","meta":{"_joinchat":[],"footnotes":""},"categories":[150,142,92,91],"tags":[],"class_list":["post-28107","post","type-post","status-publish","format-standard","has-post-thumbnail","hentry","category-ambiente","category-desarrollo-social","category-noticias-manabi","category-todas"],"yoast_head":"<!-- This site is optimized with the Yoast SEO plugin v27.4 - https:\/\/yoast.com\/product\/yoast-seo-wordpress\/ -->\n<title>Viceprefecta de Manab\u00ed visit\u00f3 la comunidad San Jos\u00e9 de Las Pe\u00f1as - Prefectura de Manab\u00ed<\/title>\n<meta name=\"robots\" content=\"index, follow, max-snippet:-1, max-image-preview:large, max-video-preview:-1\" \/>\n<link rel=\"canonical\" href=\"https:\/\/www.manabi.gob.ec\/index.php\/viceprefecta-de-manabi-visito-la-comunidad-san-jose-de-las-penas\/\" \/>\n<meta property=\"og:locale\" content=\"es_ES\" \/>\n<meta property=\"og:type\" content=\"article\" \/>\n<meta property=\"og:title\" content=\"Viceprefecta de Manab\u00ed visit\u00f3 la comunidad San Jos\u00e9 de Las Pe\u00f1as - Prefectura de Manab\u00ed\" \/>\n<meta property=\"og:description\" content=\"Como parte de las actividades en territorio, la viceprefecta de Manab\u00ed, Kelly Buenaventura, visit\u00f3 la comunidad San Jos\u00e9 de Las Pe\u00f1as, de la parroquia Sosote del cant\u00f3n #Rocafuerte, donde comparti\u00f3 con los ni\u00f1os, ni\u00f1as y adolescentes del programa \u201cEntrenando Valores\u201d\u26bd\ufe0f \u2705En Sosote participan 150 ni\u00f1os, ni\u00f1as y adolescentes en esta Unidad deportiva, proyecto emblem\u00e1tico que [&hellip;]\" \/>\n<meta property=\"og:url\" content=\"https:\/\/www.manabi.gob.ec\/index.php\/viceprefecta-de-manabi-visito-la-comunidad-san-jose-de-las-penas\/\" \/>\n<meta property=\"og:site_name\" content=\"Prefectura de Manab\u00ed\" \/>\n<meta property=\"article:published_time\" content=\"2024-06-13T18:50:47+00:00\" \/>\n<meta property=\"og:image\" content=\"https:\/\/www.manabi.gob.ec\/wp-content\/uploads\/2024\/06\/467694d4-566a-4ae8-891c-22eef811fc2a-1.jpg\" \/>\n\t<meta property=\"og:image:width\" content=\"1600\" \/>\n\t<meta property=\"og:image:height\" content=\"1134\" \/>\n\t<meta property=\"og:image:type\" content=\"image\/jpeg\" \/>\n<meta name=\"author\" content=\"Lui Ochoa\" \/>\n<meta name=\"twitter:card\" content=\"summary_large_image\" \/>\n<meta name=\"twitter:label1\" content=\"Escrito por\" \/>\n\t<meta name=\"twitter:data1\" content=\"Lui Ochoa\" \/>\n\t<meta name=\"twitter:label2\" content=\"Tiempo de lectura\" \/>\n\t<meta name=\"twitter:data2\" content=\"1 minuto\" \/>\n<script type=\"application\/ld+json\" class=\"yoast-schema-graph\">{\"@context\":\"https:\\\/\\\/schema.org\",\"@graph\":[{\"@type\":\"Article\",\"@id\":\"https:\\\/\\\/www.manabi.gob.ec\\\/index.php\\\/viceprefecta-de-manabi-visito-la-comunidad-san-jose-de-las-penas\\\/#article\",\"isPartOf\":{\"@id\":\"https:\\\/\\\/www.manabi.gob.ec\\\/index.php\\\/viceprefecta-de-manabi-visito-la-comunidad-san-jose-de-las-penas\\\/\"},\"author\":{\"name\":\"Lui Ochoa\",\"@id\":\"https:\\\/\\\/www.manabi.gob.ec\\\/#\\\/schema\\\/person\\\/c4f117989332ad723a6ced5994aa7d7a\"},\"headline\":\"Viceprefecta de Manab\u00ed visit\u00f3 la comunidad San Jos\u00e9 de Las Pe\u00f1as\",\"datePublished\":\"2024-06-13T18:50:47+00:00\",\"mainEntityOfPage\":{\"@id\":\"https:\\\/\\\/www.manabi.gob.ec\\\/index.php\\\/viceprefecta-de-manabi-visito-la-comunidad-san-jose-de-las-penas\\\/\"},\"wordCount\":229,\"image\":{\"@id\":\"https:\\\/\\\/www.manabi.gob.ec\\\/index.php\\\/viceprefecta-de-manabi-visito-la-comunidad-san-jose-de-las-penas\\\/#primaryimage\"},\"thumbnailUrl\":\"https:\\\/\\\/www.manabi.gob.ec\\\/wp-content\\\/uploads\\\/2024\\\/06\\\/467694d4-566a-4ae8-891c-22eef811fc2a-1.jpg\",\"articleSection\":[\"Ambiente\",\"Desarrollo Social\",\"Noticias\",\"Todas\"],\"inLanguage\":\"es\"},{\"@type\":\"WebPage\",\"@id\":\"https:\\\/\\\/www.manabi.gob.ec\\\/index.php\\\/viceprefecta-de-manabi-visito-la-comunidad-san-jose-de-las-penas\\\/\",\"url\":\"https:\\\/\\\/www.manabi.gob.ec\\\/index.php\\\/viceprefecta-de-manabi-visito-la-comunidad-san-jose-de-las-penas\\\/\",\"name\":\"Viceprefecta de Manab\u00ed visit\u00f3 la comunidad San Jos\u00e9 de Las Pe\u00f1as - Prefectura de Manab\u00ed\",\"isPartOf\":{\"@id\":\"https:\\\/\\\/www.manabi.gob.ec\\\/#website\"},\"primaryImageOfPage\":{\"@id\":\"https:\\\/\\\/www.manabi.gob.ec\\\/index.php\\\/viceprefecta-de-manabi-visito-la-comunidad-san-jose-de-las-penas\\\/#primaryimage\"},\"image\":{\"@id\":\"https:\\\/\\\/www.manabi.gob.ec\\\/index.php\\\/viceprefecta-de-manabi-visito-la-comunidad-san-jose-de-las-penas\\\/#primaryimage\"},\"thumbnailUrl\":\"https:\\\/\\\/www.manabi.gob.ec\\\/wp-content\\\/uploads\\\/2024\\\/06\\\/467694d4-566a-4ae8-891c-22eef811fc2a-1.jpg\",\"datePublished\":\"2024-06-13T18:50:47+00:00\",\"author\":{\"@id\":\"https:\\\/\\\/www.manabi.gob.ec\\\/#\\\/schema\\\/person\\\/c4f117989332ad723a6ced5994aa7d7a\"},\"breadcrumb\":{\"@id\":\"https:\\\/\\\/www.manabi.gob.ec\\\/index.php\\\/viceprefecta-de-manabi-visito-la-comunidad-san-jose-de-las-penas\\\/#breadcrumb\"},\"inLanguage\":\"es\",\"potentialAction\":[{\"@type\":\"ReadAction\",\"target\":[\"https:\\\/\\\/www.manabi.gob.ec\\\/index.php\\\/viceprefecta-de-manabi-visito-la-comunidad-san-jose-de-las-penas\\\/\"]}]},{\"@type\":\"ImageObject\",\"inLanguage\":\"es\",\"@id\":\"https:\\\/\\\/www.manabi.gob.ec\\\/index.php\\\/viceprefecta-de-manabi-visito-la-comunidad-san-jose-de-las-penas\\\/#primaryimage\",\"url\":\"https:\\\/\\\/www.manabi.gob.ec\\\/wp-content\\\/uploads\\\/2024\\\/06\\\/467694d4-566a-4ae8-891c-22eef811fc2a-1.jpg\",\"contentUrl\":\"https:\\\/\\\/www.manabi.gob.ec\\\/wp-content\\\/uploads\\\/2024\\\/06\\\/467694d4-566a-4ae8-891c-22eef811fc2a-1.jpg\",\"width\":1600,\"height\":1134},{\"@type\":\"BreadcrumbList\",\"@id\":\"https:\\\/\\\/www.manabi.gob.ec\\\/index.php\\\/viceprefecta-de-manabi-visito-la-comunidad-san-jose-de-las-penas\\\/#breadcrumb\",\"itemListElement\":[{\"@type\":\"ListItem\",\"position\":1,\"name\":\"Portada\",\"item\":\"https:\\\/\\\/www.manabi.gob.ec\\\/\"},{\"@type\":\"ListItem\",\"position\":2,\"name\":\"Viceprefecta de Manab\u00ed visit\u00f3 la comunidad San Jos\u00e9 de Las Pe\u00f1as\"}]},{\"@type\":\"WebSite\",\"@id\":\"https:\\\/\\\/www.manabi.gob.ec\\\/#website\",\"url\":\"https:\\\/\\\/www.manabi.gob.ec\\\/\",\"name\":\"Prefectura de Manab\u00ed\",\"description\":\"P\u00e1gina web de la prefectura\",\"potentialAction\":[{\"@type\":\"SearchAction\",\"target\":{\"@type\":\"EntryPoint\",\"urlTemplate\":\"https:\\\/\\\/www.manabi.gob.ec\\\/?s={search_term_string}\"},\"query-input\":{\"@type\":\"PropertyValueSpecification\",\"valueRequired\":true,\"valueName\":\"search_term_string\"}}],\"inLanguage\":\"es\"},{\"@type\":\"Person\",\"@id\":\"https:\\\/\\\/www.manabi.gob.ec\\\/#\\\/schema\\\/person\\\/c4f117989332ad723a6ced5994aa7d7a\",\"name\":\"Lui Ochoa\",\"image\":{\"@type\":\"ImageObject\",\"inLanguage\":\"es\",\"@id\":\"https:\\\/\\\/secure.gravatar.com\\\/avatar\\\/6e8017d0fe69dead8a95864d2eb6e1e1d8bf8e01194ba49cf7b897ff038126ba?s=96&d=mm&r=g\",\"url\":\"https:\\\/\\\/secure.gravatar.com\\\/avatar\\\/6e8017d0fe69dead8a95864d2eb6e1e1d8bf8e01194ba49cf7b897ff038126ba?s=96&d=mm&r=g\",\"contentUrl\":\"https:\\\/\\\/secure.gravatar.com\\\/avatar\\\/6e8017d0fe69dead8a95864d2eb6e1e1d8bf8e01194ba49cf7b897ff038126ba?s=96&d=mm&r=g\",\"caption\":\"Lui Ochoa\"},\"url\":\"https:\\\/\\\/www.manabi.gob.ec\\\/index.php\\\/author\\\/lochoa\\\/\"}]}<\/script>\n<!-- \/ Yoast SEO plugin. -->","yoast_head_json":{"title":"Viceprefecta de Manab\u00ed visit\u00f3 la comunidad San Jos\u00e9 de Las Pe\u00f1as - Prefectura de Manab\u00ed","robots":{"index":"index","follow":"follow","max-snippet":"max-snippet:-1","max-image-preview":"max-image-preview:large","max-video-preview":"max-video-preview:-1"},"canonical":"https:\/\/www.manabi.gob.ec\/index.php\/viceprefecta-de-manabi-visito-la-comunidad-san-jose-de-las-penas\/","og_locale":"es_ES","og_type":"article","og_title":"Viceprefecta de Manab\u00ed visit\u00f3 la comunidad San Jos\u00e9 de Las Pe\u00f1as - Prefectura de Manab\u00ed","og_description":"Como parte de las actividades en territorio, la viceprefecta de Manab\u00ed, Kelly Buenaventura, visit\u00f3 la comunidad San Jos\u00e9 de Las Pe\u00f1as, de la parroquia Sosote del cant\u00f3n #Rocafuerte, donde comparti\u00f3 con los ni\u00f1os, ni\u00f1as y adolescentes del programa \u201cEntrenando Valores\u201d\u26bd\ufe0f \u2705En Sosote participan 150 ni\u00f1os, ni\u00f1as y adolescentes en esta Unidad deportiva, proyecto emblem\u00e1tico que [&hellip;]","og_url":"https:\/\/www.manabi.gob.ec\/index.php\/viceprefecta-de-manabi-visito-la-comunidad-san-jose-de-las-penas\/","og_site_name":"Prefectura de Manab\u00ed","article_published_time":"2024-06-13T18:50:47+00:00","og_image":[{"width":1600,"height":1134,"url":"https:\/\/www.manabi.gob.ec\/wp-content\/uploads\/2024\/06\/467694d4-566a-4ae8-891c-22eef811fc2a-1.jpg","type":"image\/jpeg"}],"author":"Lui Ochoa","twitter_card":"summary_large_image","twitter_misc":{"Escrito por":"Lui Ochoa","Tiempo de lectura":"1 minuto"},"schema":{"@context":"https:\/\/schema.org","@graph":[{"@type":"Article","@id":"https:\/\/www.manabi.gob.ec\/index.php\/viceprefecta-de-manabi-visito-la-comunidad-san-jose-de-las-penas\/#article","isPartOf":{"@id":"https:\/\/www.manabi.gob.ec\/index.php\/viceprefecta-de-manabi-visito-la-comunidad-san-jose-de-las-penas\/"},"author":{"name":"Lui Ochoa","@id":"https:\/\/www.manabi.gob.ec\/#\/schema\/person\/c4f117989332ad723a6ced5994aa7d7a"},"headline":"Viceprefecta de Manab\u00ed visit\u00f3 la comunidad San Jos\u00e9 de Las Pe\u00f1as","datePublished":"2024-06-13T18:50:47+00:00","mainEntityOfPage":{"@id":"https:\/\/www.manabi.gob.ec\/index.php\/viceprefecta-de-manabi-visito-la-comunidad-san-jose-de-las-penas\/"},"wordCount":229,"image":{"@id":"https:\/\/www.manabi.gob.ec\/index.php\/viceprefecta-de-manabi-visito-la-comunidad-san-jose-de-las-penas\/#primaryimage"},"thumbnailUrl":"https:\/\/www.manabi.gob.ec\/wp-content\/uploads\/2024\/06\/467694d4-566a-4ae8-891c-22eef811fc2a-1.jpg","articleSection":["Ambiente","Desarrollo Social","Noticias","Todas"],"inLanguage":"es"},{"@type":"WebPage","@id":"https:\/\/www.manabi.gob.ec\/index.php\/viceprefecta-de-manabi-visito-la-comunidad-san-jose-de-las-penas\/","url":"https:\/\/www.manabi.gob.ec\/index.php\/viceprefecta-de-manabi-visito-la-comunidad-san-jose-de-las-penas\/","name":"Viceprefecta de Manab\u00ed visit\u00f3 la comunidad San Jos\u00e9 de Las Pe\u00f1as - Prefectura de Manab\u00ed","isPartOf":{"@id":"https:\/\/www.manabi.gob.ec\/#website"},"primaryImageOfPage":{"@id":"https:\/\/www.manabi.gob.ec\/index.php\/viceprefecta-de-manabi-visito-la-comunidad-san-jose-de-las-penas\/#primaryimage"},"image":{"@id":"https:\/\/www.manabi.gob.ec\/index.php\/viceprefecta-de-manabi-visito-la-comunidad-san-jose-de-las-penas\/#primaryimage"},"thumbnailUrl":"https:\/\/www.manabi.gob.ec\/wp-content\/uploads\/2024\/06\/467694d4-566a-4ae8-891c-22eef811fc2a-1.jpg","datePublished":"2024-06-13T18:50:47+00:00","author":{"@id":"https:\/\/www.manabi.gob.ec\/#\/schema\/person\/c4f117989332ad723a6ced5994aa7d7a"},"breadcrumb":{"@id":"https:\/\/www.manabi.gob.ec\/index.php\/viceprefecta-de-manabi-visito-la-comunidad-san-jose-de-las-penas\/#breadcrumb"},"inLanguage":"es","potentialAction":[{"@type":"ReadAction","target":["https:\/\/www.manabi.gob.ec\/index.php\/viceprefecta-de-manabi-visito-la-comunidad-san-jose-de-las-penas\/"]}]},{"@type":"ImageObject","inLanguage":"es","@id":"https:\/\/www.manabi.gob.ec\/index.php\/viceprefecta-de-manabi-visito-la-comunidad-san-jose-de-las-penas\/#primaryimage","url":"https:\/\/www.manabi.gob.ec\/wp-content\/uploads\/2024\/06\/467694d4-566a-4ae8-891c-22eef811fc2a-1.jpg","contentUrl":"https:\/\/www.manabi.gob.ec\/wp-content\/uploads\/2024\/06\/467694d4-566a-4ae8-891c-22eef811fc2a-1.jpg","width":1600,"height":1134},{"@type":"BreadcrumbList","@id":"https:\/\/www.manabi.gob.ec\/index.php\/viceprefecta-de-manabi-visito-la-comunidad-san-jose-de-las-penas\/#breadcrumb","itemListElement":[{"@type":"ListItem","position":1,"name":"Portada","item":"https:\/\/www.manabi.gob.ec\/"},{"@type":"ListItem","position":2,"name":"Viceprefecta de Manab\u00ed visit\u00f3 la comunidad San Jos\u00e9 de Las Pe\u00f1as"}]},{"@type":"WebSite","@id":"https:\/\/www.manabi.gob.ec\/#website","url":"https:\/\/www.manabi.gob.ec\/","name":"Prefectura de Manab\u00ed","description":"P\u00e1gina web de la prefectura","potentialAction":[{"@type":"SearchAction","target":{"@type":"EntryPoint","urlTemplate":"https:\/\/www.manabi.gob.ec\/?s={search_term_string}"},"query-input":{"@type":"PropertyValueSpecification","valueRequired":true,"valueName":"search_term_string"}}],"inLanguage":"es"},{"@type":"Person","@id":"https:\/\/www.manabi.gob.ec\/#\/schema\/person\/c4f117989332ad723a6ced5994aa7d7a","name":"Lui Ochoa","image":{"@type":"ImageObject","inLanguage":"es","@id":"https:\/\/secure.gravatar.com\/avatar\/6e8017d0fe69dead8a95864d2eb6e1e1d8bf8e01194ba49cf7b897ff038126ba?s=96&d=mm&r=g","url":"https:\/\/secure.gravatar.com\/avatar\/6e8017d0fe69dead8a95864d2eb6e1e1d8bf8e01194ba49cf7b897ff038126ba?s=96&d=mm&r=g","contentUrl":"https:\/\/secure.gravatar.com\/avatar\/6e8017d0fe69dead8a95864d2eb6e1e1d8bf8e01194ba49cf7b897ff038126ba?s=96&d=mm&r=g","caption":"Lui Ochoa"},"url":"https:\/\/www.manabi.gob.ec\/index.php\/author\/lochoa\/"}]}},"jetpack_featured_media_url":"https:\/\/www.manabi.gob.ec\/wp-content\/uploads\/2024\/06\/467694d4-566a-4ae8-891c-22eef811fc2a-1.jpg","_links":{"self":[{"href":"https:\/\/www.manabi.gob.ec\/index.php\/wp-json\/wp\/v2\/posts\/28107","targetHints":{"allow":["GET"]}}],"collection":[{"href":"https:\/\/www.manabi.gob.ec\/index.php\/wp-json\/wp\/v2\/posts"}],"about":[{"href":"https:\/\/www.manabi.gob.ec\/index.php\/wp-json\/wp\/v2\/types\/post"}],"author":[{"embeddable":true,"href":"https:\/\/www.manabi.gob.ec\/index.php\/wp-json\/wp\/v2\/users\/10"}],"replies":[{"embeddable":true,"href":"https:\/\/www.manabi.gob.ec\/index.php\/wp-json\/wp\/v2\/comments?post=28107"}],"version-history":[{"count":0,"href":"https:\/\/www.manabi.gob.ec\/index.php\/wp-json\/wp\/v2\/posts\/28107\/revisions"}],"wp:featuredmedia":[{"embeddable":true,"href":"https:\/\/www.manabi.gob.ec\/index.php\/wp-json\/wp\/v2\/media\/28106"}],"wp:attachment":[{"href":"https:\/\/www.manabi.gob.ec\/index.php\/wp-json\/wp\/v2\/media?parent=28107"}],"wp:term":[{"taxonomy":"category","embeddable":true,"href":"https:\/\/www.manabi.gob.ec\/index.php\/wp-json\/wp\/v2\/categories?post=28107"},{"taxonomy":"post_tag","embeddable":true,"href":"https:\/\/www.manabi.gob.ec\/index.php\/wp-json\/wp\/v2\/tags?post=28107"}],"curies":[{"name":"wp","href":"https:\/\/api.w.org\/{rel}","templated":true}]}}