{"id":28129,"date":"2024-06-15T20:22:53","date_gmt":"2024-06-15T20:22:53","guid":{"rendered":"https:\/\/www.manabi.gob.ec\/index.php\/arte-cultura-y-excelentes-noticias-para-jama-en-su-aniversario-cantonal\/"},"modified":"2024-06-15T20:22:53","modified_gmt":"2024-06-15T20:22:53","slug":"arte-cultura-y-excelentes-noticias-para-jama-en-su-aniversario-cantonal","status":"publish","type":"post","link":"https:\/\/www.manabi.gob.ec\/index.php\/arte-cultura-y-excelentes-noticias-para-jama-en-su-aniversario-cantonal\/","title":{"rendered":"Arte, cultura y excelentes noticias para Jama en su aniversario cantonal"},"content":{"rendered":"\n<p>M\u00e1s de 150 artistas estuvieron en escena durante el evento art\u00edstico y cultural en homenaje a la cantonizaci\u00f3n de Jama, en el marco de la agenda del Bicentenario de Manab\u00ed, que se realiz\u00f3 la noche del viernes 14 de junio.<\/p>\n\n\n\n<p>El evento cont\u00f3 con la presencia del prefecto, Leonardo Orlando, y la viceprefecta, Kelly Buenaventura, adem\u00e1s de autoridades locales como el alcalde, Alex Cevallos, y ciudadanos.<\/p>\n\n\n\n<p>En el mismo acto se realiz\u00f3 la entrega de la resoluci\u00f3n del inicio del proceso de contrataci\u00f3n, en el portal de compras p\u00fablicas, para la construcci\u00f3n del puente sobre el r\u00edo Jama, el cual tendr\u00e1 50 metros de longitud y estar\u00e1 ubicado en el sector Don German, en la v\u00eda Jama-El Matal.<\/p>\n\n\n\n<p>\u201cEstas son las obras de dignidad y esperanza que tanto se han esperado\u201d, dijo el Prefecto. Adem\u00e1s destac\u00f3 que este ser\u00e1 el segundo viaducto de mayor inversi\u00f3n de los 134 puentes que ha intervenido la Prefectura durante su administraci\u00f3n, entre nuevos y rehabilitados. \u201cUn mill\u00f3n 275 mil d\u00f3lares, porque Jama se lo merece, para Jama lo mejor\u201d, acot\u00f3 Orlando.<\/p>\n\n\n\n<p>Otra buena noticia que anunci\u00f3 el Prefecto fue sobre la construcci\u00f3n de la v\u00eda Jama-La Divisi\u00f3n-Don Juan, a nivel de doble riego, cuyos trabajos se extender\u00e1n hasta el sector del centro de salud cantonal, con una inversi\u00f3n adicional que totalizar\u00eda $ 1\u00b4129.000. Esta obra vial, de casi 7 kil\u00f3metros, tiene un avance de 85% y ser\u00eda entregada en el mes de julio.<\/p>\n\n\n\n<p>Previo a esta actividad, Leonardo Orlando inspeccion\u00f3 los trabajos en la v\u00eda Jama-La Divisi\u00f3n-Don Juan; visit\u00f3 la brigada m\u00e9dica de la Prefectura que atendi\u00f3 en El Matal; y particip\u00f3 de un conversatorio con periodistas de medios de comunicaci\u00f3n de la zona norte de Manab\u00ed.<\/p>\n","protected":false},"excerpt":{"rendered":"<p>M\u00e1s de 150 artistas estuvieron en escena durante el evento art\u00edstico y cultural en homenaje a la cantonizaci\u00f3n de Jama, en el marco de la agenda del Bicentenario de Manab\u00ed, que se realiz\u00f3 la noche del viernes 14 de junio. El evento cont\u00f3 con la presencia del prefecto, Leonardo Orlando, y la viceprefecta, Kelly Buenaventura, [&hellip;]<\/p>\n","protected":false},"author":10,"featured_media":28128,"comment_status":"","ping_status":"","sticky":false,"template":"","format":"standard","meta":{"_joinchat":[],"footnotes":""},"categories":[150,142,92,91,81],"tags":[],"class_list":["post-28129","post","type-post","status-publish","format-standard","has-post-thumbnail","hentry","category-ambiente","category-desarrollo-social","category-noticias-manabi","category-todas","category-turismo"],"yoast_head":"<!-- This site is optimized with the Yoast SEO plugin v27.4 - https:\/\/yoast.com\/product\/yoast-seo-wordpress\/ -->\n<title>Arte, cultura y excelentes noticias para Jama en su aniversario cantonal - Prefectura de Manab\u00ed<\/title>\n<meta name=\"robots\" content=\"index, follow, max-snippet:-1, max-image-preview:large, max-video-preview:-1\" \/>\n<link rel=\"canonical\" href=\"https:\/\/www.manabi.gob.ec\/index.php\/arte-cultura-y-excelentes-noticias-para-jama-en-su-aniversario-cantonal\/\" \/>\n<meta property=\"og:locale\" content=\"es_ES\" \/>\n<meta property=\"og:type\" content=\"article\" \/>\n<meta property=\"og:title\" content=\"Arte, cultura y excelentes noticias para Jama en su aniversario cantonal - Prefectura de Manab\u00ed\" \/>\n<meta property=\"og:description\" content=\"M\u00e1s de 150 artistas estuvieron en escena durante el evento art\u00edstico y cultural en homenaje a la cantonizaci\u00f3n de Jama, en el marco de la agenda del Bicentenario de Manab\u00ed, que se realiz\u00f3 la noche del viernes 14 de junio. El evento cont\u00f3 con la presencia del prefecto, Leonardo Orlando, y la viceprefecta, Kelly Buenaventura, [&hellip;]\" \/>\n<meta property=\"og:url\" content=\"https:\/\/www.manabi.gob.ec\/index.php\/arte-cultura-y-excelentes-noticias-para-jama-en-su-aniversario-cantonal\/\" \/>\n<meta property=\"og:site_name\" content=\"Prefectura de Manab\u00ed\" \/>\n<meta property=\"article:published_time\" content=\"2024-06-15T20:22:53+00:00\" \/>\n<meta property=\"og:image\" content=\"https:\/\/www.manabi.gob.ec\/wp-content\/uploads\/2024\/06\/52eb1622-1fa3-42cf-ab07-648ab9a93eb3-1.jpg\" \/>\n\t<meta property=\"og:image:width\" content=\"2000\" \/>\n\t<meta property=\"og:image:height\" content=\"1334\" \/>\n\t<meta property=\"og:image:type\" content=\"image\/jpeg\" \/>\n<meta name=\"author\" content=\"Lui Ochoa\" \/>\n<meta name=\"twitter:card\" content=\"summary_large_image\" \/>\n<meta name=\"twitter:label1\" content=\"Escrito por\" \/>\n\t<meta name=\"twitter:data1\" content=\"Lui Ochoa\" \/>\n\t<meta name=\"twitter:label2\" content=\"Tiempo de lectura\" \/>\n\t<meta name=\"twitter:data2\" content=\"2 minutos\" \/>\n<script type=\"application\/ld+json\" class=\"yoast-schema-graph\">{\"@context\":\"https:\\\/\\\/schema.org\",\"@graph\":[{\"@type\":\"Article\",\"@id\":\"https:\\\/\\\/www.manabi.gob.ec\\\/index.php\\\/arte-cultura-y-excelentes-noticias-para-jama-en-su-aniversario-cantonal\\\/#article\",\"isPartOf\":{\"@id\":\"https:\\\/\\\/www.manabi.gob.ec\\\/index.php\\\/arte-cultura-y-excelentes-noticias-para-jama-en-su-aniversario-cantonal\\\/\"},\"author\":{\"name\":\"Lui Ochoa\",\"@id\":\"https:\\\/\\\/www.manabi.gob.ec\\\/#\\\/schema\\\/person\\\/c4f117989332ad723a6ced5994aa7d7a\"},\"headline\":\"Arte, cultura y excelentes noticias para Jama en su aniversario cantonal\",\"datePublished\":\"2024-06-15T20:22:53+00:00\",\"mainEntityOfPage\":{\"@id\":\"https:\\\/\\\/www.manabi.gob.ec\\\/index.php\\\/arte-cultura-y-excelentes-noticias-para-jama-en-su-aniversario-cantonal\\\/\"},\"wordCount\":312,\"image\":{\"@id\":\"https:\\\/\\\/www.manabi.gob.ec\\\/index.php\\\/arte-cultura-y-excelentes-noticias-para-jama-en-su-aniversario-cantonal\\\/#primaryimage\"},\"thumbnailUrl\":\"https:\\\/\\\/www.manabi.gob.ec\\\/wp-content\\\/uploads\\\/2024\\\/06\\\/52eb1622-1fa3-42cf-ab07-648ab9a93eb3-1.jpg\",\"articleSection\":[\"Ambiente\",\"Desarrollo Social\",\"Noticias\",\"Todas\",\"Turismo\"],\"inLanguage\":\"es\"},{\"@type\":\"WebPage\",\"@id\":\"https:\\\/\\\/www.manabi.gob.ec\\\/index.php\\\/arte-cultura-y-excelentes-noticias-para-jama-en-su-aniversario-cantonal\\\/\",\"url\":\"https:\\\/\\\/www.manabi.gob.ec\\\/index.php\\\/arte-cultura-y-excelentes-noticias-para-jama-en-su-aniversario-cantonal\\\/\",\"name\":\"Arte, cultura y excelentes noticias para Jama en su aniversario cantonal - Prefectura de Manab\u00ed\",\"isPartOf\":{\"@id\":\"https:\\\/\\\/www.manabi.gob.ec\\\/#website\"},\"primaryImageOfPage\":{\"@id\":\"https:\\\/\\\/www.manabi.gob.ec\\\/index.php\\\/arte-cultura-y-excelentes-noticias-para-jama-en-su-aniversario-cantonal\\\/#primaryimage\"},\"image\":{\"@id\":\"https:\\\/\\\/www.manabi.gob.ec\\\/index.php\\\/arte-cultura-y-excelentes-noticias-para-jama-en-su-aniversario-cantonal\\\/#primaryimage\"},\"thumbnailUrl\":\"https:\\\/\\\/www.manabi.gob.ec\\\/wp-content\\\/uploads\\\/2024\\\/06\\\/52eb1622-1fa3-42cf-ab07-648ab9a93eb3-1.jpg\",\"datePublished\":\"2024-06-15T20:22:53+00:00\",\"author\":{\"@id\":\"https:\\\/\\\/www.manabi.gob.ec\\\/#\\\/schema\\\/person\\\/c4f117989332ad723a6ced5994aa7d7a\"},\"breadcrumb\":{\"@id\":\"https:\\\/\\\/www.manabi.gob.ec\\\/index.php\\\/arte-cultura-y-excelentes-noticias-para-jama-en-su-aniversario-cantonal\\\/#breadcrumb\"},\"inLanguage\":\"es\",\"potentialAction\":[{\"@type\":\"ReadAction\",\"target\":[\"https:\\\/\\\/www.manabi.gob.ec\\\/index.php\\\/arte-cultura-y-excelentes-noticias-para-jama-en-su-aniversario-cantonal\\\/\"]}]},{\"@type\":\"ImageObject\",\"inLanguage\":\"es\",\"@id\":\"https:\\\/\\\/www.manabi.gob.ec\\\/index.php\\\/arte-cultura-y-excelentes-noticias-para-jama-en-su-aniversario-cantonal\\\/#primaryimage\",\"url\":\"https:\\\/\\\/www.manabi.gob.ec\\\/wp-content\\\/uploads\\\/2024\\\/06\\\/52eb1622-1fa3-42cf-ab07-648ab9a93eb3-1.jpg\",\"contentUrl\":\"https:\\\/\\\/www.manabi.gob.ec\\\/wp-content\\\/uploads\\\/2024\\\/06\\\/52eb1622-1fa3-42cf-ab07-648ab9a93eb3-1.jpg\",\"width\":2000,\"height\":1334},{\"@type\":\"BreadcrumbList\",\"@id\":\"https:\\\/\\\/www.manabi.gob.ec\\\/index.php\\\/arte-cultura-y-excelentes-noticias-para-jama-en-su-aniversario-cantonal\\\/#breadcrumb\",\"itemListElement\":[{\"@type\":\"ListItem\",\"position\":1,\"name\":\"Portada\",\"item\":\"https:\\\/\\\/www.manabi.gob.ec\\\/\"},{\"@type\":\"ListItem\",\"position\":2,\"name\":\"Arte, cultura y excelentes noticias para Jama en su aniversario cantonal\"}]},{\"@type\":\"WebSite\",\"@id\":\"https:\\\/\\\/www.manabi.gob.ec\\\/#website\",\"url\":\"https:\\\/\\\/www.manabi.gob.ec\\\/\",\"name\":\"Prefectura de Manab\u00ed\",\"description\":\"P\u00e1gina web de la prefectura\",\"potentialAction\":[{\"@type\":\"SearchAction\",\"target\":{\"@type\":\"EntryPoint\",\"urlTemplate\":\"https:\\\/\\\/www.manabi.gob.ec\\\/?s={search_term_string}\"},\"query-input\":{\"@type\":\"PropertyValueSpecification\",\"valueRequired\":true,\"valueName\":\"search_term_string\"}}],\"inLanguage\":\"es\"},{\"@type\":\"Person\",\"@id\":\"https:\\\/\\\/www.manabi.gob.ec\\\/#\\\/schema\\\/person\\\/c4f117989332ad723a6ced5994aa7d7a\",\"name\":\"Lui Ochoa\",\"image\":{\"@type\":\"ImageObject\",\"inLanguage\":\"es\",\"@id\":\"https:\\\/\\\/secure.gravatar.com\\\/avatar\\\/6e8017d0fe69dead8a95864d2eb6e1e1d8bf8e01194ba49cf7b897ff038126ba?s=96&d=mm&r=g\",\"url\":\"https:\\\/\\\/secure.gravatar.com\\\/avatar\\\/6e8017d0fe69dead8a95864d2eb6e1e1d8bf8e01194ba49cf7b897ff038126ba?s=96&d=mm&r=g\",\"contentUrl\":\"https:\\\/\\\/secure.gravatar.com\\\/avatar\\\/6e8017d0fe69dead8a95864d2eb6e1e1d8bf8e01194ba49cf7b897ff038126ba?s=96&d=mm&r=g\",\"caption\":\"Lui Ochoa\"},\"url\":\"https:\\\/\\\/www.manabi.gob.ec\\\/index.php\\\/author\\\/lochoa\\\/\"}]}<\/script>\n<!-- \/ Yoast SEO plugin. -->","yoast_head_json":{"title":"Arte, cultura y excelentes noticias para Jama en su aniversario cantonal - Prefectura de Manab\u00ed","robots":{"index":"index","follow":"follow","max-snippet":"max-snippet:-1","max-image-preview":"max-image-preview:large","max-video-preview":"max-video-preview:-1"},"canonical":"https:\/\/www.manabi.gob.ec\/index.php\/arte-cultura-y-excelentes-noticias-para-jama-en-su-aniversario-cantonal\/","og_locale":"es_ES","og_type":"article","og_title":"Arte, cultura y excelentes noticias para Jama en su aniversario cantonal - Prefectura de Manab\u00ed","og_description":"M\u00e1s de 150 artistas estuvieron en escena durante el evento art\u00edstico y cultural en homenaje a la cantonizaci\u00f3n de Jama, en el marco de la agenda del Bicentenario de Manab\u00ed, que se realiz\u00f3 la noche del viernes 14 de junio. El evento cont\u00f3 con la presencia del prefecto, Leonardo Orlando, y la viceprefecta, Kelly Buenaventura, [&hellip;]","og_url":"https:\/\/www.manabi.gob.ec\/index.php\/arte-cultura-y-excelentes-noticias-para-jama-en-su-aniversario-cantonal\/","og_site_name":"Prefectura de Manab\u00ed","article_published_time":"2024-06-15T20:22:53+00:00","og_image":[{"width":2000,"height":1334,"url":"https:\/\/www.manabi.gob.ec\/wp-content\/uploads\/2024\/06\/52eb1622-1fa3-42cf-ab07-648ab9a93eb3-1.jpg","type":"image\/jpeg"}],"author":"Lui Ochoa","twitter_card":"summary_large_image","twitter_misc":{"Escrito por":"Lui Ochoa","Tiempo de lectura":"2 minutos"},"schema":{"@context":"https:\/\/schema.org","@graph":[{"@type":"Article","@id":"https:\/\/www.manabi.gob.ec\/index.php\/arte-cultura-y-excelentes-noticias-para-jama-en-su-aniversario-cantonal\/#article","isPartOf":{"@id":"https:\/\/www.manabi.gob.ec\/index.php\/arte-cultura-y-excelentes-noticias-para-jama-en-su-aniversario-cantonal\/"},"author":{"name":"Lui Ochoa","@id":"https:\/\/www.manabi.gob.ec\/#\/schema\/person\/c4f117989332ad723a6ced5994aa7d7a"},"headline":"Arte, cultura y excelentes noticias para Jama en su aniversario cantonal","datePublished":"2024-06-15T20:22:53+00:00","mainEntityOfPage":{"@id":"https:\/\/www.manabi.gob.ec\/index.php\/arte-cultura-y-excelentes-noticias-para-jama-en-su-aniversario-cantonal\/"},"wordCount":312,"image":{"@id":"https:\/\/www.manabi.gob.ec\/index.php\/arte-cultura-y-excelentes-noticias-para-jama-en-su-aniversario-cantonal\/#primaryimage"},"thumbnailUrl":"https:\/\/www.manabi.gob.ec\/wp-content\/uploads\/2024\/06\/52eb1622-1fa3-42cf-ab07-648ab9a93eb3-1.jpg","articleSection":["Ambiente","Desarrollo Social","Noticias","Todas","Turismo"],"inLanguage":"es"},{"@type":"WebPage","@id":"https:\/\/www.manabi.gob.ec\/index.php\/arte-cultura-y-excelentes-noticias-para-jama-en-su-aniversario-cantonal\/","url":"https:\/\/www.manabi.gob.ec\/index.php\/arte-cultura-y-excelentes-noticias-para-jama-en-su-aniversario-cantonal\/","name":"Arte, cultura y excelentes noticias para Jama en su aniversario cantonal - Prefectura de Manab\u00ed","isPartOf":{"@id":"https:\/\/www.manabi.gob.ec\/#website"},"primaryImageOfPage":{"@id":"https:\/\/www.manabi.gob.ec\/index.php\/arte-cultura-y-excelentes-noticias-para-jama-en-su-aniversario-cantonal\/#primaryimage"},"image":{"@id":"https:\/\/www.manabi.gob.ec\/index.php\/arte-cultura-y-excelentes-noticias-para-jama-en-su-aniversario-cantonal\/#primaryimage"},"thumbnailUrl":"https:\/\/www.manabi.gob.ec\/wp-content\/uploads\/2024\/06\/52eb1622-1fa3-42cf-ab07-648ab9a93eb3-1.jpg","datePublished":"2024-06-15T20:22:53+00:00","author":{"@id":"https:\/\/www.manabi.gob.ec\/#\/schema\/person\/c4f117989332ad723a6ced5994aa7d7a"},"breadcrumb":{"@id":"https:\/\/www.manabi.gob.ec\/index.php\/arte-cultura-y-excelentes-noticias-para-jama-en-su-aniversario-cantonal\/#breadcrumb"},"inLanguage":"es","potentialAction":[{"@type":"ReadAction","target":["https:\/\/www.manabi.gob.ec\/index.php\/arte-cultura-y-excelentes-noticias-para-jama-en-su-aniversario-cantonal\/"]}]},{"@type":"ImageObject","inLanguage":"es","@id":"https:\/\/www.manabi.gob.ec\/index.php\/arte-cultura-y-excelentes-noticias-para-jama-en-su-aniversario-cantonal\/#primaryimage","url":"https:\/\/www.manabi.gob.ec\/wp-content\/uploads\/2024\/06\/52eb1622-1fa3-42cf-ab07-648ab9a93eb3-1.jpg","contentUrl":"https:\/\/www.manabi.gob.ec\/wp-content\/uploads\/2024\/06\/52eb1622-1fa3-42cf-ab07-648ab9a93eb3-1.jpg","width":2000,"height":1334},{"@type":"BreadcrumbList","@id":"https:\/\/www.manabi.gob.ec\/index.php\/arte-cultura-y-excelentes-noticias-para-jama-en-su-aniversario-cantonal\/#breadcrumb","itemListElement":[{"@type":"ListItem","position":1,"name":"Portada","item":"https:\/\/www.manabi.gob.ec\/"},{"@type":"ListItem","position":2,"name":"Arte, cultura y excelentes noticias para Jama en su aniversario cantonal"}]},{"@type":"WebSite","@id":"https:\/\/www.manabi.gob.ec\/#website","url":"https:\/\/www.manabi.gob.ec\/","name":"Prefectura de Manab\u00ed","description":"P\u00e1gina web de la prefectura","potentialAction":[{"@type":"SearchAction","target":{"@type":"EntryPoint","urlTemplate":"https:\/\/www.manabi.gob.ec\/?s={search_term_string}"},"query-input":{"@type":"PropertyValueSpecification","valueRequired":true,"valueName":"search_term_string"}}],"inLanguage":"es"},{"@type":"Person","@id":"https:\/\/www.manabi.gob.ec\/#\/schema\/person\/c4f117989332ad723a6ced5994aa7d7a","name":"Lui Ochoa","image":{"@type":"ImageObject","inLanguage":"es","@id":"https:\/\/secure.gravatar.com\/avatar\/6e8017d0fe69dead8a95864d2eb6e1e1d8bf8e01194ba49cf7b897ff038126ba?s=96&d=mm&r=g","url":"https:\/\/secure.gravatar.com\/avatar\/6e8017d0fe69dead8a95864d2eb6e1e1d8bf8e01194ba49cf7b897ff038126ba?s=96&d=mm&r=g","contentUrl":"https:\/\/secure.gravatar.com\/avatar\/6e8017d0fe69dead8a95864d2eb6e1e1d8bf8e01194ba49cf7b897ff038126ba?s=96&d=mm&r=g","caption":"Lui Ochoa"},"url":"https:\/\/www.manabi.gob.ec\/index.php\/author\/lochoa\/"}]}},"jetpack_featured_media_url":"https:\/\/www.manabi.gob.ec\/wp-content\/uploads\/2024\/06\/52eb1622-1fa3-42cf-ab07-648ab9a93eb3-1.jpg","_links":{"self":[{"href":"https:\/\/www.manabi.gob.ec\/index.php\/wp-json\/wp\/v2\/posts\/28129","targetHints":{"allow":["GET"]}}],"collection":[{"href":"https:\/\/www.manabi.gob.ec\/index.php\/wp-json\/wp\/v2\/posts"}],"about":[{"href":"https:\/\/www.manabi.gob.ec\/index.php\/wp-json\/wp\/v2\/types\/post"}],"author":[{"embeddable":true,"href":"https:\/\/www.manabi.gob.ec\/index.php\/wp-json\/wp\/v2\/users\/10"}],"replies":[{"embeddable":true,"href":"https:\/\/www.manabi.gob.ec\/index.php\/wp-json\/wp\/v2\/comments?post=28129"}],"version-history":[{"count":0,"href":"https:\/\/www.manabi.gob.ec\/index.php\/wp-json\/wp\/v2\/posts\/28129\/revisions"}],"wp:featuredmedia":[{"embeddable":true,"href":"https:\/\/www.manabi.gob.ec\/index.php\/wp-json\/wp\/v2\/media\/28128"}],"wp:attachment":[{"href":"https:\/\/www.manabi.gob.ec\/index.php\/wp-json\/wp\/v2\/media?parent=28129"}],"wp:term":[{"taxonomy":"category","embeddable":true,"href":"https:\/\/www.manabi.gob.ec\/index.php\/wp-json\/wp\/v2\/categories?post=28129"},{"taxonomy":"post_tag","embeddable":true,"href":"https:\/\/www.manabi.gob.ec\/index.php\/wp-json\/wp\/v2\/tags?post=28129"}],"curies":[{"name":"wp","href":"https:\/\/api.w.org\/{rel}","templated":true}]}}