{"id":28308,"date":"2024-07-08T13:37:06","date_gmt":"2024-07-08T13:37:06","guid":{"rendered":"https:\/\/www.manabi.gob.ec\/?p=28308"},"modified":"2024-07-08T13:37:08","modified_gmt":"2024-07-08T13:37:08","slug":"la-prefectura-entrego-el-puente-numero-114-en-la-parroquia-eloy-alfaro-de-chone","status":"publish","type":"post","link":"https:\/\/www.manabi.gob.ec\/index.php\/la-prefectura-entrego-el-puente-numero-114-en-la-parroquia-eloy-alfaro-de-chone\/","title":{"rendered":"La Prefectura entreg\u00f3 el puente n\u00famero 114 en la parroquia Eloy Alfaro de Chone"},"content":{"rendered":"\n<p>Un ambiente de alegr\u00eda en el que hasta la lluvia se hizo presente, fue inaugurado, el viernes 5 de julio, el puente sobre el r\u00edo Jama, ubicado en la cabecera parroquial de Eloy Alfaro de Chone; un compromiso asumido por el prefecto, Leonardo Orlando, que hoy es una realidad.<\/p>\n\n\n\n<p>\u201cY es por eso que hoy estamos de fiesta, porque este puente refleja esperanza, avance, progreso, y un objetivo alcanzado como parroquia. Gracias, se\u00f1or Prefecto, por esta obra que ha sido anhelada y esperada por todos nosotros\u201d, manifest\u00f3 Luc\u00eda Moreira, de la comunidad La Escondida-Piedra de Afilar.<\/p>\n\n\n\n<p>La felicidad que sienten los moradores de las 25 comunidades beneficiadas tambi\u00e9n fue expresada a trav\u00e9s de carteles de agradecimiento y la entrega de una placa de reconocimiento al Prefecto.<\/p>\n\n\n\n<p>Este puente es el n\u00famero 114 que ha entregado el prefecto Orlando, y el de mayor inversi\u00f3n de los construidos hasta la presente fecha, con un monto de $750,464.19. Tiene 50 metros de longitud, 7.80 metros ancho, y beneficia directa e indirectamente a m\u00e1s de 9.000 personas.<\/p>\n\n\n\n<p>Este puente es uno de los 3 viaductos planificados a construirse sobre el r\u00edo Jama. Otro se construye en la comunidad Jamita (l\u00edmite entre Chone y Flavio Alfaro), y uno m\u00e1s, a ejecutarse en la comunidad El Matal (cant\u00f3n Jama) que est\u00e1 en fase precontractual.<\/p>\n\n\n\n<p>En Eloy Alfaro, una de las parroquias m\u00e1s pobres de Manab\u00ed, la Prefectura tambi\u00e9n construye la v\u00eda Eloy Alfaro &#8211; Las Piedras, de m\u00e1s de 4 km, a nivel de carpeta asf\u00e1ltica de 3 pulgada, con una inversi\u00f3n de 1.8 millones de d\u00f3lares. Tiene una avance del 48%.<\/p>\n\n\n\n<p>Esta administraci\u00f3n provincial, liderada por el prefecto Leonardo Orlando, genera conectividad vial digna y segura para integrar a Eloy Alfaro con sus parroquias vecinas como Convento del cant\u00f3n Chone, Zapallo del cant\u00f3n Flavio Alfaro, San Isidro del cant\u00f3n Sucre, y con el cant\u00f3n Jama a trav\u00e9s de la v\u00eda Convento-Gaspar-Mono-Colorado-Venado, que es parte del Eje transversal Norte.<\/p>\n","protected":false},"excerpt":{"rendered":"<p>Un ambiente de alegr\u00eda en el que hasta la lluvia se hizo presente, fue inaugurado, el viernes 5 de julio, el puente sobre el r\u00edo Jama, ubicado en la cabecera parroquial de Eloy Alfaro de Chone; un compromiso asumido por el prefecto, Leonardo Orlando, que hoy es una realidad. \u201cY es por eso que hoy [&hellip;]<\/p>\n","protected":false},"author":10,"featured_media":28309,"comment_status":"closed","ping_status":"closed","sticky":false,"template":"","format":"standard","meta":{"_joinchat":[],"footnotes":""},"categories":[150,141,71,92,181,91,127],"tags":[],"class_list":["post-28308","post","type-post","status-publish","format-standard","has-post-thumbnail","hentry","category-ambiente","category-chone","category-coronavirus","category-noticias-manabi","category-obra-publica","category-todas","category-vialidad"],"yoast_head":"<!-- This site is optimized with the Yoast SEO plugin v27.4 - https:\/\/yoast.com\/product\/yoast-seo-wordpress\/ -->\n<title>La Prefectura entreg\u00f3 el puente n\u00famero 114 en la parroquia Eloy Alfaro de Chone - Prefectura de Manab\u00ed<\/title>\n<meta name=\"robots\" content=\"index, follow, max-snippet:-1, max-image-preview:large, max-video-preview:-1\" \/>\n<link rel=\"canonical\" href=\"https:\/\/www.manabi.gob.ec\/index.php\/la-prefectura-entrego-el-puente-numero-114-en-la-parroquia-eloy-alfaro-de-chone\/\" \/>\n<meta property=\"og:locale\" content=\"es_ES\" \/>\n<meta property=\"og:type\" content=\"article\" \/>\n<meta property=\"og:title\" content=\"La Prefectura entreg\u00f3 el puente n\u00famero 114 en la parroquia Eloy Alfaro de Chone - Prefectura de Manab\u00ed\" \/>\n<meta property=\"og:description\" content=\"Un ambiente de alegr\u00eda en el que hasta la lluvia se hizo presente, fue inaugurado, el viernes 5 de julio, el puente sobre el r\u00edo Jama, ubicado en la cabecera parroquial de Eloy Alfaro de Chone; un compromiso asumido por el prefecto, Leonardo Orlando, que hoy es una realidad. \u201cY es por eso que hoy [&hellip;]\" \/>\n<meta property=\"og:url\" content=\"https:\/\/www.manabi.gob.ec\/index.php\/la-prefectura-entrego-el-puente-numero-114-en-la-parroquia-eloy-alfaro-de-chone\/\" \/>\n<meta property=\"og:site_name\" content=\"Prefectura de Manab\u00ed\" \/>\n<meta property=\"article:published_time\" content=\"2024-07-08T13:37:06+00:00\" \/>\n<meta property=\"article:modified_time\" content=\"2024-07-08T13:37:08+00:00\" \/>\n<meta property=\"og:image\" content=\"https:\/\/www.manabi.gob.ec\/wp-content\/uploads\/2024\/07\/WhatsApp-Image-2024-07-06-at-1.32.47-PM-scaled.jpeg\" \/>\n\t<meta property=\"og:image:width\" content=\"2560\" \/>\n\t<meta property=\"og:image:height\" content=\"1707\" \/>\n\t<meta property=\"og:image:type\" content=\"image\/jpeg\" \/>\n<meta name=\"author\" content=\"Lui Ochoa\" \/>\n<meta name=\"twitter:card\" content=\"summary_large_image\" \/>\n<meta name=\"twitter:label1\" content=\"Escrito por\" \/>\n\t<meta name=\"twitter:data1\" content=\"Lui Ochoa\" \/>\n\t<meta name=\"twitter:label2\" content=\"Tiempo de lectura\" \/>\n\t<meta name=\"twitter:data2\" content=\"2 minutos\" \/>\n<script type=\"application\/ld+json\" class=\"yoast-schema-graph\">{\"@context\":\"https:\\\/\\\/schema.org\",\"@graph\":[{\"@type\":\"Article\",\"@id\":\"https:\\\/\\\/www.manabi.gob.ec\\\/index.php\\\/la-prefectura-entrego-el-puente-numero-114-en-la-parroquia-eloy-alfaro-de-chone\\\/#article\",\"isPartOf\":{\"@id\":\"https:\\\/\\\/www.manabi.gob.ec\\\/index.php\\\/la-prefectura-entrego-el-puente-numero-114-en-la-parroquia-eloy-alfaro-de-chone\\\/\"},\"author\":{\"name\":\"Lui Ochoa\",\"@id\":\"https:\\\/\\\/www.manabi.gob.ec\\\/#\\\/schema\\\/person\\\/c4f117989332ad723a6ced5994aa7d7a\"},\"headline\":\"La Prefectura entreg\u00f3 el puente n\u00famero 114 en la parroquia Eloy Alfaro de Chone\",\"datePublished\":\"2024-07-08T13:37:06+00:00\",\"dateModified\":\"2024-07-08T13:37:08+00:00\",\"mainEntityOfPage\":{\"@id\":\"https:\\\/\\\/www.manabi.gob.ec\\\/index.php\\\/la-prefectura-entrego-el-puente-numero-114-en-la-parroquia-eloy-alfaro-de-chone\\\/\"},\"wordCount\":352,\"image\":{\"@id\":\"https:\\\/\\\/www.manabi.gob.ec\\\/index.php\\\/la-prefectura-entrego-el-puente-numero-114-en-la-parroquia-eloy-alfaro-de-chone\\\/#primaryimage\"},\"thumbnailUrl\":\"https:\\\/\\\/www.manabi.gob.ec\\\/wp-content\\\/uploads\\\/2024\\\/07\\\/WhatsApp-Image-2024-07-06-at-1.32.47-PM-scaled.jpeg\",\"articleSection\":[\"Ambiente\",\"Chone\",\"Coronavirus\",\"Noticias\",\"Obra P\u00fablica\",\"Todas\",\"Vialidad\"],\"inLanguage\":\"es\"},{\"@type\":\"WebPage\",\"@id\":\"https:\\\/\\\/www.manabi.gob.ec\\\/index.php\\\/la-prefectura-entrego-el-puente-numero-114-en-la-parroquia-eloy-alfaro-de-chone\\\/\",\"url\":\"https:\\\/\\\/www.manabi.gob.ec\\\/index.php\\\/la-prefectura-entrego-el-puente-numero-114-en-la-parroquia-eloy-alfaro-de-chone\\\/\",\"name\":\"La Prefectura entreg\u00f3 el puente n\u00famero 114 en la parroquia Eloy Alfaro de Chone - Prefectura de Manab\u00ed\",\"isPartOf\":{\"@id\":\"https:\\\/\\\/www.manabi.gob.ec\\\/#website\"},\"primaryImageOfPage\":{\"@id\":\"https:\\\/\\\/www.manabi.gob.ec\\\/index.php\\\/la-prefectura-entrego-el-puente-numero-114-en-la-parroquia-eloy-alfaro-de-chone\\\/#primaryimage\"},\"image\":{\"@id\":\"https:\\\/\\\/www.manabi.gob.ec\\\/index.php\\\/la-prefectura-entrego-el-puente-numero-114-en-la-parroquia-eloy-alfaro-de-chone\\\/#primaryimage\"},\"thumbnailUrl\":\"https:\\\/\\\/www.manabi.gob.ec\\\/wp-content\\\/uploads\\\/2024\\\/07\\\/WhatsApp-Image-2024-07-06-at-1.32.47-PM-scaled.jpeg\",\"datePublished\":\"2024-07-08T13:37:06+00:00\",\"dateModified\":\"2024-07-08T13:37:08+00:00\",\"author\":{\"@id\":\"https:\\\/\\\/www.manabi.gob.ec\\\/#\\\/schema\\\/person\\\/c4f117989332ad723a6ced5994aa7d7a\"},\"breadcrumb\":{\"@id\":\"https:\\\/\\\/www.manabi.gob.ec\\\/index.php\\\/la-prefectura-entrego-el-puente-numero-114-en-la-parroquia-eloy-alfaro-de-chone\\\/#breadcrumb\"},\"inLanguage\":\"es\",\"potentialAction\":[{\"@type\":\"ReadAction\",\"target\":[\"https:\\\/\\\/www.manabi.gob.ec\\\/index.php\\\/la-prefectura-entrego-el-puente-numero-114-en-la-parroquia-eloy-alfaro-de-chone\\\/\"]}]},{\"@type\":\"ImageObject\",\"inLanguage\":\"es\",\"@id\":\"https:\\\/\\\/www.manabi.gob.ec\\\/index.php\\\/la-prefectura-entrego-el-puente-numero-114-en-la-parroquia-eloy-alfaro-de-chone\\\/#primaryimage\",\"url\":\"https:\\\/\\\/www.manabi.gob.ec\\\/wp-content\\\/uploads\\\/2024\\\/07\\\/WhatsApp-Image-2024-07-06-at-1.32.47-PM-scaled.jpeg\",\"contentUrl\":\"https:\\\/\\\/www.manabi.gob.ec\\\/wp-content\\\/uploads\\\/2024\\\/07\\\/WhatsApp-Image-2024-07-06-at-1.32.47-PM-scaled.jpeg\",\"width\":2560,\"height\":1707},{\"@type\":\"BreadcrumbList\",\"@id\":\"https:\\\/\\\/www.manabi.gob.ec\\\/index.php\\\/la-prefectura-entrego-el-puente-numero-114-en-la-parroquia-eloy-alfaro-de-chone\\\/#breadcrumb\",\"itemListElement\":[{\"@type\":\"ListItem\",\"position\":1,\"name\":\"Portada\",\"item\":\"https:\\\/\\\/www.manabi.gob.ec\\\/\"},{\"@type\":\"ListItem\",\"position\":2,\"name\":\"La Prefectura entreg\u00f3 el puente n\u00famero 114 en la parroquia Eloy Alfaro de Chone\"}]},{\"@type\":\"WebSite\",\"@id\":\"https:\\\/\\\/www.manabi.gob.ec\\\/#website\",\"url\":\"https:\\\/\\\/www.manabi.gob.ec\\\/\",\"name\":\"Prefectura de Manab\u00ed\",\"description\":\"P\u00e1gina web de la prefectura\",\"potentialAction\":[{\"@type\":\"SearchAction\",\"target\":{\"@type\":\"EntryPoint\",\"urlTemplate\":\"https:\\\/\\\/www.manabi.gob.ec\\\/?s={search_term_string}\"},\"query-input\":{\"@type\":\"PropertyValueSpecification\",\"valueRequired\":true,\"valueName\":\"search_term_string\"}}],\"inLanguage\":\"es\"},{\"@type\":\"Person\",\"@id\":\"https:\\\/\\\/www.manabi.gob.ec\\\/#\\\/schema\\\/person\\\/c4f117989332ad723a6ced5994aa7d7a\",\"name\":\"Lui Ochoa\",\"image\":{\"@type\":\"ImageObject\",\"inLanguage\":\"es\",\"@id\":\"https:\\\/\\\/secure.gravatar.com\\\/avatar\\\/6e8017d0fe69dead8a95864d2eb6e1e1d8bf8e01194ba49cf7b897ff038126ba?s=96&d=mm&r=g\",\"url\":\"https:\\\/\\\/secure.gravatar.com\\\/avatar\\\/6e8017d0fe69dead8a95864d2eb6e1e1d8bf8e01194ba49cf7b897ff038126ba?s=96&d=mm&r=g\",\"contentUrl\":\"https:\\\/\\\/secure.gravatar.com\\\/avatar\\\/6e8017d0fe69dead8a95864d2eb6e1e1d8bf8e01194ba49cf7b897ff038126ba?s=96&d=mm&r=g\",\"caption\":\"Lui Ochoa\"},\"url\":\"https:\\\/\\\/www.manabi.gob.ec\\\/index.php\\\/author\\\/lochoa\\\/\"}]}<\/script>\n<!-- \/ Yoast SEO plugin. -->","yoast_head_json":{"title":"La Prefectura entreg\u00f3 el puente n\u00famero 114 en la parroquia Eloy Alfaro de Chone - Prefectura de Manab\u00ed","robots":{"index":"index","follow":"follow","max-snippet":"max-snippet:-1","max-image-preview":"max-image-preview:large","max-video-preview":"max-video-preview:-1"},"canonical":"https:\/\/www.manabi.gob.ec\/index.php\/la-prefectura-entrego-el-puente-numero-114-en-la-parroquia-eloy-alfaro-de-chone\/","og_locale":"es_ES","og_type":"article","og_title":"La Prefectura entreg\u00f3 el puente n\u00famero 114 en la parroquia Eloy Alfaro de Chone - Prefectura de Manab\u00ed","og_description":"Un ambiente de alegr\u00eda en el que hasta la lluvia se hizo presente, fue inaugurado, el viernes 5 de julio, el puente sobre el r\u00edo Jama, ubicado en la cabecera parroquial de Eloy Alfaro de Chone; un compromiso asumido por el prefecto, Leonardo Orlando, que hoy es una realidad. \u201cY es por eso que hoy [&hellip;]","og_url":"https:\/\/www.manabi.gob.ec\/index.php\/la-prefectura-entrego-el-puente-numero-114-en-la-parroquia-eloy-alfaro-de-chone\/","og_site_name":"Prefectura de Manab\u00ed","article_published_time":"2024-07-08T13:37:06+00:00","article_modified_time":"2024-07-08T13:37:08+00:00","og_image":[{"width":2560,"height":1707,"url":"https:\/\/www.manabi.gob.ec\/wp-content\/uploads\/2024\/07\/WhatsApp-Image-2024-07-06-at-1.32.47-PM-scaled.jpeg","type":"image\/jpeg"}],"author":"Lui Ochoa","twitter_card":"summary_large_image","twitter_misc":{"Escrito por":"Lui Ochoa","Tiempo de lectura":"2 minutos"},"schema":{"@context":"https:\/\/schema.org","@graph":[{"@type":"Article","@id":"https:\/\/www.manabi.gob.ec\/index.php\/la-prefectura-entrego-el-puente-numero-114-en-la-parroquia-eloy-alfaro-de-chone\/#article","isPartOf":{"@id":"https:\/\/www.manabi.gob.ec\/index.php\/la-prefectura-entrego-el-puente-numero-114-en-la-parroquia-eloy-alfaro-de-chone\/"},"author":{"name":"Lui Ochoa","@id":"https:\/\/www.manabi.gob.ec\/#\/schema\/person\/c4f117989332ad723a6ced5994aa7d7a"},"headline":"La Prefectura entreg\u00f3 el puente n\u00famero 114 en la parroquia Eloy Alfaro de Chone","datePublished":"2024-07-08T13:37:06+00:00","dateModified":"2024-07-08T13:37:08+00:00","mainEntityOfPage":{"@id":"https:\/\/www.manabi.gob.ec\/index.php\/la-prefectura-entrego-el-puente-numero-114-en-la-parroquia-eloy-alfaro-de-chone\/"},"wordCount":352,"image":{"@id":"https:\/\/www.manabi.gob.ec\/index.php\/la-prefectura-entrego-el-puente-numero-114-en-la-parroquia-eloy-alfaro-de-chone\/#primaryimage"},"thumbnailUrl":"https:\/\/www.manabi.gob.ec\/wp-content\/uploads\/2024\/07\/WhatsApp-Image-2024-07-06-at-1.32.47-PM-scaled.jpeg","articleSection":["Ambiente","Chone","Coronavirus","Noticias","Obra P\u00fablica","Todas","Vialidad"],"inLanguage":"es"},{"@type":"WebPage","@id":"https:\/\/www.manabi.gob.ec\/index.php\/la-prefectura-entrego-el-puente-numero-114-en-la-parroquia-eloy-alfaro-de-chone\/","url":"https:\/\/www.manabi.gob.ec\/index.php\/la-prefectura-entrego-el-puente-numero-114-en-la-parroquia-eloy-alfaro-de-chone\/","name":"La Prefectura entreg\u00f3 el puente n\u00famero 114 en la parroquia Eloy Alfaro de Chone - Prefectura de Manab\u00ed","isPartOf":{"@id":"https:\/\/www.manabi.gob.ec\/#website"},"primaryImageOfPage":{"@id":"https:\/\/www.manabi.gob.ec\/index.php\/la-prefectura-entrego-el-puente-numero-114-en-la-parroquia-eloy-alfaro-de-chone\/#primaryimage"},"image":{"@id":"https:\/\/www.manabi.gob.ec\/index.php\/la-prefectura-entrego-el-puente-numero-114-en-la-parroquia-eloy-alfaro-de-chone\/#primaryimage"},"thumbnailUrl":"https:\/\/www.manabi.gob.ec\/wp-content\/uploads\/2024\/07\/WhatsApp-Image-2024-07-06-at-1.32.47-PM-scaled.jpeg","datePublished":"2024-07-08T13:37:06+00:00","dateModified":"2024-07-08T13:37:08+00:00","author":{"@id":"https:\/\/www.manabi.gob.ec\/#\/schema\/person\/c4f117989332ad723a6ced5994aa7d7a"},"breadcrumb":{"@id":"https:\/\/www.manabi.gob.ec\/index.php\/la-prefectura-entrego-el-puente-numero-114-en-la-parroquia-eloy-alfaro-de-chone\/#breadcrumb"},"inLanguage":"es","potentialAction":[{"@type":"ReadAction","target":["https:\/\/www.manabi.gob.ec\/index.php\/la-prefectura-entrego-el-puente-numero-114-en-la-parroquia-eloy-alfaro-de-chone\/"]}]},{"@type":"ImageObject","inLanguage":"es","@id":"https:\/\/www.manabi.gob.ec\/index.php\/la-prefectura-entrego-el-puente-numero-114-en-la-parroquia-eloy-alfaro-de-chone\/#primaryimage","url":"https:\/\/www.manabi.gob.ec\/wp-content\/uploads\/2024\/07\/WhatsApp-Image-2024-07-06-at-1.32.47-PM-scaled.jpeg","contentUrl":"https:\/\/www.manabi.gob.ec\/wp-content\/uploads\/2024\/07\/WhatsApp-Image-2024-07-06-at-1.32.47-PM-scaled.jpeg","width":2560,"height":1707},{"@type":"BreadcrumbList","@id":"https:\/\/www.manabi.gob.ec\/index.php\/la-prefectura-entrego-el-puente-numero-114-en-la-parroquia-eloy-alfaro-de-chone\/#breadcrumb","itemListElement":[{"@type":"ListItem","position":1,"name":"Portada","item":"https:\/\/www.manabi.gob.ec\/"},{"@type":"ListItem","position":2,"name":"La Prefectura entreg\u00f3 el puente n\u00famero 114 en la parroquia Eloy Alfaro de Chone"}]},{"@type":"WebSite","@id":"https:\/\/www.manabi.gob.ec\/#website","url":"https:\/\/www.manabi.gob.ec\/","name":"Prefectura de Manab\u00ed","description":"P\u00e1gina web de la prefectura","potentialAction":[{"@type":"SearchAction","target":{"@type":"EntryPoint","urlTemplate":"https:\/\/www.manabi.gob.ec\/?s={search_term_string}"},"query-input":{"@type":"PropertyValueSpecification","valueRequired":true,"valueName":"search_term_string"}}],"inLanguage":"es"},{"@type":"Person","@id":"https:\/\/www.manabi.gob.ec\/#\/schema\/person\/c4f117989332ad723a6ced5994aa7d7a","name":"Lui Ochoa","image":{"@type":"ImageObject","inLanguage":"es","@id":"https:\/\/secure.gravatar.com\/avatar\/6e8017d0fe69dead8a95864d2eb6e1e1d8bf8e01194ba49cf7b897ff038126ba?s=96&d=mm&r=g","url":"https:\/\/secure.gravatar.com\/avatar\/6e8017d0fe69dead8a95864d2eb6e1e1d8bf8e01194ba49cf7b897ff038126ba?s=96&d=mm&r=g","contentUrl":"https:\/\/secure.gravatar.com\/avatar\/6e8017d0fe69dead8a95864d2eb6e1e1d8bf8e01194ba49cf7b897ff038126ba?s=96&d=mm&r=g","caption":"Lui Ochoa"},"url":"https:\/\/www.manabi.gob.ec\/index.php\/author\/lochoa\/"}]}},"jetpack_featured_media_url":"https:\/\/www.manabi.gob.ec\/wp-content\/uploads\/2024\/07\/WhatsApp-Image-2024-07-06-at-1.32.47-PM-scaled.jpeg","_links":{"self":[{"href":"https:\/\/www.manabi.gob.ec\/index.php\/wp-json\/wp\/v2\/posts\/28308","targetHints":{"allow":["GET"]}}],"collection":[{"href":"https:\/\/www.manabi.gob.ec\/index.php\/wp-json\/wp\/v2\/posts"}],"about":[{"href":"https:\/\/www.manabi.gob.ec\/index.php\/wp-json\/wp\/v2\/types\/post"}],"author":[{"embeddable":true,"href":"https:\/\/www.manabi.gob.ec\/index.php\/wp-json\/wp\/v2\/users\/10"}],"replies":[{"embeddable":true,"href":"https:\/\/www.manabi.gob.ec\/index.php\/wp-json\/wp\/v2\/comments?post=28308"}],"version-history":[{"count":1,"href":"https:\/\/www.manabi.gob.ec\/index.php\/wp-json\/wp\/v2\/posts\/28308\/revisions"}],"predecessor-version":[{"id":28310,"href":"https:\/\/www.manabi.gob.ec\/index.php\/wp-json\/wp\/v2\/posts\/28308\/revisions\/28310"}],"wp:featuredmedia":[{"embeddable":true,"href":"https:\/\/www.manabi.gob.ec\/index.php\/wp-json\/wp\/v2\/media\/28309"}],"wp:attachment":[{"href":"https:\/\/www.manabi.gob.ec\/index.php\/wp-json\/wp\/v2\/media?parent=28308"}],"wp:term":[{"taxonomy":"category","embeddable":true,"href":"https:\/\/www.manabi.gob.ec\/index.php\/wp-json\/wp\/v2\/categories?post=28308"},{"taxonomy":"post_tag","embeddable":true,"href":"https:\/\/www.manabi.gob.ec\/index.php\/wp-json\/wp\/v2\/tags?post=28308"}],"curies":[{"name":"wp","href":"https:\/\/api.w.org\/{rel}","templated":true}]}}