{"id":28312,"date":"2024-07-09T14:42:35","date_gmt":"2024-07-09T14:42:35","guid":{"rendered":"https:\/\/www.manabi.gob.ec\/?p=28312"},"modified":"2024-07-09T14:42:37","modified_gmt":"2024-07-09T14:42:37","slug":"calles-de-canuto-son-intervenidas-con-material-de-mejoramiento","status":"publish","type":"post","link":"https:\/\/www.manabi.gob.ec\/index.php\/calles-de-canuto-son-intervenidas-con-material-de-mejoramiento\/","title":{"rendered":"Calles de Canuto son intervenidas con material de mejoramiento"},"content":{"rendered":"\n<p>Varias calles de la parroquia Canuto son intervenidas a nivel de mejoramiento, que suman cerca de 2.4 kil\u00f3metros, gracias a un convenio tripartito de cogesti\u00f3n de obras entre la Prefectura, GAD Chone y el GAD Parroquial Canuto.<\/p>\n\n\n\n<p>El prefecto Leonardo Orlando, realiz\u00f3 la inspecci\u00f3n de estos trabajos, el viernes 5 de julio, en compa\u00f1\u00eda de Rommy Cueva, presidenta del GAD Parroquial, y del equipo t\u00e9cnico de la Prefectura.<\/p>\n\n\n\n<p>Son nueve calles que quedar\u00e1n a nivel de material de mejoramiento, entre ellas Ayacucho, General Paz &#8211; C\u00f3rdova, callej\u00f3n Antigua L\u00ednea F\u00e9rrea, y otras. Seis calles ya fueron intervenidas.<\/p>\n\n\n\n<p>Estos trabajos se iniciaron el 26 de mayo y presentan un avance del 52 %. La inversi\u00f3n total es de $ 90.149.66, la Prefectura aporta $51.209.66 y el GAD Canuto $ 38.940<\/p>\n\n\n\n<p>\u00abSolo tenemos palabras de gratitud para usted, se\u00f1or Prefecto, por el trabajo que estamos realizando en unidad\u00bb, sostuvo Cueva.<\/p>\n\n\n\n<p>En la calle Antigua L\u00ednea F\u00e9rrea, junto a la Gruta de la Virgen, el Prefecto se reuni\u00f3 con moradores de las comunidades La Mocora, Culantrillo, La Divisi\u00f3n, quienes agradecieron por los trabajos, y solicitaron m\u00e1s obras para Canuto.<\/p>\n\n\n\n<p>\u00abEstamos trabajando en equipo, tengan fe, paciencia. Hemos pasado por momentos muy duros, pero en unidad vamos a salir adelante\u00bb, indic\u00f3 la autoridad provincial.<\/p>\n","protected":false},"excerpt":{"rendered":"<p>Varias calles de la parroquia Canuto son intervenidas a nivel de mejoramiento, que suman cerca de 2.4 kil\u00f3metros, gracias a un convenio tripartito de cogesti\u00f3n de obras entre la Prefectura, GAD Chone y el GAD Parroquial Canuto. El prefecto Leonardo Orlando, realiz\u00f3 la inspecci\u00f3n de estos trabajos, el viernes 5 de julio, en compa\u00f1\u00eda de [&hellip;]<\/p>\n","protected":false},"author":10,"featured_media":28313,"comment_status":"closed","ping_status":"closed","sticky":false,"template":"","format":"standard","meta":{"_joinchat":[],"footnotes":""},"categories":[150,141,142,92,181,91,127],"tags":[],"class_list":["post-28312","post","type-post","status-publish","format-standard","has-post-thumbnail","hentry","category-ambiente","category-chone","category-desarrollo-social","category-noticias-manabi","category-obra-publica","category-todas","category-vialidad"],"yoast_head":"<!-- This site is optimized with the Yoast SEO plugin v27.4 - https:\/\/yoast.com\/product\/yoast-seo-wordpress\/ -->\n<title>Calles de Canuto son intervenidas con material de mejoramiento - Prefectura de Manab\u00ed<\/title>\n<meta name=\"robots\" content=\"index, follow, max-snippet:-1, max-image-preview:large, max-video-preview:-1\" \/>\n<link rel=\"canonical\" href=\"https:\/\/www.manabi.gob.ec\/index.php\/calles-de-canuto-son-intervenidas-con-material-de-mejoramiento\/\" \/>\n<meta property=\"og:locale\" content=\"es_ES\" \/>\n<meta property=\"og:type\" content=\"article\" \/>\n<meta property=\"og:title\" content=\"Calles de Canuto son intervenidas con material de mejoramiento - Prefectura de Manab\u00ed\" \/>\n<meta property=\"og:description\" content=\"Varias calles de la parroquia Canuto son intervenidas a nivel de mejoramiento, que suman cerca de 2.4 kil\u00f3metros, gracias a un convenio tripartito de cogesti\u00f3n de obras entre la Prefectura, GAD Chone y el GAD Parroquial Canuto. El prefecto Leonardo Orlando, realiz\u00f3 la inspecci\u00f3n de estos trabajos, el viernes 5 de julio, en compa\u00f1\u00eda de [&hellip;]\" \/>\n<meta property=\"og:url\" content=\"https:\/\/www.manabi.gob.ec\/index.php\/calles-de-canuto-son-intervenidas-con-material-de-mejoramiento\/\" \/>\n<meta property=\"og:site_name\" content=\"Prefectura de Manab\u00ed\" \/>\n<meta property=\"article:published_time\" content=\"2024-07-09T14:42:35+00:00\" \/>\n<meta property=\"article:modified_time\" content=\"2024-07-09T14:42:37+00:00\" \/>\n<meta property=\"og:image\" content=\"https:\/\/www.manabi.gob.ec\/wp-content\/uploads\/2024\/07\/WhatsApp-Image-2024-07-08-at-9.01.29-AM-scaled.jpeg\" \/>\n\t<meta property=\"og:image:width\" content=\"2560\" \/>\n\t<meta property=\"og:image:height\" content=\"1707\" \/>\n\t<meta property=\"og:image:type\" content=\"image\/jpeg\" \/>\n<meta name=\"author\" content=\"Lui Ochoa\" \/>\n<meta name=\"twitter:card\" content=\"summary_large_image\" \/>\n<meta name=\"twitter:label1\" content=\"Escrito por\" \/>\n\t<meta name=\"twitter:data1\" content=\"Lui Ochoa\" \/>\n\t<meta name=\"twitter:label2\" content=\"Tiempo de lectura\" \/>\n\t<meta name=\"twitter:data2\" content=\"1 minuto\" \/>\n<script type=\"application\/ld+json\" class=\"yoast-schema-graph\">{\"@context\":\"https:\\\/\\\/schema.org\",\"@graph\":[{\"@type\":\"Article\",\"@id\":\"https:\\\/\\\/www.manabi.gob.ec\\\/index.php\\\/calles-de-canuto-son-intervenidas-con-material-de-mejoramiento\\\/#article\",\"isPartOf\":{\"@id\":\"https:\\\/\\\/www.manabi.gob.ec\\\/index.php\\\/calles-de-canuto-son-intervenidas-con-material-de-mejoramiento\\\/\"},\"author\":{\"name\":\"Lui Ochoa\",\"@id\":\"https:\\\/\\\/www.manabi.gob.ec\\\/#\\\/schema\\\/person\\\/c4f117989332ad723a6ced5994aa7d7a\"},\"headline\":\"Calles de Canuto son intervenidas con material de mejoramiento\",\"datePublished\":\"2024-07-09T14:42:35+00:00\",\"dateModified\":\"2024-07-09T14:42:37+00:00\",\"mainEntityOfPage\":{\"@id\":\"https:\\\/\\\/www.manabi.gob.ec\\\/index.php\\\/calles-de-canuto-son-intervenidas-con-material-de-mejoramiento\\\/\"},\"wordCount\":225,\"image\":{\"@id\":\"https:\\\/\\\/www.manabi.gob.ec\\\/index.php\\\/calles-de-canuto-son-intervenidas-con-material-de-mejoramiento\\\/#primaryimage\"},\"thumbnailUrl\":\"https:\\\/\\\/www.manabi.gob.ec\\\/wp-content\\\/uploads\\\/2024\\\/07\\\/WhatsApp-Image-2024-07-08-at-9.01.29-AM-scaled.jpeg\",\"articleSection\":[\"Ambiente\",\"Chone\",\"Desarrollo Social\",\"Noticias\",\"Obra P\u00fablica\",\"Todas\",\"Vialidad\"],\"inLanguage\":\"es\"},{\"@type\":\"WebPage\",\"@id\":\"https:\\\/\\\/www.manabi.gob.ec\\\/index.php\\\/calles-de-canuto-son-intervenidas-con-material-de-mejoramiento\\\/\",\"url\":\"https:\\\/\\\/www.manabi.gob.ec\\\/index.php\\\/calles-de-canuto-son-intervenidas-con-material-de-mejoramiento\\\/\",\"name\":\"Calles de Canuto son intervenidas con material de mejoramiento - Prefectura de Manab\u00ed\",\"isPartOf\":{\"@id\":\"https:\\\/\\\/www.manabi.gob.ec\\\/#website\"},\"primaryImageOfPage\":{\"@id\":\"https:\\\/\\\/www.manabi.gob.ec\\\/index.php\\\/calles-de-canuto-son-intervenidas-con-material-de-mejoramiento\\\/#primaryimage\"},\"image\":{\"@id\":\"https:\\\/\\\/www.manabi.gob.ec\\\/index.php\\\/calles-de-canuto-son-intervenidas-con-material-de-mejoramiento\\\/#primaryimage\"},\"thumbnailUrl\":\"https:\\\/\\\/www.manabi.gob.ec\\\/wp-content\\\/uploads\\\/2024\\\/07\\\/WhatsApp-Image-2024-07-08-at-9.01.29-AM-scaled.jpeg\",\"datePublished\":\"2024-07-09T14:42:35+00:00\",\"dateModified\":\"2024-07-09T14:42:37+00:00\",\"author\":{\"@id\":\"https:\\\/\\\/www.manabi.gob.ec\\\/#\\\/schema\\\/person\\\/c4f117989332ad723a6ced5994aa7d7a\"},\"breadcrumb\":{\"@id\":\"https:\\\/\\\/www.manabi.gob.ec\\\/index.php\\\/calles-de-canuto-son-intervenidas-con-material-de-mejoramiento\\\/#breadcrumb\"},\"inLanguage\":\"es\",\"potentialAction\":[{\"@type\":\"ReadAction\",\"target\":[\"https:\\\/\\\/www.manabi.gob.ec\\\/index.php\\\/calles-de-canuto-son-intervenidas-con-material-de-mejoramiento\\\/\"]}]},{\"@type\":\"ImageObject\",\"inLanguage\":\"es\",\"@id\":\"https:\\\/\\\/www.manabi.gob.ec\\\/index.php\\\/calles-de-canuto-son-intervenidas-con-material-de-mejoramiento\\\/#primaryimage\",\"url\":\"https:\\\/\\\/www.manabi.gob.ec\\\/wp-content\\\/uploads\\\/2024\\\/07\\\/WhatsApp-Image-2024-07-08-at-9.01.29-AM-scaled.jpeg\",\"contentUrl\":\"https:\\\/\\\/www.manabi.gob.ec\\\/wp-content\\\/uploads\\\/2024\\\/07\\\/WhatsApp-Image-2024-07-08-at-9.01.29-AM-scaled.jpeg\",\"width\":2560,\"height\":1707},{\"@type\":\"BreadcrumbList\",\"@id\":\"https:\\\/\\\/www.manabi.gob.ec\\\/index.php\\\/calles-de-canuto-son-intervenidas-con-material-de-mejoramiento\\\/#breadcrumb\",\"itemListElement\":[{\"@type\":\"ListItem\",\"position\":1,\"name\":\"Portada\",\"item\":\"https:\\\/\\\/www.manabi.gob.ec\\\/\"},{\"@type\":\"ListItem\",\"position\":2,\"name\":\"Calles de Canuto son intervenidas con material de mejoramiento\"}]},{\"@type\":\"WebSite\",\"@id\":\"https:\\\/\\\/www.manabi.gob.ec\\\/#website\",\"url\":\"https:\\\/\\\/www.manabi.gob.ec\\\/\",\"name\":\"Prefectura de Manab\u00ed\",\"description\":\"P\u00e1gina web de la prefectura\",\"potentialAction\":[{\"@type\":\"SearchAction\",\"target\":{\"@type\":\"EntryPoint\",\"urlTemplate\":\"https:\\\/\\\/www.manabi.gob.ec\\\/?s={search_term_string}\"},\"query-input\":{\"@type\":\"PropertyValueSpecification\",\"valueRequired\":true,\"valueName\":\"search_term_string\"}}],\"inLanguage\":\"es\"},{\"@type\":\"Person\",\"@id\":\"https:\\\/\\\/www.manabi.gob.ec\\\/#\\\/schema\\\/person\\\/c4f117989332ad723a6ced5994aa7d7a\",\"name\":\"Lui Ochoa\",\"image\":{\"@type\":\"ImageObject\",\"inLanguage\":\"es\",\"@id\":\"https:\\\/\\\/secure.gravatar.com\\\/avatar\\\/6e8017d0fe69dead8a95864d2eb6e1e1d8bf8e01194ba49cf7b897ff038126ba?s=96&d=mm&r=g\",\"url\":\"https:\\\/\\\/secure.gravatar.com\\\/avatar\\\/6e8017d0fe69dead8a95864d2eb6e1e1d8bf8e01194ba49cf7b897ff038126ba?s=96&d=mm&r=g\",\"contentUrl\":\"https:\\\/\\\/secure.gravatar.com\\\/avatar\\\/6e8017d0fe69dead8a95864d2eb6e1e1d8bf8e01194ba49cf7b897ff038126ba?s=96&d=mm&r=g\",\"caption\":\"Lui Ochoa\"},\"url\":\"https:\\\/\\\/www.manabi.gob.ec\\\/index.php\\\/author\\\/lochoa\\\/\"}]}<\/script>\n<!-- \/ Yoast SEO plugin. -->","yoast_head_json":{"title":"Calles de Canuto son intervenidas con material de mejoramiento - Prefectura de Manab\u00ed","robots":{"index":"index","follow":"follow","max-snippet":"max-snippet:-1","max-image-preview":"max-image-preview:large","max-video-preview":"max-video-preview:-1"},"canonical":"https:\/\/www.manabi.gob.ec\/index.php\/calles-de-canuto-son-intervenidas-con-material-de-mejoramiento\/","og_locale":"es_ES","og_type":"article","og_title":"Calles de Canuto son intervenidas con material de mejoramiento - Prefectura de Manab\u00ed","og_description":"Varias calles de la parroquia Canuto son intervenidas a nivel de mejoramiento, que suman cerca de 2.4 kil\u00f3metros, gracias a un convenio tripartito de cogesti\u00f3n de obras entre la Prefectura, GAD Chone y el GAD Parroquial Canuto. El prefecto Leonardo Orlando, realiz\u00f3 la inspecci\u00f3n de estos trabajos, el viernes 5 de julio, en compa\u00f1\u00eda de [&hellip;]","og_url":"https:\/\/www.manabi.gob.ec\/index.php\/calles-de-canuto-son-intervenidas-con-material-de-mejoramiento\/","og_site_name":"Prefectura de Manab\u00ed","article_published_time":"2024-07-09T14:42:35+00:00","article_modified_time":"2024-07-09T14:42:37+00:00","og_image":[{"width":2560,"height":1707,"url":"https:\/\/www.manabi.gob.ec\/wp-content\/uploads\/2024\/07\/WhatsApp-Image-2024-07-08-at-9.01.29-AM-scaled.jpeg","type":"image\/jpeg"}],"author":"Lui Ochoa","twitter_card":"summary_large_image","twitter_misc":{"Escrito por":"Lui Ochoa","Tiempo de lectura":"1 minuto"},"schema":{"@context":"https:\/\/schema.org","@graph":[{"@type":"Article","@id":"https:\/\/www.manabi.gob.ec\/index.php\/calles-de-canuto-son-intervenidas-con-material-de-mejoramiento\/#article","isPartOf":{"@id":"https:\/\/www.manabi.gob.ec\/index.php\/calles-de-canuto-son-intervenidas-con-material-de-mejoramiento\/"},"author":{"name":"Lui Ochoa","@id":"https:\/\/www.manabi.gob.ec\/#\/schema\/person\/c4f117989332ad723a6ced5994aa7d7a"},"headline":"Calles de Canuto son intervenidas con material de mejoramiento","datePublished":"2024-07-09T14:42:35+00:00","dateModified":"2024-07-09T14:42:37+00:00","mainEntityOfPage":{"@id":"https:\/\/www.manabi.gob.ec\/index.php\/calles-de-canuto-son-intervenidas-con-material-de-mejoramiento\/"},"wordCount":225,"image":{"@id":"https:\/\/www.manabi.gob.ec\/index.php\/calles-de-canuto-son-intervenidas-con-material-de-mejoramiento\/#primaryimage"},"thumbnailUrl":"https:\/\/www.manabi.gob.ec\/wp-content\/uploads\/2024\/07\/WhatsApp-Image-2024-07-08-at-9.01.29-AM-scaled.jpeg","articleSection":["Ambiente","Chone","Desarrollo Social","Noticias","Obra P\u00fablica","Todas","Vialidad"],"inLanguage":"es"},{"@type":"WebPage","@id":"https:\/\/www.manabi.gob.ec\/index.php\/calles-de-canuto-son-intervenidas-con-material-de-mejoramiento\/","url":"https:\/\/www.manabi.gob.ec\/index.php\/calles-de-canuto-son-intervenidas-con-material-de-mejoramiento\/","name":"Calles de Canuto son intervenidas con material de mejoramiento - Prefectura de Manab\u00ed","isPartOf":{"@id":"https:\/\/www.manabi.gob.ec\/#website"},"primaryImageOfPage":{"@id":"https:\/\/www.manabi.gob.ec\/index.php\/calles-de-canuto-son-intervenidas-con-material-de-mejoramiento\/#primaryimage"},"image":{"@id":"https:\/\/www.manabi.gob.ec\/index.php\/calles-de-canuto-son-intervenidas-con-material-de-mejoramiento\/#primaryimage"},"thumbnailUrl":"https:\/\/www.manabi.gob.ec\/wp-content\/uploads\/2024\/07\/WhatsApp-Image-2024-07-08-at-9.01.29-AM-scaled.jpeg","datePublished":"2024-07-09T14:42:35+00:00","dateModified":"2024-07-09T14:42:37+00:00","author":{"@id":"https:\/\/www.manabi.gob.ec\/#\/schema\/person\/c4f117989332ad723a6ced5994aa7d7a"},"breadcrumb":{"@id":"https:\/\/www.manabi.gob.ec\/index.php\/calles-de-canuto-son-intervenidas-con-material-de-mejoramiento\/#breadcrumb"},"inLanguage":"es","potentialAction":[{"@type":"ReadAction","target":["https:\/\/www.manabi.gob.ec\/index.php\/calles-de-canuto-son-intervenidas-con-material-de-mejoramiento\/"]}]},{"@type":"ImageObject","inLanguage":"es","@id":"https:\/\/www.manabi.gob.ec\/index.php\/calles-de-canuto-son-intervenidas-con-material-de-mejoramiento\/#primaryimage","url":"https:\/\/www.manabi.gob.ec\/wp-content\/uploads\/2024\/07\/WhatsApp-Image-2024-07-08-at-9.01.29-AM-scaled.jpeg","contentUrl":"https:\/\/www.manabi.gob.ec\/wp-content\/uploads\/2024\/07\/WhatsApp-Image-2024-07-08-at-9.01.29-AM-scaled.jpeg","width":2560,"height":1707},{"@type":"BreadcrumbList","@id":"https:\/\/www.manabi.gob.ec\/index.php\/calles-de-canuto-son-intervenidas-con-material-de-mejoramiento\/#breadcrumb","itemListElement":[{"@type":"ListItem","position":1,"name":"Portada","item":"https:\/\/www.manabi.gob.ec\/"},{"@type":"ListItem","position":2,"name":"Calles de Canuto son intervenidas con material de mejoramiento"}]},{"@type":"WebSite","@id":"https:\/\/www.manabi.gob.ec\/#website","url":"https:\/\/www.manabi.gob.ec\/","name":"Prefectura de Manab\u00ed","description":"P\u00e1gina web de la prefectura","potentialAction":[{"@type":"SearchAction","target":{"@type":"EntryPoint","urlTemplate":"https:\/\/www.manabi.gob.ec\/?s={search_term_string}"},"query-input":{"@type":"PropertyValueSpecification","valueRequired":true,"valueName":"search_term_string"}}],"inLanguage":"es"},{"@type":"Person","@id":"https:\/\/www.manabi.gob.ec\/#\/schema\/person\/c4f117989332ad723a6ced5994aa7d7a","name":"Lui Ochoa","image":{"@type":"ImageObject","inLanguage":"es","@id":"https:\/\/secure.gravatar.com\/avatar\/6e8017d0fe69dead8a95864d2eb6e1e1d8bf8e01194ba49cf7b897ff038126ba?s=96&d=mm&r=g","url":"https:\/\/secure.gravatar.com\/avatar\/6e8017d0fe69dead8a95864d2eb6e1e1d8bf8e01194ba49cf7b897ff038126ba?s=96&d=mm&r=g","contentUrl":"https:\/\/secure.gravatar.com\/avatar\/6e8017d0fe69dead8a95864d2eb6e1e1d8bf8e01194ba49cf7b897ff038126ba?s=96&d=mm&r=g","caption":"Lui Ochoa"},"url":"https:\/\/www.manabi.gob.ec\/index.php\/author\/lochoa\/"}]}},"jetpack_featured_media_url":"https:\/\/www.manabi.gob.ec\/wp-content\/uploads\/2024\/07\/WhatsApp-Image-2024-07-08-at-9.01.29-AM-scaled.jpeg","_links":{"self":[{"href":"https:\/\/www.manabi.gob.ec\/index.php\/wp-json\/wp\/v2\/posts\/28312","targetHints":{"allow":["GET"]}}],"collection":[{"href":"https:\/\/www.manabi.gob.ec\/index.php\/wp-json\/wp\/v2\/posts"}],"about":[{"href":"https:\/\/www.manabi.gob.ec\/index.php\/wp-json\/wp\/v2\/types\/post"}],"author":[{"embeddable":true,"href":"https:\/\/www.manabi.gob.ec\/index.php\/wp-json\/wp\/v2\/users\/10"}],"replies":[{"embeddable":true,"href":"https:\/\/www.manabi.gob.ec\/index.php\/wp-json\/wp\/v2\/comments?post=28312"}],"version-history":[{"count":1,"href":"https:\/\/www.manabi.gob.ec\/index.php\/wp-json\/wp\/v2\/posts\/28312\/revisions"}],"predecessor-version":[{"id":28314,"href":"https:\/\/www.manabi.gob.ec\/index.php\/wp-json\/wp\/v2\/posts\/28312\/revisions\/28314"}],"wp:featuredmedia":[{"embeddable":true,"href":"https:\/\/www.manabi.gob.ec\/index.php\/wp-json\/wp\/v2\/media\/28313"}],"wp:attachment":[{"href":"https:\/\/www.manabi.gob.ec\/index.php\/wp-json\/wp\/v2\/media?parent=28312"}],"wp:term":[{"taxonomy":"category","embeddable":true,"href":"https:\/\/www.manabi.gob.ec\/index.php\/wp-json\/wp\/v2\/categories?post=28312"},{"taxonomy":"post_tag","embeddable":true,"href":"https:\/\/www.manabi.gob.ec\/index.php\/wp-json\/wp\/v2\/tags?post=28312"}],"curies":[{"name":"wp","href":"https:\/\/api.w.org\/{rel}","templated":true}]}}