{"id":28327,"date":"2024-07-09T15:01:54","date_gmt":"2024-07-09T15:01:54","guid":{"rendered":"https:\/\/www.manabi.gob.ec\/?p=28327"},"modified":"2024-07-09T15:01:56","modified_gmt":"2024-07-09T15:01:56","slug":"25-madres-adolescentes-recibieron-capacitacion-en-belleza-y-herramientas-para-emprendimientos","status":"publish","type":"post","link":"https:\/\/www.manabi.gob.ec\/index.php\/25-madres-adolescentes-recibieron-capacitacion-en-belleza-y-herramientas-para-emprendimientos\/","title":{"rendered":"25 madres adolescentes recibieron capacitaci\u00f3n en belleza y herramientas para emprendimientos"},"content":{"rendered":"\n<p>25 madres adolescentes de zonas urbano-marginales del cant\u00f3n Portoviejo encontraron, en el trabajo conjunto entre la Prefectura de Manab\u00ed y la fundaci\u00f3n Coraz\u00f3n de Mar\u00eda, una oportunidad para salir adelante y mejorar sus condiciones de vida.<\/p>\n\n\n\n<p>Las dos instituciones, en base a un convenio, brindaros a estas madres adolescentes capacitaci\u00f3n durante 3 meses, como parte del proyecto socio comunitario denominado \u201cAplicaci\u00f3n de t\u00e9cnicas de maquillaje profesional y modelo de negocio como m\u00e9todo de emprendimiento para la reactivaci\u00f3n econ\u00f3mica local de madres adolescentes\u201d.<\/p>\n\n\n\n<p>Adem\u00e1s de recibir sus certificados de participaci\u00f3n en este proceso formativo y educacional, en el acto de clausura del proyecto se les entreg\u00f3, de manera gratuita a cada una de ellas, un kit con productos y herramientas de trabajo para que puedan emprender, obtener independencia econ\u00f3mica, y mejorar su calidad de vida.<\/p>\n\n\n\n<p>Natalia Garc\u00eda, una de las beneficiarias, narr\u00f3 lo complicado que fue para ella enfrentarse a la maternidad siendo una adolescente. Por ello, aconsej\u00f3 a las j\u00f3venes que primero se preparen, estudien, y obtengan una profesi\u00f3n \u201cpara que cuando sean madres puedan darle lo mejor a sus hijos, ya que no es f\u00e1cil ir a estudiar y pensar en la responsabilidad que se tiene en casa como madre\u201d, coment\u00f3.<\/p>\n\n\n\n<p>En su intervenci\u00f3n, el Prefecto destac\u00f3 la fuerza y determinaci\u00f3n de estas j\u00f3venes para seguir adelante, teniendo a sus hijos como fuente de inspiraci\u00f3n. Tambi\u00e9n dijo que espera replicar este tipo de proyectos en otros cantones de la provincia, sobre todo en aquellos con alta incidencia de embarazo adolescente.<\/p>\n\n\n\n<p>\u201cEl embarazo adolescente es una problem\u00e1tica que antes estaba invisibilizado, y paro nosotros es fundamental dar una oportunidad y un apoyo en el \u00e1mbito psicol\u00f3gico y en la inclusi\u00f3n econ\u00f3mica, para que puedan sacar adelante a sus familias\u201d, manifest\u00f3 el prefecto Orlando.<\/p>\n\n\n\n<p>De esta manera, la Prefectura de Manab\u00ed cumple con el mandato legal de invertir parte de su presupuesto en atender a los grupos prioritarios, y la visi\u00f3n del prefecto, Leonardo Orlando, de hacer de Manab\u00ed una provincia m\u00e1s justa, solidaria y de oportunidades para quienes m\u00e1s lo necesitan.<\/p>\n","protected":false},"excerpt":{"rendered":"<p>25 madres adolescentes de zonas urbano-marginales del cant\u00f3n Portoviejo encontraron, en el trabajo conjunto entre la Prefectura de Manab\u00ed y la fundaci\u00f3n Coraz\u00f3n de Mar\u00eda, una oportunidad para salir adelante y mejorar sus condiciones de vida. Las dos instituciones, en base a un convenio, brindaros a estas madres adolescentes capacitaci\u00f3n durante 3 meses, como parte [&hellip;]<\/p>\n","protected":false},"author":10,"featured_media":28328,"comment_status":"closed","ping_status":"closed","sticky":false,"template":"","format":"standard","meta":{"_joinchat":[],"footnotes":""},"categories":[150,142,92,91],"tags":[],"class_list":["post-28327","post","type-post","status-publish","format-standard","has-post-thumbnail","hentry","category-ambiente","category-desarrollo-social","category-noticias-manabi","category-todas"],"yoast_head":"<!-- This site is optimized with the Yoast SEO plugin v27.4 - https:\/\/yoast.com\/product\/yoast-seo-wordpress\/ -->\n<title>25 madres adolescentes recibieron capacitaci\u00f3n en belleza y herramientas para emprendimientos - Prefectura de Manab\u00ed<\/title>\n<meta name=\"robots\" content=\"index, follow, max-snippet:-1, max-image-preview:large, max-video-preview:-1\" \/>\n<link rel=\"canonical\" href=\"https:\/\/www.manabi.gob.ec\/index.php\/25-madres-adolescentes-recibieron-capacitacion-en-belleza-y-herramientas-para-emprendimientos\/\" \/>\n<meta property=\"og:locale\" content=\"es_ES\" \/>\n<meta property=\"og:type\" content=\"article\" \/>\n<meta property=\"og:title\" content=\"25 madres adolescentes recibieron capacitaci\u00f3n en belleza y herramientas para emprendimientos - Prefectura de Manab\u00ed\" \/>\n<meta property=\"og:description\" content=\"25 madres adolescentes de zonas urbano-marginales del cant\u00f3n Portoviejo encontraron, en el trabajo conjunto entre la Prefectura de Manab\u00ed y la fundaci\u00f3n Coraz\u00f3n de Mar\u00eda, una oportunidad para salir adelante y mejorar sus condiciones de vida. Las dos instituciones, en base a un convenio, brindaros a estas madres adolescentes capacitaci\u00f3n durante 3 meses, como parte [&hellip;]\" \/>\n<meta property=\"og:url\" content=\"https:\/\/www.manabi.gob.ec\/index.php\/25-madres-adolescentes-recibieron-capacitacion-en-belleza-y-herramientas-para-emprendimientos\/\" \/>\n<meta property=\"og:site_name\" content=\"Prefectura de Manab\u00ed\" \/>\n<meta property=\"article:published_time\" content=\"2024-07-09T15:01:54+00:00\" \/>\n<meta property=\"article:modified_time\" content=\"2024-07-09T15:01:56+00:00\" \/>\n<meta property=\"og:image\" content=\"https:\/\/www.manabi.gob.ec\/wp-content\/uploads\/2024\/07\/WhatsApp-Image-2024-07-09-at-9.17.27-AM-scaled.jpeg\" \/>\n\t<meta property=\"og:image:width\" content=\"2560\" \/>\n\t<meta property=\"og:image:height\" content=\"1707\" \/>\n\t<meta property=\"og:image:type\" content=\"image\/jpeg\" \/>\n<meta name=\"author\" content=\"Lui Ochoa\" \/>\n<meta name=\"twitter:card\" content=\"summary_large_image\" \/>\n<meta name=\"twitter:label1\" content=\"Escrito por\" \/>\n\t<meta name=\"twitter:data1\" content=\"Lui Ochoa\" \/>\n\t<meta name=\"twitter:label2\" content=\"Tiempo de lectura\" \/>\n\t<meta name=\"twitter:data2\" content=\"2 minutos\" \/>\n<script type=\"application\/ld+json\" class=\"yoast-schema-graph\">{\"@context\":\"https:\\\/\\\/schema.org\",\"@graph\":[{\"@type\":\"Article\",\"@id\":\"https:\\\/\\\/www.manabi.gob.ec\\\/index.php\\\/25-madres-adolescentes-recibieron-capacitacion-en-belleza-y-herramientas-para-emprendimientos\\\/#article\",\"isPartOf\":{\"@id\":\"https:\\\/\\\/www.manabi.gob.ec\\\/index.php\\\/25-madres-adolescentes-recibieron-capacitacion-en-belleza-y-herramientas-para-emprendimientos\\\/\"},\"author\":{\"name\":\"Lui Ochoa\",\"@id\":\"https:\\\/\\\/www.manabi.gob.ec\\\/#\\\/schema\\\/person\\\/c4f117989332ad723a6ced5994aa7d7a\"},\"headline\":\"25 madres adolescentes recibieron capacitaci\u00f3n en belleza y herramientas para emprendimientos\",\"datePublished\":\"2024-07-09T15:01:54+00:00\",\"dateModified\":\"2024-07-09T15:01:56+00:00\",\"mainEntityOfPage\":{\"@id\":\"https:\\\/\\\/www.manabi.gob.ec\\\/index.php\\\/25-madres-adolescentes-recibieron-capacitacion-en-belleza-y-herramientas-para-emprendimientos\\\/\"},\"wordCount\":379,\"image\":{\"@id\":\"https:\\\/\\\/www.manabi.gob.ec\\\/index.php\\\/25-madres-adolescentes-recibieron-capacitacion-en-belleza-y-herramientas-para-emprendimientos\\\/#primaryimage\"},\"thumbnailUrl\":\"https:\\\/\\\/www.manabi.gob.ec\\\/wp-content\\\/uploads\\\/2024\\\/07\\\/WhatsApp-Image-2024-07-09-at-9.17.27-AM-scaled.jpeg\",\"articleSection\":[\"Ambiente\",\"Desarrollo Social\",\"Noticias\",\"Todas\"],\"inLanguage\":\"es\"},{\"@type\":\"WebPage\",\"@id\":\"https:\\\/\\\/www.manabi.gob.ec\\\/index.php\\\/25-madres-adolescentes-recibieron-capacitacion-en-belleza-y-herramientas-para-emprendimientos\\\/\",\"url\":\"https:\\\/\\\/www.manabi.gob.ec\\\/index.php\\\/25-madres-adolescentes-recibieron-capacitacion-en-belleza-y-herramientas-para-emprendimientos\\\/\",\"name\":\"25 madres adolescentes recibieron capacitaci\u00f3n en belleza y herramientas para emprendimientos - Prefectura de Manab\u00ed\",\"isPartOf\":{\"@id\":\"https:\\\/\\\/www.manabi.gob.ec\\\/#website\"},\"primaryImageOfPage\":{\"@id\":\"https:\\\/\\\/www.manabi.gob.ec\\\/index.php\\\/25-madres-adolescentes-recibieron-capacitacion-en-belleza-y-herramientas-para-emprendimientos\\\/#primaryimage\"},\"image\":{\"@id\":\"https:\\\/\\\/www.manabi.gob.ec\\\/index.php\\\/25-madres-adolescentes-recibieron-capacitacion-en-belleza-y-herramientas-para-emprendimientos\\\/#primaryimage\"},\"thumbnailUrl\":\"https:\\\/\\\/www.manabi.gob.ec\\\/wp-content\\\/uploads\\\/2024\\\/07\\\/WhatsApp-Image-2024-07-09-at-9.17.27-AM-scaled.jpeg\",\"datePublished\":\"2024-07-09T15:01:54+00:00\",\"dateModified\":\"2024-07-09T15:01:56+00:00\",\"author\":{\"@id\":\"https:\\\/\\\/www.manabi.gob.ec\\\/#\\\/schema\\\/person\\\/c4f117989332ad723a6ced5994aa7d7a\"},\"breadcrumb\":{\"@id\":\"https:\\\/\\\/www.manabi.gob.ec\\\/index.php\\\/25-madres-adolescentes-recibieron-capacitacion-en-belleza-y-herramientas-para-emprendimientos\\\/#breadcrumb\"},\"inLanguage\":\"es\",\"potentialAction\":[{\"@type\":\"ReadAction\",\"target\":[\"https:\\\/\\\/www.manabi.gob.ec\\\/index.php\\\/25-madres-adolescentes-recibieron-capacitacion-en-belleza-y-herramientas-para-emprendimientos\\\/\"]}]},{\"@type\":\"ImageObject\",\"inLanguage\":\"es\",\"@id\":\"https:\\\/\\\/www.manabi.gob.ec\\\/index.php\\\/25-madres-adolescentes-recibieron-capacitacion-en-belleza-y-herramientas-para-emprendimientos\\\/#primaryimage\",\"url\":\"https:\\\/\\\/www.manabi.gob.ec\\\/wp-content\\\/uploads\\\/2024\\\/07\\\/WhatsApp-Image-2024-07-09-at-9.17.27-AM-scaled.jpeg\",\"contentUrl\":\"https:\\\/\\\/www.manabi.gob.ec\\\/wp-content\\\/uploads\\\/2024\\\/07\\\/WhatsApp-Image-2024-07-09-at-9.17.27-AM-scaled.jpeg\",\"width\":2560,\"height\":1707},{\"@type\":\"BreadcrumbList\",\"@id\":\"https:\\\/\\\/www.manabi.gob.ec\\\/index.php\\\/25-madres-adolescentes-recibieron-capacitacion-en-belleza-y-herramientas-para-emprendimientos\\\/#breadcrumb\",\"itemListElement\":[{\"@type\":\"ListItem\",\"position\":1,\"name\":\"Portada\",\"item\":\"https:\\\/\\\/www.manabi.gob.ec\\\/\"},{\"@type\":\"ListItem\",\"position\":2,\"name\":\"25 madres adolescentes recibieron capacitaci\u00f3n en belleza y herramientas para emprendimientos\"}]},{\"@type\":\"WebSite\",\"@id\":\"https:\\\/\\\/www.manabi.gob.ec\\\/#website\",\"url\":\"https:\\\/\\\/www.manabi.gob.ec\\\/\",\"name\":\"Prefectura de Manab\u00ed\",\"description\":\"P\u00e1gina web de la prefectura\",\"potentialAction\":[{\"@type\":\"SearchAction\",\"target\":{\"@type\":\"EntryPoint\",\"urlTemplate\":\"https:\\\/\\\/www.manabi.gob.ec\\\/?s={search_term_string}\"},\"query-input\":{\"@type\":\"PropertyValueSpecification\",\"valueRequired\":true,\"valueName\":\"search_term_string\"}}],\"inLanguage\":\"es\"},{\"@type\":\"Person\",\"@id\":\"https:\\\/\\\/www.manabi.gob.ec\\\/#\\\/schema\\\/person\\\/c4f117989332ad723a6ced5994aa7d7a\",\"name\":\"Lui Ochoa\",\"image\":{\"@type\":\"ImageObject\",\"inLanguage\":\"es\",\"@id\":\"https:\\\/\\\/secure.gravatar.com\\\/avatar\\\/6e8017d0fe69dead8a95864d2eb6e1e1d8bf8e01194ba49cf7b897ff038126ba?s=96&d=mm&r=g\",\"url\":\"https:\\\/\\\/secure.gravatar.com\\\/avatar\\\/6e8017d0fe69dead8a95864d2eb6e1e1d8bf8e01194ba49cf7b897ff038126ba?s=96&d=mm&r=g\",\"contentUrl\":\"https:\\\/\\\/secure.gravatar.com\\\/avatar\\\/6e8017d0fe69dead8a95864d2eb6e1e1d8bf8e01194ba49cf7b897ff038126ba?s=96&d=mm&r=g\",\"caption\":\"Lui Ochoa\"},\"url\":\"https:\\\/\\\/www.manabi.gob.ec\\\/index.php\\\/author\\\/lochoa\\\/\"}]}<\/script>\n<!-- \/ Yoast SEO plugin. -->","yoast_head_json":{"title":"25 madres adolescentes recibieron capacitaci\u00f3n en belleza y herramientas para emprendimientos - Prefectura de Manab\u00ed","robots":{"index":"index","follow":"follow","max-snippet":"max-snippet:-1","max-image-preview":"max-image-preview:large","max-video-preview":"max-video-preview:-1"},"canonical":"https:\/\/www.manabi.gob.ec\/index.php\/25-madres-adolescentes-recibieron-capacitacion-en-belleza-y-herramientas-para-emprendimientos\/","og_locale":"es_ES","og_type":"article","og_title":"25 madres adolescentes recibieron capacitaci\u00f3n en belleza y herramientas para emprendimientos - Prefectura de Manab\u00ed","og_description":"25 madres adolescentes de zonas urbano-marginales del cant\u00f3n Portoviejo encontraron, en el trabajo conjunto entre la Prefectura de Manab\u00ed y la fundaci\u00f3n Coraz\u00f3n de Mar\u00eda, una oportunidad para salir adelante y mejorar sus condiciones de vida. Las dos instituciones, en base a un convenio, brindaros a estas madres adolescentes capacitaci\u00f3n durante 3 meses, como parte [&hellip;]","og_url":"https:\/\/www.manabi.gob.ec\/index.php\/25-madres-adolescentes-recibieron-capacitacion-en-belleza-y-herramientas-para-emprendimientos\/","og_site_name":"Prefectura de Manab\u00ed","article_published_time":"2024-07-09T15:01:54+00:00","article_modified_time":"2024-07-09T15:01:56+00:00","og_image":[{"width":2560,"height":1707,"url":"https:\/\/www.manabi.gob.ec\/wp-content\/uploads\/2024\/07\/WhatsApp-Image-2024-07-09-at-9.17.27-AM-scaled.jpeg","type":"image\/jpeg"}],"author":"Lui Ochoa","twitter_card":"summary_large_image","twitter_misc":{"Escrito por":"Lui Ochoa","Tiempo de lectura":"2 minutos"},"schema":{"@context":"https:\/\/schema.org","@graph":[{"@type":"Article","@id":"https:\/\/www.manabi.gob.ec\/index.php\/25-madres-adolescentes-recibieron-capacitacion-en-belleza-y-herramientas-para-emprendimientos\/#article","isPartOf":{"@id":"https:\/\/www.manabi.gob.ec\/index.php\/25-madres-adolescentes-recibieron-capacitacion-en-belleza-y-herramientas-para-emprendimientos\/"},"author":{"name":"Lui Ochoa","@id":"https:\/\/www.manabi.gob.ec\/#\/schema\/person\/c4f117989332ad723a6ced5994aa7d7a"},"headline":"25 madres adolescentes recibieron capacitaci\u00f3n en belleza y herramientas para emprendimientos","datePublished":"2024-07-09T15:01:54+00:00","dateModified":"2024-07-09T15:01:56+00:00","mainEntityOfPage":{"@id":"https:\/\/www.manabi.gob.ec\/index.php\/25-madres-adolescentes-recibieron-capacitacion-en-belleza-y-herramientas-para-emprendimientos\/"},"wordCount":379,"image":{"@id":"https:\/\/www.manabi.gob.ec\/index.php\/25-madres-adolescentes-recibieron-capacitacion-en-belleza-y-herramientas-para-emprendimientos\/#primaryimage"},"thumbnailUrl":"https:\/\/www.manabi.gob.ec\/wp-content\/uploads\/2024\/07\/WhatsApp-Image-2024-07-09-at-9.17.27-AM-scaled.jpeg","articleSection":["Ambiente","Desarrollo Social","Noticias","Todas"],"inLanguage":"es"},{"@type":"WebPage","@id":"https:\/\/www.manabi.gob.ec\/index.php\/25-madres-adolescentes-recibieron-capacitacion-en-belleza-y-herramientas-para-emprendimientos\/","url":"https:\/\/www.manabi.gob.ec\/index.php\/25-madres-adolescentes-recibieron-capacitacion-en-belleza-y-herramientas-para-emprendimientos\/","name":"25 madres adolescentes recibieron capacitaci\u00f3n en belleza y herramientas para emprendimientos - Prefectura de Manab\u00ed","isPartOf":{"@id":"https:\/\/www.manabi.gob.ec\/#website"},"primaryImageOfPage":{"@id":"https:\/\/www.manabi.gob.ec\/index.php\/25-madres-adolescentes-recibieron-capacitacion-en-belleza-y-herramientas-para-emprendimientos\/#primaryimage"},"image":{"@id":"https:\/\/www.manabi.gob.ec\/index.php\/25-madres-adolescentes-recibieron-capacitacion-en-belleza-y-herramientas-para-emprendimientos\/#primaryimage"},"thumbnailUrl":"https:\/\/www.manabi.gob.ec\/wp-content\/uploads\/2024\/07\/WhatsApp-Image-2024-07-09-at-9.17.27-AM-scaled.jpeg","datePublished":"2024-07-09T15:01:54+00:00","dateModified":"2024-07-09T15:01:56+00:00","author":{"@id":"https:\/\/www.manabi.gob.ec\/#\/schema\/person\/c4f117989332ad723a6ced5994aa7d7a"},"breadcrumb":{"@id":"https:\/\/www.manabi.gob.ec\/index.php\/25-madres-adolescentes-recibieron-capacitacion-en-belleza-y-herramientas-para-emprendimientos\/#breadcrumb"},"inLanguage":"es","potentialAction":[{"@type":"ReadAction","target":["https:\/\/www.manabi.gob.ec\/index.php\/25-madres-adolescentes-recibieron-capacitacion-en-belleza-y-herramientas-para-emprendimientos\/"]}]},{"@type":"ImageObject","inLanguage":"es","@id":"https:\/\/www.manabi.gob.ec\/index.php\/25-madres-adolescentes-recibieron-capacitacion-en-belleza-y-herramientas-para-emprendimientos\/#primaryimage","url":"https:\/\/www.manabi.gob.ec\/wp-content\/uploads\/2024\/07\/WhatsApp-Image-2024-07-09-at-9.17.27-AM-scaled.jpeg","contentUrl":"https:\/\/www.manabi.gob.ec\/wp-content\/uploads\/2024\/07\/WhatsApp-Image-2024-07-09-at-9.17.27-AM-scaled.jpeg","width":2560,"height":1707},{"@type":"BreadcrumbList","@id":"https:\/\/www.manabi.gob.ec\/index.php\/25-madres-adolescentes-recibieron-capacitacion-en-belleza-y-herramientas-para-emprendimientos\/#breadcrumb","itemListElement":[{"@type":"ListItem","position":1,"name":"Portada","item":"https:\/\/www.manabi.gob.ec\/"},{"@type":"ListItem","position":2,"name":"25 madres adolescentes recibieron capacitaci\u00f3n en belleza y herramientas para emprendimientos"}]},{"@type":"WebSite","@id":"https:\/\/www.manabi.gob.ec\/#website","url":"https:\/\/www.manabi.gob.ec\/","name":"Prefectura de Manab\u00ed","description":"P\u00e1gina web de la prefectura","potentialAction":[{"@type":"SearchAction","target":{"@type":"EntryPoint","urlTemplate":"https:\/\/www.manabi.gob.ec\/?s={search_term_string}"},"query-input":{"@type":"PropertyValueSpecification","valueRequired":true,"valueName":"search_term_string"}}],"inLanguage":"es"},{"@type":"Person","@id":"https:\/\/www.manabi.gob.ec\/#\/schema\/person\/c4f117989332ad723a6ced5994aa7d7a","name":"Lui Ochoa","image":{"@type":"ImageObject","inLanguage":"es","@id":"https:\/\/secure.gravatar.com\/avatar\/6e8017d0fe69dead8a95864d2eb6e1e1d8bf8e01194ba49cf7b897ff038126ba?s=96&d=mm&r=g","url":"https:\/\/secure.gravatar.com\/avatar\/6e8017d0fe69dead8a95864d2eb6e1e1d8bf8e01194ba49cf7b897ff038126ba?s=96&d=mm&r=g","contentUrl":"https:\/\/secure.gravatar.com\/avatar\/6e8017d0fe69dead8a95864d2eb6e1e1d8bf8e01194ba49cf7b897ff038126ba?s=96&d=mm&r=g","caption":"Lui Ochoa"},"url":"https:\/\/www.manabi.gob.ec\/index.php\/author\/lochoa\/"}]}},"jetpack_featured_media_url":"https:\/\/www.manabi.gob.ec\/wp-content\/uploads\/2024\/07\/WhatsApp-Image-2024-07-09-at-9.17.27-AM-scaled.jpeg","_links":{"self":[{"href":"https:\/\/www.manabi.gob.ec\/index.php\/wp-json\/wp\/v2\/posts\/28327","targetHints":{"allow":["GET"]}}],"collection":[{"href":"https:\/\/www.manabi.gob.ec\/index.php\/wp-json\/wp\/v2\/posts"}],"about":[{"href":"https:\/\/www.manabi.gob.ec\/index.php\/wp-json\/wp\/v2\/types\/post"}],"author":[{"embeddable":true,"href":"https:\/\/www.manabi.gob.ec\/index.php\/wp-json\/wp\/v2\/users\/10"}],"replies":[{"embeddable":true,"href":"https:\/\/www.manabi.gob.ec\/index.php\/wp-json\/wp\/v2\/comments?post=28327"}],"version-history":[{"count":1,"href":"https:\/\/www.manabi.gob.ec\/index.php\/wp-json\/wp\/v2\/posts\/28327\/revisions"}],"predecessor-version":[{"id":28329,"href":"https:\/\/www.manabi.gob.ec\/index.php\/wp-json\/wp\/v2\/posts\/28327\/revisions\/28329"}],"wp:featuredmedia":[{"embeddable":true,"href":"https:\/\/www.manabi.gob.ec\/index.php\/wp-json\/wp\/v2\/media\/28328"}],"wp:attachment":[{"href":"https:\/\/www.manabi.gob.ec\/index.php\/wp-json\/wp\/v2\/media?parent=28327"}],"wp:term":[{"taxonomy":"category","embeddable":true,"href":"https:\/\/www.manabi.gob.ec\/index.php\/wp-json\/wp\/v2\/categories?post=28327"},{"taxonomy":"post_tag","embeddable":true,"href":"https:\/\/www.manabi.gob.ec\/index.php\/wp-json\/wp\/v2\/tags?post=28327"}],"curies":[{"name":"wp","href":"https:\/\/api.w.org\/{rel}","templated":true}]}}