{"id":28471,"date":"2024-07-27T22:59:38","date_gmt":"2024-07-27T22:59:38","guid":{"rendered":"https:\/\/www.manabi.gob.ec\/?p=28471"},"modified":"2024-07-27T22:59:48","modified_gmt":"2024-07-27T22:59:48","slug":"avanza-la-reconformacion-del-malecon-de-crucita","status":"publish","type":"post","link":"https:\/\/www.manabi.gob.ec\/index.php\/avanza-la-reconformacion-del-malecon-de-crucita\/","title":{"rendered":"Avanza la reconformaci\u00f3n del malec\u00f3n de Crucita"},"content":{"rendered":"\n<p>El prefecto Leonardo Orlando, acompa\u00f1ando de la presidenta del GAD parroquial de Crucita, Diana Castro; supervisaron este s\u00e1bado 27 de julio, el avance de obra en el malec\u00f3n de Crucita.<\/p>\n\n\n\n<p>Vamos a seguir trabajando de manera articulada con todos los sectores de Crucita, y lo hacemos con un enorme compromiso y cari\u00f1o, dijo el prefecto Leonardo Orlando, mientras recorr\u00eda el malec\u00f3n.<\/p>\n\n\n\n<p>\u00abEl turismo es una de las principales actividades&nbsp; econ\u00f3micas de Crucita, y esta&nbsp; gran obra va a dinamizar la econom\u00eda del cant\u00f3n Portoviejo, y de la provincia\u00bb, sostuvo la autoridad provincial.<\/p>\n\n\n\n<p>La obra tiene un 83% de avance. En la zona de eviscerado de pescado se est\u00e1 colocando la base con la malla triaxial, y piedra escollera para la protecci\u00f3n del malec\u00f3n, indic\u00f3 el ingeniero Rogelio Rengifo, t\u00e9cnico de la Prefectura de Manab\u00ed.<\/p>\n\n\n\n<p>Este s\u00e1bado, desde el sector Las Vegas hasta los Arenales<br>se va a colocar&nbsp; imprimaci\u00f3n asf\u00e1ltica&nbsp; en 4500 metros cuadrados, que equivalen a 500 metros lineales, indic\u00f3 el ingeniero Rogelio.<\/p>\n","protected":false},"excerpt":{"rendered":"<p>El prefecto Leonardo Orlando, acompa\u00f1ando de la presidenta del GAD parroquial de Crucita, Diana Castro; supervisaron este s\u00e1bado 27 de julio, el avance de obra en el malec\u00f3n de Crucita. Vamos a seguir trabajando de manera articulada con todos los sectores de Crucita, y lo hacemos con un enorme compromiso y cari\u00f1o, dijo el prefecto [&hellip;]<\/p>\n","protected":false},"author":10,"featured_media":28472,"comment_status":"closed","ping_status":"closed","sticky":false,"template":"","format":"standard","meta":{"_joinchat":[],"footnotes":""},"categories":[150,222,142,92,181,91,127],"tags":[],"class_list":["post-28471","post","type-post","status-publish","format-standard","has-post-thumbnail","hentry","category-ambiente","category-crucita","category-desarrollo-social","category-noticias-manabi","category-obra-publica","category-todas","category-vialidad"],"yoast_head":"<!-- This site is optimized with the Yoast SEO plugin v27.4 - https:\/\/yoast.com\/product\/yoast-seo-wordpress\/ -->\n<title>Avanza la reconformaci\u00f3n del malec\u00f3n de Crucita - Prefectura de Manab\u00ed<\/title>\n<meta name=\"robots\" content=\"index, follow, max-snippet:-1, max-image-preview:large, max-video-preview:-1\" \/>\n<link rel=\"canonical\" href=\"https:\/\/www.manabi.gob.ec\/index.php\/avanza-la-reconformacion-del-malecon-de-crucita\/\" \/>\n<meta property=\"og:locale\" content=\"es_ES\" \/>\n<meta property=\"og:type\" content=\"article\" \/>\n<meta property=\"og:title\" content=\"Avanza la reconformaci\u00f3n del malec\u00f3n de Crucita - Prefectura de Manab\u00ed\" \/>\n<meta property=\"og:description\" content=\"El prefecto Leonardo Orlando, acompa\u00f1ando de la presidenta del GAD parroquial de Crucita, Diana Castro; supervisaron este s\u00e1bado 27 de julio, el avance de obra en el malec\u00f3n de Crucita. Vamos a seguir trabajando de manera articulada con todos los sectores de Crucita, y lo hacemos con un enorme compromiso y cari\u00f1o, dijo el prefecto [&hellip;]\" \/>\n<meta property=\"og:url\" content=\"https:\/\/www.manabi.gob.ec\/index.php\/avanza-la-reconformacion-del-malecon-de-crucita\/\" \/>\n<meta property=\"og:site_name\" content=\"Prefectura de Manab\u00ed\" \/>\n<meta property=\"article:published_time\" content=\"2024-07-27T22:59:38+00:00\" \/>\n<meta property=\"article:modified_time\" content=\"2024-07-27T22:59:48+00:00\" \/>\n<meta property=\"og:image\" content=\"https:\/\/www.manabi.gob.ec\/wp-content\/uploads\/2024\/07\/WhatsApp-Image-2024-07-27-at-5.43.55-PM-3.jpeg\" \/>\n\t<meta property=\"og:image:width\" content=\"1600\" \/>\n\t<meta property=\"og:image:height\" content=\"1066\" \/>\n\t<meta property=\"og:image:type\" content=\"image\/jpeg\" \/>\n<meta name=\"author\" content=\"Lui Ochoa\" \/>\n<meta name=\"twitter:card\" content=\"summary_large_image\" \/>\n<meta name=\"twitter:label1\" content=\"Escrito por\" \/>\n\t<meta name=\"twitter:data1\" content=\"Lui Ochoa\" \/>\n\t<meta name=\"twitter:label2\" content=\"Tiempo de lectura\" \/>\n\t<meta name=\"twitter:data2\" content=\"1 minuto\" \/>\n<script type=\"application\/ld+json\" class=\"yoast-schema-graph\">{\"@context\":\"https:\\\/\\\/schema.org\",\"@graph\":[{\"@type\":\"Article\",\"@id\":\"https:\\\/\\\/www.manabi.gob.ec\\\/index.php\\\/avanza-la-reconformacion-del-malecon-de-crucita\\\/#article\",\"isPartOf\":{\"@id\":\"https:\\\/\\\/www.manabi.gob.ec\\\/index.php\\\/avanza-la-reconformacion-del-malecon-de-crucita\\\/\"},\"author\":{\"name\":\"Lui Ochoa\",\"@id\":\"https:\\\/\\\/www.manabi.gob.ec\\\/#\\\/schema\\\/person\\\/c4f117989332ad723a6ced5994aa7d7a\"},\"headline\":\"Avanza la reconformaci\u00f3n del malec\u00f3n de Crucita\",\"datePublished\":\"2024-07-27T22:59:38+00:00\",\"dateModified\":\"2024-07-27T22:59:48+00:00\",\"mainEntityOfPage\":{\"@id\":\"https:\\\/\\\/www.manabi.gob.ec\\\/index.php\\\/avanza-la-reconformacion-del-malecon-de-crucita\\\/\"},\"wordCount\":187,\"image\":{\"@id\":\"https:\\\/\\\/www.manabi.gob.ec\\\/index.php\\\/avanza-la-reconformacion-del-malecon-de-crucita\\\/#primaryimage\"},\"thumbnailUrl\":\"https:\\\/\\\/www.manabi.gob.ec\\\/wp-content\\\/uploads\\\/2024\\\/07\\\/WhatsApp-Image-2024-07-27-at-5.43.55-PM-3.jpeg\",\"articleSection\":[\"Ambiente\",\"Crucita\",\"Desarrollo Social\",\"Noticias\",\"Obra P\u00fablica\",\"Todas\",\"Vialidad\"],\"inLanguage\":\"es\"},{\"@type\":\"WebPage\",\"@id\":\"https:\\\/\\\/www.manabi.gob.ec\\\/index.php\\\/avanza-la-reconformacion-del-malecon-de-crucita\\\/\",\"url\":\"https:\\\/\\\/www.manabi.gob.ec\\\/index.php\\\/avanza-la-reconformacion-del-malecon-de-crucita\\\/\",\"name\":\"Avanza la reconformaci\u00f3n del malec\u00f3n de Crucita - Prefectura de Manab\u00ed\",\"isPartOf\":{\"@id\":\"https:\\\/\\\/www.manabi.gob.ec\\\/#website\"},\"primaryImageOfPage\":{\"@id\":\"https:\\\/\\\/www.manabi.gob.ec\\\/index.php\\\/avanza-la-reconformacion-del-malecon-de-crucita\\\/#primaryimage\"},\"image\":{\"@id\":\"https:\\\/\\\/www.manabi.gob.ec\\\/index.php\\\/avanza-la-reconformacion-del-malecon-de-crucita\\\/#primaryimage\"},\"thumbnailUrl\":\"https:\\\/\\\/www.manabi.gob.ec\\\/wp-content\\\/uploads\\\/2024\\\/07\\\/WhatsApp-Image-2024-07-27-at-5.43.55-PM-3.jpeg\",\"datePublished\":\"2024-07-27T22:59:38+00:00\",\"dateModified\":\"2024-07-27T22:59:48+00:00\",\"author\":{\"@id\":\"https:\\\/\\\/www.manabi.gob.ec\\\/#\\\/schema\\\/person\\\/c4f117989332ad723a6ced5994aa7d7a\"},\"breadcrumb\":{\"@id\":\"https:\\\/\\\/www.manabi.gob.ec\\\/index.php\\\/avanza-la-reconformacion-del-malecon-de-crucita\\\/#breadcrumb\"},\"inLanguage\":\"es\",\"potentialAction\":[{\"@type\":\"ReadAction\",\"target\":[\"https:\\\/\\\/www.manabi.gob.ec\\\/index.php\\\/avanza-la-reconformacion-del-malecon-de-crucita\\\/\"]}]},{\"@type\":\"ImageObject\",\"inLanguage\":\"es\",\"@id\":\"https:\\\/\\\/www.manabi.gob.ec\\\/index.php\\\/avanza-la-reconformacion-del-malecon-de-crucita\\\/#primaryimage\",\"url\":\"https:\\\/\\\/www.manabi.gob.ec\\\/wp-content\\\/uploads\\\/2024\\\/07\\\/WhatsApp-Image-2024-07-27-at-5.43.55-PM-3.jpeg\",\"contentUrl\":\"https:\\\/\\\/www.manabi.gob.ec\\\/wp-content\\\/uploads\\\/2024\\\/07\\\/WhatsApp-Image-2024-07-27-at-5.43.55-PM-3.jpeg\",\"width\":1600,\"height\":1066},{\"@type\":\"BreadcrumbList\",\"@id\":\"https:\\\/\\\/www.manabi.gob.ec\\\/index.php\\\/avanza-la-reconformacion-del-malecon-de-crucita\\\/#breadcrumb\",\"itemListElement\":[{\"@type\":\"ListItem\",\"position\":1,\"name\":\"Portada\",\"item\":\"https:\\\/\\\/www.manabi.gob.ec\\\/\"},{\"@type\":\"ListItem\",\"position\":2,\"name\":\"Avanza la reconformaci\u00f3n del malec\u00f3n de Crucita\"}]},{\"@type\":\"WebSite\",\"@id\":\"https:\\\/\\\/www.manabi.gob.ec\\\/#website\",\"url\":\"https:\\\/\\\/www.manabi.gob.ec\\\/\",\"name\":\"Prefectura de Manab\u00ed\",\"description\":\"P\u00e1gina web de la prefectura\",\"potentialAction\":[{\"@type\":\"SearchAction\",\"target\":{\"@type\":\"EntryPoint\",\"urlTemplate\":\"https:\\\/\\\/www.manabi.gob.ec\\\/?s={search_term_string}\"},\"query-input\":{\"@type\":\"PropertyValueSpecification\",\"valueRequired\":true,\"valueName\":\"search_term_string\"}}],\"inLanguage\":\"es\"},{\"@type\":\"Person\",\"@id\":\"https:\\\/\\\/www.manabi.gob.ec\\\/#\\\/schema\\\/person\\\/c4f117989332ad723a6ced5994aa7d7a\",\"name\":\"Lui Ochoa\",\"image\":{\"@type\":\"ImageObject\",\"inLanguage\":\"es\",\"@id\":\"https:\\\/\\\/secure.gravatar.com\\\/avatar\\\/6e8017d0fe69dead8a95864d2eb6e1e1d8bf8e01194ba49cf7b897ff038126ba?s=96&d=mm&r=g\",\"url\":\"https:\\\/\\\/secure.gravatar.com\\\/avatar\\\/6e8017d0fe69dead8a95864d2eb6e1e1d8bf8e01194ba49cf7b897ff038126ba?s=96&d=mm&r=g\",\"contentUrl\":\"https:\\\/\\\/secure.gravatar.com\\\/avatar\\\/6e8017d0fe69dead8a95864d2eb6e1e1d8bf8e01194ba49cf7b897ff038126ba?s=96&d=mm&r=g\",\"caption\":\"Lui Ochoa\"},\"url\":\"https:\\\/\\\/www.manabi.gob.ec\\\/index.php\\\/author\\\/lochoa\\\/\"}]}<\/script>\n<!-- \/ Yoast SEO plugin. -->","yoast_head_json":{"title":"Avanza la reconformaci\u00f3n del malec\u00f3n de Crucita - Prefectura de Manab\u00ed","robots":{"index":"index","follow":"follow","max-snippet":"max-snippet:-1","max-image-preview":"max-image-preview:large","max-video-preview":"max-video-preview:-1"},"canonical":"https:\/\/www.manabi.gob.ec\/index.php\/avanza-la-reconformacion-del-malecon-de-crucita\/","og_locale":"es_ES","og_type":"article","og_title":"Avanza la reconformaci\u00f3n del malec\u00f3n de Crucita - Prefectura de Manab\u00ed","og_description":"El prefecto Leonardo Orlando, acompa\u00f1ando de la presidenta del GAD parroquial de Crucita, Diana Castro; supervisaron este s\u00e1bado 27 de julio, el avance de obra en el malec\u00f3n de Crucita. Vamos a seguir trabajando de manera articulada con todos los sectores de Crucita, y lo hacemos con un enorme compromiso y cari\u00f1o, dijo el prefecto [&hellip;]","og_url":"https:\/\/www.manabi.gob.ec\/index.php\/avanza-la-reconformacion-del-malecon-de-crucita\/","og_site_name":"Prefectura de Manab\u00ed","article_published_time":"2024-07-27T22:59:38+00:00","article_modified_time":"2024-07-27T22:59:48+00:00","og_image":[{"width":1600,"height":1066,"url":"https:\/\/www.manabi.gob.ec\/wp-content\/uploads\/2024\/07\/WhatsApp-Image-2024-07-27-at-5.43.55-PM-3.jpeg","type":"image\/jpeg"}],"author":"Lui Ochoa","twitter_card":"summary_large_image","twitter_misc":{"Escrito por":"Lui Ochoa","Tiempo de lectura":"1 minuto"},"schema":{"@context":"https:\/\/schema.org","@graph":[{"@type":"Article","@id":"https:\/\/www.manabi.gob.ec\/index.php\/avanza-la-reconformacion-del-malecon-de-crucita\/#article","isPartOf":{"@id":"https:\/\/www.manabi.gob.ec\/index.php\/avanza-la-reconformacion-del-malecon-de-crucita\/"},"author":{"name":"Lui Ochoa","@id":"https:\/\/www.manabi.gob.ec\/#\/schema\/person\/c4f117989332ad723a6ced5994aa7d7a"},"headline":"Avanza la reconformaci\u00f3n del malec\u00f3n de Crucita","datePublished":"2024-07-27T22:59:38+00:00","dateModified":"2024-07-27T22:59:48+00:00","mainEntityOfPage":{"@id":"https:\/\/www.manabi.gob.ec\/index.php\/avanza-la-reconformacion-del-malecon-de-crucita\/"},"wordCount":187,"image":{"@id":"https:\/\/www.manabi.gob.ec\/index.php\/avanza-la-reconformacion-del-malecon-de-crucita\/#primaryimage"},"thumbnailUrl":"https:\/\/www.manabi.gob.ec\/wp-content\/uploads\/2024\/07\/WhatsApp-Image-2024-07-27-at-5.43.55-PM-3.jpeg","articleSection":["Ambiente","Crucita","Desarrollo Social","Noticias","Obra P\u00fablica","Todas","Vialidad"],"inLanguage":"es"},{"@type":"WebPage","@id":"https:\/\/www.manabi.gob.ec\/index.php\/avanza-la-reconformacion-del-malecon-de-crucita\/","url":"https:\/\/www.manabi.gob.ec\/index.php\/avanza-la-reconformacion-del-malecon-de-crucita\/","name":"Avanza la reconformaci\u00f3n del malec\u00f3n de Crucita - Prefectura de Manab\u00ed","isPartOf":{"@id":"https:\/\/www.manabi.gob.ec\/#website"},"primaryImageOfPage":{"@id":"https:\/\/www.manabi.gob.ec\/index.php\/avanza-la-reconformacion-del-malecon-de-crucita\/#primaryimage"},"image":{"@id":"https:\/\/www.manabi.gob.ec\/index.php\/avanza-la-reconformacion-del-malecon-de-crucita\/#primaryimage"},"thumbnailUrl":"https:\/\/www.manabi.gob.ec\/wp-content\/uploads\/2024\/07\/WhatsApp-Image-2024-07-27-at-5.43.55-PM-3.jpeg","datePublished":"2024-07-27T22:59:38+00:00","dateModified":"2024-07-27T22:59:48+00:00","author":{"@id":"https:\/\/www.manabi.gob.ec\/#\/schema\/person\/c4f117989332ad723a6ced5994aa7d7a"},"breadcrumb":{"@id":"https:\/\/www.manabi.gob.ec\/index.php\/avanza-la-reconformacion-del-malecon-de-crucita\/#breadcrumb"},"inLanguage":"es","potentialAction":[{"@type":"ReadAction","target":["https:\/\/www.manabi.gob.ec\/index.php\/avanza-la-reconformacion-del-malecon-de-crucita\/"]}]},{"@type":"ImageObject","inLanguage":"es","@id":"https:\/\/www.manabi.gob.ec\/index.php\/avanza-la-reconformacion-del-malecon-de-crucita\/#primaryimage","url":"https:\/\/www.manabi.gob.ec\/wp-content\/uploads\/2024\/07\/WhatsApp-Image-2024-07-27-at-5.43.55-PM-3.jpeg","contentUrl":"https:\/\/www.manabi.gob.ec\/wp-content\/uploads\/2024\/07\/WhatsApp-Image-2024-07-27-at-5.43.55-PM-3.jpeg","width":1600,"height":1066},{"@type":"BreadcrumbList","@id":"https:\/\/www.manabi.gob.ec\/index.php\/avanza-la-reconformacion-del-malecon-de-crucita\/#breadcrumb","itemListElement":[{"@type":"ListItem","position":1,"name":"Portada","item":"https:\/\/www.manabi.gob.ec\/"},{"@type":"ListItem","position":2,"name":"Avanza la reconformaci\u00f3n del malec\u00f3n de Crucita"}]},{"@type":"WebSite","@id":"https:\/\/www.manabi.gob.ec\/#website","url":"https:\/\/www.manabi.gob.ec\/","name":"Prefectura de Manab\u00ed","description":"P\u00e1gina web de la prefectura","potentialAction":[{"@type":"SearchAction","target":{"@type":"EntryPoint","urlTemplate":"https:\/\/www.manabi.gob.ec\/?s={search_term_string}"},"query-input":{"@type":"PropertyValueSpecification","valueRequired":true,"valueName":"search_term_string"}}],"inLanguage":"es"},{"@type":"Person","@id":"https:\/\/www.manabi.gob.ec\/#\/schema\/person\/c4f117989332ad723a6ced5994aa7d7a","name":"Lui Ochoa","image":{"@type":"ImageObject","inLanguage":"es","@id":"https:\/\/secure.gravatar.com\/avatar\/6e8017d0fe69dead8a95864d2eb6e1e1d8bf8e01194ba49cf7b897ff038126ba?s=96&d=mm&r=g","url":"https:\/\/secure.gravatar.com\/avatar\/6e8017d0fe69dead8a95864d2eb6e1e1d8bf8e01194ba49cf7b897ff038126ba?s=96&d=mm&r=g","contentUrl":"https:\/\/secure.gravatar.com\/avatar\/6e8017d0fe69dead8a95864d2eb6e1e1d8bf8e01194ba49cf7b897ff038126ba?s=96&d=mm&r=g","caption":"Lui Ochoa"},"url":"https:\/\/www.manabi.gob.ec\/index.php\/author\/lochoa\/"}]}},"jetpack_featured_media_url":"https:\/\/www.manabi.gob.ec\/wp-content\/uploads\/2024\/07\/WhatsApp-Image-2024-07-27-at-5.43.55-PM-3.jpeg","_links":{"self":[{"href":"https:\/\/www.manabi.gob.ec\/index.php\/wp-json\/wp\/v2\/posts\/28471","targetHints":{"allow":["GET"]}}],"collection":[{"href":"https:\/\/www.manabi.gob.ec\/index.php\/wp-json\/wp\/v2\/posts"}],"about":[{"href":"https:\/\/www.manabi.gob.ec\/index.php\/wp-json\/wp\/v2\/types\/post"}],"author":[{"embeddable":true,"href":"https:\/\/www.manabi.gob.ec\/index.php\/wp-json\/wp\/v2\/users\/10"}],"replies":[{"embeddable":true,"href":"https:\/\/www.manabi.gob.ec\/index.php\/wp-json\/wp\/v2\/comments?post=28471"}],"version-history":[{"count":1,"href":"https:\/\/www.manabi.gob.ec\/index.php\/wp-json\/wp\/v2\/posts\/28471\/revisions"}],"predecessor-version":[{"id":28473,"href":"https:\/\/www.manabi.gob.ec\/index.php\/wp-json\/wp\/v2\/posts\/28471\/revisions\/28473"}],"wp:featuredmedia":[{"embeddable":true,"href":"https:\/\/www.manabi.gob.ec\/index.php\/wp-json\/wp\/v2\/media\/28472"}],"wp:attachment":[{"href":"https:\/\/www.manabi.gob.ec\/index.php\/wp-json\/wp\/v2\/media?parent=28471"}],"wp:term":[{"taxonomy":"category","embeddable":true,"href":"https:\/\/www.manabi.gob.ec\/index.php\/wp-json\/wp\/v2\/categories?post=28471"},{"taxonomy":"post_tag","embeddable":true,"href":"https:\/\/www.manabi.gob.ec\/index.php\/wp-json\/wp\/v2\/tags?post=28471"}],"curies":[{"name":"wp","href":"https:\/\/api.w.org\/{rel}","templated":true}]}}