{"id":28478,"date":"2024-07-28T14:28:38","date_gmt":"2024-07-28T14:28:38","guid":{"rendered":"https:\/\/www.manabi.gob.ec\/?p=28478"},"modified":"2024-07-28T15:05:34","modified_gmt":"2024-07-28T15:05:34","slug":"feliz-aniversario-boyaca","status":"publish","type":"post","link":"https:\/\/www.manabi.gob.ec\/index.php\/feliz-aniversario-boyaca\/","title":{"rendered":"\u00a1FELIZ ANIVERSARIO BOYAC\u00c1!"},"content":{"rendered":"\n<p>Boyac\u00e1 celebr\u00f3 aniversario 104 con el anuncio de obras bicentenarias<\/p>\n\n\n\n<p>Hoy celebramos los 104 a\u00f1os de Boyac\u00e1 con obras de dignidad y esperanza, en pocos d\u00edas m\u00e1s adjudicaremos el puente sobre el r\u00edo Boyac\u00e1, manifest\u00f3 el prefecto Leonardo Orlando, durante la sesi\u00f3n solemne que se realiz\u00f3 este s\u00e1bado 27 de julio.<\/p>\n\n\n\n<p>El viaducto de hormig\u00f3n armado tendr\u00e1 16 metros de longitud y 8,40 metros de ancho; estar\u00e1 ubicado en la salida de la cabecera parroquial, en la v\u00eda Boyac\u00e1 &#8211; Capricho &#8211; San Agust\u00edn &#8211; San Miguel de Brice\u00f1o, en la hacienda San Ignacio. El monto referencial de esta gran obra con fiscalizaci\u00f3n es de 616 mil d\u00f3lares, financiado por el Banco de Desarrollo del Ecuador.<\/p>\n\n\n\n<p>El Prefecto, tambi\u00e9n anunci\u00f3 que en el transcurso de esta semana se comenzar\u00e1 las intervenciones en las v\u00edas: San Miguel de Brice\u00f1o en la hacienda San Ignacio, y en San Agust\u00edn &#8211; El Capricho &#8211; Boyac\u00e1.<\/p>\n\n\n\n<p>Estas dos v\u00edas se conectan con el eje vial Centro Norte, integr\u00e1ndose los cantones Chone y San Vicente.<\/p>\n\n\n\n<p>Ser\u00e1 prioridad la planificaci\u00f3n de los estudios del puente en el sitio San Agust\u00edn, sobre el r\u00edo Brice\u00f1o, y el bad\u00e9n en el r\u00edo Capricho. Fortaleciendose de esta manera el eje vial Centro Norte, que junto al puente en va a construirse en Boyac\u00e1 completa la conectividad de esta ruta, indic\u00f3 la autoridad provincial.<\/p>\n\n\n\n<p>Otro aspecto que resalt\u00f3 el Prefecto, fue el mantenimiento integral que recibir\u00e1 la v\u00eda Chone &#8211; Boyac\u00e1.&nbsp;<\/p>\n\n\n\n<p>El fomento a la producci\u00f3n, las escuelas de campo, las terapias f\u00edsicas en el centro de rehabilitaci\u00f3n y entrenando valores son obras que ejecuta la Prefectura de Manab\u00ed en Boyac\u00e1.<\/p>\n\n\n\n<p>Reconocimiento:<\/p>\n\n\n\n<p>El prefecto Leonardo Orlando,<\/p>\n\n\n\n<p>recibi\u00f3 una placa de reconocimiento&nbsp;por su labor y compromiso de trabajo en seguir trasformando la provincia.<\/p>\n","protected":false},"excerpt":{"rendered":"<p>Boyac\u00e1 celebr\u00f3 aniversario 104 con el anuncio de obras bicentenarias Hoy celebramos los 104 a\u00f1os de Boyac\u00e1 con obras de dignidad y esperanza, en pocos d\u00edas m\u00e1s adjudicaremos el puente sobre el r\u00edo Boyac\u00e1, manifest\u00f3 el prefecto Leonardo Orlando, durante la sesi\u00f3n solemne que se realiz\u00f3 este s\u00e1bado 27 de julio. El viaducto de hormig\u00f3n [&hellip;]<\/p>\n","protected":false},"author":10,"featured_media":28480,"comment_status":"closed","ping_status":"","sticky":false,"template":"","format":"standard","meta":{"_joinchat":[],"footnotes":""},"categories":[150,142,92,181,91],"tags":[197],"class_list":["post-28478","post","type-post","status-publish","format-standard","has-post-thumbnail","hentry","category-ambiente","category-desarrollo-social","category-noticias-manabi","category-obra-publica","category-todas","tag-manabi"],"yoast_head":"<!-- This site is optimized with the Yoast SEO plugin v27.4 - https:\/\/yoast.com\/product\/yoast-seo-wordpress\/ -->\n<title>\u00a1FELIZ ANIVERSARIO BOYAC\u00c1! - Prefectura de Manab\u00ed<\/title>\n<meta name=\"robots\" content=\"index, follow, max-snippet:-1, max-image-preview:large, max-video-preview:-1\" \/>\n<link rel=\"canonical\" href=\"https:\/\/www.manabi.gob.ec\/index.php\/feliz-aniversario-boyaca\/\" \/>\n<meta property=\"og:locale\" content=\"es_ES\" \/>\n<meta property=\"og:type\" content=\"article\" \/>\n<meta property=\"og:title\" content=\"\u00a1FELIZ ANIVERSARIO BOYAC\u00c1! - Prefectura de Manab\u00ed\" \/>\n<meta property=\"og:description\" content=\"Boyac\u00e1 celebr\u00f3 aniversario 104 con el anuncio de obras bicentenarias Hoy celebramos los 104 a\u00f1os de Boyac\u00e1 con obras de dignidad y esperanza, en pocos d\u00edas m\u00e1s adjudicaremos el puente sobre el r\u00edo Boyac\u00e1, manifest\u00f3 el prefecto Leonardo Orlando, durante la sesi\u00f3n solemne que se realiz\u00f3 este s\u00e1bado 27 de julio. El viaducto de hormig\u00f3n [&hellip;]\" \/>\n<meta property=\"og:url\" content=\"https:\/\/www.manabi.gob.ec\/index.php\/feliz-aniversario-boyaca\/\" \/>\n<meta property=\"og:site_name\" content=\"Prefectura de Manab\u00ed\" \/>\n<meta property=\"article:published_time\" content=\"2024-07-28T14:28:38+00:00\" \/>\n<meta property=\"article:modified_time\" content=\"2024-07-28T15:05:34+00:00\" \/>\n<meta property=\"og:image\" content=\"https:\/\/www.manabi.gob.ec\/wp-content\/uploads\/2024\/07\/d5ee3a36-a29e-4e45-b506-12f54168336e-1.jpg\" \/>\n\t<meta property=\"og:image:width\" content=\"1280\" \/>\n\t<meta property=\"og:image:height\" content=\"852\" \/>\n\t<meta property=\"og:image:type\" content=\"image\/jpeg\" \/>\n<meta name=\"author\" content=\"Lui Ochoa\" \/>\n<meta name=\"twitter:card\" content=\"summary_large_image\" \/>\n<meta name=\"twitter:label1\" content=\"Escrito por\" \/>\n\t<meta name=\"twitter:data1\" content=\"Lui Ochoa\" \/>\n\t<meta name=\"twitter:label2\" content=\"Tiempo de lectura\" \/>\n\t<meta name=\"twitter:data2\" content=\"2 minutos\" \/>\n<script type=\"application\/ld+json\" class=\"yoast-schema-graph\">{\"@context\":\"https:\\\/\\\/schema.org\",\"@graph\":[{\"@type\":\"Article\",\"@id\":\"https:\\\/\\\/www.manabi.gob.ec\\\/index.php\\\/feliz-aniversario-boyaca\\\/#article\",\"isPartOf\":{\"@id\":\"https:\\\/\\\/www.manabi.gob.ec\\\/index.php\\\/feliz-aniversario-boyaca\\\/\"},\"author\":{\"name\":\"Lui Ochoa\",\"@id\":\"https:\\\/\\\/www.manabi.gob.ec\\\/#\\\/schema\\\/person\\\/c4f117989332ad723a6ced5994aa7d7a\"},\"headline\":\"\u00a1FELIZ ANIVERSARIO BOYAC\u00c1!\",\"datePublished\":\"2024-07-28T14:28:38+00:00\",\"dateModified\":\"2024-07-28T15:05:34+00:00\",\"mainEntityOfPage\":{\"@id\":\"https:\\\/\\\/www.manabi.gob.ec\\\/index.php\\\/feliz-aniversario-boyaca\\\/\"},\"wordCount\":320,\"image\":{\"@id\":\"https:\\\/\\\/www.manabi.gob.ec\\\/index.php\\\/feliz-aniversario-boyaca\\\/#primaryimage\"},\"thumbnailUrl\":\"https:\\\/\\\/www.manabi.gob.ec\\\/wp-content\\\/uploads\\\/2024\\\/07\\\/d5ee3a36-a29e-4e45-b506-12f54168336e-1.jpg\",\"keywords\":[\"manab\u00ed\"],\"articleSection\":[\"Ambiente\",\"Desarrollo Social\",\"Noticias\",\"Obra P\u00fablica\",\"Todas\"],\"inLanguage\":\"es\"},{\"@type\":\"WebPage\",\"@id\":\"https:\\\/\\\/www.manabi.gob.ec\\\/index.php\\\/feliz-aniversario-boyaca\\\/\",\"url\":\"https:\\\/\\\/www.manabi.gob.ec\\\/index.php\\\/feliz-aniversario-boyaca\\\/\",\"name\":\"\u00a1FELIZ ANIVERSARIO BOYAC\u00c1! - Prefectura de Manab\u00ed\",\"isPartOf\":{\"@id\":\"https:\\\/\\\/www.manabi.gob.ec\\\/#website\"},\"primaryImageOfPage\":{\"@id\":\"https:\\\/\\\/www.manabi.gob.ec\\\/index.php\\\/feliz-aniversario-boyaca\\\/#primaryimage\"},\"image\":{\"@id\":\"https:\\\/\\\/www.manabi.gob.ec\\\/index.php\\\/feliz-aniversario-boyaca\\\/#primaryimage\"},\"thumbnailUrl\":\"https:\\\/\\\/www.manabi.gob.ec\\\/wp-content\\\/uploads\\\/2024\\\/07\\\/d5ee3a36-a29e-4e45-b506-12f54168336e-1.jpg\",\"datePublished\":\"2024-07-28T14:28:38+00:00\",\"dateModified\":\"2024-07-28T15:05:34+00:00\",\"author\":{\"@id\":\"https:\\\/\\\/www.manabi.gob.ec\\\/#\\\/schema\\\/person\\\/c4f117989332ad723a6ced5994aa7d7a\"},\"breadcrumb\":{\"@id\":\"https:\\\/\\\/www.manabi.gob.ec\\\/index.php\\\/feliz-aniversario-boyaca\\\/#breadcrumb\"},\"inLanguage\":\"es\",\"potentialAction\":[{\"@type\":\"ReadAction\",\"target\":[\"https:\\\/\\\/www.manabi.gob.ec\\\/index.php\\\/feliz-aniversario-boyaca\\\/\"]}]},{\"@type\":\"ImageObject\",\"inLanguage\":\"es\",\"@id\":\"https:\\\/\\\/www.manabi.gob.ec\\\/index.php\\\/feliz-aniversario-boyaca\\\/#primaryimage\",\"url\":\"https:\\\/\\\/www.manabi.gob.ec\\\/wp-content\\\/uploads\\\/2024\\\/07\\\/d5ee3a36-a29e-4e45-b506-12f54168336e-1.jpg\",\"contentUrl\":\"https:\\\/\\\/www.manabi.gob.ec\\\/wp-content\\\/uploads\\\/2024\\\/07\\\/d5ee3a36-a29e-4e45-b506-12f54168336e-1.jpg\",\"width\":1280,\"height\":852},{\"@type\":\"BreadcrumbList\",\"@id\":\"https:\\\/\\\/www.manabi.gob.ec\\\/index.php\\\/feliz-aniversario-boyaca\\\/#breadcrumb\",\"itemListElement\":[{\"@type\":\"ListItem\",\"position\":1,\"name\":\"Portada\",\"item\":\"https:\\\/\\\/www.manabi.gob.ec\\\/\"},{\"@type\":\"ListItem\",\"position\":2,\"name\":\"\u00a1FELIZ ANIVERSARIO BOYAC\u00c1!\"}]},{\"@type\":\"WebSite\",\"@id\":\"https:\\\/\\\/www.manabi.gob.ec\\\/#website\",\"url\":\"https:\\\/\\\/www.manabi.gob.ec\\\/\",\"name\":\"Prefectura de Manab\u00ed\",\"description\":\"P\u00e1gina web de la prefectura\",\"potentialAction\":[{\"@type\":\"SearchAction\",\"target\":{\"@type\":\"EntryPoint\",\"urlTemplate\":\"https:\\\/\\\/www.manabi.gob.ec\\\/?s={search_term_string}\"},\"query-input\":{\"@type\":\"PropertyValueSpecification\",\"valueRequired\":true,\"valueName\":\"search_term_string\"}}],\"inLanguage\":\"es\"},{\"@type\":\"Person\",\"@id\":\"https:\\\/\\\/www.manabi.gob.ec\\\/#\\\/schema\\\/person\\\/c4f117989332ad723a6ced5994aa7d7a\",\"name\":\"Lui Ochoa\",\"image\":{\"@type\":\"ImageObject\",\"inLanguage\":\"es\",\"@id\":\"https:\\\/\\\/secure.gravatar.com\\\/avatar\\\/6e8017d0fe69dead8a95864d2eb6e1e1d8bf8e01194ba49cf7b897ff038126ba?s=96&d=mm&r=g\",\"url\":\"https:\\\/\\\/secure.gravatar.com\\\/avatar\\\/6e8017d0fe69dead8a95864d2eb6e1e1d8bf8e01194ba49cf7b897ff038126ba?s=96&d=mm&r=g\",\"contentUrl\":\"https:\\\/\\\/secure.gravatar.com\\\/avatar\\\/6e8017d0fe69dead8a95864d2eb6e1e1d8bf8e01194ba49cf7b897ff038126ba?s=96&d=mm&r=g\",\"caption\":\"Lui Ochoa\"},\"url\":\"https:\\\/\\\/www.manabi.gob.ec\\\/index.php\\\/author\\\/lochoa\\\/\"}]}<\/script>\n<!-- \/ Yoast SEO plugin. -->","yoast_head_json":{"title":"\u00a1FELIZ ANIVERSARIO BOYAC\u00c1! - Prefectura de Manab\u00ed","robots":{"index":"index","follow":"follow","max-snippet":"max-snippet:-1","max-image-preview":"max-image-preview:large","max-video-preview":"max-video-preview:-1"},"canonical":"https:\/\/www.manabi.gob.ec\/index.php\/feliz-aniversario-boyaca\/","og_locale":"es_ES","og_type":"article","og_title":"\u00a1FELIZ ANIVERSARIO BOYAC\u00c1! - Prefectura de Manab\u00ed","og_description":"Boyac\u00e1 celebr\u00f3 aniversario 104 con el anuncio de obras bicentenarias Hoy celebramos los 104 a\u00f1os de Boyac\u00e1 con obras de dignidad y esperanza, en pocos d\u00edas m\u00e1s adjudicaremos el puente sobre el r\u00edo Boyac\u00e1, manifest\u00f3 el prefecto Leonardo Orlando, durante la sesi\u00f3n solemne que se realiz\u00f3 este s\u00e1bado 27 de julio. El viaducto de hormig\u00f3n [&hellip;]","og_url":"https:\/\/www.manabi.gob.ec\/index.php\/feliz-aniversario-boyaca\/","og_site_name":"Prefectura de Manab\u00ed","article_published_time":"2024-07-28T14:28:38+00:00","article_modified_time":"2024-07-28T15:05:34+00:00","og_image":[{"width":1280,"height":852,"url":"https:\/\/www.manabi.gob.ec\/wp-content\/uploads\/2024\/07\/d5ee3a36-a29e-4e45-b506-12f54168336e-1.jpg","type":"image\/jpeg"}],"author":"Lui Ochoa","twitter_card":"summary_large_image","twitter_misc":{"Escrito por":"Lui Ochoa","Tiempo de lectura":"2 minutos"},"schema":{"@context":"https:\/\/schema.org","@graph":[{"@type":"Article","@id":"https:\/\/www.manabi.gob.ec\/index.php\/feliz-aniversario-boyaca\/#article","isPartOf":{"@id":"https:\/\/www.manabi.gob.ec\/index.php\/feliz-aniversario-boyaca\/"},"author":{"name":"Lui Ochoa","@id":"https:\/\/www.manabi.gob.ec\/#\/schema\/person\/c4f117989332ad723a6ced5994aa7d7a"},"headline":"\u00a1FELIZ ANIVERSARIO BOYAC\u00c1!","datePublished":"2024-07-28T14:28:38+00:00","dateModified":"2024-07-28T15:05:34+00:00","mainEntityOfPage":{"@id":"https:\/\/www.manabi.gob.ec\/index.php\/feliz-aniversario-boyaca\/"},"wordCount":320,"image":{"@id":"https:\/\/www.manabi.gob.ec\/index.php\/feliz-aniversario-boyaca\/#primaryimage"},"thumbnailUrl":"https:\/\/www.manabi.gob.ec\/wp-content\/uploads\/2024\/07\/d5ee3a36-a29e-4e45-b506-12f54168336e-1.jpg","keywords":["manab\u00ed"],"articleSection":["Ambiente","Desarrollo Social","Noticias","Obra P\u00fablica","Todas"],"inLanguage":"es"},{"@type":"WebPage","@id":"https:\/\/www.manabi.gob.ec\/index.php\/feliz-aniversario-boyaca\/","url":"https:\/\/www.manabi.gob.ec\/index.php\/feliz-aniversario-boyaca\/","name":"\u00a1FELIZ ANIVERSARIO BOYAC\u00c1! - Prefectura de Manab\u00ed","isPartOf":{"@id":"https:\/\/www.manabi.gob.ec\/#website"},"primaryImageOfPage":{"@id":"https:\/\/www.manabi.gob.ec\/index.php\/feliz-aniversario-boyaca\/#primaryimage"},"image":{"@id":"https:\/\/www.manabi.gob.ec\/index.php\/feliz-aniversario-boyaca\/#primaryimage"},"thumbnailUrl":"https:\/\/www.manabi.gob.ec\/wp-content\/uploads\/2024\/07\/d5ee3a36-a29e-4e45-b506-12f54168336e-1.jpg","datePublished":"2024-07-28T14:28:38+00:00","dateModified":"2024-07-28T15:05:34+00:00","author":{"@id":"https:\/\/www.manabi.gob.ec\/#\/schema\/person\/c4f117989332ad723a6ced5994aa7d7a"},"breadcrumb":{"@id":"https:\/\/www.manabi.gob.ec\/index.php\/feliz-aniversario-boyaca\/#breadcrumb"},"inLanguage":"es","potentialAction":[{"@type":"ReadAction","target":["https:\/\/www.manabi.gob.ec\/index.php\/feliz-aniversario-boyaca\/"]}]},{"@type":"ImageObject","inLanguage":"es","@id":"https:\/\/www.manabi.gob.ec\/index.php\/feliz-aniversario-boyaca\/#primaryimage","url":"https:\/\/www.manabi.gob.ec\/wp-content\/uploads\/2024\/07\/d5ee3a36-a29e-4e45-b506-12f54168336e-1.jpg","contentUrl":"https:\/\/www.manabi.gob.ec\/wp-content\/uploads\/2024\/07\/d5ee3a36-a29e-4e45-b506-12f54168336e-1.jpg","width":1280,"height":852},{"@type":"BreadcrumbList","@id":"https:\/\/www.manabi.gob.ec\/index.php\/feliz-aniversario-boyaca\/#breadcrumb","itemListElement":[{"@type":"ListItem","position":1,"name":"Portada","item":"https:\/\/www.manabi.gob.ec\/"},{"@type":"ListItem","position":2,"name":"\u00a1FELIZ ANIVERSARIO BOYAC\u00c1!"}]},{"@type":"WebSite","@id":"https:\/\/www.manabi.gob.ec\/#website","url":"https:\/\/www.manabi.gob.ec\/","name":"Prefectura de Manab\u00ed","description":"P\u00e1gina web de la prefectura","potentialAction":[{"@type":"SearchAction","target":{"@type":"EntryPoint","urlTemplate":"https:\/\/www.manabi.gob.ec\/?s={search_term_string}"},"query-input":{"@type":"PropertyValueSpecification","valueRequired":true,"valueName":"search_term_string"}}],"inLanguage":"es"},{"@type":"Person","@id":"https:\/\/www.manabi.gob.ec\/#\/schema\/person\/c4f117989332ad723a6ced5994aa7d7a","name":"Lui Ochoa","image":{"@type":"ImageObject","inLanguage":"es","@id":"https:\/\/secure.gravatar.com\/avatar\/6e8017d0fe69dead8a95864d2eb6e1e1d8bf8e01194ba49cf7b897ff038126ba?s=96&d=mm&r=g","url":"https:\/\/secure.gravatar.com\/avatar\/6e8017d0fe69dead8a95864d2eb6e1e1d8bf8e01194ba49cf7b897ff038126ba?s=96&d=mm&r=g","contentUrl":"https:\/\/secure.gravatar.com\/avatar\/6e8017d0fe69dead8a95864d2eb6e1e1d8bf8e01194ba49cf7b897ff038126ba?s=96&d=mm&r=g","caption":"Lui Ochoa"},"url":"https:\/\/www.manabi.gob.ec\/index.php\/author\/lochoa\/"}]}},"jetpack_featured_media_url":"https:\/\/www.manabi.gob.ec\/wp-content\/uploads\/2024\/07\/d5ee3a36-a29e-4e45-b506-12f54168336e-1.jpg","_links":{"self":[{"href":"https:\/\/www.manabi.gob.ec\/index.php\/wp-json\/wp\/v2\/posts\/28478","targetHints":{"allow":["GET"]}}],"collection":[{"href":"https:\/\/www.manabi.gob.ec\/index.php\/wp-json\/wp\/v2\/posts"}],"about":[{"href":"https:\/\/www.manabi.gob.ec\/index.php\/wp-json\/wp\/v2\/types\/post"}],"author":[{"embeddable":true,"href":"https:\/\/www.manabi.gob.ec\/index.php\/wp-json\/wp\/v2\/users\/10"}],"replies":[{"embeddable":true,"href":"https:\/\/www.manabi.gob.ec\/index.php\/wp-json\/wp\/v2\/comments?post=28478"}],"version-history":[{"count":1,"href":"https:\/\/www.manabi.gob.ec\/index.php\/wp-json\/wp\/v2\/posts\/28478\/revisions"}],"predecessor-version":[{"id":28479,"href":"https:\/\/www.manabi.gob.ec\/index.php\/wp-json\/wp\/v2\/posts\/28478\/revisions\/28479"}],"wp:featuredmedia":[{"embeddable":true,"href":"https:\/\/www.manabi.gob.ec\/index.php\/wp-json\/wp\/v2\/media\/28480"}],"wp:attachment":[{"href":"https:\/\/www.manabi.gob.ec\/index.php\/wp-json\/wp\/v2\/media?parent=28478"}],"wp:term":[{"taxonomy":"category","embeddable":true,"href":"https:\/\/www.manabi.gob.ec\/index.php\/wp-json\/wp\/v2\/categories?post=28478"},{"taxonomy":"post_tag","embeddable":true,"href":"https:\/\/www.manabi.gob.ec\/index.php\/wp-json\/wp\/v2\/tags?post=28478"}],"curies":[{"name":"wp","href":"https:\/\/api.w.org\/{rel}","templated":true}]}}