{"id":28598,"date":"2024-08-02T15:57:32","date_gmt":"2024-08-02T15:57:32","guid":{"rendered":"https:\/\/www.manabi.gob.ec\/?p=28598"},"modified":"2024-08-02T15:57:46","modified_gmt":"2024-08-02T15:57:46","slug":"cuerpos-de-bomberos-recibiran-equipos-basicos-para-atender-emergencias-forestales","status":"publish","type":"post","link":"https:\/\/www.manabi.gob.ec\/index.php\/cuerpos-de-bomberos-recibiran-equipos-basicos-para-atender-emergencias-forestales\/","title":{"rendered":"Cuerpos de Bomberos recibir\u00e1n equipos b\u00e1sicos para atender emergencias forestales"},"content":{"rendered":"\n<p><\/p>\n\n\n\n<p>El prefecto, Leonardo Orlando, y el comandante de la Jefatura Provincial del Cuerpo de Bomberos de Manab\u00ed, Alexi Reyes, firmaron este mi\u00e9rcoles 31 de julio, una carta de compromiso para la donaci\u00f3n de equipos b\u00e1sicos para atender los incendios forestales.<\/p>\n\n\n\n<p>\u00abLa tecnolog\u00eda, la infraestructura y el equipamiento son importantes, pero nadie va a reemplazar los valores, la m\u00edstica, y la vocaci\u00f3n de servicio de cada uno de ustedes\u00bb, manifest\u00f3 el prefecto, Leonardo Orlando.<\/p>\n\n\n\n<p>Esta gran obra en beneficio de los \u201cCasaca Rojas\u201d de los 22 cantones de Manab\u00ed, representa una inversi\u00f3n de aproximadamente 520 mil d\u00f3lares.<\/p>\n\n\n\n<p>La primera fase contempla la entrega de equipos forestales y de control de abejas por un monto de $252.772, 08 d\u00f3lares. La segunda fase del proyecto se tiene planificado ejecutarlo el pr\u00f3ximo a\u00f1o, indic\u00f3 el Prefecto.<\/p>\n\n\n\n<p>En la reuni\u00f3n, la autoridad provincial dijo que va a seguir impulsando, desde el Comit\u00e9 de Reconstrucci\u00f3n, la construcci\u00f3n de las estaciones que fueron afectadas por el 16A.<\/p>\n","protected":false},"excerpt":{"rendered":"<p>El prefecto, Leonardo Orlando, y el comandante de la Jefatura Provincial del Cuerpo de Bomberos de Manab\u00ed, Alexi Reyes, firmaron este mi\u00e9rcoles 31 de julio, una carta de compromiso para la donaci\u00f3n de equipos b\u00e1sicos para atender los incendios forestales. \u00abLa tecnolog\u00eda, la infraestructura y el equipamiento son importantes, pero nadie va a reemplazar los [&hellip;]<\/p>\n","protected":false},"author":10,"featured_media":28599,"comment_status":"closed","ping_status":"closed","sticky":false,"template":"","format":"standard","meta":{"_joinchat":[],"footnotes":""},"categories":[150,142,92,91],"tags":[],"class_list":["post-28598","post","type-post","status-publish","format-standard","has-post-thumbnail","hentry","category-ambiente","category-desarrollo-social","category-noticias-manabi","category-todas"],"yoast_head":"<!-- This site is optimized with the Yoast SEO plugin v27.4 - https:\/\/yoast.com\/product\/yoast-seo-wordpress\/ -->\n<title>Cuerpos de Bomberos recibir\u00e1n equipos b\u00e1sicos para atender emergencias forestales - Prefectura de Manab\u00ed<\/title>\n<meta name=\"robots\" content=\"index, follow, max-snippet:-1, max-image-preview:large, max-video-preview:-1\" \/>\n<link rel=\"canonical\" href=\"https:\/\/www.manabi.gob.ec\/index.php\/cuerpos-de-bomberos-recibiran-equipos-basicos-para-atender-emergencias-forestales\/\" \/>\n<meta property=\"og:locale\" content=\"es_ES\" \/>\n<meta property=\"og:type\" content=\"article\" \/>\n<meta property=\"og:title\" content=\"Cuerpos de Bomberos recibir\u00e1n equipos b\u00e1sicos para atender emergencias forestales - Prefectura de Manab\u00ed\" \/>\n<meta property=\"og:description\" content=\"El prefecto, Leonardo Orlando, y el comandante de la Jefatura Provincial del Cuerpo de Bomberos de Manab\u00ed, Alexi Reyes, firmaron este mi\u00e9rcoles 31 de julio, una carta de compromiso para la donaci\u00f3n de equipos b\u00e1sicos para atender los incendios forestales. \u00abLa tecnolog\u00eda, la infraestructura y el equipamiento son importantes, pero nadie va a reemplazar los [&hellip;]\" \/>\n<meta property=\"og:url\" content=\"https:\/\/www.manabi.gob.ec\/index.php\/cuerpos-de-bomberos-recibiran-equipos-basicos-para-atender-emergencias-forestales\/\" \/>\n<meta property=\"og:site_name\" content=\"Prefectura de Manab\u00ed\" \/>\n<meta property=\"article:published_time\" content=\"2024-08-02T15:57:32+00:00\" \/>\n<meta property=\"article:modified_time\" content=\"2024-08-02T15:57:46+00:00\" \/>\n<meta property=\"og:image\" content=\"https:\/\/www.manabi.gob.ec\/wp-content\/uploads\/2024\/08\/WhatsApp-Image-2024-08-02-at-10.04.17-AM-3.jpeg\" \/>\n\t<meta property=\"og:image:width\" content=\"1600\" \/>\n\t<meta property=\"og:image:height\" content=\"1066\" \/>\n\t<meta property=\"og:image:type\" content=\"image\/jpeg\" \/>\n<meta name=\"author\" content=\"Lui Ochoa\" \/>\n<meta name=\"twitter:card\" content=\"summary_large_image\" \/>\n<meta name=\"twitter:label1\" content=\"Escrito por\" \/>\n\t<meta name=\"twitter:data1\" content=\"Lui Ochoa\" \/>\n\t<meta name=\"twitter:label2\" content=\"Tiempo de lectura\" \/>\n\t<meta name=\"twitter:data2\" content=\"1 minuto\" \/>\n<script type=\"application\/ld+json\" class=\"yoast-schema-graph\">{\"@context\":\"https:\\\/\\\/schema.org\",\"@graph\":[{\"@type\":\"Article\",\"@id\":\"https:\\\/\\\/www.manabi.gob.ec\\\/index.php\\\/cuerpos-de-bomberos-recibiran-equipos-basicos-para-atender-emergencias-forestales\\\/#article\",\"isPartOf\":{\"@id\":\"https:\\\/\\\/www.manabi.gob.ec\\\/index.php\\\/cuerpos-de-bomberos-recibiran-equipos-basicos-para-atender-emergencias-forestales\\\/\"},\"author\":{\"name\":\"Lui Ochoa\",\"@id\":\"https:\\\/\\\/www.manabi.gob.ec\\\/#\\\/schema\\\/person\\\/c4f117989332ad723a6ced5994aa7d7a\"},\"headline\":\"Cuerpos de Bomberos recibir\u00e1n equipos b\u00e1sicos para atender emergencias forestales\",\"datePublished\":\"2024-08-02T15:57:32+00:00\",\"dateModified\":\"2024-08-02T15:57:46+00:00\",\"mainEntityOfPage\":{\"@id\":\"https:\\\/\\\/www.manabi.gob.ec\\\/index.php\\\/cuerpos-de-bomberos-recibiran-equipos-basicos-para-atender-emergencias-forestales\\\/\"},\"wordCount\":181,\"image\":{\"@id\":\"https:\\\/\\\/www.manabi.gob.ec\\\/index.php\\\/cuerpos-de-bomberos-recibiran-equipos-basicos-para-atender-emergencias-forestales\\\/#primaryimage\"},\"thumbnailUrl\":\"https:\\\/\\\/www.manabi.gob.ec\\\/wp-content\\\/uploads\\\/2024\\\/08\\\/WhatsApp-Image-2024-08-02-at-10.04.17-AM-3.jpeg\",\"articleSection\":[\"Ambiente\",\"Desarrollo Social\",\"Noticias\",\"Todas\"],\"inLanguage\":\"es\"},{\"@type\":\"WebPage\",\"@id\":\"https:\\\/\\\/www.manabi.gob.ec\\\/index.php\\\/cuerpos-de-bomberos-recibiran-equipos-basicos-para-atender-emergencias-forestales\\\/\",\"url\":\"https:\\\/\\\/www.manabi.gob.ec\\\/index.php\\\/cuerpos-de-bomberos-recibiran-equipos-basicos-para-atender-emergencias-forestales\\\/\",\"name\":\"Cuerpos de Bomberos recibir\u00e1n equipos b\u00e1sicos para atender emergencias forestales - Prefectura de Manab\u00ed\",\"isPartOf\":{\"@id\":\"https:\\\/\\\/www.manabi.gob.ec\\\/#website\"},\"primaryImageOfPage\":{\"@id\":\"https:\\\/\\\/www.manabi.gob.ec\\\/index.php\\\/cuerpos-de-bomberos-recibiran-equipos-basicos-para-atender-emergencias-forestales\\\/#primaryimage\"},\"image\":{\"@id\":\"https:\\\/\\\/www.manabi.gob.ec\\\/index.php\\\/cuerpos-de-bomberos-recibiran-equipos-basicos-para-atender-emergencias-forestales\\\/#primaryimage\"},\"thumbnailUrl\":\"https:\\\/\\\/www.manabi.gob.ec\\\/wp-content\\\/uploads\\\/2024\\\/08\\\/WhatsApp-Image-2024-08-02-at-10.04.17-AM-3.jpeg\",\"datePublished\":\"2024-08-02T15:57:32+00:00\",\"dateModified\":\"2024-08-02T15:57:46+00:00\",\"author\":{\"@id\":\"https:\\\/\\\/www.manabi.gob.ec\\\/#\\\/schema\\\/person\\\/c4f117989332ad723a6ced5994aa7d7a\"},\"breadcrumb\":{\"@id\":\"https:\\\/\\\/www.manabi.gob.ec\\\/index.php\\\/cuerpos-de-bomberos-recibiran-equipos-basicos-para-atender-emergencias-forestales\\\/#breadcrumb\"},\"inLanguage\":\"es\",\"potentialAction\":[{\"@type\":\"ReadAction\",\"target\":[\"https:\\\/\\\/www.manabi.gob.ec\\\/index.php\\\/cuerpos-de-bomberos-recibiran-equipos-basicos-para-atender-emergencias-forestales\\\/\"]}]},{\"@type\":\"ImageObject\",\"inLanguage\":\"es\",\"@id\":\"https:\\\/\\\/www.manabi.gob.ec\\\/index.php\\\/cuerpos-de-bomberos-recibiran-equipos-basicos-para-atender-emergencias-forestales\\\/#primaryimage\",\"url\":\"https:\\\/\\\/www.manabi.gob.ec\\\/wp-content\\\/uploads\\\/2024\\\/08\\\/WhatsApp-Image-2024-08-02-at-10.04.17-AM-3.jpeg\",\"contentUrl\":\"https:\\\/\\\/www.manabi.gob.ec\\\/wp-content\\\/uploads\\\/2024\\\/08\\\/WhatsApp-Image-2024-08-02-at-10.04.17-AM-3.jpeg\",\"width\":1600,\"height\":1066},{\"@type\":\"BreadcrumbList\",\"@id\":\"https:\\\/\\\/www.manabi.gob.ec\\\/index.php\\\/cuerpos-de-bomberos-recibiran-equipos-basicos-para-atender-emergencias-forestales\\\/#breadcrumb\",\"itemListElement\":[{\"@type\":\"ListItem\",\"position\":1,\"name\":\"Portada\",\"item\":\"https:\\\/\\\/www.manabi.gob.ec\\\/\"},{\"@type\":\"ListItem\",\"position\":2,\"name\":\"Cuerpos de Bomberos recibir\u00e1n equipos b\u00e1sicos para atender emergencias forestales\"}]},{\"@type\":\"WebSite\",\"@id\":\"https:\\\/\\\/www.manabi.gob.ec\\\/#website\",\"url\":\"https:\\\/\\\/www.manabi.gob.ec\\\/\",\"name\":\"Prefectura de Manab\u00ed\",\"description\":\"P\u00e1gina web de la prefectura\",\"potentialAction\":[{\"@type\":\"SearchAction\",\"target\":{\"@type\":\"EntryPoint\",\"urlTemplate\":\"https:\\\/\\\/www.manabi.gob.ec\\\/?s={search_term_string}\"},\"query-input\":{\"@type\":\"PropertyValueSpecification\",\"valueRequired\":true,\"valueName\":\"search_term_string\"}}],\"inLanguage\":\"es\"},{\"@type\":\"Person\",\"@id\":\"https:\\\/\\\/www.manabi.gob.ec\\\/#\\\/schema\\\/person\\\/c4f117989332ad723a6ced5994aa7d7a\",\"name\":\"Lui Ochoa\",\"image\":{\"@type\":\"ImageObject\",\"inLanguage\":\"es\",\"@id\":\"https:\\\/\\\/secure.gravatar.com\\\/avatar\\\/6e8017d0fe69dead8a95864d2eb6e1e1d8bf8e01194ba49cf7b897ff038126ba?s=96&d=mm&r=g\",\"url\":\"https:\\\/\\\/secure.gravatar.com\\\/avatar\\\/6e8017d0fe69dead8a95864d2eb6e1e1d8bf8e01194ba49cf7b897ff038126ba?s=96&d=mm&r=g\",\"contentUrl\":\"https:\\\/\\\/secure.gravatar.com\\\/avatar\\\/6e8017d0fe69dead8a95864d2eb6e1e1d8bf8e01194ba49cf7b897ff038126ba?s=96&d=mm&r=g\",\"caption\":\"Lui Ochoa\"},\"url\":\"https:\\\/\\\/www.manabi.gob.ec\\\/index.php\\\/author\\\/lochoa\\\/\"}]}<\/script>\n<!-- \/ Yoast SEO plugin. -->","yoast_head_json":{"title":"Cuerpos de Bomberos recibir\u00e1n equipos b\u00e1sicos para atender emergencias forestales - Prefectura de Manab\u00ed","robots":{"index":"index","follow":"follow","max-snippet":"max-snippet:-1","max-image-preview":"max-image-preview:large","max-video-preview":"max-video-preview:-1"},"canonical":"https:\/\/www.manabi.gob.ec\/index.php\/cuerpos-de-bomberos-recibiran-equipos-basicos-para-atender-emergencias-forestales\/","og_locale":"es_ES","og_type":"article","og_title":"Cuerpos de Bomberos recibir\u00e1n equipos b\u00e1sicos para atender emergencias forestales - Prefectura de Manab\u00ed","og_description":"El prefecto, Leonardo Orlando, y el comandante de la Jefatura Provincial del Cuerpo de Bomberos de Manab\u00ed, Alexi Reyes, firmaron este mi\u00e9rcoles 31 de julio, una carta de compromiso para la donaci\u00f3n de equipos b\u00e1sicos para atender los incendios forestales. \u00abLa tecnolog\u00eda, la infraestructura y el equipamiento son importantes, pero nadie va a reemplazar los [&hellip;]","og_url":"https:\/\/www.manabi.gob.ec\/index.php\/cuerpos-de-bomberos-recibiran-equipos-basicos-para-atender-emergencias-forestales\/","og_site_name":"Prefectura de Manab\u00ed","article_published_time":"2024-08-02T15:57:32+00:00","article_modified_time":"2024-08-02T15:57:46+00:00","og_image":[{"width":1600,"height":1066,"url":"https:\/\/www.manabi.gob.ec\/wp-content\/uploads\/2024\/08\/WhatsApp-Image-2024-08-02-at-10.04.17-AM-3.jpeg","type":"image\/jpeg"}],"author":"Lui Ochoa","twitter_card":"summary_large_image","twitter_misc":{"Escrito por":"Lui Ochoa","Tiempo de lectura":"1 minuto"},"schema":{"@context":"https:\/\/schema.org","@graph":[{"@type":"Article","@id":"https:\/\/www.manabi.gob.ec\/index.php\/cuerpos-de-bomberos-recibiran-equipos-basicos-para-atender-emergencias-forestales\/#article","isPartOf":{"@id":"https:\/\/www.manabi.gob.ec\/index.php\/cuerpos-de-bomberos-recibiran-equipos-basicos-para-atender-emergencias-forestales\/"},"author":{"name":"Lui Ochoa","@id":"https:\/\/www.manabi.gob.ec\/#\/schema\/person\/c4f117989332ad723a6ced5994aa7d7a"},"headline":"Cuerpos de Bomberos recibir\u00e1n equipos b\u00e1sicos para atender emergencias forestales","datePublished":"2024-08-02T15:57:32+00:00","dateModified":"2024-08-02T15:57:46+00:00","mainEntityOfPage":{"@id":"https:\/\/www.manabi.gob.ec\/index.php\/cuerpos-de-bomberos-recibiran-equipos-basicos-para-atender-emergencias-forestales\/"},"wordCount":181,"image":{"@id":"https:\/\/www.manabi.gob.ec\/index.php\/cuerpos-de-bomberos-recibiran-equipos-basicos-para-atender-emergencias-forestales\/#primaryimage"},"thumbnailUrl":"https:\/\/www.manabi.gob.ec\/wp-content\/uploads\/2024\/08\/WhatsApp-Image-2024-08-02-at-10.04.17-AM-3.jpeg","articleSection":["Ambiente","Desarrollo Social","Noticias","Todas"],"inLanguage":"es"},{"@type":"WebPage","@id":"https:\/\/www.manabi.gob.ec\/index.php\/cuerpos-de-bomberos-recibiran-equipos-basicos-para-atender-emergencias-forestales\/","url":"https:\/\/www.manabi.gob.ec\/index.php\/cuerpos-de-bomberos-recibiran-equipos-basicos-para-atender-emergencias-forestales\/","name":"Cuerpos de Bomberos recibir\u00e1n equipos b\u00e1sicos para atender emergencias forestales - Prefectura de Manab\u00ed","isPartOf":{"@id":"https:\/\/www.manabi.gob.ec\/#website"},"primaryImageOfPage":{"@id":"https:\/\/www.manabi.gob.ec\/index.php\/cuerpos-de-bomberos-recibiran-equipos-basicos-para-atender-emergencias-forestales\/#primaryimage"},"image":{"@id":"https:\/\/www.manabi.gob.ec\/index.php\/cuerpos-de-bomberos-recibiran-equipos-basicos-para-atender-emergencias-forestales\/#primaryimage"},"thumbnailUrl":"https:\/\/www.manabi.gob.ec\/wp-content\/uploads\/2024\/08\/WhatsApp-Image-2024-08-02-at-10.04.17-AM-3.jpeg","datePublished":"2024-08-02T15:57:32+00:00","dateModified":"2024-08-02T15:57:46+00:00","author":{"@id":"https:\/\/www.manabi.gob.ec\/#\/schema\/person\/c4f117989332ad723a6ced5994aa7d7a"},"breadcrumb":{"@id":"https:\/\/www.manabi.gob.ec\/index.php\/cuerpos-de-bomberos-recibiran-equipos-basicos-para-atender-emergencias-forestales\/#breadcrumb"},"inLanguage":"es","potentialAction":[{"@type":"ReadAction","target":["https:\/\/www.manabi.gob.ec\/index.php\/cuerpos-de-bomberos-recibiran-equipos-basicos-para-atender-emergencias-forestales\/"]}]},{"@type":"ImageObject","inLanguage":"es","@id":"https:\/\/www.manabi.gob.ec\/index.php\/cuerpos-de-bomberos-recibiran-equipos-basicos-para-atender-emergencias-forestales\/#primaryimage","url":"https:\/\/www.manabi.gob.ec\/wp-content\/uploads\/2024\/08\/WhatsApp-Image-2024-08-02-at-10.04.17-AM-3.jpeg","contentUrl":"https:\/\/www.manabi.gob.ec\/wp-content\/uploads\/2024\/08\/WhatsApp-Image-2024-08-02-at-10.04.17-AM-3.jpeg","width":1600,"height":1066},{"@type":"BreadcrumbList","@id":"https:\/\/www.manabi.gob.ec\/index.php\/cuerpos-de-bomberos-recibiran-equipos-basicos-para-atender-emergencias-forestales\/#breadcrumb","itemListElement":[{"@type":"ListItem","position":1,"name":"Portada","item":"https:\/\/www.manabi.gob.ec\/"},{"@type":"ListItem","position":2,"name":"Cuerpos de Bomberos recibir\u00e1n equipos b\u00e1sicos para atender emergencias forestales"}]},{"@type":"WebSite","@id":"https:\/\/www.manabi.gob.ec\/#website","url":"https:\/\/www.manabi.gob.ec\/","name":"Prefectura de Manab\u00ed","description":"P\u00e1gina web de la prefectura","potentialAction":[{"@type":"SearchAction","target":{"@type":"EntryPoint","urlTemplate":"https:\/\/www.manabi.gob.ec\/?s={search_term_string}"},"query-input":{"@type":"PropertyValueSpecification","valueRequired":true,"valueName":"search_term_string"}}],"inLanguage":"es"},{"@type":"Person","@id":"https:\/\/www.manabi.gob.ec\/#\/schema\/person\/c4f117989332ad723a6ced5994aa7d7a","name":"Lui Ochoa","image":{"@type":"ImageObject","inLanguage":"es","@id":"https:\/\/secure.gravatar.com\/avatar\/6e8017d0fe69dead8a95864d2eb6e1e1d8bf8e01194ba49cf7b897ff038126ba?s=96&d=mm&r=g","url":"https:\/\/secure.gravatar.com\/avatar\/6e8017d0fe69dead8a95864d2eb6e1e1d8bf8e01194ba49cf7b897ff038126ba?s=96&d=mm&r=g","contentUrl":"https:\/\/secure.gravatar.com\/avatar\/6e8017d0fe69dead8a95864d2eb6e1e1d8bf8e01194ba49cf7b897ff038126ba?s=96&d=mm&r=g","caption":"Lui Ochoa"},"url":"https:\/\/www.manabi.gob.ec\/index.php\/author\/lochoa\/"}]}},"jetpack_featured_media_url":"https:\/\/www.manabi.gob.ec\/wp-content\/uploads\/2024\/08\/WhatsApp-Image-2024-08-02-at-10.04.17-AM-3.jpeg","_links":{"self":[{"href":"https:\/\/www.manabi.gob.ec\/index.php\/wp-json\/wp\/v2\/posts\/28598","targetHints":{"allow":["GET"]}}],"collection":[{"href":"https:\/\/www.manabi.gob.ec\/index.php\/wp-json\/wp\/v2\/posts"}],"about":[{"href":"https:\/\/www.manabi.gob.ec\/index.php\/wp-json\/wp\/v2\/types\/post"}],"author":[{"embeddable":true,"href":"https:\/\/www.manabi.gob.ec\/index.php\/wp-json\/wp\/v2\/users\/10"}],"replies":[{"embeddable":true,"href":"https:\/\/www.manabi.gob.ec\/index.php\/wp-json\/wp\/v2\/comments?post=28598"}],"version-history":[{"count":1,"href":"https:\/\/www.manabi.gob.ec\/index.php\/wp-json\/wp\/v2\/posts\/28598\/revisions"}],"predecessor-version":[{"id":28600,"href":"https:\/\/www.manabi.gob.ec\/index.php\/wp-json\/wp\/v2\/posts\/28598\/revisions\/28600"}],"wp:featuredmedia":[{"embeddable":true,"href":"https:\/\/www.manabi.gob.ec\/index.php\/wp-json\/wp\/v2\/media\/28599"}],"wp:attachment":[{"href":"https:\/\/www.manabi.gob.ec\/index.php\/wp-json\/wp\/v2\/media?parent=28598"}],"wp:term":[{"taxonomy":"category","embeddable":true,"href":"https:\/\/www.manabi.gob.ec\/index.php\/wp-json\/wp\/v2\/categories?post=28598"},{"taxonomy":"post_tag","embeddable":true,"href":"https:\/\/www.manabi.gob.ec\/index.php\/wp-json\/wp\/v2\/tags?post=28598"}],"curies":[{"name":"wp","href":"https:\/\/api.w.org\/{rel}","templated":true}]}}