{"id":28610,"date":"2024-08-02T19:38:13","date_gmt":"2024-08-02T19:38:13","guid":{"rendered":"https:\/\/www.manabi.gob.ec\/?p=28610"},"modified":"2024-08-02T19:38:13","modified_gmt":"2024-08-02T19:38:13","slug":"en-chone-se-inauguro-la-primera-convencion-nacional-del-maiz-barquero-2024","status":"publish","type":"post","link":"https:\/\/www.manabi.gob.ec\/index.php\/en-chone-se-inauguro-la-primera-convencion-nacional-del-maiz-barquero-2024\/","title":{"rendered":"En Chone se inaugur\u00f3 la primera Convenci\u00f3n Nacional del Ma\u00edz &#8211; Barquero 2024"},"content":{"rendered":"\n<p>Seg\u00fan el Censo Econ\u00f3mico y Ambiental 2023 del INEC, Manab\u00ed es la primera en inversi\u00f3n de fomento de desarrollo productivo\u00bb, dijo el prefecto Leonardo Orlando en el acto de inauguraci\u00f3n de Ia primera Convenci\u00f3n Nacional del Ma\u00edz &#8211; Barquero 2024.<\/p>\n\n\n\n<p>La autoridad provincial indic\u00f3 adem\u00e1s que, seg\u00fan estad\u00edsticas del a\u00f1o 2023, en Manab\u00ed existen 29.600 Unidades Productivas Agropecuarias (UPA), lo que nos ubica como la primera provincia del Ecuador en productividad con un rendimiento de 7.43 toneladas por hect\u00e1reas de ma\u00edz duro, precis\u00f3 el Prefecto.<\/p>\n\n\n\n<p>El ma\u00edz tiene una historia milenaria en Manab\u00ed, tenemos que sentirnos orgullosos de este grano de oro, manifest\u00f3 el Prefecto Orlando, quien dijo adem\u00e1s que va a seguir impulsando la cadena agroalimentaria del ma\u00edz, pero con un enfoque agroecol\u00f3gico, \u00abDebemos ser m\u00e1s productivos, en menos superficie de terrenos\u00bb, indic\u00f3 Orlando.<\/p>\n\n\n\n<p>La Convenci\u00f3n Nacional del Ma\u00edz &#8211; Barquero 2024 cuenta con el apoyo de la Prefectura de Manab\u00ed, ULEAM, GAD Chone y el Colegio Agr\u00f3nomos de Manab\u00ed. El s\u00e1bado 3 de agosto en la comunidad Barquero de Chone, se llevar\u00e1 a cabo un encuentro de comunidades productoras de ma\u00edz.<\/p>\n","protected":false},"excerpt":{"rendered":"<p>Seg\u00fan el Censo Econ\u00f3mico y Ambiental 2023 del INEC, Manab\u00ed es la primera en inversi\u00f3n de fomento de desarrollo productivo\u00bb, dijo el prefecto Leonardo Orlando en el acto de inauguraci\u00f3n de Ia primera Convenci\u00f3n Nacional del Ma\u00edz &#8211; Barquero 2024. La autoridad provincial indic\u00f3 adem\u00e1s que, seg\u00fan estad\u00edsticas del a\u00f1o 2023, en Manab\u00ed existen 29.600 [&hellip;]<\/p>\n","protected":false},"author":10,"featured_media":28609,"comment_status":"closed","ping_status":"","sticky":false,"template":"","format":"standard","meta":{"_joinchat":[],"footnotes":""},"categories":[150,141,142,92,140,91,130],"tags":[],"class_list":["post-28610","post","type-post","status-publish","format-standard","has-post-thumbnail","hentry","category-ambiente","category-chone","category-desarrollo-social","category-noticias-manabi","category-produccion","category-todas","category-tosagua"],"yoast_head":"<!-- This site is optimized with the Yoast SEO plugin v27.4 - https:\/\/yoast.com\/product\/yoast-seo-wordpress\/ -->\n<title>En Chone se inaugur\u00f3 la primera Convenci\u00f3n Nacional del Ma\u00edz - Barquero 2024 - Prefectura de Manab\u00ed<\/title>\n<meta name=\"robots\" content=\"index, follow, max-snippet:-1, max-image-preview:large, max-video-preview:-1\" \/>\n<link rel=\"canonical\" href=\"https:\/\/www.manabi.gob.ec\/index.php\/en-chone-se-inauguro-la-primera-convencion-nacional-del-maiz-barquero-2024\/\" \/>\n<meta property=\"og:locale\" content=\"es_ES\" \/>\n<meta property=\"og:type\" content=\"article\" \/>\n<meta property=\"og:title\" content=\"En Chone se inaugur\u00f3 la primera Convenci\u00f3n Nacional del Ma\u00edz - Barquero 2024 - Prefectura de Manab\u00ed\" \/>\n<meta property=\"og:description\" content=\"Seg\u00fan el Censo Econ\u00f3mico y Ambiental 2023 del INEC, Manab\u00ed es la primera en inversi\u00f3n de fomento de desarrollo productivo\u00bb, dijo el prefecto Leonardo Orlando en el acto de inauguraci\u00f3n de Ia primera Convenci\u00f3n Nacional del Ma\u00edz &#8211; Barquero 2024. La autoridad provincial indic\u00f3 adem\u00e1s que, seg\u00fan estad\u00edsticas del a\u00f1o 2023, en Manab\u00ed existen 29.600 [&hellip;]\" \/>\n<meta property=\"og:url\" content=\"https:\/\/www.manabi.gob.ec\/index.php\/en-chone-se-inauguro-la-primera-convencion-nacional-del-maiz-barquero-2024\/\" \/>\n<meta property=\"og:site_name\" content=\"Prefectura de Manab\u00ed\" \/>\n<meta property=\"article:published_time\" content=\"2024-08-02T19:38:13+00:00\" \/>\n<meta property=\"og:image\" content=\"https:\/\/www.manabi.gob.ec\/wp-content\/uploads\/2024\/08\/ab006917-69c5-460f-9600-5fe91129e6c2-1.jpg\" \/>\n\t<meta property=\"og:image:width\" content=\"1600\" \/>\n\t<meta property=\"og:image:height\" content=\"1066\" \/>\n\t<meta property=\"og:image:type\" content=\"image\/jpeg\" \/>\n<meta name=\"author\" content=\"Lui Ochoa\" \/>\n<meta name=\"twitter:card\" content=\"summary_large_image\" \/>\n<meta name=\"twitter:label1\" content=\"Escrito por\" \/>\n\t<meta name=\"twitter:data1\" content=\"Lui Ochoa\" \/>\n\t<meta name=\"twitter:label2\" content=\"Tiempo de lectura\" \/>\n\t<meta name=\"twitter:data2\" content=\"1 minuto\" \/>\n<script type=\"application\/ld+json\" class=\"yoast-schema-graph\">{\"@context\":\"https:\\\/\\\/schema.org\",\"@graph\":[{\"@type\":\"Article\",\"@id\":\"https:\\\/\\\/www.manabi.gob.ec\\\/index.php\\\/en-chone-se-inauguro-la-primera-convencion-nacional-del-maiz-barquero-2024\\\/#article\",\"isPartOf\":{\"@id\":\"https:\\\/\\\/www.manabi.gob.ec\\\/index.php\\\/en-chone-se-inauguro-la-primera-convencion-nacional-del-maiz-barquero-2024\\\/\"},\"author\":{\"name\":\"Lui Ochoa\",\"@id\":\"https:\\\/\\\/www.manabi.gob.ec\\\/#\\\/schema\\\/person\\\/c4f117989332ad723a6ced5994aa7d7a\"},\"headline\":\"En Chone se inaugur\u00f3 la primera Convenci\u00f3n Nacional del Ma\u00edz &#8211; Barquero 2024\",\"datePublished\":\"2024-08-02T19:38:13+00:00\",\"mainEntityOfPage\":{\"@id\":\"https:\\\/\\\/www.manabi.gob.ec\\\/index.php\\\/en-chone-se-inauguro-la-primera-convencion-nacional-del-maiz-barquero-2024\\\/\"},\"wordCount\":212,\"image\":{\"@id\":\"https:\\\/\\\/www.manabi.gob.ec\\\/index.php\\\/en-chone-se-inauguro-la-primera-convencion-nacional-del-maiz-barquero-2024\\\/#primaryimage\"},\"thumbnailUrl\":\"https:\\\/\\\/www.manabi.gob.ec\\\/wp-content\\\/uploads\\\/2024\\\/08\\\/ab006917-69c5-460f-9600-5fe91129e6c2-1.jpg\",\"articleSection\":[\"Ambiente\",\"Chone\",\"Desarrollo Social\",\"Noticias\",\"Producci\u00f3n\",\"Todas\",\"Tosagua\"],\"inLanguage\":\"es\"},{\"@type\":\"WebPage\",\"@id\":\"https:\\\/\\\/www.manabi.gob.ec\\\/index.php\\\/en-chone-se-inauguro-la-primera-convencion-nacional-del-maiz-barquero-2024\\\/\",\"url\":\"https:\\\/\\\/www.manabi.gob.ec\\\/index.php\\\/en-chone-se-inauguro-la-primera-convencion-nacional-del-maiz-barquero-2024\\\/\",\"name\":\"En Chone se inaugur\u00f3 la primera Convenci\u00f3n Nacional del Ma\u00edz - Barquero 2024 - Prefectura de Manab\u00ed\",\"isPartOf\":{\"@id\":\"https:\\\/\\\/www.manabi.gob.ec\\\/#website\"},\"primaryImageOfPage\":{\"@id\":\"https:\\\/\\\/www.manabi.gob.ec\\\/index.php\\\/en-chone-se-inauguro-la-primera-convencion-nacional-del-maiz-barquero-2024\\\/#primaryimage\"},\"image\":{\"@id\":\"https:\\\/\\\/www.manabi.gob.ec\\\/index.php\\\/en-chone-se-inauguro-la-primera-convencion-nacional-del-maiz-barquero-2024\\\/#primaryimage\"},\"thumbnailUrl\":\"https:\\\/\\\/www.manabi.gob.ec\\\/wp-content\\\/uploads\\\/2024\\\/08\\\/ab006917-69c5-460f-9600-5fe91129e6c2-1.jpg\",\"datePublished\":\"2024-08-02T19:38:13+00:00\",\"author\":{\"@id\":\"https:\\\/\\\/www.manabi.gob.ec\\\/#\\\/schema\\\/person\\\/c4f117989332ad723a6ced5994aa7d7a\"},\"breadcrumb\":{\"@id\":\"https:\\\/\\\/www.manabi.gob.ec\\\/index.php\\\/en-chone-se-inauguro-la-primera-convencion-nacional-del-maiz-barquero-2024\\\/#breadcrumb\"},\"inLanguage\":\"es\",\"potentialAction\":[{\"@type\":\"ReadAction\",\"target\":[\"https:\\\/\\\/www.manabi.gob.ec\\\/index.php\\\/en-chone-se-inauguro-la-primera-convencion-nacional-del-maiz-barquero-2024\\\/\"]}]},{\"@type\":\"ImageObject\",\"inLanguage\":\"es\",\"@id\":\"https:\\\/\\\/www.manabi.gob.ec\\\/index.php\\\/en-chone-se-inauguro-la-primera-convencion-nacional-del-maiz-barquero-2024\\\/#primaryimage\",\"url\":\"https:\\\/\\\/www.manabi.gob.ec\\\/wp-content\\\/uploads\\\/2024\\\/08\\\/ab006917-69c5-460f-9600-5fe91129e6c2-1.jpg\",\"contentUrl\":\"https:\\\/\\\/www.manabi.gob.ec\\\/wp-content\\\/uploads\\\/2024\\\/08\\\/ab006917-69c5-460f-9600-5fe91129e6c2-1.jpg\",\"width\":1600,\"height\":1066},{\"@type\":\"BreadcrumbList\",\"@id\":\"https:\\\/\\\/www.manabi.gob.ec\\\/index.php\\\/en-chone-se-inauguro-la-primera-convencion-nacional-del-maiz-barquero-2024\\\/#breadcrumb\",\"itemListElement\":[{\"@type\":\"ListItem\",\"position\":1,\"name\":\"Portada\",\"item\":\"https:\\\/\\\/www.manabi.gob.ec\\\/\"},{\"@type\":\"ListItem\",\"position\":2,\"name\":\"En Chone se inaugur\u00f3 la primera Convenci\u00f3n Nacional del Ma\u00edz &#8211; Barquero 2024\"}]},{\"@type\":\"WebSite\",\"@id\":\"https:\\\/\\\/www.manabi.gob.ec\\\/#website\",\"url\":\"https:\\\/\\\/www.manabi.gob.ec\\\/\",\"name\":\"Prefectura de Manab\u00ed\",\"description\":\"P\u00e1gina web de la prefectura\",\"potentialAction\":[{\"@type\":\"SearchAction\",\"target\":{\"@type\":\"EntryPoint\",\"urlTemplate\":\"https:\\\/\\\/www.manabi.gob.ec\\\/?s={search_term_string}\"},\"query-input\":{\"@type\":\"PropertyValueSpecification\",\"valueRequired\":true,\"valueName\":\"search_term_string\"}}],\"inLanguage\":\"es\"},{\"@type\":\"Person\",\"@id\":\"https:\\\/\\\/www.manabi.gob.ec\\\/#\\\/schema\\\/person\\\/c4f117989332ad723a6ced5994aa7d7a\",\"name\":\"Lui Ochoa\",\"image\":{\"@type\":\"ImageObject\",\"inLanguage\":\"es\",\"@id\":\"https:\\\/\\\/secure.gravatar.com\\\/avatar\\\/6e8017d0fe69dead8a95864d2eb6e1e1d8bf8e01194ba49cf7b897ff038126ba?s=96&d=mm&r=g\",\"url\":\"https:\\\/\\\/secure.gravatar.com\\\/avatar\\\/6e8017d0fe69dead8a95864d2eb6e1e1d8bf8e01194ba49cf7b897ff038126ba?s=96&d=mm&r=g\",\"contentUrl\":\"https:\\\/\\\/secure.gravatar.com\\\/avatar\\\/6e8017d0fe69dead8a95864d2eb6e1e1d8bf8e01194ba49cf7b897ff038126ba?s=96&d=mm&r=g\",\"caption\":\"Lui Ochoa\"},\"url\":\"https:\\\/\\\/www.manabi.gob.ec\\\/index.php\\\/author\\\/lochoa\\\/\"}]}<\/script>\n<!-- \/ Yoast SEO plugin. -->","yoast_head_json":{"title":"En Chone se inaugur\u00f3 la primera Convenci\u00f3n Nacional del Ma\u00edz - Barquero 2024 - Prefectura de Manab\u00ed","robots":{"index":"index","follow":"follow","max-snippet":"max-snippet:-1","max-image-preview":"max-image-preview:large","max-video-preview":"max-video-preview:-1"},"canonical":"https:\/\/www.manabi.gob.ec\/index.php\/en-chone-se-inauguro-la-primera-convencion-nacional-del-maiz-barquero-2024\/","og_locale":"es_ES","og_type":"article","og_title":"En Chone se inaugur\u00f3 la primera Convenci\u00f3n Nacional del Ma\u00edz - Barquero 2024 - Prefectura de Manab\u00ed","og_description":"Seg\u00fan el Censo Econ\u00f3mico y Ambiental 2023 del INEC, Manab\u00ed es la primera en inversi\u00f3n de fomento de desarrollo productivo\u00bb, dijo el prefecto Leonardo Orlando en el acto de inauguraci\u00f3n de Ia primera Convenci\u00f3n Nacional del Ma\u00edz &#8211; Barquero 2024. La autoridad provincial indic\u00f3 adem\u00e1s que, seg\u00fan estad\u00edsticas del a\u00f1o 2023, en Manab\u00ed existen 29.600 [&hellip;]","og_url":"https:\/\/www.manabi.gob.ec\/index.php\/en-chone-se-inauguro-la-primera-convencion-nacional-del-maiz-barquero-2024\/","og_site_name":"Prefectura de Manab\u00ed","article_published_time":"2024-08-02T19:38:13+00:00","og_image":[{"width":1600,"height":1066,"url":"https:\/\/www.manabi.gob.ec\/wp-content\/uploads\/2024\/08\/ab006917-69c5-460f-9600-5fe91129e6c2-1.jpg","type":"image\/jpeg"}],"author":"Lui Ochoa","twitter_card":"summary_large_image","twitter_misc":{"Escrito por":"Lui Ochoa","Tiempo de lectura":"1 minuto"},"schema":{"@context":"https:\/\/schema.org","@graph":[{"@type":"Article","@id":"https:\/\/www.manabi.gob.ec\/index.php\/en-chone-se-inauguro-la-primera-convencion-nacional-del-maiz-barquero-2024\/#article","isPartOf":{"@id":"https:\/\/www.manabi.gob.ec\/index.php\/en-chone-se-inauguro-la-primera-convencion-nacional-del-maiz-barquero-2024\/"},"author":{"name":"Lui Ochoa","@id":"https:\/\/www.manabi.gob.ec\/#\/schema\/person\/c4f117989332ad723a6ced5994aa7d7a"},"headline":"En Chone se inaugur\u00f3 la primera Convenci\u00f3n Nacional del Ma\u00edz &#8211; Barquero 2024","datePublished":"2024-08-02T19:38:13+00:00","mainEntityOfPage":{"@id":"https:\/\/www.manabi.gob.ec\/index.php\/en-chone-se-inauguro-la-primera-convencion-nacional-del-maiz-barquero-2024\/"},"wordCount":212,"image":{"@id":"https:\/\/www.manabi.gob.ec\/index.php\/en-chone-se-inauguro-la-primera-convencion-nacional-del-maiz-barquero-2024\/#primaryimage"},"thumbnailUrl":"https:\/\/www.manabi.gob.ec\/wp-content\/uploads\/2024\/08\/ab006917-69c5-460f-9600-5fe91129e6c2-1.jpg","articleSection":["Ambiente","Chone","Desarrollo Social","Noticias","Producci\u00f3n","Todas","Tosagua"],"inLanguage":"es"},{"@type":"WebPage","@id":"https:\/\/www.manabi.gob.ec\/index.php\/en-chone-se-inauguro-la-primera-convencion-nacional-del-maiz-barquero-2024\/","url":"https:\/\/www.manabi.gob.ec\/index.php\/en-chone-se-inauguro-la-primera-convencion-nacional-del-maiz-barquero-2024\/","name":"En Chone se inaugur\u00f3 la primera Convenci\u00f3n Nacional del Ma\u00edz - Barquero 2024 - Prefectura de Manab\u00ed","isPartOf":{"@id":"https:\/\/www.manabi.gob.ec\/#website"},"primaryImageOfPage":{"@id":"https:\/\/www.manabi.gob.ec\/index.php\/en-chone-se-inauguro-la-primera-convencion-nacional-del-maiz-barquero-2024\/#primaryimage"},"image":{"@id":"https:\/\/www.manabi.gob.ec\/index.php\/en-chone-se-inauguro-la-primera-convencion-nacional-del-maiz-barquero-2024\/#primaryimage"},"thumbnailUrl":"https:\/\/www.manabi.gob.ec\/wp-content\/uploads\/2024\/08\/ab006917-69c5-460f-9600-5fe91129e6c2-1.jpg","datePublished":"2024-08-02T19:38:13+00:00","author":{"@id":"https:\/\/www.manabi.gob.ec\/#\/schema\/person\/c4f117989332ad723a6ced5994aa7d7a"},"breadcrumb":{"@id":"https:\/\/www.manabi.gob.ec\/index.php\/en-chone-se-inauguro-la-primera-convencion-nacional-del-maiz-barquero-2024\/#breadcrumb"},"inLanguage":"es","potentialAction":[{"@type":"ReadAction","target":["https:\/\/www.manabi.gob.ec\/index.php\/en-chone-se-inauguro-la-primera-convencion-nacional-del-maiz-barquero-2024\/"]}]},{"@type":"ImageObject","inLanguage":"es","@id":"https:\/\/www.manabi.gob.ec\/index.php\/en-chone-se-inauguro-la-primera-convencion-nacional-del-maiz-barquero-2024\/#primaryimage","url":"https:\/\/www.manabi.gob.ec\/wp-content\/uploads\/2024\/08\/ab006917-69c5-460f-9600-5fe91129e6c2-1.jpg","contentUrl":"https:\/\/www.manabi.gob.ec\/wp-content\/uploads\/2024\/08\/ab006917-69c5-460f-9600-5fe91129e6c2-1.jpg","width":1600,"height":1066},{"@type":"BreadcrumbList","@id":"https:\/\/www.manabi.gob.ec\/index.php\/en-chone-se-inauguro-la-primera-convencion-nacional-del-maiz-barquero-2024\/#breadcrumb","itemListElement":[{"@type":"ListItem","position":1,"name":"Portada","item":"https:\/\/www.manabi.gob.ec\/"},{"@type":"ListItem","position":2,"name":"En Chone se inaugur\u00f3 la primera Convenci\u00f3n Nacional del Ma\u00edz &#8211; Barquero 2024"}]},{"@type":"WebSite","@id":"https:\/\/www.manabi.gob.ec\/#website","url":"https:\/\/www.manabi.gob.ec\/","name":"Prefectura de Manab\u00ed","description":"P\u00e1gina web de la prefectura","potentialAction":[{"@type":"SearchAction","target":{"@type":"EntryPoint","urlTemplate":"https:\/\/www.manabi.gob.ec\/?s={search_term_string}"},"query-input":{"@type":"PropertyValueSpecification","valueRequired":true,"valueName":"search_term_string"}}],"inLanguage":"es"},{"@type":"Person","@id":"https:\/\/www.manabi.gob.ec\/#\/schema\/person\/c4f117989332ad723a6ced5994aa7d7a","name":"Lui Ochoa","image":{"@type":"ImageObject","inLanguage":"es","@id":"https:\/\/secure.gravatar.com\/avatar\/6e8017d0fe69dead8a95864d2eb6e1e1d8bf8e01194ba49cf7b897ff038126ba?s=96&d=mm&r=g","url":"https:\/\/secure.gravatar.com\/avatar\/6e8017d0fe69dead8a95864d2eb6e1e1d8bf8e01194ba49cf7b897ff038126ba?s=96&d=mm&r=g","contentUrl":"https:\/\/secure.gravatar.com\/avatar\/6e8017d0fe69dead8a95864d2eb6e1e1d8bf8e01194ba49cf7b897ff038126ba?s=96&d=mm&r=g","caption":"Lui Ochoa"},"url":"https:\/\/www.manabi.gob.ec\/index.php\/author\/lochoa\/"}]}},"jetpack_featured_media_url":"https:\/\/www.manabi.gob.ec\/wp-content\/uploads\/2024\/08\/ab006917-69c5-460f-9600-5fe91129e6c2-1.jpg","_links":{"self":[{"href":"https:\/\/www.manabi.gob.ec\/index.php\/wp-json\/wp\/v2\/posts\/28610","targetHints":{"allow":["GET"]}}],"collection":[{"href":"https:\/\/www.manabi.gob.ec\/index.php\/wp-json\/wp\/v2\/posts"}],"about":[{"href":"https:\/\/www.manabi.gob.ec\/index.php\/wp-json\/wp\/v2\/types\/post"}],"author":[{"embeddable":true,"href":"https:\/\/www.manabi.gob.ec\/index.php\/wp-json\/wp\/v2\/users\/10"}],"replies":[{"embeddable":true,"href":"https:\/\/www.manabi.gob.ec\/index.php\/wp-json\/wp\/v2\/comments?post=28610"}],"version-history":[{"count":1,"href":"https:\/\/www.manabi.gob.ec\/index.php\/wp-json\/wp\/v2\/posts\/28610\/revisions"}],"predecessor-version":[{"id":28611,"href":"https:\/\/www.manabi.gob.ec\/index.php\/wp-json\/wp\/v2\/posts\/28610\/revisions\/28611"}],"wp:featuredmedia":[{"embeddable":true,"href":"https:\/\/www.manabi.gob.ec\/index.php\/wp-json\/wp\/v2\/media\/28609"}],"wp:attachment":[{"href":"https:\/\/www.manabi.gob.ec\/index.php\/wp-json\/wp\/v2\/media?parent=28610"}],"wp:term":[{"taxonomy":"category","embeddable":true,"href":"https:\/\/www.manabi.gob.ec\/index.php\/wp-json\/wp\/v2\/categories?post=28610"},{"taxonomy":"post_tag","embeddable":true,"href":"https:\/\/www.manabi.gob.ec\/index.php\/wp-json\/wp\/v2\/tags?post=28610"}],"curies":[{"name":"wp","href":"https:\/\/api.w.org\/{rel}","templated":true}]}}