{"id":28621,"date":"2024-08-05T20:24:08","date_gmt":"2024-08-05T20:24:08","guid":{"rendered":"https:\/\/www.manabi.gob.ec\/?p=28621"},"modified":"2024-08-05T20:24:18","modified_gmt":"2024-08-05T20:24:18","slug":"la-prefectura-clausura-con-exito-el-taller-de-cacao-y-chocolates","status":"publish","type":"post","link":"https:\/\/www.manabi.gob.ec\/index.php\/la-prefectura-clausura-con-exito-el-taller-de-cacao-y-chocolates\/","title":{"rendered":"La Prefectura clausura con \u00e9xito el taller de cacao y chocolates"},"content":{"rendered":"\n<p>Alumnos del quinto semestre de la Escuela de Gastronom\u00eda de la Universidad T\u00e9cnica de Manab\u00ed \u2013 UTM- culminaron con \u00e9xito el taller de cacao y chocolates, desarrollado por la Prefectura de Manab\u00ed a trav\u00e9s de la Direcci\u00f3n de Fomento Productivo en el Centro de Emprendimiento e Innovaci\u00f3n (CEI).<\/p>\n\n\n\n<p>Los estudiantes se capacitaron sobre el proceso de la cadena productiva del cacao y de t\u00e9cnicas de preparaci\u00f3n innovadoras, que les permiti\u00f3 desarrollar habilidades sensoriales mediante un enfoque de aprendizaje experiencial.<\/p>\n\n\n\n<p>El objetivo del taller fue promover el desarrollo de emprendimientos gastron\u00f3micos con aplicaci\u00f3n de t\u00e9cnicas avanzadas en la elaboraci\u00f3n de chocolate, para obtener distintas presentaciones en barras.<\/p>\n\n\n\n<p>A lo largo del curso, los alumnos tuvieron la oportunidad de aprender de expertos en la materia, y contar con el apoyo del conocimiento de emprendedores y fincas productoras de cacao. Los participantes con pr\u00e1cticas intensivas desarrollaron sus propios productos de chocolate.<\/p>\n\n\n\n<p>Los estudiantes recibieron su certificado de participaci\u00f3n de manos de las autoridades, en un acto de clausura donde mostraron los logros alcanzados durante las clases.<\/p>\n\n\n\n<p>\u201cEs de mucho agrado esta alianza estrat\u00e9gica con la Universidad T\u00e9cnica de Manab\u00ed y que los estudiantes vengan con los docentes investigadores al CEI y las plantas de producci\u00f3n, donde pudieron constatar y aprender del aroma y el sabor del cacao Manabita, adem\u00e1s de aprender de la fusi\u00f3n con nuestra cultura ancestral pero tambi\u00e9n con las nuevas tendencias \u201d explic\u00f3 el prefecto Leonardo Orlando.<\/p>\n","protected":false},"excerpt":{"rendered":"<p>Alumnos del quinto semestre de la Escuela de Gastronom\u00eda de la Universidad T\u00e9cnica de Manab\u00ed \u2013 UTM- culminaron con \u00e9xito el taller de cacao y chocolates, desarrollado por la Prefectura de Manab\u00ed a trav\u00e9s de la Direcci\u00f3n de Fomento Productivo en el Centro de Emprendimiento e Innovaci\u00f3n (CEI). Los estudiantes se capacitaron sobre el proceso [&hellip;]<\/p>\n","protected":false},"author":10,"featured_media":28622,"comment_status":"closed","ping_status":"closed","sticky":false,"template":"","format":"standard","meta":{"_joinchat":[],"footnotes":""},"categories":[150,343,142,92,140,91,81],"tags":[],"class_list":["post-28621","post","type-post","status-publish","format-standard","has-post-thumbnail","hentry","category-ambiente","category-bicentenario","category-desarrollo-social","category-noticias-manabi","category-produccion","category-todas","category-turismo"],"yoast_head":"<!-- This site is optimized with the Yoast SEO plugin v27.4 - https:\/\/yoast.com\/product\/yoast-seo-wordpress\/ -->\n<title>La Prefectura clausura con \u00e9xito el taller de cacao y chocolates - Prefectura de Manab\u00ed<\/title>\n<meta name=\"robots\" content=\"index, follow, max-snippet:-1, max-image-preview:large, max-video-preview:-1\" \/>\n<link rel=\"canonical\" href=\"https:\/\/www.manabi.gob.ec\/index.php\/la-prefectura-clausura-con-exito-el-taller-de-cacao-y-chocolates\/\" \/>\n<meta property=\"og:locale\" content=\"es_ES\" \/>\n<meta property=\"og:type\" content=\"article\" \/>\n<meta property=\"og:title\" content=\"La Prefectura clausura con \u00e9xito el taller de cacao y chocolates - Prefectura de Manab\u00ed\" \/>\n<meta property=\"og:description\" content=\"Alumnos del quinto semestre de la Escuela de Gastronom\u00eda de la Universidad T\u00e9cnica de Manab\u00ed \u2013 UTM- culminaron con \u00e9xito el taller de cacao y chocolates, desarrollado por la Prefectura de Manab\u00ed a trav\u00e9s de la Direcci\u00f3n de Fomento Productivo en el Centro de Emprendimiento e Innovaci\u00f3n (CEI). Los estudiantes se capacitaron sobre el proceso [&hellip;]\" \/>\n<meta property=\"og:url\" content=\"https:\/\/www.manabi.gob.ec\/index.php\/la-prefectura-clausura-con-exito-el-taller-de-cacao-y-chocolates\/\" \/>\n<meta property=\"og:site_name\" content=\"Prefectura de Manab\u00ed\" \/>\n<meta property=\"article:published_time\" content=\"2024-08-05T20:24:08+00:00\" \/>\n<meta property=\"article:modified_time\" content=\"2024-08-05T20:24:18+00:00\" \/>\n<meta property=\"og:image\" content=\"https:\/\/www.manabi.gob.ec\/wp-content\/uploads\/2024\/08\/WhatsApp-Image-2024-08-05-at-2.32.15-PM-2-scaled.jpeg\" \/>\n\t<meta property=\"og:image:width\" content=\"2560\" \/>\n\t<meta property=\"og:image:height\" content=\"1707\" \/>\n\t<meta property=\"og:image:type\" content=\"image\/jpeg\" \/>\n<meta name=\"author\" content=\"Lui Ochoa\" \/>\n<meta name=\"twitter:card\" content=\"summary_large_image\" \/>\n<meta name=\"twitter:label1\" content=\"Escrito por\" \/>\n\t<meta name=\"twitter:data1\" content=\"Lui Ochoa\" \/>\n\t<meta name=\"twitter:label2\" content=\"Tiempo de lectura\" \/>\n\t<meta name=\"twitter:data2\" content=\"2 minutos\" \/>\n<script type=\"application\/ld+json\" class=\"yoast-schema-graph\">{\"@context\":\"https:\\\/\\\/schema.org\",\"@graph\":[{\"@type\":\"Article\",\"@id\":\"https:\\\/\\\/www.manabi.gob.ec\\\/index.php\\\/la-prefectura-clausura-con-exito-el-taller-de-cacao-y-chocolates\\\/#article\",\"isPartOf\":{\"@id\":\"https:\\\/\\\/www.manabi.gob.ec\\\/index.php\\\/la-prefectura-clausura-con-exito-el-taller-de-cacao-y-chocolates\\\/\"},\"author\":{\"name\":\"Lui Ochoa\",\"@id\":\"https:\\\/\\\/www.manabi.gob.ec\\\/#\\\/schema\\\/person\\\/c4f117989332ad723a6ced5994aa7d7a\"},\"headline\":\"La Prefectura clausura con \u00e9xito el taller de cacao y chocolates\",\"datePublished\":\"2024-08-05T20:24:08+00:00\",\"dateModified\":\"2024-08-05T20:24:18+00:00\",\"mainEntityOfPage\":{\"@id\":\"https:\\\/\\\/www.manabi.gob.ec\\\/index.php\\\/la-prefectura-clausura-con-exito-el-taller-de-cacao-y-chocolates\\\/\"},\"wordCount\":265,\"image\":{\"@id\":\"https:\\\/\\\/www.manabi.gob.ec\\\/index.php\\\/la-prefectura-clausura-con-exito-el-taller-de-cacao-y-chocolates\\\/#primaryimage\"},\"thumbnailUrl\":\"https:\\\/\\\/www.manabi.gob.ec\\\/wp-content\\\/uploads\\\/2024\\\/08\\\/WhatsApp-Image-2024-08-05-at-2.32.15-PM-2-scaled.jpeg\",\"articleSection\":[\"Ambiente\",\"bicentenario\",\"Desarrollo Social\",\"Noticias\",\"Producci\u00f3n\",\"Todas\",\"Turismo\"],\"inLanguage\":\"es\"},{\"@type\":\"WebPage\",\"@id\":\"https:\\\/\\\/www.manabi.gob.ec\\\/index.php\\\/la-prefectura-clausura-con-exito-el-taller-de-cacao-y-chocolates\\\/\",\"url\":\"https:\\\/\\\/www.manabi.gob.ec\\\/index.php\\\/la-prefectura-clausura-con-exito-el-taller-de-cacao-y-chocolates\\\/\",\"name\":\"La Prefectura clausura con \u00e9xito el taller de cacao y chocolates - Prefectura de Manab\u00ed\",\"isPartOf\":{\"@id\":\"https:\\\/\\\/www.manabi.gob.ec\\\/#website\"},\"primaryImageOfPage\":{\"@id\":\"https:\\\/\\\/www.manabi.gob.ec\\\/index.php\\\/la-prefectura-clausura-con-exito-el-taller-de-cacao-y-chocolates\\\/#primaryimage\"},\"image\":{\"@id\":\"https:\\\/\\\/www.manabi.gob.ec\\\/index.php\\\/la-prefectura-clausura-con-exito-el-taller-de-cacao-y-chocolates\\\/#primaryimage\"},\"thumbnailUrl\":\"https:\\\/\\\/www.manabi.gob.ec\\\/wp-content\\\/uploads\\\/2024\\\/08\\\/WhatsApp-Image-2024-08-05-at-2.32.15-PM-2-scaled.jpeg\",\"datePublished\":\"2024-08-05T20:24:08+00:00\",\"dateModified\":\"2024-08-05T20:24:18+00:00\",\"author\":{\"@id\":\"https:\\\/\\\/www.manabi.gob.ec\\\/#\\\/schema\\\/person\\\/c4f117989332ad723a6ced5994aa7d7a\"},\"breadcrumb\":{\"@id\":\"https:\\\/\\\/www.manabi.gob.ec\\\/index.php\\\/la-prefectura-clausura-con-exito-el-taller-de-cacao-y-chocolates\\\/#breadcrumb\"},\"inLanguage\":\"es\",\"potentialAction\":[{\"@type\":\"ReadAction\",\"target\":[\"https:\\\/\\\/www.manabi.gob.ec\\\/index.php\\\/la-prefectura-clausura-con-exito-el-taller-de-cacao-y-chocolates\\\/\"]}]},{\"@type\":\"ImageObject\",\"inLanguage\":\"es\",\"@id\":\"https:\\\/\\\/www.manabi.gob.ec\\\/index.php\\\/la-prefectura-clausura-con-exito-el-taller-de-cacao-y-chocolates\\\/#primaryimage\",\"url\":\"https:\\\/\\\/www.manabi.gob.ec\\\/wp-content\\\/uploads\\\/2024\\\/08\\\/WhatsApp-Image-2024-08-05-at-2.32.15-PM-2-scaled.jpeg\",\"contentUrl\":\"https:\\\/\\\/www.manabi.gob.ec\\\/wp-content\\\/uploads\\\/2024\\\/08\\\/WhatsApp-Image-2024-08-05-at-2.32.15-PM-2-scaled.jpeg\",\"width\":2560,\"height\":1707},{\"@type\":\"BreadcrumbList\",\"@id\":\"https:\\\/\\\/www.manabi.gob.ec\\\/index.php\\\/la-prefectura-clausura-con-exito-el-taller-de-cacao-y-chocolates\\\/#breadcrumb\",\"itemListElement\":[{\"@type\":\"ListItem\",\"position\":1,\"name\":\"Portada\",\"item\":\"https:\\\/\\\/www.manabi.gob.ec\\\/\"},{\"@type\":\"ListItem\",\"position\":2,\"name\":\"La Prefectura clausura con \u00e9xito el taller de cacao y chocolates\"}]},{\"@type\":\"WebSite\",\"@id\":\"https:\\\/\\\/www.manabi.gob.ec\\\/#website\",\"url\":\"https:\\\/\\\/www.manabi.gob.ec\\\/\",\"name\":\"Prefectura de Manab\u00ed\",\"description\":\"P\u00e1gina web de la prefectura\",\"potentialAction\":[{\"@type\":\"SearchAction\",\"target\":{\"@type\":\"EntryPoint\",\"urlTemplate\":\"https:\\\/\\\/www.manabi.gob.ec\\\/?s={search_term_string}\"},\"query-input\":{\"@type\":\"PropertyValueSpecification\",\"valueRequired\":true,\"valueName\":\"search_term_string\"}}],\"inLanguage\":\"es\"},{\"@type\":\"Person\",\"@id\":\"https:\\\/\\\/www.manabi.gob.ec\\\/#\\\/schema\\\/person\\\/c4f117989332ad723a6ced5994aa7d7a\",\"name\":\"Lui Ochoa\",\"image\":{\"@type\":\"ImageObject\",\"inLanguage\":\"es\",\"@id\":\"https:\\\/\\\/secure.gravatar.com\\\/avatar\\\/6e8017d0fe69dead8a95864d2eb6e1e1d8bf8e01194ba49cf7b897ff038126ba?s=96&d=mm&r=g\",\"url\":\"https:\\\/\\\/secure.gravatar.com\\\/avatar\\\/6e8017d0fe69dead8a95864d2eb6e1e1d8bf8e01194ba49cf7b897ff038126ba?s=96&d=mm&r=g\",\"contentUrl\":\"https:\\\/\\\/secure.gravatar.com\\\/avatar\\\/6e8017d0fe69dead8a95864d2eb6e1e1d8bf8e01194ba49cf7b897ff038126ba?s=96&d=mm&r=g\",\"caption\":\"Lui Ochoa\"},\"url\":\"https:\\\/\\\/www.manabi.gob.ec\\\/index.php\\\/author\\\/lochoa\\\/\"}]}<\/script>\n<!-- \/ Yoast SEO plugin. -->","yoast_head_json":{"title":"La Prefectura clausura con \u00e9xito el taller de cacao y chocolates - Prefectura de Manab\u00ed","robots":{"index":"index","follow":"follow","max-snippet":"max-snippet:-1","max-image-preview":"max-image-preview:large","max-video-preview":"max-video-preview:-1"},"canonical":"https:\/\/www.manabi.gob.ec\/index.php\/la-prefectura-clausura-con-exito-el-taller-de-cacao-y-chocolates\/","og_locale":"es_ES","og_type":"article","og_title":"La Prefectura clausura con \u00e9xito el taller de cacao y chocolates - Prefectura de Manab\u00ed","og_description":"Alumnos del quinto semestre de la Escuela de Gastronom\u00eda de la Universidad T\u00e9cnica de Manab\u00ed \u2013 UTM- culminaron con \u00e9xito el taller de cacao y chocolates, desarrollado por la Prefectura de Manab\u00ed a trav\u00e9s de la Direcci\u00f3n de Fomento Productivo en el Centro de Emprendimiento e Innovaci\u00f3n (CEI). Los estudiantes se capacitaron sobre el proceso [&hellip;]","og_url":"https:\/\/www.manabi.gob.ec\/index.php\/la-prefectura-clausura-con-exito-el-taller-de-cacao-y-chocolates\/","og_site_name":"Prefectura de Manab\u00ed","article_published_time":"2024-08-05T20:24:08+00:00","article_modified_time":"2024-08-05T20:24:18+00:00","og_image":[{"width":2560,"height":1707,"url":"https:\/\/www.manabi.gob.ec\/wp-content\/uploads\/2024\/08\/WhatsApp-Image-2024-08-05-at-2.32.15-PM-2-scaled.jpeg","type":"image\/jpeg"}],"author":"Lui Ochoa","twitter_card":"summary_large_image","twitter_misc":{"Escrito por":"Lui Ochoa","Tiempo de lectura":"2 minutos"},"schema":{"@context":"https:\/\/schema.org","@graph":[{"@type":"Article","@id":"https:\/\/www.manabi.gob.ec\/index.php\/la-prefectura-clausura-con-exito-el-taller-de-cacao-y-chocolates\/#article","isPartOf":{"@id":"https:\/\/www.manabi.gob.ec\/index.php\/la-prefectura-clausura-con-exito-el-taller-de-cacao-y-chocolates\/"},"author":{"name":"Lui Ochoa","@id":"https:\/\/www.manabi.gob.ec\/#\/schema\/person\/c4f117989332ad723a6ced5994aa7d7a"},"headline":"La Prefectura clausura con \u00e9xito el taller de cacao y chocolates","datePublished":"2024-08-05T20:24:08+00:00","dateModified":"2024-08-05T20:24:18+00:00","mainEntityOfPage":{"@id":"https:\/\/www.manabi.gob.ec\/index.php\/la-prefectura-clausura-con-exito-el-taller-de-cacao-y-chocolates\/"},"wordCount":265,"image":{"@id":"https:\/\/www.manabi.gob.ec\/index.php\/la-prefectura-clausura-con-exito-el-taller-de-cacao-y-chocolates\/#primaryimage"},"thumbnailUrl":"https:\/\/www.manabi.gob.ec\/wp-content\/uploads\/2024\/08\/WhatsApp-Image-2024-08-05-at-2.32.15-PM-2-scaled.jpeg","articleSection":["Ambiente","bicentenario","Desarrollo Social","Noticias","Producci\u00f3n","Todas","Turismo"],"inLanguage":"es"},{"@type":"WebPage","@id":"https:\/\/www.manabi.gob.ec\/index.php\/la-prefectura-clausura-con-exito-el-taller-de-cacao-y-chocolates\/","url":"https:\/\/www.manabi.gob.ec\/index.php\/la-prefectura-clausura-con-exito-el-taller-de-cacao-y-chocolates\/","name":"La Prefectura clausura con \u00e9xito el taller de cacao y chocolates - Prefectura de Manab\u00ed","isPartOf":{"@id":"https:\/\/www.manabi.gob.ec\/#website"},"primaryImageOfPage":{"@id":"https:\/\/www.manabi.gob.ec\/index.php\/la-prefectura-clausura-con-exito-el-taller-de-cacao-y-chocolates\/#primaryimage"},"image":{"@id":"https:\/\/www.manabi.gob.ec\/index.php\/la-prefectura-clausura-con-exito-el-taller-de-cacao-y-chocolates\/#primaryimage"},"thumbnailUrl":"https:\/\/www.manabi.gob.ec\/wp-content\/uploads\/2024\/08\/WhatsApp-Image-2024-08-05-at-2.32.15-PM-2-scaled.jpeg","datePublished":"2024-08-05T20:24:08+00:00","dateModified":"2024-08-05T20:24:18+00:00","author":{"@id":"https:\/\/www.manabi.gob.ec\/#\/schema\/person\/c4f117989332ad723a6ced5994aa7d7a"},"breadcrumb":{"@id":"https:\/\/www.manabi.gob.ec\/index.php\/la-prefectura-clausura-con-exito-el-taller-de-cacao-y-chocolates\/#breadcrumb"},"inLanguage":"es","potentialAction":[{"@type":"ReadAction","target":["https:\/\/www.manabi.gob.ec\/index.php\/la-prefectura-clausura-con-exito-el-taller-de-cacao-y-chocolates\/"]}]},{"@type":"ImageObject","inLanguage":"es","@id":"https:\/\/www.manabi.gob.ec\/index.php\/la-prefectura-clausura-con-exito-el-taller-de-cacao-y-chocolates\/#primaryimage","url":"https:\/\/www.manabi.gob.ec\/wp-content\/uploads\/2024\/08\/WhatsApp-Image-2024-08-05-at-2.32.15-PM-2-scaled.jpeg","contentUrl":"https:\/\/www.manabi.gob.ec\/wp-content\/uploads\/2024\/08\/WhatsApp-Image-2024-08-05-at-2.32.15-PM-2-scaled.jpeg","width":2560,"height":1707},{"@type":"BreadcrumbList","@id":"https:\/\/www.manabi.gob.ec\/index.php\/la-prefectura-clausura-con-exito-el-taller-de-cacao-y-chocolates\/#breadcrumb","itemListElement":[{"@type":"ListItem","position":1,"name":"Portada","item":"https:\/\/www.manabi.gob.ec\/"},{"@type":"ListItem","position":2,"name":"La Prefectura clausura con \u00e9xito el taller de cacao y chocolates"}]},{"@type":"WebSite","@id":"https:\/\/www.manabi.gob.ec\/#website","url":"https:\/\/www.manabi.gob.ec\/","name":"Prefectura de Manab\u00ed","description":"P\u00e1gina web de la prefectura","potentialAction":[{"@type":"SearchAction","target":{"@type":"EntryPoint","urlTemplate":"https:\/\/www.manabi.gob.ec\/?s={search_term_string}"},"query-input":{"@type":"PropertyValueSpecification","valueRequired":true,"valueName":"search_term_string"}}],"inLanguage":"es"},{"@type":"Person","@id":"https:\/\/www.manabi.gob.ec\/#\/schema\/person\/c4f117989332ad723a6ced5994aa7d7a","name":"Lui Ochoa","image":{"@type":"ImageObject","inLanguage":"es","@id":"https:\/\/secure.gravatar.com\/avatar\/6e8017d0fe69dead8a95864d2eb6e1e1d8bf8e01194ba49cf7b897ff038126ba?s=96&d=mm&r=g","url":"https:\/\/secure.gravatar.com\/avatar\/6e8017d0fe69dead8a95864d2eb6e1e1d8bf8e01194ba49cf7b897ff038126ba?s=96&d=mm&r=g","contentUrl":"https:\/\/secure.gravatar.com\/avatar\/6e8017d0fe69dead8a95864d2eb6e1e1d8bf8e01194ba49cf7b897ff038126ba?s=96&d=mm&r=g","caption":"Lui Ochoa"},"url":"https:\/\/www.manabi.gob.ec\/index.php\/author\/lochoa\/"}]}},"jetpack_featured_media_url":"https:\/\/www.manabi.gob.ec\/wp-content\/uploads\/2024\/08\/WhatsApp-Image-2024-08-05-at-2.32.15-PM-2-scaled.jpeg","_links":{"self":[{"href":"https:\/\/www.manabi.gob.ec\/index.php\/wp-json\/wp\/v2\/posts\/28621","targetHints":{"allow":["GET"]}}],"collection":[{"href":"https:\/\/www.manabi.gob.ec\/index.php\/wp-json\/wp\/v2\/posts"}],"about":[{"href":"https:\/\/www.manabi.gob.ec\/index.php\/wp-json\/wp\/v2\/types\/post"}],"author":[{"embeddable":true,"href":"https:\/\/www.manabi.gob.ec\/index.php\/wp-json\/wp\/v2\/users\/10"}],"replies":[{"embeddable":true,"href":"https:\/\/www.manabi.gob.ec\/index.php\/wp-json\/wp\/v2\/comments?post=28621"}],"version-history":[{"count":1,"href":"https:\/\/www.manabi.gob.ec\/index.php\/wp-json\/wp\/v2\/posts\/28621\/revisions"}],"predecessor-version":[{"id":28623,"href":"https:\/\/www.manabi.gob.ec\/index.php\/wp-json\/wp\/v2\/posts\/28621\/revisions\/28623"}],"wp:featuredmedia":[{"embeddable":true,"href":"https:\/\/www.manabi.gob.ec\/index.php\/wp-json\/wp\/v2\/media\/28622"}],"wp:attachment":[{"href":"https:\/\/www.manabi.gob.ec\/index.php\/wp-json\/wp\/v2\/media?parent=28621"}],"wp:term":[{"taxonomy":"category","embeddable":true,"href":"https:\/\/www.manabi.gob.ec\/index.php\/wp-json\/wp\/v2\/categories?post=28621"},{"taxonomy":"post_tag","embeddable":true,"href":"https:\/\/www.manabi.gob.ec\/index.php\/wp-json\/wp\/v2\/tags?post=28621"}],"curies":[{"name":"wp","href":"https:\/\/api.w.org\/{rel}","templated":true}]}}