{"id":28731,"date":"2024-08-23T14:45:06","date_gmt":"2024-08-23T14:45:06","guid":{"rendered":"https:\/\/www.manabi.gob.ec\/?p=28731"},"modified":"2024-08-23T14:45:08","modified_gmt":"2024-08-23T14:45:08","slug":"la-prefectura-entregara-3-vias-en-la-parroquia-pueblo-nuevo-del-canton-portoviejo","status":"publish","type":"post","link":"https:\/\/www.manabi.gob.ec\/index.php\/la-prefectura-entregara-3-vias-en-la-parroquia-pueblo-nuevo-del-canton-portoviejo\/","title":{"rendered":"La Prefectura entregar\u00e1 3 v\u00edas en la parroquia Pueblo Nuevo del cant\u00f3n Portoviejo"},"content":{"rendered":"\n<p>Este Viernes 23 de Agosto, la Prefectura de Manab\u00ed inaugurar\u00e1 y entregar\u00e1 a la comunidad 3 v\u00edas de la parroquia rural Pueblo Nuevo del cant\u00f3n Portoviejo, las cuales fueron intervenidas mediante contrato con la empresa CONSORCIO LIMON CS, El acto que se realizar\u00e1 en la comunidad El Gramal.<\/p>\n\n\n\n<p>La inversion de esta obra suma $602.786,56 m\u00e1s IVA. Se trata de las v\u00edas: El Gramal &#8211; Lim\u00f3n, que fue construida a nivel de carpeta asf\u00e1ltica (900 metros de longitud por 6 de ancho); Pueblo Nuevo &#8211; Los Naranjos (1090 m de longitud por 7.20 de ancho); y la v\u00eda atr\u00e1s del Cementerio (755 m de longitud por 6 de ancho). Las 2 \u00faltimas fueron intervenidas a nivel de doble tratamiento superficial bituminoso, conocido como doble riego.<\/p>\n\n\n\n<p>Adem\u00e1s, la construcci\u00f3n de estas 3 v\u00edas incluy\u00f3 elementos de seguridad como: bordillos, cunetas, se\u00f1al\u00e9tica vertical y horizontal, y guardav\u00edas (361m).<\/p>\n\n\n\n<p>Estas obras viales de la Prefectura mejoran la conectividad de Pueblo Nuevo con sus comunidades, y benefician actividades productivas como el comercio, la agricultura, la ganader\u00eda y el turismo rural. As\u00ed mismo, facilitan el traslado de la producci\u00f3n a los diferentes mercados de la provincia y el pa\u00eds.<\/p>\n\n\n\n<p>\u201cEstamos agradecidos por el apoyo que nos est\u00e1 dando el se\u00f1or Prefecto. Adem\u00e1s de estas tres v\u00edas que se van a entregar, \u00e9l nos est\u00e1 ayudando much\u00edsimo en algunos caminos donde nunca se hab\u00eda colocado una piedra, y tambi\u00e9n se est\u00e1 bacheando el acceso a la comunidad El Gramal; la gente est\u00e1 muy contenta\u201d, manifest\u00f3 Darwin Cobe\u00f1a, presidente del GAD Parroquial de Pueblo Nuevo.<\/p>\n","protected":false},"excerpt":{"rendered":"<p>Este Viernes 23 de Agosto, la Prefectura de Manab\u00ed inaugurar\u00e1 y entregar\u00e1 a la comunidad 3 v\u00edas de la parroquia rural Pueblo Nuevo del cant\u00f3n Portoviejo, las cuales fueron intervenidas mediante contrato con la empresa CONSORCIO LIMON CS, El acto que se realizar\u00e1 en la comunidad El Gramal. La inversion de esta obra suma $602.786,56 [&hellip;]<\/p>\n","protected":false},"author":10,"featured_media":28739,"comment_status":"closed","ping_status":"closed","sticky":false,"template":"","format":"standard","meta":{"_joinchat":[],"footnotes":""},"categories":[150,142,92,181,91,127],"tags":[],"class_list":["post-28731","post","type-post","status-publish","format-standard","has-post-thumbnail","hentry","category-ambiente","category-desarrollo-social","category-noticias-manabi","category-obra-publica","category-todas","category-vialidad"],"yoast_head":"<!-- This site is optimized with the Yoast SEO plugin v27.4 - https:\/\/yoast.com\/product\/yoast-seo-wordpress\/ -->\n<title>La Prefectura entregar\u00e1 3 v\u00edas en la parroquia Pueblo Nuevo del cant\u00f3n Portoviejo - Prefectura de Manab\u00ed<\/title>\n<meta name=\"robots\" content=\"index, follow, max-snippet:-1, max-image-preview:large, max-video-preview:-1\" \/>\n<link rel=\"canonical\" href=\"https:\/\/www.manabi.gob.ec\/index.php\/la-prefectura-entregara-3-vias-en-la-parroquia-pueblo-nuevo-del-canton-portoviejo\/\" \/>\n<meta property=\"og:locale\" content=\"es_ES\" \/>\n<meta property=\"og:type\" content=\"article\" \/>\n<meta property=\"og:title\" content=\"La Prefectura entregar\u00e1 3 v\u00edas en la parroquia Pueblo Nuevo del cant\u00f3n Portoviejo - Prefectura de Manab\u00ed\" \/>\n<meta property=\"og:description\" content=\"Este Viernes 23 de Agosto, la Prefectura de Manab\u00ed inaugurar\u00e1 y entregar\u00e1 a la comunidad 3 v\u00edas de la parroquia rural Pueblo Nuevo del cant\u00f3n Portoviejo, las cuales fueron intervenidas mediante contrato con la empresa CONSORCIO LIMON CS, El acto que se realizar\u00e1 en la comunidad El Gramal. La inversion de esta obra suma $602.786,56 [&hellip;]\" \/>\n<meta property=\"og:url\" content=\"https:\/\/www.manabi.gob.ec\/index.php\/la-prefectura-entregara-3-vias-en-la-parroquia-pueblo-nuevo-del-canton-portoviejo\/\" \/>\n<meta property=\"og:site_name\" content=\"Prefectura de Manab\u00ed\" \/>\n<meta property=\"article:published_time\" content=\"2024-08-23T14:45:06+00:00\" \/>\n<meta property=\"article:modified_time\" content=\"2024-08-23T14:45:08+00:00\" \/>\n<meta property=\"og:image\" content=\"https:\/\/www.manabi.gob.ec\/wp-content\/uploads\/2024\/08\/WhatsApp-Image-2024-08-23-at-9.27.49-AM-1-1024x576.png\" \/>\n\t<meta property=\"og:image:width\" content=\"1024\" \/>\n\t<meta property=\"og:image:height\" content=\"576\" \/>\n\t<meta property=\"og:image:type\" content=\"image\/png\" \/>\n<meta name=\"author\" content=\"Lui Ochoa\" \/>\n<meta name=\"twitter:card\" content=\"summary_large_image\" \/>\n<meta name=\"twitter:label1\" content=\"Escrito por\" \/>\n\t<meta name=\"twitter:data1\" content=\"Lui Ochoa\" \/>\n\t<meta name=\"twitter:label2\" content=\"Tiempo de lectura\" \/>\n\t<meta name=\"twitter:data2\" content=\"2 minutos\" \/>\n<script type=\"application\/ld+json\" class=\"yoast-schema-graph\">{\"@context\":\"https:\\\/\\\/schema.org\",\"@graph\":[{\"@type\":\"Article\",\"@id\":\"https:\\\/\\\/www.manabi.gob.ec\\\/index.php\\\/la-prefectura-entregara-3-vias-en-la-parroquia-pueblo-nuevo-del-canton-portoviejo\\\/#article\",\"isPartOf\":{\"@id\":\"https:\\\/\\\/www.manabi.gob.ec\\\/index.php\\\/la-prefectura-entregara-3-vias-en-la-parroquia-pueblo-nuevo-del-canton-portoviejo\\\/\"},\"author\":{\"name\":\"Lui Ochoa\",\"@id\":\"https:\\\/\\\/www.manabi.gob.ec\\\/#\\\/schema\\\/person\\\/c4f117989332ad723a6ced5994aa7d7a\"},\"headline\":\"La Prefectura entregar\u00e1 3 v\u00edas en la parroquia Pueblo Nuevo del cant\u00f3n Portoviejo\",\"datePublished\":\"2024-08-23T14:45:06+00:00\",\"dateModified\":\"2024-08-23T14:45:08+00:00\",\"mainEntityOfPage\":{\"@id\":\"https:\\\/\\\/www.manabi.gob.ec\\\/index.php\\\/la-prefectura-entregara-3-vias-en-la-parroquia-pueblo-nuevo-del-canton-portoviejo\\\/\"},\"wordCount\":285,\"image\":{\"@id\":\"https:\\\/\\\/www.manabi.gob.ec\\\/index.php\\\/la-prefectura-entregara-3-vias-en-la-parroquia-pueblo-nuevo-del-canton-portoviejo\\\/#primaryimage\"},\"thumbnailUrl\":\"https:\\\/\\\/www.manabi.gob.ec\\\/wp-content\\\/uploads\\\/2024\\\/08\\\/WhatsApp-Image-2024-08-23-at-9.27.49-AM-1.png\",\"articleSection\":[\"Ambiente\",\"Desarrollo Social\",\"Noticias\",\"Obra P\u00fablica\",\"Todas\",\"Vialidad\"],\"inLanguage\":\"es\"},{\"@type\":\"WebPage\",\"@id\":\"https:\\\/\\\/www.manabi.gob.ec\\\/index.php\\\/la-prefectura-entregara-3-vias-en-la-parroquia-pueblo-nuevo-del-canton-portoviejo\\\/\",\"url\":\"https:\\\/\\\/www.manabi.gob.ec\\\/index.php\\\/la-prefectura-entregara-3-vias-en-la-parroquia-pueblo-nuevo-del-canton-portoviejo\\\/\",\"name\":\"La Prefectura entregar\u00e1 3 v\u00edas en la parroquia Pueblo Nuevo del cant\u00f3n Portoviejo - Prefectura de Manab\u00ed\",\"isPartOf\":{\"@id\":\"https:\\\/\\\/www.manabi.gob.ec\\\/#website\"},\"primaryImageOfPage\":{\"@id\":\"https:\\\/\\\/www.manabi.gob.ec\\\/index.php\\\/la-prefectura-entregara-3-vias-en-la-parroquia-pueblo-nuevo-del-canton-portoviejo\\\/#primaryimage\"},\"image\":{\"@id\":\"https:\\\/\\\/www.manabi.gob.ec\\\/index.php\\\/la-prefectura-entregara-3-vias-en-la-parroquia-pueblo-nuevo-del-canton-portoviejo\\\/#primaryimage\"},\"thumbnailUrl\":\"https:\\\/\\\/www.manabi.gob.ec\\\/wp-content\\\/uploads\\\/2024\\\/08\\\/WhatsApp-Image-2024-08-23-at-9.27.49-AM-1.png\",\"datePublished\":\"2024-08-23T14:45:06+00:00\",\"dateModified\":\"2024-08-23T14:45:08+00:00\",\"author\":{\"@id\":\"https:\\\/\\\/www.manabi.gob.ec\\\/#\\\/schema\\\/person\\\/c4f117989332ad723a6ced5994aa7d7a\"},\"breadcrumb\":{\"@id\":\"https:\\\/\\\/www.manabi.gob.ec\\\/index.php\\\/la-prefectura-entregara-3-vias-en-la-parroquia-pueblo-nuevo-del-canton-portoviejo\\\/#breadcrumb\"},\"inLanguage\":\"es\",\"potentialAction\":[{\"@type\":\"ReadAction\",\"target\":[\"https:\\\/\\\/www.manabi.gob.ec\\\/index.php\\\/la-prefectura-entregara-3-vias-en-la-parroquia-pueblo-nuevo-del-canton-portoviejo\\\/\"]}]},{\"@type\":\"ImageObject\",\"inLanguage\":\"es\",\"@id\":\"https:\\\/\\\/www.manabi.gob.ec\\\/index.php\\\/la-prefectura-entregara-3-vias-en-la-parroquia-pueblo-nuevo-del-canton-portoviejo\\\/#primaryimage\",\"url\":\"https:\\\/\\\/www.manabi.gob.ec\\\/wp-content\\\/uploads\\\/2024\\\/08\\\/WhatsApp-Image-2024-08-23-at-9.27.49-AM-1.png\",\"contentUrl\":\"https:\\\/\\\/www.manabi.gob.ec\\\/wp-content\\\/uploads\\\/2024\\\/08\\\/WhatsApp-Image-2024-08-23-at-9.27.49-AM-1.png\",\"width\":1600,\"height\":900},{\"@type\":\"BreadcrumbList\",\"@id\":\"https:\\\/\\\/www.manabi.gob.ec\\\/index.php\\\/la-prefectura-entregara-3-vias-en-la-parroquia-pueblo-nuevo-del-canton-portoviejo\\\/#breadcrumb\",\"itemListElement\":[{\"@type\":\"ListItem\",\"position\":1,\"name\":\"Portada\",\"item\":\"https:\\\/\\\/www.manabi.gob.ec\\\/\"},{\"@type\":\"ListItem\",\"position\":2,\"name\":\"La Prefectura entregar\u00e1 3 v\u00edas en la parroquia Pueblo Nuevo del cant\u00f3n Portoviejo\"}]},{\"@type\":\"WebSite\",\"@id\":\"https:\\\/\\\/www.manabi.gob.ec\\\/#website\",\"url\":\"https:\\\/\\\/www.manabi.gob.ec\\\/\",\"name\":\"Prefectura de Manab\u00ed\",\"description\":\"P\u00e1gina web de la prefectura\",\"potentialAction\":[{\"@type\":\"SearchAction\",\"target\":{\"@type\":\"EntryPoint\",\"urlTemplate\":\"https:\\\/\\\/www.manabi.gob.ec\\\/?s={search_term_string}\"},\"query-input\":{\"@type\":\"PropertyValueSpecification\",\"valueRequired\":true,\"valueName\":\"search_term_string\"}}],\"inLanguage\":\"es\"},{\"@type\":\"Person\",\"@id\":\"https:\\\/\\\/www.manabi.gob.ec\\\/#\\\/schema\\\/person\\\/c4f117989332ad723a6ced5994aa7d7a\",\"name\":\"Lui Ochoa\",\"image\":{\"@type\":\"ImageObject\",\"inLanguage\":\"es\",\"@id\":\"https:\\\/\\\/secure.gravatar.com\\\/avatar\\\/6e8017d0fe69dead8a95864d2eb6e1e1d8bf8e01194ba49cf7b897ff038126ba?s=96&d=mm&r=g\",\"url\":\"https:\\\/\\\/secure.gravatar.com\\\/avatar\\\/6e8017d0fe69dead8a95864d2eb6e1e1d8bf8e01194ba49cf7b897ff038126ba?s=96&d=mm&r=g\",\"contentUrl\":\"https:\\\/\\\/secure.gravatar.com\\\/avatar\\\/6e8017d0fe69dead8a95864d2eb6e1e1d8bf8e01194ba49cf7b897ff038126ba?s=96&d=mm&r=g\",\"caption\":\"Lui Ochoa\"},\"url\":\"https:\\\/\\\/www.manabi.gob.ec\\\/index.php\\\/author\\\/lochoa\\\/\"}]}<\/script>\n<!-- \/ Yoast SEO plugin. -->","yoast_head_json":{"title":"La Prefectura entregar\u00e1 3 v\u00edas en la parroquia Pueblo Nuevo del cant\u00f3n Portoviejo - Prefectura de Manab\u00ed","robots":{"index":"index","follow":"follow","max-snippet":"max-snippet:-1","max-image-preview":"max-image-preview:large","max-video-preview":"max-video-preview:-1"},"canonical":"https:\/\/www.manabi.gob.ec\/index.php\/la-prefectura-entregara-3-vias-en-la-parroquia-pueblo-nuevo-del-canton-portoviejo\/","og_locale":"es_ES","og_type":"article","og_title":"La Prefectura entregar\u00e1 3 v\u00edas en la parroquia Pueblo Nuevo del cant\u00f3n Portoviejo - Prefectura de Manab\u00ed","og_description":"Este Viernes 23 de Agosto, la Prefectura de Manab\u00ed inaugurar\u00e1 y entregar\u00e1 a la comunidad 3 v\u00edas de la parroquia rural Pueblo Nuevo del cant\u00f3n Portoviejo, las cuales fueron intervenidas mediante contrato con la empresa CONSORCIO LIMON CS, El acto que se realizar\u00e1 en la comunidad El Gramal. La inversion de esta obra suma $602.786,56 [&hellip;]","og_url":"https:\/\/www.manabi.gob.ec\/index.php\/la-prefectura-entregara-3-vias-en-la-parroquia-pueblo-nuevo-del-canton-portoviejo\/","og_site_name":"Prefectura de Manab\u00ed","article_published_time":"2024-08-23T14:45:06+00:00","article_modified_time":"2024-08-23T14:45:08+00:00","og_image":[{"width":1024,"height":576,"url":"https:\/\/www.manabi.gob.ec\/wp-content\/uploads\/2024\/08\/WhatsApp-Image-2024-08-23-at-9.27.49-AM-1-1024x576.png","type":"image\/png"}],"author":"Lui Ochoa","twitter_card":"summary_large_image","twitter_misc":{"Escrito por":"Lui Ochoa","Tiempo de lectura":"2 minutos"},"schema":{"@context":"https:\/\/schema.org","@graph":[{"@type":"Article","@id":"https:\/\/www.manabi.gob.ec\/index.php\/la-prefectura-entregara-3-vias-en-la-parroquia-pueblo-nuevo-del-canton-portoviejo\/#article","isPartOf":{"@id":"https:\/\/www.manabi.gob.ec\/index.php\/la-prefectura-entregara-3-vias-en-la-parroquia-pueblo-nuevo-del-canton-portoviejo\/"},"author":{"name":"Lui Ochoa","@id":"https:\/\/www.manabi.gob.ec\/#\/schema\/person\/c4f117989332ad723a6ced5994aa7d7a"},"headline":"La Prefectura entregar\u00e1 3 v\u00edas en la parroquia Pueblo Nuevo del cant\u00f3n Portoviejo","datePublished":"2024-08-23T14:45:06+00:00","dateModified":"2024-08-23T14:45:08+00:00","mainEntityOfPage":{"@id":"https:\/\/www.manabi.gob.ec\/index.php\/la-prefectura-entregara-3-vias-en-la-parroquia-pueblo-nuevo-del-canton-portoviejo\/"},"wordCount":285,"image":{"@id":"https:\/\/www.manabi.gob.ec\/index.php\/la-prefectura-entregara-3-vias-en-la-parroquia-pueblo-nuevo-del-canton-portoviejo\/#primaryimage"},"thumbnailUrl":"https:\/\/www.manabi.gob.ec\/wp-content\/uploads\/2024\/08\/WhatsApp-Image-2024-08-23-at-9.27.49-AM-1.png","articleSection":["Ambiente","Desarrollo Social","Noticias","Obra P\u00fablica","Todas","Vialidad"],"inLanguage":"es"},{"@type":"WebPage","@id":"https:\/\/www.manabi.gob.ec\/index.php\/la-prefectura-entregara-3-vias-en-la-parroquia-pueblo-nuevo-del-canton-portoviejo\/","url":"https:\/\/www.manabi.gob.ec\/index.php\/la-prefectura-entregara-3-vias-en-la-parroquia-pueblo-nuevo-del-canton-portoviejo\/","name":"La Prefectura entregar\u00e1 3 v\u00edas en la parroquia Pueblo Nuevo del cant\u00f3n Portoviejo - Prefectura de Manab\u00ed","isPartOf":{"@id":"https:\/\/www.manabi.gob.ec\/#website"},"primaryImageOfPage":{"@id":"https:\/\/www.manabi.gob.ec\/index.php\/la-prefectura-entregara-3-vias-en-la-parroquia-pueblo-nuevo-del-canton-portoviejo\/#primaryimage"},"image":{"@id":"https:\/\/www.manabi.gob.ec\/index.php\/la-prefectura-entregara-3-vias-en-la-parroquia-pueblo-nuevo-del-canton-portoviejo\/#primaryimage"},"thumbnailUrl":"https:\/\/www.manabi.gob.ec\/wp-content\/uploads\/2024\/08\/WhatsApp-Image-2024-08-23-at-9.27.49-AM-1.png","datePublished":"2024-08-23T14:45:06+00:00","dateModified":"2024-08-23T14:45:08+00:00","author":{"@id":"https:\/\/www.manabi.gob.ec\/#\/schema\/person\/c4f117989332ad723a6ced5994aa7d7a"},"breadcrumb":{"@id":"https:\/\/www.manabi.gob.ec\/index.php\/la-prefectura-entregara-3-vias-en-la-parroquia-pueblo-nuevo-del-canton-portoviejo\/#breadcrumb"},"inLanguage":"es","potentialAction":[{"@type":"ReadAction","target":["https:\/\/www.manabi.gob.ec\/index.php\/la-prefectura-entregara-3-vias-en-la-parroquia-pueblo-nuevo-del-canton-portoviejo\/"]}]},{"@type":"ImageObject","inLanguage":"es","@id":"https:\/\/www.manabi.gob.ec\/index.php\/la-prefectura-entregara-3-vias-en-la-parroquia-pueblo-nuevo-del-canton-portoviejo\/#primaryimage","url":"https:\/\/www.manabi.gob.ec\/wp-content\/uploads\/2024\/08\/WhatsApp-Image-2024-08-23-at-9.27.49-AM-1.png","contentUrl":"https:\/\/www.manabi.gob.ec\/wp-content\/uploads\/2024\/08\/WhatsApp-Image-2024-08-23-at-9.27.49-AM-1.png","width":1600,"height":900},{"@type":"BreadcrumbList","@id":"https:\/\/www.manabi.gob.ec\/index.php\/la-prefectura-entregara-3-vias-en-la-parroquia-pueblo-nuevo-del-canton-portoviejo\/#breadcrumb","itemListElement":[{"@type":"ListItem","position":1,"name":"Portada","item":"https:\/\/www.manabi.gob.ec\/"},{"@type":"ListItem","position":2,"name":"La Prefectura entregar\u00e1 3 v\u00edas en la parroquia Pueblo Nuevo del cant\u00f3n Portoviejo"}]},{"@type":"WebSite","@id":"https:\/\/www.manabi.gob.ec\/#website","url":"https:\/\/www.manabi.gob.ec\/","name":"Prefectura de Manab\u00ed","description":"P\u00e1gina web de la prefectura","potentialAction":[{"@type":"SearchAction","target":{"@type":"EntryPoint","urlTemplate":"https:\/\/www.manabi.gob.ec\/?s={search_term_string}"},"query-input":{"@type":"PropertyValueSpecification","valueRequired":true,"valueName":"search_term_string"}}],"inLanguage":"es"},{"@type":"Person","@id":"https:\/\/www.manabi.gob.ec\/#\/schema\/person\/c4f117989332ad723a6ced5994aa7d7a","name":"Lui Ochoa","image":{"@type":"ImageObject","inLanguage":"es","@id":"https:\/\/secure.gravatar.com\/avatar\/6e8017d0fe69dead8a95864d2eb6e1e1d8bf8e01194ba49cf7b897ff038126ba?s=96&d=mm&r=g","url":"https:\/\/secure.gravatar.com\/avatar\/6e8017d0fe69dead8a95864d2eb6e1e1d8bf8e01194ba49cf7b897ff038126ba?s=96&d=mm&r=g","contentUrl":"https:\/\/secure.gravatar.com\/avatar\/6e8017d0fe69dead8a95864d2eb6e1e1d8bf8e01194ba49cf7b897ff038126ba?s=96&d=mm&r=g","caption":"Lui Ochoa"},"url":"https:\/\/www.manabi.gob.ec\/index.php\/author\/lochoa\/"}]}},"jetpack_featured_media_url":"https:\/\/www.manabi.gob.ec\/wp-content\/uploads\/2024\/08\/WhatsApp-Image-2024-08-23-at-9.27.49-AM-1.png","_links":{"self":[{"href":"https:\/\/www.manabi.gob.ec\/index.php\/wp-json\/wp\/v2\/posts\/28731","targetHints":{"allow":["GET"]}}],"collection":[{"href":"https:\/\/www.manabi.gob.ec\/index.php\/wp-json\/wp\/v2\/posts"}],"about":[{"href":"https:\/\/www.manabi.gob.ec\/index.php\/wp-json\/wp\/v2\/types\/post"}],"author":[{"embeddable":true,"href":"https:\/\/www.manabi.gob.ec\/index.php\/wp-json\/wp\/v2\/users\/10"}],"replies":[{"embeddable":true,"href":"https:\/\/www.manabi.gob.ec\/index.php\/wp-json\/wp\/v2\/comments?post=28731"}],"version-history":[{"count":1,"href":"https:\/\/www.manabi.gob.ec\/index.php\/wp-json\/wp\/v2\/posts\/28731\/revisions"}],"predecessor-version":[{"id":28740,"href":"https:\/\/www.manabi.gob.ec\/index.php\/wp-json\/wp\/v2\/posts\/28731\/revisions\/28740"}],"wp:featuredmedia":[{"embeddable":true,"href":"https:\/\/www.manabi.gob.ec\/index.php\/wp-json\/wp\/v2\/media\/28739"}],"wp:attachment":[{"href":"https:\/\/www.manabi.gob.ec\/index.php\/wp-json\/wp\/v2\/media?parent=28731"}],"wp:term":[{"taxonomy":"category","embeddable":true,"href":"https:\/\/www.manabi.gob.ec\/index.php\/wp-json\/wp\/v2\/categories?post=28731"},{"taxonomy":"post_tag","embeddable":true,"href":"https:\/\/www.manabi.gob.ec\/index.php\/wp-json\/wp\/v2\/tags?post=28731"}],"curies":[{"name":"wp","href":"https:\/\/api.w.org\/{rel}","templated":true}]}}