{"id":28893,"date":"2024-09-13T13:55:32","date_gmt":"2024-09-13T13:55:32","guid":{"rendered":"https:\/\/www.manabi.gob.ec\/?p=28893"},"modified":"2024-09-13T13:55:34","modified_gmt":"2024-09-13T13:55:34","slug":"las-brigadas-comunitarias-de-seguridad-ciudadana-contaran-con-una-sede-en-manabi","status":"publish","type":"post","link":"https:\/\/www.manabi.gob.ec\/index.php\/las-brigadas-comunitarias-de-seguridad-ciudadana-contaran-con-una-sede-en-manabi\/","title":{"rendered":"Las Brigadas Comunitarias de Seguridad Ciudadana contar\u00e1n con una sede en Manab\u00ed"},"content":{"rendered":"\n<p>El prefecto de Manab\u00ed, Leonardo Orlando, entreg\u00f3 los dise\u00f1os para la construcci\u00f3n de una sede, tipo cuartel, para Las Brigadas Comunitarias de Seguridad Ciudadana en Manab\u00ed.<\/p>\n\n\n\n<p>La entrega se hizo en la Convenci\u00f3n Nacional de L\u00edderes de las Brigadas Comunitarias de Seguridad Ciudadana que se realiz\u00f3 jueves 12 de septiembre, en la Hoster\u00eda y Finca Agro Tur\u00edstica Para\u00edso Bajo la Luna, de la parroquia Sosote del cant\u00f3n Rocafuerte.<\/p>\n\n\n\n<p>En este evento, la autoridad provincial firm\u00f3 un acta de compromiso entre la prefectura de Manab\u00ed y las Brigadas de Seguridad Ciudadana para coordinar acciones de cooperaci\u00f3n en las comunidades ante situaciones riesgo.<\/p>\n\n\n\n<p>\u201cAgradecer a la Prefectura de Manab\u00ed por el apoyo permanente que da a las brigadas comunitarias en la provincia y por apoyarnos con los estudios para nuestra sede en Manab\u00ed\u201d enfatiz\u00f3 Jhonny Mendoza, presidente nacional de las Brigadas Comunitarias de Seguridad Ciudadana.<\/p>\n\n\n\n<p>\u201cHemos dise\u00f1ado un plan de seguridad humana en la provincia, aqu\u00ed hay un ej\u00e9rcito de paz que promueve la convivencia comunitaria donde el soporte son las brigadas comunitarias de seguridad ciudadana y por eso hemos entregado los estudios para el proyecto por un monto de m\u00e1s de 209 mil d\u00f3lares y buscaremos el financiamiento\u201d concluy\u00f3 el prefecto de Manab\u00ed, Leonardo Orlando<\/p>\n","protected":false},"excerpt":{"rendered":"<p>El prefecto de Manab\u00ed, Leonardo Orlando, entreg\u00f3 los dise\u00f1os para la construcci\u00f3n de una sede, tipo cuartel, para Las Brigadas Comunitarias de Seguridad Ciudadana en Manab\u00ed. La entrega se hizo en la Convenci\u00f3n Nacional de L\u00edderes de las Brigadas Comunitarias de Seguridad Ciudadana que se realiz\u00f3 jueves 12 de septiembre, en la Hoster\u00eda y Finca [&hellip;]<\/p>\n","protected":false},"author":10,"featured_media":28894,"comment_status":"closed","ping_status":"closed","sticky":false,"template":"","format":"standard","meta":{"_joinchat":[],"footnotes":""},"categories":[150,142,92,91],"tags":[],"class_list":["post-28893","post","type-post","status-publish","format-standard","has-post-thumbnail","hentry","category-ambiente","category-desarrollo-social","category-noticias-manabi","category-todas"],"yoast_head":"<!-- This site is optimized with the Yoast SEO plugin v27.4 - https:\/\/yoast.com\/product\/yoast-seo-wordpress\/ -->\n<title>Las Brigadas Comunitarias de Seguridad Ciudadana contar\u00e1n con una sede en Manab\u00ed - Prefectura de Manab\u00ed<\/title>\n<meta name=\"robots\" content=\"index, follow, max-snippet:-1, max-image-preview:large, max-video-preview:-1\" \/>\n<link rel=\"canonical\" href=\"https:\/\/www.manabi.gob.ec\/index.php\/las-brigadas-comunitarias-de-seguridad-ciudadana-contaran-con-una-sede-en-manabi\/\" \/>\n<meta property=\"og:locale\" content=\"es_ES\" \/>\n<meta property=\"og:type\" content=\"article\" \/>\n<meta property=\"og:title\" content=\"Las Brigadas Comunitarias de Seguridad Ciudadana contar\u00e1n con una sede en Manab\u00ed - Prefectura de Manab\u00ed\" \/>\n<meta property=\"og:description\" content=\"El prefecto de Manab\u00ed, Leonardo Orlando, entreg\u00f3 los dise\u00f1os para la construcci\u00f3n de una sede, tipo cuartel, para Las Brigadas Comunitarias de Seguridad Ciudadana en Manab\u00ed. La entrega se hizo en la Convenci\u00f3n Nacional de L\u00edderes de las Brigadas Comunitarias de Seguridad Ciudadana que se realiz\u00f3 jueves 12 de septiembre, en la Hoster\u00eda y Finca [&hellip;]\" \/>\n<meta property=\"og:url\" content=\"https:\/\/www.manabi.gob.ec\/index.php\/las-brigadas-comunitarias-de-seguridad-ciudadana-contaran-con-una-sede-en-manabi\/\" \/>\n<meta property=\"og:site_name\" content=\"Prefectura de Manab\u00ed\" \/>\n<meta property=\"article:published_time\" content=\"2024-09-13T13:55:32+00:00\" \/>\n<meta property=\"article:modified_time\" content=\"2024-09-13T13:55:34+00:00\" \/>\n<meta property=\"og:image\" content=\"https:\/\/www.manabi.gob.ec\/wp-content\/uploads\/2024\/09\/WhatsApp-Image-2024-09-13-at-8.50.10-AM-scaled.jpeg\" \/>\n\t<meta property=\"og:image:width\" content=\"2560\" \/>\n\t<meta property=\"og:image:height\" content=\"1707\" \/>\n\t<meta property=\"og:image:type\" content=\"image\/jpeg\" \/>\n<meta name=\"author\" content=\"Lui Ochoa\" \/>\n<meta name=\"twitter:card\" content=\"summary_large_image\" \/>\n<meta name=\"twitter:label1\" content=\"Escrito por\" \/>\n\t<meta name=\"twitter:data1\" content=\"Lui Ochoa\" \/>\n\t<meta name=\"twitter:label2\" content=\"Tiempo de lectura\" \/>\n\t<meta name=\"twitter:data2\" content=\"2 minutos\" \/>\n<script type=\"application\/ld+json\" class=\"yoast-schema-graph\">{\"@context\":\"https:\\\/\\\/schema.org\",\"@graph\":[{\"@type\":\"Article\",\"@id\":\"https:\\\/\\\/www.manabi.gob.ec\\\/index.php\\\/las-brigadas-comunitarias-de-seguridad-ciudadana-contaran-con-una-sede-en-manabi\\\/#article\",\"isPartOf\":{\"@id\":\"https:\\\/\\\/www.manabi.gob.ec\\\/index.php\\\/las-brigadas-comunitarias-de-seguridad-ciudadana-contaran-con-una-sede-en-manabi\\\/\"},\"author\":{\"name\":\"Lui Ochoa\",\"@id\":\"https:\\\/\\\/www.manabi.gob.ec\\\/#\\\/schema\\\/person\\\/c4f117989332ad723a6ced5994aa7d7a\"},\"headline\":\"Las Brigadas Comunitarias de Seguridad Ciudadana contar\u00e1n con una sede en Manab\u00ed\",\"datePublished\":\"2024-09-13T13:55:32+00:00\",\"dateModified\":\"2024-09-13T13:55:34+00:00\",\"mainEntityOfPage\":{\"@id\":\"https:\\\/\\\/www.manabi.gob.ec\\\/index.php\\\/las-brigadas-comunitarias-de-seguridad-ciudadana-contaran-con-una-sede-en-manabi\\\/\"},\"wordCount\":228,\"image\":{\"@id\":\"https:\\\/\\\/www.manabi.gob.ec\\\/index.php\\\/las-brigadas-comunitarias-de-seguridad-ciudadana-contaran-con-una-sede-en-manabi\\\/#primaryimage\"},\"thumbnailUrl\":\"https:\\\/\\\/www.manabi.gob.ec\\\/wp-content\\\/uploads\\\/2024\\\/09\\\/WhatsApp-Image-2024-09-13-at-8.50.10-AM-scaled.jpeg\",\"articleSection\":[\"Ambiente\",\"Desarrollo Social\",\"Noticias\",\"Todas\"],\"inLanguage\":\"es\"},{\"@type\":\"WebPage\",\"@id\":\"https:\\\/\\\/www.manabi.gob.ec\\\/index.php\\\/las-brigadas-comunitarias-de-seguridad-ciudadana-contaran-con-una-sede-en-manabi\\\/\",\"url\":\"https:\\\/\\\/www.manabi.gob.ec\\\/index.php\\\/las-brigadas-comunitarias-de-seguridad-ciudadana-contaran-con-una-sede-en-manabi\\\/\",\"name\":\"Las Brigadas Comunitarias de Seguridad Ciudadana contar\u00e1n con una sede en Manab\u00ed - Prefectura de Manab\u00ed\",\"isPartOf\":{\"@id\":\"https:\\\/\\\/www.manabi.gob.ec\\\/#website\"},\"primaryImageOfPage\":{\"@id\":\"https:\\\/\\\/www.manabi.gob.ec\\\/index.php\\\/las-brigadas-comunitarias-de-seguridad-ciudadana-contaran-con-una-sede-en-manabi\\\/#primaryimage\"},\"image\":{\"@id\":\"https:\\\/\\\/www.manabi.gob.ec\\\/index.php\\\/las-brigadas-comunitarias-de-seguridad-ciudadana-contaran-con-una-sede-en-manabi\\\/#primaryimage\"},\"thumbnailUrl\":\"https:\\\/\\\/www.manabi.gob.ec\\\/wp-content\\\/uploads\\\/2024\\\/09\\\/WhatsApp-Image-2024-09-13-at-8.50.10-AM-scaled.jpeg\",\"datePublished\":\"2024-09-13T13:55:32+00:00\",\"dateModified\":\"2024-09-13T13:55:34+00:00\",\"author\":{\"@id\":\"https:\\\/\\\/www.manabi.gob.ec\\\/#\\\/schema\\\/person\\\/c4f117989332ad723a6ced5994aa7d7a\"},\"breadcrumb\":{\"@id\":\"https:\\\/\\\/www.manabi.gob.ec\\\/index.php\\\/las-brigadas-comunitarias-de-seguridad-ciudadana-contaran-con-una-sede-en-manabi\\\/#breadcrumb\"},\"inLanguage\":\"es\",\"potentialAction\":[{\"@type\":\"ReadAction\",\"target\":[\"https:\\\/\\\/www.manabi.gob.ec\\\/index.php\\\/las-brigadas-comunitarias-de-seguridad-ciudadana-contaran-con-una-sede-en-manabi\\\/\"]}]},{\"@type\":\"ImageObject\",\"inLanguage\":\"es\",\"@id\":\"https:\\\/\\\/www.manabi.gob.ec\\\/index.php\\\/las-brigadas-comunitarias-de-seguridad-ciudadana-contaran-con-una-sede-en-manabi\\\/#primaryimage\",\"url\":\"https:\\\/\\\/www.manabi.gob.ec\\\/wp-content\\\/uploads\\\/2024\\\/09\\\/WhatsApp-Image-2024-09-13-at-8.50.10-AM-scaled.jpeg\",\"contentUrl\":\"https:\\\/\\\/www.manabi.gob.ec\\\/wp-content\\\/uploads\\\/2024\\\/09\\\/WhatsApp-Image-2024-09-13-at-8.50.10-AM-scaled.jpeg\",\"width\":2560,\"height\":1707},{\"@type\":\"BreadcrumbList\",\"@id\":\"https:\\\/\\\/www.manabi.gob.ec\\\/index.php\\\/las-brigadas-comunitarias-de-seguridad-ciudadana-contaran-con-una-sede-en-manabi\\\/#breadcrumb\",\"itemListElement\":[{\"@type\":\"ListItem\",\"position\":1,\"name\":\"Portada\",\"item\":\"https:\\\/\\\/www.manabi.gob.ec\\\/\"},{\"@type\":\"ListItem\",\"position\":2,\"name\":\"Las Brigadas Comunitarias de Seguridad Ciudadana contar\u00e1n con una sede en Manab\u00ed\"}]},{\"@type\":\"WebSite\",\"@id\":\"https:\\\/\\\/www.manabi.gob.ec\\\/#website\",\"url\":\"https:\\\/\\\/www.manabi.gob.ec\\\/\",\"name\":\"Prefectura de Manab\u00ed\",\"description\":\"P\u00e1gina web de la prefectura\",\"potentialAction\":[{\"@type\":\"SearchAction\",\"target\":{\"@type\":\"EntryPoint\",\"urlTemplate\":\"https:\\\/\\\/www.manabi.gob.ec\\\/?s={search_term_string}\"},\"query-input\":{\"@type\":\"PropertyValueSpecification\",\"valueRequired\":true,\"valueName\":\"search_term_string\"}}],\"inLanguage\":\"es\"},{\"@type\":\"Person\",\"@id\":\"https:\\\/\\\/www.manabi.gob.ec\\\/#\\\/schema\\\/person\\\/c4f117989332ad723a6ced5994aa7d7a\",\"name\":\"Lui Ochoa\",\"image\":{\"@type\":\"ImageObject\",\"inLanguage\":\"es\",\"@id\":\"https:\\\/\\\/secure.gravatar.com\\\/avatar\\\/6e8017d0fe69dead8a95864d2eb6e1e1d8bf8e01194ba49cf7b897ff038126ba?s=96&d=mm&r=g\",\"url\":\"https:\\\/\\\/secure.gravatar.com\\\/avatar\\\/6e8017d0fe69dead8a95864d2eb6e1e1d8bf8e01194ba49cf7b897ff038126ba?s=96&d=mm&r=g\",\"contentUrl\":\"https:\\\/\\\/secure.gravatar.com\\\/avatar\\\/6e8017d0fe69dead8a95864d2eb6e1e1d8bf8e01194ba49cf7b897ff038126ba?s=96&d=mm&r=g\",\"caption\":\"Lui Ochoa\"},\"url\":\"https:\\\/\\\/www.manabi.gob.ec\\\/index.php\\\/author\\\/lochoa\\\/\"}]}<\/script>\n<!-- \/ Yoast SEO plugin. -->","yoast_head_json":{"title":"Las Brigadas Comunitarias de Seguridad Ciudadana contar\u00e1n con una sede en Manab\u00ed - Prefectura de Manab\u00ed","robots":{"index":"index","follow":"follow","max-snippet":"max-snippet:-1","max-image-preview":"max-image-preview:large","max-video-preview":"max-video-preview:-1"},"canonical":"https:\/\/www.manabi.gob.ec\/index.php\/las-brigadas-comunitarias-de-seguridad-ciudadana-contaran-con-una-sede-en-manabi\/","og_locale":"es_ES","og_type":"article","og_title":"Las Brigadas Comunitarias de Seguridad Ciudadana contar\u00e1n con una sede en Manab\u00ed - Prefectura de Manab\u00ed","og_description":"El prefecto de Manab\u00ed, Leonardo Orlando, entreg\u00f3 los dise\u00f1os para la construcci\u00f3n de una sede, tipo cuartel, para Las Brigadas Comunitarias de Seguridad Ciudadana en Manab\u00ed. La entrega se hizo en la Convenci\u00f3n Nacional de L\u00edderes de las Brigadas Comunitarias de Seguridad Ciudadana que se realiz\u00f3 jueves 12 de septiembre, en la Hoster\u00eda y Finca [&hellip;]","og_url":"https:\/\/www.manabi.gob.ec\/index.php\/las-brigadas-comunitarias-de-seguridad-ciudadana-contaran-con-una-sede-en-manabi\/","og_site_name":"Prefectura de Manab\u00ed","article_published_time":"2024-09-13T13:55:32+00:00","article_modified_time":"2024-09-13T13:55:34+00:00","og_image":[{"width":2560,"height":1707,"url":"https:\/\/www.manabi.gob.ec\/wp-content\/uploads\/2024\/09\/WhatsApp-Image-2024-09-13-at-8.50.10-AM-scaled.jpeg","type":"image\/jpeg"}],"author":"Lui Ochoa","twitter_card":"summary_large_image","twitter_misc":{"Escrito por":"Lui Ochoa","Tiempo de lectura":"2 minutos"},"schema":{"@context":"https:\/\/schema.org","@graph":[{"@type":"Article","@id":"https:\/\/www.manabi.gob.ec\/index.php\/las-brigadas-comunitarias-de-seguridad-ciudadana-contaran-con-una-sede-en-manabi\/#article","isPartOf":{"@id":"https:\/\/www.manabi.gob.ec\/index.php\/las-brigadas-comunitarias-de-seguridad-ciudadana-contaran-con-una-sede-en-manabi\/"},"author":{"name":"Lui Ochoa","@id":"https:\/\/www.manabi.gob.ec\/#\/schema\/person\/c4f117989332ad723a6ced5994aa7d7a"},"headline":"Las Brigadas Comunitarias de Seguridad Ciudadana contar\u00e1n con una sede en Manab\u00ed","datePublished":"2024-09-13T13:55:32+00:00","dateModified":"2024-09-13T13:55:34+00:00","mainEntityOfPage":{"@id":"https:\/\/www.manabi.gob.ec\/index.php\/las-brigadas-comunitarias-de-seguridad-ciudadana-contaran-con-una-sede-en-manabi\/"},"wordCount":228,"image":{"@id":"https:\/\/www.manabi.gob.ec\/index.php\/las-brigadas-comunitarias-de-seguridad-ciudadana-contaran-con-una-sede-en-manabi\/#primaryimage"},"thumbnailUrl":"https:\/\/www.manabi.gob.ec\/wp-content\/uploads\/2024\/09\/WhatsApp-Image-2024-09-13-at-8.50.10-AM-scaled.jpeg","articleSection":["Ambiente","Desarrollo Social","Noticias","Todas"],"inLanguage":"es"},{"@type":"WebPage","@id":"https:\/\/www.manabi.gob.ec\/index.php\/las-brigadas-comunitarias-de-seguridad-ciudadana-contaran-con-una-sede-en-manabi\/","url":"https:\/\/www.manabi.gob.ec\/index.php\/las-brigadas-comunitarias-de-seguridad-ciudadana-contaran-con-una-sede-en-manabi\/","name":"Las Brigadas Comunitarias de Seguridad Ciudadana contar\u00e1n con una sede en Manab\u00ed - Prefectura de Manab\u00ed","isPartOf":{"@id":"https:\/\/www.manabi.gob.ec\/#website"},"primaryImageOfPage":{"@id":"https:\/\/www.manabi.gob.ec\/index.php\/las-brigadas-comunitarias-de-seguridad-ciudadana-contaran-con-una-sede-en-manabi\/#primaryimage"},"image":{"@id":"https:\/\/www.manabi.gob.ec\/index.php\/las-brigadas-comunitarias-de-seguridad-ciudadana-contaran-con-una-sede-en-manabi\/#primaryimage"},"thumbnailUrl":"https:\/\/www.manabi.gob.ec\/wp-content\/uploads\/2024\/09\/WhatsApp-Image-2024-09-13-at-8.50.10-AM-scaled.jpeg","datePublished":"2024-09-13T13:55:32+00:00","dateModified":"2024-09-13T13:55:34+00:00","author":{"@id":"https:\/\/www.manabi.gob.ec\/#\/schema\/person\/c4f117989332ad723a6ced5994aa7d7a"},"breadcrumb":{"@id":"https:\/\/www.manabi.gob.ec\/index.php\/las-brigadas-comunitarias-de-seguridad-ciudadana-contaran-con-una-sede-en-manabi\/#breadcrumb"},"inLanguage":"es","potentialAction":[{"@type":"ReadAction","target":["https:\/\/www.manabi.gob.ec\/index.php\/las-brigadas-comunitarias-de-seguridad-ciudadana-contaran-con-una-sede-en-manabi\/"]}]},{"@type":"ImageObject","inLanguage":"es","@id":"https:\/\/www.manabi.gob.ec\/index.php\/las-brigadas-comunitarias-de-seguridad-ciudadana-contaran-con-una-sede-en-manabi\/#primaryimage","url":"https:\/\/www.manabi.gob.ec\/wp-content\/uploads\/2024\/09\/WhatsApp-Image-2024-09-13-at-8.50.10-AM-scaled.jpeg","contentUrl":"https:\/\/www.manabi.gob.ec\/wp-content\/uploads\/2024\/09\/WhatsApp-Image-2024-09-13-at-8.50.10-AM-scaled.jpeg","width":2560,"height":1707},{"@type":"BreadcrumbList","@id":"https:\/\/www.manabi.gob.ec\/index.php\/las-brigadas-comunitarias-de-seguridad-ciudadana-contaran-con-una-sede-en-manabi\/#breadcrumb","itemListElement":[{"@type":"ListItem","position":1,"name":"Portada","item":"https:\/\/www.manabi.gob.ec\/"},{"@type":"ListItem","position":2,"name":"Las Brigadas Comunitarias de Seguridad Ciudadana contar\u00e1n con una sede en Manab\u00ed"}]},{"@type":"WebSite","@id":"https:\/\/www.manabi.gob.ec\/#website","url":"https:\/\/www.manabi.gob.ec\/","name":"Prefectura de Manab\u00ed","description":"P\u00e1gina web de la prefectura","potentialAction":[{"@type":"SearchAction","target":{"@type":"EntryPoint","urlTemplate":"https:\/\/www.manabi.gob.ec\/?s={search_term_string}"},"query-input":{"@type":"PropertyValueSpecification","valueRequired":true,"valueName":"search_term_string"}}],"inLanguage":"es"},{"@type":"Person","@id":"https:\/\/www.manabi.gob.ec\/#\/schema\/person\/c4f117989332ad723a6ced5994aa7d7a","name":"Lui Ochoa","image":{"@type":"ImageObject","inLanguage":"es","@id":"https:\/\/secure.gravatar.com\/avatar\/6e8017d0fe69dead8a95864d2eb6e1e1d8bf8e01194ba49cf7b897ff038126ba?s=96&d=mm&r=g","url":"https:\/\/secure.gravatar.com\/avatar\/6e8017d0fe69dead8a95864d2eb6e1e1d8bf8e01194ba49cf7b897ff038126ba?s=96&d=mm&r=g","contentUrl":"https:\/\/secure.gravatar.com\/avatar\/6e8017d0fe69dead8a95864d2eb6e1e1d8bf8e01194ba49cf7b897ff038126ba?s=96&d=mm&r=g","caption":"Lui Ochoa"},"url":"https:\/\/www.manabi.gob.ec\/index.php\/author\/lochoa\/"}]}},"jetpack_featured_media_url":"https:\/\/www.manabi.gob.ec\/wp-content\/uploads\/2024\/09\/WhatsApp-Image-2024-09-13-at-8.50.10-AM-scaled.jpeg","_links":{"self":[{"href":"https:\/\/www.manabi.gob.ec\/index.php\/wp-json\/wp\/v2\/posts\/28893","targetHints":{"allow":["GET"]}}],"collection":[{"href":"https:\/\/www.manabi.gob.ec\/index.php\/wp-json\/wp\/v2\/posts"}],"about":[{"href":"https:\/\/www.manabi.gob.ec\/index.php\/wp-json\/wp\/v2\/types\/post"}],"author":[{"embeddable":true,"href":"https:\/\/www.manabi.gob.ec\/index.php\/wp-json\/wp\/v2\/users\/10"}],"replies":[{"embeddable":true,"href":"https:\/\/www.manabi.gob.ec\/index.php\/wp-json\/wp\/v2\/comments?post=28893"}],"version-history":[{"count":1,"href":"https:\/\/www.manabi.gob.ec\/index.php\/wp-json\/wp\/v2\/posts\/28893\/revisions"}],"predecessor-version":[{"id":28895,"href":"https:\/\/www.manabi.gob.ec\/index.php\/wp-json\/wp\/v2\/posts\/28893\/revisions\/28895"}],"wp:featuredmedia":[{"embeddable":true,"href":"https:\/\/www.manabi.gob.ec\/index.php\/wp-json\/wp\/v2\/media\/28894"}],"wp:attachment":[{"href":"https:\/\/www.manabi.gob.ec\/index.php\/wp-json\/wp\/v2\/media?parent=28893"}],"wp:term":[{"taxonomy":"category","embeddable":true,"href":"https:\/\/www.manabi.gob.ec\/index.php\/wp-json\/wp\/v2\/categories?post=28893"},{"taxonomy":"post_tag","embeddable":true,"href":"https:\/\/www.manabi.gob.ec\/index.php\/wp-json\/wp\/v2\/tags?post=28893"}],"curies":[{"name":"wp","href":"https:\/\/api.w.org\/{rel}","templated":true}]}}