{"id":28901,"date":"2024-09-16T15:12:51","date_gmt":"2024-09-16T15:12:51","guid":{"rendered":"https:\/\/www.manabi.gob.ec\/?p=28901"},"modified":"2024-09-16T15:12:52","modified_gmt":"2024-09-16T15:12:52","slug":"prefectura-de-manabi-rindio-tributo-a-la-virgen-de-la-merced","status":"publish","type":"post","link":"https:\/\/www.manabi.gob.ec\/index.php\/prefectura-de-manabi-rindio-tributo-a-la-virgen-de-la-merced\/","title":{"rendered":"Prefectura de Manab\u00ed rindi\u00f3 tributo a la virgen de La Merced"},"content":{"rendered":"\n<p>Cada a\u00f1o los portovejenses rinden homenaje en el mes de septiembre a la Virgen de La Merced, considerada la Patrona de la ciudad, durante este tiempo se cumple el rosario de Aurora del 9 al 24 de septiembre, y las personas naturales y jur\u00eddicas asisten a misas. Este viernes 13 se hizo presente la Prefectura de Manab\u00ed.<\/p>\n\n\n\n<p>El prefecto de Manab\u00ed, Leonardo Orlando junto a empleados, trabajadores y obreros de la instituci\u00f3n provincial entregaron ofrendas a la Virgen y elevaron plegarias a la la Patrona de Portoviejo.<\/p>\n\n\n\n<p>Una antigua tradici\u00f3n narra que en el a\u00f1o de 1218 la Virgen de La Merced se le apareci\u00f3 a San Pedro de Nolasco, a quien le recomend\u00f3 que fundara una comunidad religiosa dedicada a socorrer a los que eran llevados cautivos a sitios lejanos. Adem\u00e1s, le entreg\u00f3 el escapulario Mercedario como s\u00edmbolo de su misi\u00f3n liberadora bajo la advocaci\u00f3n de Santa Mar\u00eda de la Misericordia o Merced de los Cautivos.<\/p>\n\n\n\n<p>En 1535 los sacerdotes mercedarios construyeron en Portoviejo el primer templo de La Merced, cinco a\u00f1os m\u00e1s tarde lleg\u00f3 la imagen de la virgen, la misma que hasta hoy se venera como patrona de los portovejenses y manabitas.<\/p>\n\n\n\n<p>La patrona de Portoviejo tom\u00f3 como centro de devoci\u00f3n a la capital de los manabitas, y as\u00ed ha sido durante siglos. Los devotos cada a\u00f1o honran esta noble causa, ayudando de alguna manera a los que m\u00e1s necesitan, y respetando el centro de oraci\u00f3n donde alberga la morada de la Virgen, templo que adem\u00e1s fue afectado por el terremoto.<\/p>\n\n\n\n<p>\u201cComo instituci\u00f3n trabajaremos siempre para construir un Manab\u00ed solidario y con conciencia social, como cat\u00f3licos ven\u00e9ranos a nuestra madre de la Marced y siempre le pedimos sabidur\u00eda para gobernar\u201d, concluy\u00f3 el prefecto de Manab\u00ed, Leonardo Orlando.<\/p>\n","protected":false},"excerpt":{"rendered":"<p>Cada a\u00f1o los portovejenses rinden homenaje en el mes de septiembre a la Virgen de La Merced, considerada la Patrona de la ciudad, durante este tiempo se cumple el rosario de Aurora del 9 al 24 de septiembre, y las personas naturales y jur\u00eddicas asisten a misas. Este viernes 13 se hizo presente la Prefectura [&hellip;]<\/p>\n","protected":false},"author":10,"featured_media":28902,"comment_status":"closed","ping_status":"closed","sticky":false,"template":"","format":"standard","meta":{"_joinchat":[],"footnotes":""},"categories":[150,142,92,132,91,81],"tags":[],"class_list":["post-28901","post","type-post","status-publish","format-standard","has-post-thumbnail","hentry","category-ambiente","category-desarrollo-social","category-noticias-manabi","category-portoviejo","category-todas","category-turismo"],"yoast_head":"<!-- This site is optimized with the Yoast SEO plugin v27.4 - https:\/\/yoast.com\/product\/yoast-seo-wordpress\/ -->\n<title>Prefectura de Manab\u00ed rindi\u00f3 tributo a la virgen de La Merced - Prefectura de Manab\u00ed<\/title>\n<meta name=\"robots\" content=\"index, follow, max-snippet:-1, max-image-preview:large, max-video-preview:-1\" \/>\n<link rel=\"canonical\" href=\"https:\/\/www.manabi.gob.ec\/index.php\/prefectura-de-manabi-rindio-tributo-a-la-virgen-de-la-merced\/\" \/>\n<meta property=\"og:locale\" content=\"es_ES\" \/>\n<meta property=\"og:type\" content=\"article\" \/>\n<meta property=\"og:title\" content=\"Prefectura de Manab\u00ed rindi\u00f3 tributo a la virgen de La Merced - Prefectura de Manab\u00ed\" \/>\n<meta property=\"og:description\" content=\"Cada a\u00f1o los portovejenses rinden homenaje en el mes de septiembre a la Virgen de La Merced, considerada la Patrona de la ciudad, durante este tiempo se cumple el rosario de Aurora del 9 al 24 de septiembre, y las personas naturales y jur\u00eddicas asisten a misas. Este viernes 13 se hizo presente la Prefectura [&hellip;]\" \/>\n<meta property=\"og:url\" content=\"https:\/\/www.manabi.gob.ec\/index.php\/prefectura-de-manabi-rindio-tributo-a-la-virgen-de-la-merced\/\" \/>\n<meta property=\"og:site_name\" content=\"Prefectura de Manab\u00ed\" \/>\n<meta property=\"article:published_time\" content=\"2024-09-16T15:12:51+00:00\" \/>\n<meta property=\"article:modified_time\" content=\"2024-09-16T15:12:52+00:00\" \/>\n<meta property=\"og:image\" content=\"https:\/\/www.manabi.gob.ec\/wp-content\/uploads\/2024\/09\/WhatsApp-Image-2024-09-13-at-2.59.50-PM-scaled.jpeg\" \/>\n\t<meta property=\"og:image:width\" content=\"2560\" \/>\n\t<meta property=\"og:image:height\" content=\"1707\" \/>\n\t<meta property=\"og:image:type\" content=\"image\/jpeg\" \/>\n<meta name=\"author\" content=\"Lui Ochoa\" \/>\n<meta name=\"twitter:card\" content=\"summary_large_image\" \/>\n<meta name=\"twitter:label1\" content=\"Escrito por\" \/>\n\t<meta name=\"twitter:data1\" content=\"Lui Ochoa\" \/>\n\t<meta name=\"twitter:label2\" content=\"Tiempo de lectura\" \/>\n\t<meta name=\"twitter:data2\" content=\"2 minutos\" \/>\n<script type=\"application\/ld+json\" class=\"yoast-schema-graph\">{\"@context\":\"https:\\\/\\\/schema.org\",\"@graph\":[{\"@type\":\"Article\",\"@id\":\"https:\\\/\\\/www.manabi.gob.ec\\\/index.php\\\/prefectura-de-manabi-rindio-tributo-a-la-virgen-de-la-merced\\\/#article\",\"isPartOf\":{\"@id\":\"https:\\\/\\\/www.manabi.gob.ec\\\/index.php\\\/prefectura-de-manabi-rindio-tributo-a-la-virgen-de-la-merced\\\/\"},\"author\":{\"name\":\"Lui Ochoa\",\"@id\":\"https:\\\/\\\/www.manabi.gob.ec\\\/#\\\/schema\\\/person\\\/c4f117989332ad723a6ced5994aa7d7a\"},\"headline\":\"Prefectura de Manab\u00ed rindi\u00f3 tributo a la virgen de La Merced\",\"datePublished\":\"2024-09-16T15:12:51+00:00\",\"dateModified\":\"2024-09-16T15:12:52+00:00\",\"mainEntityOfPage\":{\"@id\":\"https:\\\/\\\/www.manabi.gob.ec\\\/index.php\\\/prefectura-de-manabi-rindio-tributo-a-la-virgen-de-la-merced\\\/\"},\"wordCount\":317,\"image\":{\"@id\":\"https:\\\/\\\/www.manabi.gob.ec\\\/index.php\\\/prefectura-de-manabi-rindio-tributo-a-la-virgen-de-la-merced\\\/#primaryimage\"},\"thumbnailUrl\":\"https:\\\/\\\/www.manabi.gob.ec\\\/wp-content\\\/uploads\\\/2024\\\/09\\\/WhatsApp-Image-2024-09-13-at-2.59.50-PM-scaled.jpeg\",\"articleSection\":[\"Ambiente\",\"Desarrollo Social\",\"Noticias\",\"Portoviejo\",\"Todas\",\"Turismo\"],\"inLanguage\":\"es\"},{\"@type\":\"WebPage\",\"@id\":\"https:\\\/\\\/www.manabi.gob.ec\\\/index.php\\\/prefectura-de-manabi-rindio-tributo-a-la-virgen-de-la-merced\\\/\",\"url\":\"https:\\\/\\\/www.manabi.gob.ec\\\/index.php\\\/prefectura-de-manabi-rindio-tributo-a-la-virgen-de-la-merced\\\/\",\"name\":\"Prefectura de Manab\u00ed rindi\u00f3 tributo a la virgen de La Merced - Prefectura de Manab\u00ed\",\"isPartOf\":{\"@id\":\"https:\\\/\\\/www.manabi.gob.ec\\\/#website\"},\"primaryImageOfPage\":{\"@id\":\"https:\\\/\\\/www.manabi.gob.ec\\\/index.php\\\/prefectura-de-manabi-rindio-tributo-a-la-virgen-de-la-merced\\\/#primaryimage\"},\"image\":{\"@id\":\"https:\\\/\\\/www.manabi.gob.ec\\\/index.php\\\/prefectura-de-manabi-rindio-tributo-a-la-virgen-de-la-merced\\\/#primaryimage\"},\"thumbnailUrl\":\"https:\\\/\\\/www.manabi.gob.ec\\\/wp-content\\\/uploads\\\/2024\\\/09\\\/WhatsApp-Image-2024-09-13-at-2.59.50-PM-scaled.jpeg\",\"datePublished\":\"2024-09-16T15:12:51+00:00\",\"dateModified\":\"2024-09-16T15:12:52+00:00\",\"author\":{\"@id\":\"https:\\\/\\\/www.manabi.gob.ec\\\/#\\\/schema\\\/person\\\/c4f117989332ad723a6ced5994aa7d7a\"},\"breadcrumb\":{\"@id\":\"https:\\\/\\\/www.manabi.gob.ec\\\/index.php\\\/prefectura-de-manabi-rindio-tributo-a-la-virgen-de-la-merced\\\/#breadcrumb\"},\"inLanguage\":\"es\",\"potentialAction\":[{\"@type\":\"ReadAction\",\"target\":[\"https:\\\/\\\/www.manabi.gob.ec\\\/index.php\\\/prefectura-de-manabi-rindio-tributo-a-la-virgen-de-la-merced\\\/\"]}]},{\"@type\":\"ImageObject\",\"inLanguage\":\"es\",\"@id\":\"https:\\\/\\\/www.manabi.gob.ec\\\/index.php\\\/prefectura-de-manabi-rindio-tributo-a-la-virgen-de-la-merced\\\/#primaryimage\",\"url\":\"https:\\\/\\\/www.manabi.gob.ec\\\/wp-content\\\/uploads\\\/2024\\\/09\\\/WhatsApp-Image-2024-09-13-at-2.59.50-PM-scaled.jpeg\",\"contentUrl\":\"https:\\\/\\\/www.manabi.gob.ec\\\/wp-content\\\/uploads\\\/2024\\\/09\\\/WhatsApp-Image-2024-09-13-at-2.59.50-PM-scaled.jpeg\",\"width\":2560,\"height\":1707},{\"@type\":\"BreadcrumbList\",\"@id\":\"https:\\\/\\\/www.manabi.gob.ec\\\/index.php\\\/prefectura-de-manabi-rindio-tributo-a-la-virgen-de-la-merced\\\/#breadcrumb\",\"itemListElement\":[{\"@type\":\"ListItem\",\"position\":1,\"name\":\"Portada\",\"item\":\"https:\\\/\\\/www.manabi.gob.ec\\\/\"},{\"@type\":\"ListItem\",\"position\":2,\"name\":\"Prefectura de Manab\u00ed rindi\u00f3 tributo a la virgen de La Merced\"}]},{\"@type\":\"WebSite\",\"@id\":\"https:\\\/\\\/www.manabi.gob.ec\\\/#website\",\"url\":\"https:\\\/\\\/www.manabi.gob.ec\\\/\",\"name\":\"Prefectura de Manab\u00ed\",\"description\":\"P\u00e1gina web de la prefectura\",\"potentialAction\":[{\"@type\":\"SearchAction\",\"target\":{\"@type\":\"EntryPoint\",\"urlTemplate\":\"https:\\\/\\\/www.manabi.gob.ec\\\/?s={search_term_string}\"},\"query-input\":{\"@type\":\"PropertyValueSpecification\",\"valueRequired\":true,\"valueName\":\"search_term_string\"}}],\"inLanguage\":\"es\"},{\"@type\":\"Person\",\"@id\":\"https:\\\/\\\/www.manabi.gob.ec\\\/#\\\/schema\\\/person\\\/c4f117989332ad723a6ced5994aa7d7a\",\"name\":\"Lui Ochoa\",\"image\":{\"@type\":\"ImageObject\",\"inLanguage\":\"es\",\"@id\":\"https:\\\/\\\/secure.gravatar.com\\\/avatar\\\/6e8017d0fe69dead8a95864d2eb6e1e1d8bf8e01194ba49cf7b897ff038126ba?s=96&d=mm&r=g\",\"url\":\"https:\\\/\\\/secure.gravatar.com\\\/avatar\\\/6e8017d0fe69dead8a95864d2eb6e1e1d8bf8e01194ba49cf7b897ff038126ba?s=96&d=mm&r=g\",\"contentUrl\":\"https:\\\/\\\/secure.gravatar.com\\\/avatar\\\/6e8017d0fe69dead8a95864d2eb6e1e1d8bf8e01194ba49cf7b897ff038126ba?s=96&d=mm&r=g\",\"caption\":\"Lui Ochoa\"},\"url\":\"https:\\\/\\\/www.manabi.gob.ec\\\/index.php\\\/author\\\/lochoa\\\/\"}]}<\/script>\n<!-- \/ Yoast SEO plugin. -->","yoast_head_json":{"title":"Prefectura de Manab\u00ed rindi\u00f3 tributo a la virgen de La Merced - Prefectura de Manab\u00ed","robots":{"index":"index","follow":"follow","max-snippet":"max-snippet:-1","max-image-preview":"max-image-preview:large","max-video-preview":"max-video-preview:-1"},"canonical":"https:\/\/www.manabi.gob.ec\/index.php\/prefectura-de-manabi-rindio-tributo-a-la-virgen-de-la-merced\/","og_locale":"es_ES","og_type":"article","og_title":"Prefectura de Manab\u00ed rindi\u00f3 tributo a la virgen de La Merced - Prefectura de Manab\u00ed","og_description":"Cada a\u00f1o los portovejenses rinden homenaje en el mes de septiembre a la Virgen de La Merced, considerada la Patrona de la ciudad, durante este tiempo se cumple el rosario de Aurora del 9 al 24 de septiembre, y las personas naturales y jur\u00eddicas asisten a misas. Este viernes 13 se hizo presente la Prefectura [&hellip;]","og_url":"https:\/\/www.manabi.gob.ec\/index.php\/prefectura-de-manabi-rindio-tributo-a-la-virgen-de-la-merced\/","og_site_name":"Prefectura de Manab\u00ed","article_published_time":"2024-09-16T15:12:51+00:00","article_modified_time":"2024-09-16T15:12:52+00:00","og_image":[{"width":2560,"height":1707,"url":"https:\/\/www.manabi.gob.ec\/wp-content\/uploads\/2024\/09\/WhatsApp-Image-2024-09-13-at-2.59.50-PM-scaled.jpeg","type":"image\/jpeg"}],"author":"Lui Ochoa","twitter_card":"summary_large_image","twitter_misc":{"Escrito por":"Lui Ochoa","Tiempo de lectura":"2 minutos"},"schema":{"@context":"https:\/\/schema.org","@graph":[{"@type":"Article","@id":"https:\/\/www.manabi.gob.ec\/index.php\/prefectura-de-manabi-rindio-tributo-a-la-virgen-de-la-merced\/#article","isPartOf":{"@id":"https:\/\/www.manabi.gob.ec\/index.php\/prefectura-de-manabi-rindio-tributo-a-la-virgen-de-la-merced\/"},"author":{"name":"Lui Ochoa","@id":"https:\/\/www.manabi.gob.ec\/#\/schema\/person\/c4f117989332ad723a6ced5994aa7d7a"},"headline":"Prefectura de Manab\u00ed rindi\u00f3 tributo a la virgen de La Merced","datePublished":"2024-09-16T15:12:51+00:00","dateModified":"2024-09-16T15:12:52+00:00","mainEntityOfPage":{"@id":"https:\/\/www.manabi.gob.ec\/index.php\/prefectura-de-manabi-rindio-tributo-a-la-virgen-de-la-merced\/"},"wordCount":317,"image":{"@id":"https:\/\/www.manabi.gob.ec\/index.php\/prefectura-de-manabi-rindio-tributo-a-la-virgen-de-la-merced\/#primaryimage"},"thumbnailUrl":"https:\/\/www.manabi.gob.ec\/wp-content\/uploads\/2024\/09\/WhatsApp-Image-2024-09-13-at-2.59.50-PM-scaled.jpeg","articleSection":["Ambiente","Desarrollo Social","Noticias","Portoviejo","Todas","Turismo"],"inLanguage":"es"},{"@type":"WebPage","@id":"https:\/\/www.manabi.gob.ec\/index.php\/prefectura-de-manabi-rindio-tributo-a-la-virgen-de-la-merced\/","url":"https:\/\/www.manabi.gob.ec\/index.php\/prefectura-de-manabi-rindio-tributo-a-la-virgen-de-la-merced\/","name":"Prefectura de Manab\u00ed rindi\u00f3 tributo a la virgen de La Merced - Prefectura de Manab\u00ed","isPartOf":{"@id":"https:\/\/www.manabi.gob.ec\/#website"},"primaryImageOfPage":{"@id":"https:\/\/www.manabi.gob.ec\/index.php\/prefectura-de-manabi-rindio-tributo-a-la-virgen-de-la-merced\/#primaryimage"},"image":{"@id":"https:\/\/www.manabi.gob.ec\/index.php\/prefectura-de-manabi-rindio-tributo-a-la-virgen-de-la-merced\/#primaryimage"},"thumbnailUrl":"https:\/\/www.manabi.gob.ec\/wp-content\/uploads\/2024\/09\/WhatsApp-Image-2024-09-13-at-2.59.50-PM-scaled.jpeg","datePublished":"2024-09-16T15:12:51+00:00","dateModified":"2024-09-16T15:12:52+00:00","author":{"@id":"https:\/\/www.manabi.gob.ec\/#\/schema\/person\/c4f117989332ad723a6ced5994aa7d7a"},"breadcrumb":{"@id":"https:\/\/www.manabi.gob.ec\/index.php\/prefectura-de-manabi-rindio-tributo-a-la-virgen-de-la-merced\/#breadcrumb"},"inLanguage":"es","potentialAction":[{"@type":"ReadAction","target":["https:\/\/www.manabi.gob.ec\/index.php\/prefectura-de-manabi-rindio-tributo-a-la-virgen-de-la-merced\/"]}]},{"@type":"ImageObject","inLanguage":"es","@id":"https:\/\/www.manabi.gob.ec\/index.php\/prefectura-de-manabi-rindio-tributo-a-la-virgen-de-la-merced\/#primaryimage","url":"https:\/\/www.manabi.gob.ec\/wp-content\/uploads\/2024\/09\/WhatsApp-Image-2024-09-13-at-2.59.50-PM-scaled.jpeg","contentUrl":"https:\/\/www.manabi.gob.ec\/wp-content\/uploads\/2024\/09\/WhatsApp-Image-2024-09-13-at-2.59.50-PM-scaled.jpeg","width":2560,"height":1707},{"@type":"BreadcrumbList","@id":"https:\/\/www.manabi.gob.ec\/index.php\/prefectura-de-manabi-rindio-tributo-a-la-virgen-de-la-merced\/#breadcrumb","itemListElement":[{"@type":"ListItem","position":1,"name":"Portada","item":"https:\/\/www.manabi.gob.ec\/"},{"@type":"ListItem","position":2,"name":"Prefectura de Manab\u00ed rindi\u00f3 tributo a la virgen de La Merced"}]},{"@type":"WebSite","@id":"https:\/\/www.manabi.gob.ec\/#website","url":"https:\/\/www.manabi.gob.ec\/","name":"Prefectura de Manab\u00ed","description":"P\u00e1gina web de la prefectura","potentialAction":[{"@type":"SearchAction","target":{"@type":"EntryPoint","urlTemplate":"https:\/\/www.manabi.gob.ec\/?s={search_term_string}"},"query-input":{"@type":"PropertyValueSpecification","valueRequired":true,"valueName":"search_term_string"}}],"inLanguage":"es"},{"@type":"Person","@id":"https:\/\/www.manabi.gob.ec\/#\/schema\/person\/c4f117989332ad723a6ced5994aa7d7a","name":"Lui Ochoa","image":{"@type":"ImageObject","inLanguage":"es","@id":"https:\/\/secure.gravatar.com\/avatar\/6e8017d0fe69dead8a95864d2eb6e1e1d8bf8e01194ba49cf7b897ff038126ba?s=96&d=mm&r=g","url":"https:\/\/secure.gravatar.com\/avatar\/6e8017d0fe69dead8a95864d2eb6e1e1d8bf8e01194ba49cf7b897ff038126ba?s=96&d=mm&r=g","contentUrl":"https:\/\/secure.gravatar.com\/avatar\/6e8017d0fe69dead8a95864d2eb6e1e1d8bf8e01194ba49cf7b897ff038126ba?s=96&d=mm&r=g","caption":"Lui Ochoa"},"url":"https:\/\/www.manabi.gob.ec\/index.php\/author\/lochoa\/"}]}},"jetpack_featured_media_url":"https:\/\/www.manabi.gob.ec\/wp-content\/uploads\/2024\/09\/WhatsApp-Image-2024-09-13-at-2.59.50-PM-scaled.jpeg","_links":{"self":[{"href":"https:\/\/www.manabi.gob.ec\/index.php\/wp-json\/wp\/v2\/posts\/28901","targetHints":{"allow":["GET"]}}],"collection":[{"href":"https:\/\/www.manabi.gob.ec\/index.php\/wp-json\/wp\/v2\/posts"}],"about":[{"href":"https:\/\/www.manabi.gob.ec\/index.php\/wp-json\/wp\/v2\/types\/post"}],"author":[{"embeddable":true,"href":"https:\/\/www.manabi.gob.ec\/index.php\/wp-json\/wp\/v2\/users\/10"}],"replies":[{"embeddable":true,"href":"https:\/\/www.manabi.gob.ec\/index.php\/wp-json\/wp\/v2\/comments?post=28901"}],"version-history":[{"count":1,"href":"https:\/\/www.manabi.gob.ec\/index.php\/wp-json\/wp\/v2\/posts\/28901\/revisions"}],"predecessor-version":[{"id":28903,"href":"https:\/\/www.manabi.gob.ec\/index.php\/wp-json\/wp\/v2\/posts\/28901\/revisions\/28903"}],"wp:featuredmedia":[{"embeddable":true,"href":"https:\/\/www.manabi.gob.ec\/index.php\/wp-json\/wp\/v2\/media\/28902"}],"wp:attachment":[{"href":"https:\/\/www.manabi.gob.ec\/index.php\/wp-json\/wp\/v2\/media?parent=28901"}],"wp:term":[{"taxonomy":"category","embeddable":true,"href":"https:\/\/www.manabi.gob.ec\/index.php\/wp-json\/wp\/v2\/categories?post=28901"},{"taxonomy":"post_tag","embeddable":true,"href":"https:\/\/www.manabi.gob.ec\/index.php\/wp-json\/wp\/v2\/tags?post=28901"}],"curies":[{"name":"wp","href":"https:\/\/api.w.org\/{rel}","templated":true}]}}