{"id":28928,"date":"2024-09-19T15:20:23","date_gmt":"2024-09-19T15:20:23","guid":{"rendered":"https:\/\/www.manabi.gob.ec\/?p=28928"},"modified":"2024-09-19T15:20:26","modified_gmt":"2024-09-19T15:20:26","slug":"mas-de-18-mil-ninos-y-ninas-participaron-del-campeonato-de-futbol-entrenando-valores","status":"publish","type":"post","link":"https:\/\/www.manabi.gob.ec\/index.php\/mas-de-18-mil-ninos-y-ninas-participaron-del-campeonato-de-futbol-entrenando-valores\/","title":{"rendered":"M\u00e1s de 18 mil ni\u00f1os y ni\u00f1as participaron del campeonato de f\u00fatbol \u201cEntrenando Valores\u201d"},"content":{"rendered":"\n<p>Con mucho \u00e9xito se desarroll\u00f3 el campeonato de f\u00fatbol provincial \u201cEntrenando Valores\u201d, impulsado por la Prefectura de Manab\u00ed, en el que participaron m\u00e1s de 18 mil deportistas, entre ni\u00f1os, ni\u00f1as y adolescentes de la provincia. Se jugaron 5 categor\u00edas en varones y 1 en mujeres.<\/p>\n\n\n\n<p>La final del evento se desarroll\u00f3 en el estadio Reales Tamarindos de Portoviejo, durante el d\u00eda 18 de septiembre, escenario que se llen\u00f3 de la alegr\u00eda y risas por los ni\u00f1os y ni\u00f1as y adolescentes deportistas participantes, que durante muchos meses han sido preparados por profesionales deportivos en este emblem\u00e1tico programa deportivo de la Prefectura de Manab\u00ed. Son 120 unidades deportivas que funcionan en la provincia.<\/p>\n\n\n\n<p>El prefecto, Leonardo Orlado, estuvo presente en el campeonato, apoyando a los peque\u00f1os pero gigantes deportistas que sue\u00f1an convertirse, en los grandes del f\u00fatbol del pa\u00eds. \u00c9l fue el encargado de entregar la premiaci\u00f3n a los ganadores, que consisti\u00f3 en trofeos y medallas.<\/p>\n\n\n\n<p>Este evento no solo promovi\u00f3 el deporte, sino tambi\u00e9n la integraci\u00f3n y el desarrollo de valores en la juventud Manabita.<\/p>\n\n\n\n<p>\u201cEstoy orgulloso de promover desde la Prefectura de Manab\u00ed este proyecto emblem\u00e1tico, donde sin duda se ve la casta de estos futuras estrellas, seguiremos apoyando estas iniciativas para hacer un Manab\u00ed en el deporte\u201d, enfatiz\u00f3 el prefecto de Manab\u00ed Leonardo Orlando.<\/p>\n\n\n\n<p>Los resultados del campeonato fueron los siguientes:<\/p>\n\n\n\n<p>\uf0d8 Categor\u00eda varones:<br>-Sub 6-7: La Bramadora (1) vs Km 20 (0)<\/p>\n\n\n\n<p>-Sub 8-9: Naranjal (1) vs Santa Mar\u00eda (0)<\/p>\n\n\n\n<p>Sub 10-11: Santa Mar\u00eda (0-3) Salango (0-1) en penales<\/p>\n\n\n\n<p>Sub 12-13: Bachillero (6) vs Flavio Alfaro (0)<\/p>\n\n\n\n<p>Sub 14-17: El Para\u00edso La 14 (0-5) San Placido (0-3) en penales<\/p>\n\n\n\n<p>\uf0d8 Categor\u00eda mujeres:<\/p>\n\n\n\n<ul class=\"wp-block-list\">\n<li>Santa Mar\u00eda (2) vs Km 20 (0)<\/li>\n<\/ul>\n","protected":false},"excerpt":{"rendered":"<p>Con mucho \u00e9xito se desarroll\u00f3 el campeonato de f\u00fatbol provincial \u201cEntrenando Valores\u201d, impulsado por la Prefectura de Manab\u00ed, en el que participaron m\u00e1s de 18 mil deportistas, entre ni\u00f1os, ni\u00f1as y adolescentes de la provincia. Se jugaron 5 categor\u00edas en varones y 1 en mujeres. La final del evento se desarroll\u00f3 en el estadio Reales [&hellip;]<\/p>\n","protected":false},"author":10,"featured_media":28929,"comment_status":"closed","ping_status":"closed","sticky":false,"template":"","format":"standard","meta":{"_joinchat":[],"footnotes":""},"categories":[150,142,92,91],"tags":[],"class_list":["post-28928","post","type-post","status-publish","format-standard","has-post-thumbnail","hentry","category-ambiente","category-desarrollo-social","category-noticias-manabi","category-todas"],"yoast_head":"<!-- This site is optimized with the Yoast SEO plugin v27.4 - https:\/\/yoast.com\/product\/yoast-seo-wordpress\/ -->\n<title>M\u00e1s de 18 mil ni\u00f1os y ni\u00f1as participaron del campeonato de f\u00fatbol \u201cEntrenando Valores\u201d - Prefectura de Manab\u00ed<\/title>\n<meta name=\"robots\" content=\"index, follow, max-snippet:-1, max-image-preview:large, max-video-preview:-1\" \/>\n<link rel=\"canonical\" href=\"https:\/\/www.manabi.gob.ec\/index.php\/mas-de-18-mil-ninos-y-ninas-participaron-del-campeonato-de-futbol-entrenando-valores\/\" \/>\n<meta property=\"og:locale\" content=\"es_ES\" \/>\n<meta property=\"og:type\" content=\"article\" \/>\n<meta property=\"og:title\" content=\"M\u00e1s de 18 mil ni\u00f1os y ni\u00f1as participaron del campeonato de f\u00fatbol \u201cEntrenando Valores\u201d - Prefectura de Manab\u00ed\" \/>\n<meta property=\"og:description\" content=\"Con mucho \u00e9xito se desarroll\u00f3 el campeonato de f\u00fatbol provincial \u201cEntrenando Valores\u201d, impulsado por la Prefectura de Manab\u00ed, en el que participaron m\u00e1s de 18 mil deportistas, entre ni\u00f1os, ni\u00f1as y adolescentes de la provincia. Se jugaron 5 categor\u00edas en varones y 1 en mujeres. La final del evento se desarroll\u00f3 en el estadio Reales [&hellip;]\" \/>\n<meta property=\"og:url\" content=\"https:\/\/www.manabi.gob.ec\/index.php\/mas-de-18-mil-ninos-y-ninas-participaron-del-campeonato-de-futbol-entrenando-valores\/\" \/>\n<meta property=\"og:site_name\" content=\"Prefectura de Manab\u00ed\" \/>\n<meta property=\"article:published_time\" content=\"2024-09-19T15:20:23+00:00\" \/>\n<meta property=\"article:modified_time\" content=\"2024-09-19T15:20:26+00:00\" \/>\n<meta property=\"og:image\" content=\"https:\/\/www.manabi.gob.ec\/wp-content\/uploads\/2024\/09\/WhatsApp-Image-2024-09-19-at-10.03.32-AM-scaled.jpeg\" \/>\n\t<meta property=\"og:image:width\" content=\"2560\" \/>\n\t<meta property=\"og:image:height\" content=\"1707\" \/>\n\t<meta property=\"og:image:type\" content=\"image\/jpeg\" \/>\n<meta name=\"author\" content=\"Lui Ochoa\" \/>\n<meta name=\"twitter:card\" content=\"summary_large_image\" \/>\n<meta name=\"twitter:label1\" content=\"Escrito por\" \/>\n\t<meta name=\"twitter:data1\" content=\"Lui Ochoa\" \/>\n\t<meta name=\"twitter:label2\" content=\"Tiempo de lectura\" \/>\n\t<meta name=\"twitter:data2\" content=\"2 minutos\" \/>\n<script type=\"application\/ld+json\" class=\"yoast-schema-graph\">{\"@context\":\"https:\\\/\\\/schema.org\",\"@graph\":[{\"@type\":\"Article\",\"@id\":\"https:\\\/\\\/www.manabi.gob.ec\\\/index.php\\\/mas-de-18-mil-ninos-y-ninas-participaron-del-campeonato-de-futbol-entrenando-valores\\\/#article\",\"isPartOf\":{\"@id\":\"https:\\\/\\\/www.manabi.gob.ec\\\/index.php\\\/mas-de-18-mil-ninos-y-ninas-participaron-del-campeonato-de-futbol-entrenando-valores\\\/\"},\"author\":{\"name\":\"Lui Ochoa\",\"@id\":\"https:\\\/\\\/www.manabi.gob.ec\\\/#\\\/schema\\\/person\\\/c4f117989332ad723a6ced5994aa7d7a\"},\"headline\":\"M\u00e1s de 18 mil ni\u00f1os y ni\u00f1as participaron del campeonato de f\u00fatbol \u201cEntrenando Valores\u201d\",\"datePublished\":\"2024-09-19T15:20:23+00:00\",\"dateModified\":\"2024-09-19T15:20:26+00:00\",\"mainEntityOfPage\":{\"@id\":\"https:\\\/\\\/www.manabi.gob.ec\\\/index.php\\\/mas-de-18-mil-ninos-y-ninas-participaron-del-campeonato-de-futbol-entrenando-valores\\\/\"},\"wordCount\":304,\"image\":{\"@id\":\"https:\\\/\\\/www.manabi.gob.ec\\\/index.php\\\/mas-de-18-mil-ninos-y-ninas-participaron-del-campeonato-de-futbol-entrenando-valores\\\/#primaryimage\"},\"thumbnailUrl\":\"https:\\\/\\\/www.manabi.gob.ec\\\/wp-content\\\/uploads\\\/2024\\\/09\\\/WhatsApp-Image-2024-09-19-at-10.03.32-AM-scaled.jpeg\",\"articleSection\":[\"Ambiente\",\"Desarrollo Social\",\"Noticias\",\"Todas\"],\"inLanguage\":\"es\"},{\"@type\":\"WebPage\",\"@id\":\"https:\\\/\\\/www.manabi.gob.ec\\\/index.php\\\/mas-de-18-mil-ninos-y-ninas-participaron-del-campeonato-de-futbol-entrenando-valores\\\/\",\"url\":\"https:\\\/\\\/www.manabi.gob.ec\\\/index.php\\\/mas-de-18-mil-ninos-y-ninas-participaron-del-campeonato-de-futbol-entrenando-valores\\\/\",\"name\":\"M\u00e1s de 18 mil ni\u00f1os y ni\u00f1as participaron del campeonato de f\u00fatbol \u201cEntrenando Valores\u201d - Prefectura de Manab\u00ed\",\"isPartOf\":{\"@id\":\"https:\\\/\\\/www.manabi.gob.ec\\\/#website\"},\"primaryImageOfPage\":{\"@id\":\"https:\\\/\\\/www.manabi.gob.ec\\\/index.php\\\/mas-de-18-mil-ninos-y-ninas-participaron-del-campeonato-de-futbol-entrenando-valores\\\/#primaryimage\"},\"image\":{\"@id\":\"https:\\\/\\\/www.manabi.gob.ec\\\/index.php\\\/mas-de-18-mil-ninos-y-ninas-participaron-del-campeonato-de-futbol-entrenando-valores\\\/#primaryimage\"},\"thumbnailUrl\":\"https:\\\/\\\/www.manabi.gob.ec\\\/wp-content\\\/uploads\\\/2024\\\/09\\\/WhatsApp-Image-2024-09-19-at-10.03.32-AM-scaled.jpeg\",\"datePublished\":\"2024-09-19T15:20:23+00:00\",\"dateModified\":\"2024-09-19T15:20:26+00:00\",\"author\":{\"@id\":\"https:\\\/\\\/www.manabi.gob.ec\\\/#\\\/schema\\\/person\\\/c4f117989332ad723a6ced5994aa7d7a\"},\"breadcrumb\":{\"@id\":\"https:\\\/\\\/www.manabi.gob.ec\\\/index.php\\\/mas-de-18-mil-ninos-y-ninas-participaron-del-campeonato-de-futbol-entrenando-valores\\\/#breadcrumb\"},\"inLanguage\":\"es\",\"potentialAction\":[{\"@type\":\"ReadAction\",\"target\":[\"https:\\\/\\\/www.manabi.gob.ec\\\/index.php\\\/mas-de-18-mil-ninos-y-ninas-participaron-del-campeonato-de-futbol-entrenando-valores\\\/\"]}]},{\"@type\":\"ImageObject\",\"inLanguage\":\"es\",\"@id\":\"https:\\\/\\\/www.manabi.gob.ec\\\/index.php\\\/mas-de-18-mil-ninos-y-ninas-participaron-del-campeonato-de-futbol-entrenando-valores\\\/#primaryimage\",\"url\":\"https:\\\/\\\/www.manabi.gob.ec\\\/wp-content\\\/uploads\\\/2024\\\/09\\\/WhatsApp-Image-2024-09-19-at-10.03.32-AM-scaled.jpeg\",\"contentUrl\":\"https:\\\/\\\/www.manabi.gob.ec\\\/wp-content\\\/uploads\\\/2024\\\/09\\\/WhatsApp-Image-2024-09-19-at-10.03.32-AM-scaled.jpeg\",\"width\":2560,\"height\":1707},{\"@type\":\"BreadcrumbList\",\"@id\":\"https:\\\/\\\/www.manabi.gob.ec\\\/index.php\\\/mas-de-18-mil-ninos-y-ninas-participaron-del-campeonato-de-futbol-entrenando-valores\\\/#breadcrumb\",\"itemListElement\":[{\"@type\":\"ListItem\",\"position\":1,\"name\":\"Portada\",\"item\":\"https:\\\/\\\/www.manabi.gob.ec\\\/\"},{\"@type\":\"ListItem\",\"position\":2,\"name\":\"M\u00e1s de 18 mil ni\u00f1os y ni\u00f1as participaron del campeonato de f\u00fatbol \u201cEntrenando Valores\u201d\"}]},{\"@type\":\"WebSite\",\"@id\":\"https:\\\/\\\/www.manabi.gob.ec\\\/#website\",\"url\":\"https:\\\/\\\/www.manabi.gob.ec\\\/\",\"name\":\"Prefectura de Manab\u00ed\",\"description\":\"P\u00e1gina web de la prefectura\",\"potentialAction\":[{\"@type\":\"SearchAction\",\"target\":{\"@type\":\"EntryPoint\",\"urlTemplate\":\"https:\\\/\\\/www.manabi.gob.ec\\\/?s={search_term_string}\"},\"query-input\":{\"@type\":\"PropertyValueSpecification\",\"valueRequired\":true,\"valueName\":\"search_term_string\"}}],\"inLanguage\":\"es\"},{\"@type\":\"Person\",\"@id\":\"https:\\\/\\\/www.manabi.gob.ec\\\/#\\\/schema\\\/person\\\/c4f117989332ad723a6ced5994aa7d7a\",\"name\":\"Lui Ochoa\",\"image\":{\"@type\":\"ImageObject\",\"inLanguage\":\"es\",\"@id\":\"https:\\\/\\\/secure.gravatar.com\\\/avatar\\\/6e8017d0fe69dead8a95864d2eb6e1e1d8bf8e01194ba49cf7b897ff038126ba?s=96&d=mm&r=g\",\"url\":\"https:\\\/\\\/secure.gravatar.com\\\/avatar\\\/6e8017d0fe69dead8a95864d2eb6e1e1d8bf8e01194ba49cf7b897ff038126ba?s=96&d=mm&r=g\",\"contentUrl\":\"https:\\\/\\\/secure.gravatar.com\\\/avatar\\\/6e8017d0fe69dead8a95864d2eb6e1e1d8bf8e01194ba49cf7b897ff038126ba?s=96&d=mm&r=g\",\"caption\":\"Lui Ochoa\"},\"url\":\"https:\\\/\\\/www.manabi.gob.ec\\\/index.php\\\/author\\\/lochoa\\\/\"}]}<\/script>\n<!-- \/ Yoast SEO plugin. -->","yoast_head_json":{"title":"M\u00e1s de 18 mil ni\u00f1os y ni\u00f1as participaron del campeonato de f\u00fatbol \u201cEntrenando Valores\u201d - Prefectura de Manab\u00ed","robots":{"index":"index","follow":"follow","max-snippet":"max-snippet:-1","max-image-preview":"max-image-preview:large","max-video-preview":"max-video-preview:-1"},"canonical":"https:\/\/www.manabi.gob.ec\/index.php\/mas-de-18-mil-ninos-y-ninas-participaron-del-campeonato-de-futbol-entrenando-valores\/","og_locale":"es_ES","og_type":"article","og_title":"M\u00e1s de 18 mil ni\u00f1os y ni\u00f1as participaron del campeonato de f\u00fatbol \u201cEntrenando Valores\u201d - Prefectura de Manab\u00ed","og_description":"Con mucho \u00e9xito se desarroll\u00f3 el campeonato de f\u00fatbol provincial \u201cEntrenando Valores\u201d, impulsado por la Prefectura de Manab\u00ed, en el que participaron m\u00e1s de 18 mil deportistas, entre ni\u00f1os, ni\u00f1as y adolescentes de la provincia. Se jugaron 5 categor\u00edas en varones y 1 en mujeres. La final del evento se desarroll\u00f3 en el estadio Reales [&hellip;]","og_url":"https:\/\/www.manabi.gob.ec\/index.php\/mas-de-18-mil-ninos-y-ninas-participaron-del-campeonato-de-futbol-entrenando-valores\/","og_site_name":"Prefectura de Manab\u00ed","article_published_time":"2024-09-19T15:20:23+00:00","article_modified_time":"2024-09-19T15:20:26+00:00","og_image":[{"width":2560,"height":1707,"url":"https:\/\/www.manabi.gob.ec\/wp-content\/uploads\/2024\/09\/WhatsApp-Image-2024-09-19-at-10.03.32-AM-scaled.jpeg","type":"image\/jpeg"}],"author":"Lui Ochoa","twitter_card":"summary_large_image","twitter_misc":{"Escrito por":"Lui Ochoa","Tiempo de lectura":"2 minutos"},"schema":{"@context":"https:\/\/schema.org","@graph":[{"@type":"Article","@id":"https:\/\/www.manabi.gob.ec\/index.php\/mas-de-18-mil-ninos-y-ninas-participaron-del-campeonato-de-futbol-entrenando-valores\/#article","isPartOf":{"@id":"https:\/\/www.manabi.gob.ec\/index.php\/mas-de-18-mil-ninos-y-ninas-participaron-del-campeonato-de-futbol-entrenando-valores\/"},"author":{"name":"Lui Ochoa","@id":"https:\/\/www.manabi.gob.ec\/#\/schema\/person\/c4f117989332ad723a6ced5994aa7d7a"},"headline":"M\u00e1s de 18 mil ni\u00f1os y ni\u00f1as participaron del campeonato de f\u00fatbol \u201cEntrenando Valores\u201d","datePublished":"2024-09-19T15:20:23+00:00","dateModified":"2024-09-19T15:20:26+00:00","mainEntityOfPage":{"@id":"https:\/\/www.manabi.gob.ec\/index.php\/mas-de-18-mil-ninos-y-ninas-participaron-del-campeonato-de-futbol-entrenando-valores\/"},"wordCount":304,"image":{"@id":"https:\/\/www.manabi.gob.ec\/index.php\/mas-de-18-mil-ninos-y-ninas-participaron-del-campeonato-de-futbol-entrenando-valores\/#primaryimage"},"thumbnailUrl":"https:\/\/www.manabi.gob.ec\/wp-content\/uploads\/2024\/09\/WhatsApp-Image-2024-09-19-at-10.03.32-AM-scaled.jpeg","articleSection":["Ambiente","Desarrollo Social","Noticias","Todas"],"inLanguage":"es"},{"@type":"WebPage","@id":"https:\/\/www.manabi.gob.ec\/index.php\/mas-de-18-mil-ninos-y-ninas-participaron-del-campeonato-de-futbol-entrenando-valores\/","url":"https:\/\/www.manabi.gob.ec\/index.php\/mas-de-18-mil-ninos-y-ninas-participaron-del-campeonato-de-futbol-entrenando-valores\/","name":"M\u00e1s de 18 mil ni\u00f1os y ni\u00f1as participaron del campeonato de f\u00fatbol \u201cEntrenando Valores\u201d - Prefectura de Manab\u00ed","isPartOf":{"@id":"https:\/\/www.manabi.gob.ec\/#website"},"primaryImageOfPage":{"@id":"https:\/\/www.manabi.gob.ec\/index.php\/mas-de-18-mil-ninos-y-ninas-participaron-del-campeonato-de-futbol-entrenando-valores\/#primaryimage"},"image":{"@id":"https:\/\/www.manabi.gob.ec\/index.php\/mas-de-18-mil-ninos-y-ninas-participaron-del-campeonato-de-futbol-entrenando-valores\/#primaryimage"},"thumbnailUrl":"https:\/\/www.manabi.gob.ec\/wp-content\/uploads\/2024\/09\/WhatsApp-Image-2024-09-19-at-10.03.32-AM-scaled.jpeg","datePublished":"2024-09-19T15:20:23+00:00","dateModified":"2024-09-19T15:20:26+00:00","author":{"@id":"https:\/\/www.manabi.gob.ec\/#\/schema\/person\/c4f117989332ad723a6ced5994aa7d7a"},"breadcrumb":{"@id":"https:\/\/www.manabi.gob.ec\/index.php\/mas-de-18-mil-ninos-y-ninas-participaron-del-campeonato-de-futbol-entrenando-valores\/#breadcrumb"},"inLanguage":"es","potentialAction":[{"@type":"ReadAction","target":["https:\/\/www.manabi.gob.ec\/index.php\/mas-de-18-mil-ninos-y-ninas-participaron-del-campeonato-de-futbol-entrenando-valores\/"]}]},{"@type":"ImageObject","inLanguage":"es","@id":"https:\/\/www.manabi.gob.ec\/index.php\/mas-de-18-mil-ninos-y-ninas-participaron-del-campeonato-de-futbol-entrenando-valores\/#primaryimage","url":"https:\/\/www.manabi.gob.ec\/wp-content\/uploads\/2024\/09\/WhatsApp-Image-2024-09-19-at-10.03.32-AM-scaled.jpeg","contentUrl":"https:\/\/www.manabi.gob.ec\/wp-content\/uploads\/2024\/09\/WhatsApp-Image-2024-09-19-at-10.03.32-AM-scaled.jpeg","width":2560,"height":1707},{"@type":"BreadcrumbList","@id":"https:\/\/www.manabi.gob.ec\/index.php\/mas-de-18-mil-ninos-y-ninas-participaron-del-campeonato-de-futbol-entrenando-valores\/#breadcrumb","itemListElement":[{"@type":"ListItem","position":1,"name":"Portada","item":"https:\/\/www.manabi.gob.ec\/"},{"@type":"ListItem","position":2,"name":"M\u00e1s de 18 mil ni\u00f1os y ni\u00f1as participaron del campeonato de f\u00fatbol \u201cEntrenando Valores\u201d"}]},{"@type":"WebSite","@id":"https:\/\/www.manabi.gob.ec\/#website","url":"https:\/\/www.manabi.gob.ec\/","name":"Prefectura de Manab\u00ed","description":"P\u00e1gina web de la prefectura","potentialAction":[{"@type":"SearchAction","target":{"@type":"EntryPoint","urlTemplate":"https:\/\/www.manabi.gob.ec\/?s={search_term_string}"},"query-input":{"@type":"PropertyValueSpecification","valueRequired":true,"valueName":"search_term_string"}}],"inLanguage":"es"},{"@type":"Person","@id":"https:\/\/www.manabi.gob.ec\/#\/schema\/person\/c4f117989332ad723a6ced5994aa7d7a","name":"Lui Ochoa","image":{"@type":"ImageObject","inLanguage":"es","@id":"https:\/\/secure.gravatar.com\/avatar\/6e8017d0fe69dead8a95864d2eb6e1e1d8bf8e01194ba49cf7b897ff038126ba?s=96&d=mm&r=g","url":"https:\/\/secure.gravatar.com\/avatar\/6e8017d0fe69dead8a95864d2eb6e1e1d8bf8e01194ba49cf7b897ff038126ba?s=96&d=mm&r=g","contentUrl":"https:\/\/secure.gravatar.com\/avatar\/6e8017d0fe69dead8a95864d2eb6e1e1d8bf8e01194ba49cf7b897ff038126ba?s=96&d=mm&r=g","caption":"Lui Ochoa"},"url":"https:\/\/www.manabi.gob.ec\/index.php\/author\/lochoa\/"}]}},"jetpack_featured_media_url":"https:\/\/www.manabi.gob.ec\/wp-content\/uploads\/2024\/09\/WhatsApp-Image-2024-09-19-at-10.03.32-AM-scaled.jpeg","_links":{"self":[{"href":"https:\/\/www.manabi.gob.ec\/index.php\/wp-json\/wp\/v2\/posts\/28928","targetHints":{"allow":["GET"]}}],"collection":[{"href":"https:\/\/www.manabi.gob.ec\/index.php\/wp-json\/wp\/v2\/posts"}],"about":[{"href":"https:\/\/www.manabi.gob.ec\/index.php\/wp-json\/wp\/v2\/types\/post"}],"author":[{"embeddable":true,"href":"https:\/\/www.manabi.gob.ec\/index.php\/wp-json\/wp\/v2\/users\/10"}],"replies":[{"embeddable":true,"href":"https:\/\/www.manabi.gob.ec\/index.php\/wp-json\/wp\/v2\/comments?post=28928"}],"version-history":[{"count":1,"href":"https:\/\/www.manabi.gob.ec\/index.php\/wp-json\/wp\/v2\/posts\/28928\/revisions"}],"predecessor-version":[{"id":28930,"href":"https:\/\/www.manabi.gob.ec\/index.php\/wp-json\/wp\/v2\/posts\/28928\/revisions\/28930"}],"wp:featuredmedia":[{"embeddable":true,"href":"https:\/\/www.manabi.gob.ec\/index.php\/wp-json\/wp\/v2\/media\/28929"}],"wp:attachment":[{"href":"https:\/\/www.manabi.gob.ec\/index.php\/wp-json\/wp\/v2\/media?parent=28928"}],"wp:term":[{"taxonomy":"category","embeddable":true,"href":"https:\/\/www.manabi.gob.ec\/index.php\/wp-json\/wp\/v2\/categories?post=28928"},{"taxonomy":"post_tag","embeddable":true,"href":"https:\/\/www.manabi.gob.ec\/index.php\/wp-json\/wp\/v2\/tags?post=28928"}],"curies":[{"name":"wp","href":"https:\/\/api.w.org\/{rel}","templated":true}]}}