{"id":28967,"date":"2024-09-25T13:00:30","date_gmt":"2024-09-25T13:00:30","guid":{"rendered":"https:\/\/www.manabi.gob.ec\/?p=28967"},"modified":"2024-09-25T13:00:30","modified_gmt":"2024-09-25T13:00:30","slug":"el-prefecto-de-manabi-se-comprometio-a-seguir-transformando-a-flavio-alfaro","status":"publish","type":"post","link":"https:\/\/www.manabi.gob.ec\/index.php\/el-prefecto-de-manabi-se-comprometio-a-seguir-transformando-a-flavio-alfaro\/","title":{"rendered":"El Prefecto de Manab\u00ed se comprometi\u00f3 a seguir transformando a Flavio Alfaro&nbsp;"},"content":{"rendered":"\n<p class=\"p1\">Estamos construyendo, con un esfuerzo colectivo, a Flavio Alfaro y a Manab\u00ed en una potencia tur\u00edstica, gastronom\u00eda, productiva, cultural, con un enfoque de g\u00e9nero intergeneracional, manifest\u00f3 el prefecto Leonardo Orlando, en la sesi\u00f3n solemne conmemorativa por los 84 a\u00f1os de creaci\u00f3n de este cant\u00f3n.&nbsp;<\/p>\n\n\n\n<p class=\"p1\">En su discurso, la autoridad provincial destac\u00f3 las obras viales que se han construido para mejorar la conectividad del cant\u00f3n, y en sus parroquias Zapallo y Novillo. Adem\u00e1s, se refiri\u00f3 a la construcci\u00f3n del puente sobre el r\u00edo de Oro, en la comunidad Ch\u00edsparo.&nbsp;<\/p>\n\n\n\n<p class=\"p1\">\u201cEl puente no va a llegar solo, ya hicimos la v\u00eda Facundo &#8211; El Descanso de Los Romeros, pero el compromiso es lograr la conectividad con las parroquias Santa Rita y Ricaurte del cant\u00f3n Chone, y tambi\u00e9n integrarnos con la parroquia Santa Mar\u00eda del cant\u00f3n El Carmen, por el eje vial Centro Norte\u201d, explic\u00f3 el Prefecto.&nbsp;<\/p>\n\n\n\n<p class=\"p1\">Estamos priorizando ejes viales principales que integran a los tres cantones hermanos que conforman la microrregi\u00f3n nororiental: Chone, Flavio Alfaro y El Carmen, con v\u00edas y puentes que permiten una mejor conectividad, agreg\u00f3 el prefecto Leonardo Orlando.<\/p>\n\n\n\n<p class=\"p1\">Leonardo Orlando anunci\u00f3 que en el mes de octubre se realizar\u00e1 un mantenimiento integral de la v\u00eda Marcos &#8211; Novillo, con un bacheo mayor y menor, y que en los pr\u00f3ximos d\u00edas se retomar\u00e1n los trabajos del Plan de Obras de Prevenci\u00f3n y Mitigaci\u00f3n de Inundaciones del cant\u00f3n, cuyos trabajos tienen un avance del 50 %<\/p>\n","protected":false},"excerpt":{"rendered":"<p>Estamos construyendo, con un esfuerzo colectivo, a Flavio Alfaro y a Manab\u00ed en una potencia tur\u00edstica, gastronom\u00eda, productiva, cultural, con un enfoque de g\u00e9nero intergeneracional, manifest\u00f3 el prefecto Leonardo Orlando, en la sesi\u00f3n solemne conmemorativa por los 84 a\u00f1os de creaci\u00f3n de este cant\u00f3n.&nbsp; En su discurso, la autoridad provincial destac\u00f3 las obras viales que [&hellip;]<\/p>\n","protected":false},"author":10,"featured_media":28966,"comment_status":"closed","ping_status":"","sticky":false,"template":"","format":"standard","meta":{"_joinchat":[],"footnotes":""},"categories":[150,343,142,151,92,91],"tags":[],"class_list":["post-28967","post","type-post","status-publish","format-standard","has-post-thumbnail","hentry","category-ambiente","category-bicentenario","category-desarrollo-social","category-flavio-alfaro","category-noticias-manabi","category-todas"],"yoast_head":"<!-- This site is optimized with the Yoast SEO plugin v27.4 - https:\/\/yoast.com\/product\/yoast-seo-wordpress\/ -->\n<title>El Prefecto de Manab\u00ed se comprometi\u00f3 a seguir transformando a Flavio Alfaro&nbsp; - Prefectura de Manab\u00ed<\/title>\n<meta name=\"robots\" content=\"index, follow, max-snippet:-1, max-image-preview:large, max-video-preview:-1\" \/>\n<link rel=\"canonical\" href=\"https:\/\/www.manabi.gob.ec\/index.php\/el-prefecto-de-manabi-se-comprometio-a-seguir-transformando-a-flavio-alfaro\/\" \/>\n<meta property=\"og:locale\" content=\"es_ES\" \/>\n<meta property=\"og:type\" content=\"article\" \/>\n<meta property=\"og:title\" content=\"El Prefecto de Manab\u00ed se comprometi\u00f3 a seguir transformando a Flavio Alfaro&nbsp; - Prefectura de Manab\u00ed\" \/>\n<meta property=\"og:description\" content=\"Estamos construyendo, con un esfuerzo colectivo, a Flavio Alfaro y a Manab\u00ed en una potencia tur\u00edstica, gastronom\u00eda, productiva, cultural, con un enfoque de g\u00e9nero intergeneracional, manifest\u00f3 el prefecto Leonardo Orlando, en la sesi\u00f3n solemne conmemorativa por los 84 a\u00f1os de creaci\u00f3n de este cant\u00f3n.&nbsp; En su discurso, la autoridad provincial destac\u00f3 las obras viales que [&hellip;]\" \/>\n<meta property=\"og:url\" content=\"https:\/\/www.manabi.gob.ec\/index.php\/el-prefecto-de-manabi-se-comprometio-a-seguir-transformando-a-flavio-alfaro\/\" \/>\n<meta property=\"og:site_name\" content=\"Prefectura de Manab\u00ed\" \/>\n<meta property=\"article:published_time\" content=\"2024-09-25T13:00:30+00:00\" \/>\n<meta property=\"og:image\" content=\"https:\/\/www.manabi.gob.ec\/wp-content\/uploads\/2024\/09\/eb8e6dca-34d5-4e21-8d51-b3ff70e27d00-1.jpg\" \/>\n\t<meta property=\"og:image:width\" content=\"2000\" \/>\n\t<meta property=\"og:image:height\" content=\"1334\" \/>\n\t<meta property=\"og:image:type\" content=\"image\/jpeg\" \/>\n<meta name=\"author\" content=\"Lui Ochoa\" \/>\n<meta name=\"twitter:card\" content=\"summary_large_image\" \/>\n<meta name=\"twitter:label1\" content=\"Escrito por\" \/>\n\t<meta name=\"twitter:data1\" content=\"Lui Ochoa\" \/>\n\t<meta name=\"twitter:label2\" content=\"Tiempo de lectura\" \/>\n\t<meta name=\"twitter:data2\" content=\"1 minuto\" \/>\n<script type=\"application\/ld+json\" class=\"yoast-schema-graph\">{\"@context\":\"https:\\\/\\\/schema.org\",\"@graph\":[{\"@type\":\"Article\",\"@id\":\"https:\\\/\\\/www.manabi.gob.ec\\\/index.php\\\/el-prefecto-de-manabi-se-comprometio-a-seguir-transformando-a-flavio-alfaro\\\/#article\",\"isPartOf\":{\"@id\":\"https:\\\/\\\/www.manabi.gob.ec\\\/index.php\\\/el-prefecto-de-manabi-se-comprometio-a-seguir-transformando-a-flavio-alfaro\\\/\"},\"author\":{\"name\":\"Lui Ochoa\",\"@id\":\"https:\\\/\\\/www.manabi.gob.ec\\\/#\\\/schema\\\/person\\\/c4f117989332ad723a6ced5994aa7d7a\"},\"headline\":\"El Prefecto de Manab\u00ed se comprometi\u00f3 a seguir transformando a Flavio Alfaro&nbsp;\",\"datePublished\":\"2024-09-25T13:00:30+00:00\",\"mainEntityOfPage\":{\"@id\":\"https:\\\/\\\/www.manabi.gob.ec\\\/index.php\\\/el-prefecto-de-manabi-se-comprometio-a-seguir-transformando-a-flavio-alfaro\\\/\"},\"wordCount\":276,\"image\":{\"@id\":\"https:\\\/\\\/www.manabi.gob.ec\\\/index.php\\\/el-prefecto-de-manabi-se-comprometio-a-seguir-transformando-a-flavio-alfaro\\\/#primaryimage\"},\"thumbnailUrl\":\"https:\\\/\\\/www.manabi.gob.ec\\\/wp-content\\\/uploads\\\/2024\\\/09\\\/eb8e6dca-34d5-4e21-8d51-b3ff70e27d00-1.jpg\",\"articleSection\":[\"Ambiente\",\"bicentenario\",\"Desarrollo Social\",\"Flavio Alfaro\",\"Noticias\",\"Todas\"],\"inLanguage\":\"es\"},{\"@type\":\"WebPage\",\"@id\":\"https:\\\/\\\/www.manabi.gob.ec\\\/index.php\\\/el-prefecto-de-manabi-se-comprometio-a-seguir-transformando-a-flavio-alfaro\\\/\",\"url\":\"https:\\\/\\\/www.manabi.gob.ec\\\/index.php\\\/el-prefecto-de-manabi-se-comprometio-a-seguir-transformando-a-flavio-alfaro\\\/\",\"name\":\"El Prefecto de Manab\u00ed se comprometi\u00f3 a seguir transformando a Flavio Alfaro&nbsp; - Prefectura de Manab\u00ed\",\"isPartOf\":{\"@id\":\"https:\\\/\\\/www.manabi.gob.ec\\\/#website\"},\"primaryImageOfPage\":{\"@id\":\"https:\\\/\\\/www.manabi.gob.ec\\\/index.php\\\/el-prefecto-de-manabi-se-comprometio-a-seguir-transformando-a-flavio-alfaro\\\/#primaryimage\"},\"image\":{\"@id\":\"https:\\\/\\\/www.manabi.gob.ec\\\/index.php\\\/el-prefecto-de-manabi-se-comprometio-a-seguir-transformando-a-flavio-alfaro\\\/#primaryimage\"},\"thumbnailUrl\":\"https:\\\/\\\/www.manabi.gob.ec\\\/wp-content\\\/uploads\\\/2024\\\/09\\\/eb8e6dca-34d5-4e21-8d51-b3ff70e27d00-1.jpg\",\"datePublished\":\"2024-09-25T13:00:30+00:00\",\"author\":{\"@id\":\"https:\\\/\\\/www.manabi.gob.ec\\\/#\\\/schema\\\/person\\\/c4f117989332ad723a6ced5994aa7d7a\"},\"breadcrumb\":{\"@id\":\"https:\\\/\\\/www.manabi.gob.ec\\\/index.php\\\/el-prefecto-de-manabi-se-comprometio-a-seguir-transformando-a-flavio-alfaro\\\/#breadcrumb\"},\"inLanguage\":\"es\",\"potentialAction\":[{\"@type\":\"ReadAction\",\"target\":[\"https:\\\/\\\/www.manabi.gob.ec\\\/index.php\\\/el-prefecto-de-manabi-se-comprometio-a-seguir-transformando-a-flavio-alfaro\\\/\"]}]},{\"@type\":\"ImageObject\",\"inLanguage\":\"es\",\"@id\":\"https:\\\/\\\/www.manabi.gob.ec\\\/index.php\\\/el-prefecto-de-manabi-se-comprometio-a-seguir-transformando-a-flavio-alfaro\\\/#primaryimage\",\"url\":\"https:\\\/\\\/www.manabi.gob.ec\\\/wp-content\\\/uploads\\\/2024\\\/09\\\/eb8e6dca-34d5-4e21-8d51-b3ff70e27d00-1.jpg\",\"contentUrl\":\"https:\\\/\\\/www.manabi.gob.ec\\\/wp-content\\\/uploads\\\/2024\\\/09\\\/eb8e6dca-34d5-4e21-8d51-b3ff70e27d00-1.jpg\",\"width\":2000,\"height\":1334},{\"@type\":\"BreadcrumbList\",\"@id\":\"https:\\\/\\\/www.manabi.gob.ec\\\/index.php\\\/el-prefecto-de-manabi-se-comprometio-a-seguir-transformando-a-flavio-alfaro\\\/#breadcrumb\",\"itemListElement\":[{\"@type\":\"ListItem\",\"position\":1,\"name\":\"Portada\",\"item\":\"https:\\\/\\\/www.manabi.gob.ec\\\/\"},{\"@type\":\"ListItem\",\"position\":2,\"name\":\"El Prefecto de Manab\u00ed se comprometi\u00f3 a seguir transformando a Flavio Alfaro&nbsp;\"}]},{\"@type\":\"WebSite\",\"@id\":\"https:\\\/\\\/www.manabi.gob.ec\\\/#website\",\"url\":\"https:\\\/\\\/www.manabi.gob.ec\\\/\",\"name\":\"Prefectura de Manab\u00ed\",\"description\":\"P\u00e1gina web de la prefectura\",\"potentialAction\":[{\"@type\":\"SearchAction\",\"target\":{\"@type\":\"EntryPoint\",\"urlTemplate\":\"https:\\\/\\\/www.manabi.gob.ec\\\/?s={search_term_string}\"},\"query-input\":{\"@type\":\"PropertyValueSpecification\",\"valueRequired\":true,\"valueName\":\"search_term_string\"}}],\"inLanguage\":\"es\"},{\"@type\":\"Person\",\"@id\":\"https:\\\/\\\/www.manabi.gob.ec\\\/#\\\/schema\\\/person\\\/c4f117989332ad723a6ced5994aa7d7a\",\"name\":\"Lui Ochoa\",\"image\":{\"@type\":\"ImageObject\",\"inLanguage\":\"es\",\"@id\":\"https:\\\/\\\/secure.gravatar.com\\\/avatar\\\/6e8017d0fe69dead8a95864d2eb6e1e1d8bf8e01194ba49cf7b897ff038126ba?s=96&d=mm&r=g\",\"url\":\"https:\\\/\\\/secure.gravatar.com\\\/avatar\\\/6e8017d0fe69dead8a95864d2eb6e1e1d8bf8e01194ba49cf7b897ff038126ba?s=96&d=mm&r=g\",\"contentUrl\":\"https:\\\/\\\/secure.gravatar.com\\\/avatar\\\/6e8017d0fe69dead8a95864d2eb6e1e1d8bf8e01194ba49cf7b897ff038126ba?s=96&d=mm&r=g\",\"caption\":\"Lui Ochoa\"},\"url\":\"https:\\\/\\\/www.manabi.gob.ec\\\/index.php\\\/author\\\/lochoa\\\/\"}]}<\/script>\n<!-- \/ Yoast SEO plugin. -->","yoast_head_json":{"title":"El Prefecto de Manab\u00ed se comprometi\u00f3 a seguir transformando a Flavio Alfaro&nbsp; - Prefectura de Manab\u00ed","robots":{"index":"index","follow":"follow","max-snippet":"max-snippet:-1","max-image-preview":"max-image-preview:large","max-video-preview":"max-video-preview:-1"},"canonical":"https:\/\/www.manabi.gob.ec\/index.php\/el-prefecto-de-manabi-se-comprometio-a-seguir-transformando-a-flavio-alfaro\/","og_locale":"es_ES","og_type":"article","og_title":"El Prefecto de Manab\u00ed se comprometi\u00f3 a seguir transformando a Flavio Alfaro&nbsp; - Prefectura de Manab\u00ed","og_description":"Estamos construyendo, con un esfuerzo colectivo, a Flavio Alfaro y a Manab\u00ed en una potencia tur\u00edstica, gastronom\u00eda, productiva, cultural, con un enfoque de g\u00e9nero intergeneracional, manifest\u00f3 el prefecto Leonardo Orlando, en la sesi\u00f3n solemne conmemorativa por los 84 a\u00f1os de creaci\u00f3n de este cant\u00f3n.&nbsp; En su discurso, la autoridad provincial destac\u00f3 las obras viales que [&hellip;]","og_url":"https:\/\/www.manabi.gob.ec\/index.php\/el-prefecto-de-manabi-se-comprometio-a-seguir-transformando-a-flavio-alfaro\/","og_site_name":"Prefectura de Manab\u00ed","article_published_time":"2024-09-25T13:00:30+00:00","og_image":[{"width":2000,"height":1334,"url":"https:\/\/www.manabi.gob.ec\/wp-content\/uploads\/2024\/09\/eb8e6dca-34d5-4e21-8d51-b3ff70e27d00-1.jpg","type":"image\/jpeg"}],"author":"Lui Ochoa","twitter_card":"summary_large_image","twitter_misc":{"Escrito por":"Lui Ochoa","Tiempo de lectura":"1 minuto"},"schema":{"@context":"https:\/\/schema.org","@graph":[{"@type":"Article","@id":"https:\/\/www.manabi.gob.ec\/index.php\/el-prefecto-de-manabi-se-comprometio-a-seguir-transformando-a-flavio-alfaro\/#article","isPartOf":{"@id":"https:\/\/www.manabi.gob.ec\/index.php\/el-prefecto-de-manabi-se-comprometio-a-seguir-transformando-a-flavio-alfaro\/"},"author":{"name":"Lui Ochoa","@id":"https:\/\/www.manabi.gob.ec\/#\/schema\/person\/c4f117989332ad723a6ced5994aa7d7a"},"headline":"El Prefecto de Manab\u00ed se comprometi\u00f3 a seguir transformando a Flavio Alfaro&nbsp;","datePublished":"2024-09-25T13:00:30+00:00","mainEntityOfPage":{"@id":"https:\/\/www.manabi.gob.ec\/index.php\/el-prefecto-de-manabi-se-comprometio-a-seguir-transformando-a-flavio-alfaro\/"},"wordCount":276,"image":{"@id":"https:\/\/www.manabi.gob.ec\/index.php\/el-prefecto-de-manabi-se-comprometio-a-seguir-transformando-a-flavio-alfaro\/#primaryimage"},"thumbnailUrl":"https:\/\/www.manabi.gob.ec\/wp-content\/uploads\/2024\/09\/eb8e6dca-34d5-4e21-8d51-b3ff70e27d00-1.jpg","articleSection":["Ambiente","bicentenario","Desarrollo Social","Flavio Alfaro","Noticias","Todas"],"inLanguage":"es"},{"@type":"WebPage","@id":"https:\/\/www.manabi.gob.ec\/index.php\/el-prefecto-de-manabi-se-comprometio-a-seguir-transformando-a-flavio-alfaro\/","url":"https:\/\/www.manabi.gob.ec\/index.php\/el-prefecto-de-manabi-se-comprometio-a-seguir-transformando-a-flavio-alfaro\/","name":"El Prefecto de Manab\u00ed se comprometi\u00f3 a seguir transformando a Flavio Alfaro&nbsp; - Prefectura de Manab\u00ed","isPartOf":{"@id":"https:\/\/www.manabi.gob.ec\/#website"},"primaryImageOfPage":{"@id":"https:\/\/www.manabi.gob.ec\/index.php\/el-prefecto-de-manabi-se-comprometio-a-seguir-transformando-a-flavio-alfaro\/#primaryimage"},"image":{"@id":"https:\/\/www.manabi.gob.ec\/index.php\/el-prefecto-de-manabi-se-comprometio-a-seguir-transformando-a-flavio-alfaro\/#primaryimage"},"thumbnailUrl":"https:\/\/www.manabi.gob.ec\/wp-content\/uploads\/2024\/09\/eb8e6dca-34d5-4e21-8d51-b3ff70e27d00-1.jpg","datePublished":"2024-09-25T13:00:30+00:00","author":{"@id":"https:\/\/www.manabi.gob.ec\/#\/schema\/person\/c4f117989332ad723a6ced5994aa7d7a"},"breadcrumb":{"@id":"https:\/\/www.manabi.gob.ec\/index.php\/el-prefecto-de-manabi-se-comprometio-a-seguir-transformando-a-flavio-alfaro\/#breadcrumb"},"inLanguage":"es","potentialAction":[{"@type":"ReadAction","target":["https:\/\/www.manabi.gob.ec\/index.php\/el-prefecto-de-manabi-se-comprometio-a-seguir-transformando-a-flavio-alfaro\/"]}]},{"@type":"ImageObject","inLanguage":"es","@id":"https:\/\/www.manabi.gob.ec\/index.php\/el-prefecto-de-manabi-se-comprometio-a-seguir-transformando-a-flavio-alfaro\/#primaryimage","url":"https:\/\/www.manabi.gob.ec\/wp-content\/uploads\/2024\/09\/eb8e6dca-34d5-4e21-8d51-b3ff70e27d00-1.jpg","contentUrl":"https:\/\/www.manabi.gob.ec\/wp-content\/uploads\/2024\/09\/eb8e6dca-34d5-4e21-8d51-b3ff70e27d00-1.jpg","width":2000,"height":1334},{"@type":"BreadcrumbList","@id":"https:\/\/www.manabi.gob.ec\/index.php\/el-prefecto-de-manabi-se-comprometio-a-seguir-transformando-a-flavio-alfaro\/#breadcrumb","itemListElement":[{"@type":"ListItem","position":1,"name":"Portada","item":"https:\/\/www.manabi.gob.ec\/"},{"@type":"ListItem","position":2,"name":"El Prefecto de Manab\u00ed se comprometi\u00f3 a seguir transformando a Flavio Alfaro&nbsp;"}]},{"@type":"WebSite","@id":"https:\/\/www.manabi.gob.ec\/#website","url":"https:\/\/www.manabi.gob.ec\/","name":"Prefectura de Manab\u00ed","description":"P\u00e1gina web de la prefectura","potentialAction":[{"@type":"SearchAction","target":{"@type":"EntryPoint","urlTemplate":"https:\/\/www.manabi.gob.ec\/?s={search_term_string}"},"query-input":{"@type":"PropertyValueSpecification","valueRequired":true,"valueName":"search_term_string"}}],"inLanguage":"es"},{"@type":"Person","@id":"https:\/\/www.manabi.gob.ec\/#\/schema\/person\/c4f117989332ad723a6ced5994aa7d7a","name":"Lui Ochoa","image":{"@type":"ImageObject","inLanguage":"es","@id":"https:\/\/secure.gravatar.com\/avatar\/6e8017d0fe69dead8a95864d2eb6e1e1d8bf8e01194ba49cf7b897ff038126ba?s=96&d=mm&r=g","url":"https:\/\/secure.gravatar.com\/avatar\/6e8017d0fe69dead8a95864d2eb6e1e1d8bf8e01194ba49cf7b897ff038126ba?s=96&d=mm&r=g","contentUrl":"https:\/\/secure.gravatar.com\/avatar\/6e8017d0fe69dead8a95864d2eb6e1e1d8bf8e01194ba49cf7b897ff038126ba?s=96&d=mm&r=g","caption":"Lui Ochoa"},"url":"https:\/\/www.manabi.gob.ec\/index.php\/author\/lochoa\/"}]}},"jetpack_featured_media_url":"https:\/\/www.manabi.gob.ec\/wp-content\/uploads\/2024\/09\/eb8e6dca-34d5-4e21-8d51-b3ff70e27d00-1.jpg","_links":{"self":[{"href":"https:\/\/www.manabi.gob.ec\/index.php\/wp-json\/wp\/v2\/posts\/28967","targetHints":{"allow":["GET"]}}],"collection":[{"href":"https:\/\/www.manabi.gob.ec\/index.php\/wp-json\/wp\/v2\/posts"}],"about":[{"href":"https:\/\/www.manabi.gob.ec\/index.php\/wp-json\/wp\/v2\/types\/post"}],"author":[{"embeddable":true,"href":"https:\/\/www.manabi.gob.ec\/index.php\/wp-json\/wp\/v2\/users\/10"}],"replies":[{"embeddable":true,"href":"https:\/\/www.manabi.gob.ec\/index.php\/wp-json\/wp\/v2\/comments?post=28967"}],"version-history":[{"count":1,"href":"https:\/\/www.manabi.gob.ec\/index.php\/wp-json\/wp\/v2\/posts\/28967\/revisions"}],"predecessor-version":[{"id":28968,"href":"https:\/\/www.manabi.gob.ec\/index.php\/wp-json\/wp\/v2\/posts\/28967\/revisions\/28968"}],"wp:featuredmedia":[{"embeddable":true,"href":"https:\/\/www.manabi.gob.ec\/index.php\/wp-json\/wp\/v2\/media\/28966"}],"wp:attachment":[{"href":"https:\/\/www.manabi.gob.ec\/index.php\/wp-json\/wp\/v2\/media?parent=28967"}],"wp:term":[{"taxonomy":"category","embeddable":true,"href":"https:\/\/www.manabi.gob.ec\/index.php\/wp-json\/wp\/v2\/categories?post=28967"},{"taxonomy":"post_tag","embeddable":true,"href":"https:\/\/www.manabi.gob.ec\/index.php\/wp-json\/wp\/v2\/tags?post=28967"}],"curies":[{"name":"wp","href":"https:\/\/api.w.org\/{rel}","templated":true}]}}